{"id":584070,"date":"2024-10-22T10:28:08","date_gmt":"2024-10-22T08:28:08","guid":{"rendered":"https:\/\/www.bednar.com\/ro\/blog\/novinky-v-oblasti-secich-stroju-a-zasobniku-spolecnosti-bednar\/"},"modified":"2024-10-22T10:10:58","modified_gmt":"2024-10-22T08:10:58","slug":"novinky-v-oblasti-secich-stroju-a-zasobniku-spolecnosti-bednar","status":"publish","type":"post","link":"https:\/\/www.bednar.com\/ro\/blog\/noutati-privind-domeniul-semanatorilor-si-al-buncarelor-marcii-bednar\/","title":{"rendered":"NOUT\u0102\u021aI PRIVIND DOMENIUL SEM\u0102N\u0102TORILOR \u0218I AL BUNC\u0102RELOR M\u0102RCII BEDNAR"},"content":{"rendered":"","protected":false},"excerpt":{"rendered":"<p>Portofoliul de utilaje de \u00eens\u0103m\u00e2n\u021bat a fost mult timp unul dintre segmentele cheie la BEDNAR. Pe l\u00e2ng\u0103 produsele deja oferite pentru prelucrarea conven\u021bional\u0103, direct\u0103 sau \u00een benzi, extindem portofoliul cu o nou\u0103 combina\u021bie pentru \u00eens\u0103m\u00e2n\u021bare. Noi posibilit\u0103\u021bi de dotare sunt oferite de bara de sem\u0103nat, CORSA CN, iar inova\u021biile au atins \u0219i bunc\u0103rele de stocare.<\/p>\n","protected":false},"author":9,"featured_media":583993,"comment_status":"closed","ping_status":"closed","sticky":false,"template":"","format":"standard","meta":{"_acf_changed":false,"footnotes":""},"categories":[221,299,1030,1609,1872],"tags":[],"class_list":["post-584070","post","type-post","status-publish","format-standard","has-post-thumbnail","hentry","category-uncategorized-ro","category-ferti-box-fb_f-ro","category-corsa-cn-ro","category-directo-no-en-ro","category-ferti-cart-ro"],"acf":{"item-bg":false,"item-bg_kop\u00edrovat":false,"item-bg-mobile":false,"item-youtube":"","item-title":"","fixed-title":"","item-desc":"","item-mach-desc":"","item-mach-config":"","item-mach-down":"","item-align":false,"item-code":"","google-map":"","disable-header":false,"main-content":[{"acf_fc_layout":"section-news-cols","item-cols":[{"item-title":"","item-title-h":"h3","item-photo":"https:\/\/www.bednar.com\/wp-content\/uploads\/produkty\/katara-kn_s\/8.jpg","item-content":"","item-photo-align":false,"item-content-color":false}]},{"acf_fc_layout":"section-news-title","item-title":"KATARA KN_S \u2013 preg\u0103tire precis\u0103 a patului germinativ \u0219i \u00eens\u0103m\u00e2n\u021bare, la o singur\u0103 trecere","item-content":"<p>Popularitatea combina\u021biilor tradi\u021bionale de sem\u0103nat pe pie\u021bele mondiale, precum Italia, Fran\u021ba, Polonia \u0219i Anglia, a determinat BEDNAR s\u0103 dezvolte un utilaj nou. Seria modelului KATARA KN_S, care va fi extins\u0103 treptat cu noi l\u0103rgimi de lucru, ofer\u0103 \u00een prezent modelul KN 6000 S, adic\u0103 un utilaj cu l\u0103\u021bime de lucru de 6 m.<\/p>\n<p>KATARA KN_S reprezint\u0103 o combina\u021bie de dou\u0103 utilaje \u2013 grapa rotativ\u0103 KATOR KN \u0219i bara de sem\u0103nat special proiectat\u0103 pentru acest tip de utilaj. Baza este grapa rotativ\u0103 KATOR KN, care ofer\u0103 avantaje tehnice demonstrate \u2013 cadru \u00eent\u0103rit al utilajului, distan\u021b\u0103 mic\u0103 \u00eentre rotoare sau trei rulmen\u021bi pe rotor.<\/p>\n"},{"acf_fc_layout":"section-news-title","item-title":"Bar\u0103 de sem\u0103nat proiectat\u0103 \u00een detaliu","item-content":"<p>Pe cadrul grapelor rotative este fixat\u0103 bara de sem\u0103nat cu cap central de distribu\u021bie. Capul este parte integrant\u0103 a barei de sem\u0103nat \u0219i nu este necesar\u0103 dezasamblarea acestuia \u00een caz de decuplare. KATARA KN_S poate fi echipat cu dou\u0103 capete de distribu\u021bie, pentru anularea unei jum\u0103t\u0103\u021bi din l\u0103\u021bimea de lucru a utilajului.<\/p>\n<p>Componentele br\u0103zdarului de sem\u0103nat sunt foarte robuste \u0219i deriv\u0103 din componentele folosite la sem\u0103n\u0103torile OMEGA. Distan\u021ba \u00eentre r\u00e2nduri a br\u0103zdarelor de sem\u0103nat este de 12,5 sau 16,7 cm. \u00cen caz de nevoie, br\u0103zdarele de sem\u0103nat pot fi scoase din func\u021biune ridic\u00e2ndu-le cu aprox. 15 cm, apoi se poate continua lucrul numai cu grapele rotative. Este clar c\u0103 bara de sem\u0103nat poate fi \u00eendep\u0103rtat\u0103 cu u\u0219urin\u021b\u0103, folosind picioarele de sprijin \u0219i opritoarele cu cuplare rapid\u0103. Deconectarea sau conectarea tuturor cablajelor, a cablurilor hidraulice \u0219i a conductelor se realizeaz\u0103 \u00eentr-un singur loc.<\/p>\n"},{"acf_fc_layout":"section-news-title","item-title":"CORSA CN 6000 \u2013 un nou nivel de versatilitate","item-content":"<p>CORSA CN 6000 reprezint\u0103 o bar\u0103 de sem\u0103nat universal\u0103, cu l\u0103rgime de lucru de 6 m, recomandat\u0103 pentru folosirea \u00een agregare cu dispozitivul de cuplare \u00een trei puncte al tractorului, \u00een combina\u021bie cu bunc\u0103rul frontal. Alt\u0103 posibilitate este agregarea cu buncarul de stocare sau combinarea direct\u0103 cu sem\u0103n\u0103toarea MATADOR MO.<\/p>\n"},{"acf_fc_layout":"section-news-cols","item-cols":[{"item-title":"","item-title-h":"h3","item-photo":false,"item-content":"<p>Bara de sem\u0103nat ofer\u0103 posibilitatea de dotare cu accesorii de lucru frontale. Avem la dispozi\u021bie c\u00e2teva variante \u2013 bara de nivelare cu reglare hidraulic\u0103 Crushbar, t\u0103v\u0103lugul pneumatic sau br\u0103zdarele preferate PROFI\/TURBO.<\/p>\n","item-photo-align":false,"item-content-color":false}]},{"acf_fc_layout":"section-news-title","item-title":"Noutatea const\u0103 \u00een posibilitatea de deconectare electronic\u0103 la jum\u0103tate din l\u0103\u021bimea de lucru a utilajului","item-content":"<p>Pentru o precizie de \u00eens\u0103m\u00e2n\u021bare mai mare, CORSA CN poate fi echipat\u0103 cu dou\u0103 capete de distribu\u021bie, care permit scoaterea din func\u021biune a unei jum\u0103t\u0103\u021bi din l\u0103\u021bimea de lucru. Pentru aplicarea simultan\u0103 a \u00eengr\u0103\u0219\u0103mintelor, a semin\u021belor sau a microgranulelor, CORSA CN poate fi echipat\u0103 cu ghidaje de aplicare, care distribuie materialul dat la suprafa\u021ba solului, \u00eentre br\u0103zdarele de sem\u0103nat.<br \/>\nAf\u00e2narea precis\u0103 a urmelor \u0219i prelucrarea uniform\u0103 a patului germinativ sunt asigurate de scormonitorii de urm\u0103 ai tractorului\/bunc\u0103relor de stocare. Ca o noutate, scormonitorii de urm\u0103 pot fi monta\u021bi \u0219i \u00een spatele ro\u021bilor de sprijin ale cadrelor laterale.<\/p>\n"},{"acf_fc_layout":"section-news-title","item-title":"DIRECTO NO \u2013 nou, cu l\u0103\u021bime de lucru de 8 m ","item-content":"<p>\u00cen ideea extinderii seriei modelului DIRECTO NO, societatea BEDNAR prezint\u0103 o sem\u0103n\u0103toare nou\u0103 no-till, cu l\u0103\u021bime de lucru de 8 m. DIRECTO NO 8000 ofer\u0103 elemente de dotare asem\u0103n\u0103toare cu cele ale modelului mai mic, NO 6000. \u00cen special, este vorba despre posibilitatea de echipare a utilajului cu discuri de fertilizare cu reglare hidraulic\u0103. Sem\u0103n\u0103toarea poate sem\u0103na culturi \u00eempreun\u0103 cu \u00eengr\u0103\u0219\u0103minte sau alt tip de semin\u021be, pe toat\u0103 suprafa\u021ba sau la dou\u0103 r\u00e2nduri. \u00cen func\u021bie de varianta aleas\u0103, exist\u0103 posibilitatea de scoatere din func\u021biune a unei jum\u0103t\u0103\u021bi din l\u0103\u021bimea de lucru a utilajului.<\/p>\n"},{"acf_fc_layout":"section-news-cols","item-cols":[{"item-title":"","item-title-h":"h3","item-photo":"https:\/\/www.bednar.com\/wp-content\/uploads\/produkty\/katara-kn_s\/9.jpg","item-content":"","item-photo-align":false,"item-content-color":false}]},{"acf_fc_layout":"section-news-title","item-title":"Portofoliu complet de bunc\u0103re de stocare","item-content":"<p>Societatea BEDNAR ofer\u0103, \u00een portofoliul de produse, diferite variante de bunc\u0103re, frontale sau posterioare purtate, recomandate pentru diferite m\u0103rimi ale fermelor, sau combina\u021bii cu utilaje BEDNAR sau ale produc\u0103torilor concuren\u021bi.<\/p>\n"},{"acf_fc_layout":"section-news-title","item-title":"Software de comand\u0103 propriu, BEDNAR EASY CONTROL","item-content":"<p>Modificarea principal\u0103 la toate utilajele FERTI-BOX FB_F, FB_F Dual, FB, FERTI-CART FC sau COMBO SYSTEM CS const\u0103 \u00een integrarea unui software de comand\u0103 propriu, BEDNAR EASY CONTROL. Este rezultatul muncii inginerilor de programatori din cadrul societ\u0103\u021bii. Acest software de comand\u0103 ofer\u0103 o configurare simpl\u0103, clar\u0103 \u0219i intuitiv\u0103. Modul standard const\u0103 \u00een conectarea cu tractorul, cu ajutorul tehnologiei ISOBUS, sau comanda cu ajutorul monitorului BEDNAR ISOBUS propriu.<\/p>\n"},{"acf_fc_layout":"section-news-title","item-title":"Calibrare simpl\u0103 cu ajutorul aplica\u021biei mobile FARM LINK","item-content":"<p>Calibrarea tuturor bunc\u0103relor de stocare este posibil\u0103 cu ajutorul aplica\u021biei mobile FARM LINK. Astfel este posibil\u0103 o calibrare simpl\u0103 \u0219i u\u0219oar\u0103 a utilajului, de pe telefonul mobil, f\u0103r\u0103 a fi necesar\u0103, \u00een timpul acesteia, urcarea \u00een cabina tractorului. O component\u0103 a aplica\u021biei mobile este \u0219i un ghid, care va ajuta la alegerea corect\u0103 a rolei de sem\u0103nat, \u00een func\u021bie de tipul semin\u021belor\/\u00eengr\u0103\u0219\u0103mintelor, de viteza de lucru \u0219i de cantitatea aplicat\u0103.<\/p>\n"},{"acf_fc_layout":"section-news-title","item-title":"FERTI-CART FC \u0219i FERTI-BOX FB_F cu posibilit\u0103\u021bi noi de dotare","item-content":"<p>Ca o noutate, bunc\u0103rul tractat cu un singur compartiment, FERTI-CART FC, cu volum de 3.500 l, ofer\u0103 posibilitatea dot\u0103rii cu tipul de ie\u0219ire 2&#215;140 mm. Permite, de exemplu, scoaterea din func\u021biune a jum\u0103tate din l\u0103\u021bimea de lucru (recomandat pentru agregarea cu bara de sem\u0103nat CORSA CN). \u00cen cadrul dot\u0103rii op\u021bionale, rezervoarele de stocare pot fi echipate cu scormonitori de urme ai tractorului, \u00een varianta 2&#215;3 cu d\u0103l\u021bi reversibile. Pentru scoaterea din exploatare a utilajului, dotarea de baz\u0103 include piciorul de parcare hidraulic.<\/p>\n"},{"acf_fc_layout":"section-news-cols","item-cols":[{"item-title":"","item-title-h":"h3","item-photo":"https:\/\/www.bednar.com\/wp-content\/uploads\/produkty\/ferti-cart-fc\/ferti-cart_fc_3500_od_verze_da_zakladni.jpg","item-content":"<p>Bunc\u0103rul frontal tractat, FERTI-BOX FB_F (volum de 1.900 l), a fost extins cu tipul de ie\u0219ire 2&#215;140 mm, pentru o variabilitate mai mare \u00een folosire. \u00cen special din motive de securitate ridicat\u0103, bunc\u0103rul poate fi echipat cu sistem de camere video. Dou\u0103 camere sunt amplasate pe partea dreapt\u0103 \u0219i st\u00e2ng\u0103 a bunc\u0103rului (\u0219i anume, sub iluminarea de transport). \u00cen acest caz, camerele func\u021bioneaz\u0103 ca \u201eochi\u201d \u0219i asigur\u0103 o vedere excelent\u0103 \u00een lateral \u0219i \u00een fa\u021ba bunc\u0103rului, ceea ce va fi cu siguran\u021b\u0103 apreciat de to\u021bi operatorii atunci c\u00e2nd conduc pe drumurile cu vizibilitate redus\u0103, de exemplu.<\/p>\n","item-photo-align":false,"item-content-color":false}]},{"acf_fc_layout":"section-news-cols","item-cols":[{"item-title":"","item-title-h":"h3","item-photo":"https:\/\/www.bednar.com\/wp-content\/uploads\/aktuality\/2-4.jpg","item-content":"<p>Posibilitatea dot\u0103rii cu sistem de camere exist\u0103 pentru modelele cu dou\u0103 compartimente FERTI-BOX FB_F Dual, care ofer\u0103 un volum total al bunc\u0103rului de 2.200 l.<\/p>\n","item-photo-align":false,"item-content-color":false}]},{"acf_fc_layout":"section-news-title","item-title":"","item-content":"<p style=\"text-align: right;\">JOY OF FARMING<br \/>\n<a href=\"mailto:marketing@bednar.com\" target=\"_blank\" rel=\"noopener\">marketing@bednar.com<\/a><br \/>\nBEDNAR FMT s.r.o.<\/p>\n"}],"nav-main-cat":false,"nav-sub-cat":false,"_aviaLayoutBuilderCleanData":"","page-type":"other","pageGroup":"","post-new-website":true},"_links":{"self":[{"href":"https:\/\/www.bednar.com\/ro\/wp-json\/wp\/v2\/posts\/584070","targetHints":{"allow":["GET"]}}],"collection":[{"href":"https:\/\/www.bednar.com\/ro\/wp-json\/wp\/v2\/posts"}],"about":[{"href":"https:\/\/www.bednar.com\/ro\/wp-json\/wp\/v2\/types\/post"}],"author":[{"embeddable":true,"href":"https:\/\/www.bednar.com\/ro\/wp-json\/wp\/v2\/users\/9"}],"replies":[{"embeddable":true,"href":"https:\/\/www.bednar.com\/ro\/wp-json\/wp\/v2\/comments?post=584070"}],"version-history":[{"count":2,"href":"https:\/\/www.bednar.com\/ro\/wp-json\/wp\/v2\/posts\/584070\/revisions"}],"predecessor-version":[{"id":584088,"href":"https:\/\/www.bednar.com\/ro\/wp-json\/wp\/v2\/posts\/584070\/revisions\/584088"}],"wp:featuredmedia":[{"embeddable":true,"href":"https:\/\/www.bednar.com\/ro\/wp-json\/wp\/v2\/media\/583993"}],"wp:attachment":[{"href":"https:\/\/www.bednar.com\/ro\/wp-json\/wp\/v2\/media?parent=584070"}],"wp:term":[{"taxonomy":"category","embeddable":true,"href":"https:\/\/www.bednar.com\/ro\/wp-json\/wp\/v2\/categories?post=584070"},{"taxonomy":"post_tag","embeddable":true,"href":"https:\/\/www.bednar.com\/ro\/wp-json\/wp\/v2\/tags?post=584070"}],"curies":[{"name":"wp","href":"https:\/\/api.w.org\/{rel}","templated":true}]}}