{"id":576903,"date":"2024-10-03T07:00:41","date_gmt":"2024-10-03T05:00:41","guid":{"rendered":"https:\/\/www.bednar.com\/ro\/blog\/ukazkove-vyuziti-stroje-striegel-pro-pn-v-zd-sloupnice\/"},"modified":"2024-10-01T14:55:45","modified_gmt":"2024-10-01T12:55:45","slug":"ukazkove-vyuziti-stroje-striegel-pro-pn-v-zd-sloupnice","status":"publish","type":"post","link":"https:\/\/www.bednar.com\/ro\/blog\/exemplu-de-exploatare-a-utilajului-striegel-pro-pn-la-zd-sloupnice\/","title":{"rendered":"Exemplu de exploatare a utilajului STRIEGEL-PRO PN la ZD Sloupnice"},"content":{"rendered":"","protected":false},"excerpt":{"rendered":"<p>Nu departe de Rychnov nad Kn\u011b\u017enou, Cooperativa agricol\u0103 cu sediul la Sloupnice gestioneaz\u0103 o suprafa\u021b\u0103 de aproape 3.000 de hectare. Din suprafa\u021ba total\u0103, 2.500 de hectare sunt teren arabil. <\/p>\n","protected":false},"author":14,"featured_media":576504,"comment_status":"open","ping_status":"open","sticky":false,"template":"","format":"standard","meta":{"_acf_changed":false,"footnotes":""},"categories":[221,549,826,852,1252],"tags":[],"class_list":["post-576903","post","type-post","status-publish","format-standard","has-post-thumbnail","hentry","category-uncategorized-ro","category-despre-noi","category-de-la-noi","category-fapte-interesante","category-striegel-pro-pn-ro"],"acf":{"item-bg":false,"item-bg_kop\u00edrovat":false,"item-bg-mobile":false,"item-youtube":"","item-title":"","fixed-title":"","item-desc":"","item-mach-desc":"","item-mach-config":"","item-mach-down":"","item-align":false,"item-code":"","google-map":"","disable-header":false,"main-content":[{"acf_fc_layout":"section-news-title","item-title":"","item-content":"<p>ZD Sloupnice se ocup\u0103 de o gam\u0103 larg\u0103 de activit\u0103\u021bi, de la produc\u021bie vegetal\u0103 \u0219i animal\u0103, p\u00e2n\u0103 la exploatarea unei mini fabrici de lapte, a unei m\u0103cel\u0103rii proprii \u0219i a unei sta\u021bii de biogaz cu puterea de 1 MW. <\/p>\n"},{"acf_fc_layout":"section-news-cols","item-cols":[{"item-title":"","item-title-h":"h3","item-photo":"https:\/\/www.bednar.com\/wp-content\/uploads\/aktuality\/2024\/cz\/1030x500-3.jpg","item-content":"<p>Ing. Jaroslav Va\u0148ous jr., agronom principal la Cooperativa agricol\u0103 cu sediul la Sloupnice<\/p>\n","item-photo-align":false,"item-content-color":false}]},{"acf_fc_layout":"section-news-title","item-title":"Tehnologie avansat\u0103 de lucrare a solului","item-content":"<p>\u00cen vara acestui an au achizi\u021bionat la Sloupnice <a href=\"https:\/\/www.bednar.com\/ro\/striegel-pro-pn\/\"> o grap\u0103 cu din\u021bi STRIEGEL-PRO PN 9000<\/a>. . Am dorit s\u0103 afl\u0103m de la Ing. Jaroslav Va\u0148ous jr., agronomul principal al societ\u0103\u021bii, motivele achizi\u021bion\u0103rii acestui utilaj:<\/p>\n<p>\u201eSocietatea noastr\u0103 cultiv\u0103 orz de mal\u021b, porumb, cartofi, sfecl\u0103 de zah\u0103r, rapi\u021b\u0103 \u0219i alte culturi. Ca parte a produc\u021biei animale, cre\u0219tem 1.000 de bovine Holstein. \u00cencerc\u0103m s\u0103 proces\u0103m o serie de produse \u00een cadrul societ\u0103\u021bii. Acesta este motivul pentru care avem o mini fabric\u0103 de lapte \u0219i o m\u0103cel\u0103rie proprii. Livr\u0103m alimente de \u00eenalt\u0103 calitate, proaspete \u0219i locale\u201d, prezint\u0103 la \u00eenceput societatea Ing. Jaroslav Va\u0148ous.<\/p>\n"},{"acf_fc_layout":"section-news-title","item-title":"Reziduurile de dup\u0103 recoltare ne-au f\u0103cut s\u0103 ne g\u00e2ndim la tehnologie","item-content":"<p>\u201eAm <a href=\"https:\/\/www.bednar.com\/ro\/grape-cu-dinti\/\">avut \u00een vizor grapele<\/a> cu din\u021bi din anul 2021. Am avut o problem\u0103 cu \u00eempr\u0103\u0219tierea de \u00eenalt\u0103 calitate a reziduurilor de dup\u0103 recoltare, deoarece folosim combine vechi, care nu pot t\u0103ia \u0219i \u00eempr\u0103\u0219tia bine paiele. Nu este o problem\u0103 doar cu combinele vechi, ci, \u00een general, o \u00eent\u00e2lnim \u0219i la cele noi, la furnizorii de servicii etc.\u201c, descrie problema reziduurilor de cultur\u0103 Ing. Jaroslav Va\u0148ous, agronomul companiei.<\/p>\n"},{"acf_fc_layout":"section-news-cols","item-cols":[{"item-title":"","item-title-h":"h3","item-photo":"https:\/\/www.bednar.com\/wp-content\/uploads\/aktuality\/2024\/cz\/problematic-distribution-of-harvest-residues-after-passes-by-the-combine.jpg","item-content":"<p>Distribuirea problematic\u0103 a reziduurilor de cultur\u0103 dup\u0103 ma\u0219ina de recoltat<\/p>\n","item-photo-align":false,"item-content-color":false},{"item-title":"","item-title-h":"h3","item-photo":"https:\/\/www.bednar.com\/wp-content\/uploads\/aktuality\/2024\/cz\/spreading-harvest-residues-with-the-striegel-pro-pn-straw-harrow.jpg","item-content":"<p>Distribuirea reziduurilor de cultur\u0103 cu ajutorul grapelor cu din\u021bi STRIEGEL-PRO PN<\/p>\n","item-photo-align":false,"item-content-color":false}]},{"acf_fc_layout":"section-news-title","item-title":"","item-content":"<p>Astfel, au rezolvat \u00een principal problemele din companie, care constau \u00een distribuirea neuniform\u0103 a  <a href=\"https:\/\/www.bednar.com\/ro\/managementul-resturilor-vegetale\/\">reziduurilor de cultur\u0103<\/a>. Acest lucru a cauzat probleme \u00een timpul prelucr\u0103rii ulterioare a solului, c\u00e2nd grapa cu discuri se \u00eenfunda. Au fost create locuri unde apari\u021bia local\u0103 a bolilor \u0219i a d\u0103un\u0103torilor a crescut, din cauza \u00eempr\u0103\u0219tierii necorespunz\u0103toare a paielor, iar cultura a crescut neuniform. <\/p>\n"},{"acf_fc_layout":"section-news-cols","item-cols":[{"item-title":"","item-title-h":"h3","item-photo":"https:\/\/www.bednar.com\/wp-content\/uploads\/aktuality\/2024\/cz\/use-of-the-striegel-pro-pn-straw-harrow-in-spring.jpg","item-content":"<p>Folosirea grapelor cu din\u021bi STRIEGEL-PRO PN \u00een perioada de prim\u0103var\u0103<\/p>\n","item-photo-align":false,"item-content-color":false},{"item-title":"","item-title-h":"h3","item-photo":"https:\/\/www.bednar.com\/wp-content\/uploads\/aktuality\/2024\/cz\/straw-harrow-working-in-tow-behind-a-230-hp-tractor.jpg","item-content":"<p>Grapele cu din\u021bi lucreaz\u0103 agregate cu un tractor de 230 de cai putere<\/p>\n","item-photo-align":false,"item-content-color":false}]},{"acf_fc_layout":"section-news-title","item-title":"Exemplu de exploatare a grapelor cu din\u021bi STRIEGEL-PRO PN","item-content":"<p>\u201eAceste probleme ne-au pus serios pe g\u00e2nduri. Pe baza referin\u021belor pozitive de la utilizatorii existen\u021bi \u0219i, de asemenea, datorit\u0103 robuste\u021bei ridicate a utilajului, am decis s\u0103 achizi\u021bion\u0103m grape cu din\u021bi de la societatea BEDNAR. Am specificat grapele cu din\u021bi \u00een func\u021bie de nevoi, a\u0219a c\u0103 am ales \u0219i br\u0103zdare de t\u0103iere TURBO, care sunt importante pentru noi pentru scurtarea lungimii tulpinilor de paie. Cu toate acestea, STRIEGEL-PRO PN nu este utilizat doar pentru gestionarea reziduurilor de cultur\u0103, ci \u0219i pentru \u00eentre\u021binerea de prim\u0103var\u0103 a paji\u0219tilor: Cur\u0103\u021barea paji\u0219tilor, scoaterea vegeta\u021biei vechi sau aerisirea profilului de iarb\u0103. P\u00e2n\u0103 \u0219i zootehnicianul este satisf\u0103cut de exploatarea utilajului, deoarece calitatea f\u00e2nului din paji\u0219ti a crescut. Am comandat suplimentar pentru STRIEGEL-PRO PN \u0219i segmente cu bar\u0103 de nivelare, pentru folosirea \u00een timpul prim\u0103verii. Avantajul \u00eenlocuirii u\u0219oare a br\u0103zdarelor de t\u0103iere TURBO \u0219i a segmentelor cu bar\u0103 de nivelare este, de asemenea, un mare plus\u201d, afirm\u0103 Ing. Va\u0148ous.<\/p>\n"},{"acf_fc_layout":"section-news-title","item-title":"","item-content":"<p style=\"text-align: right;\">Este o pl\u0103cere s\u0103 lucrezi cu noi<br \/>\n<a href=\"mailto:marketing@bednar.com\" target=\"_blank\" rel=\"noopener\">marketing@bednar.com<\/a><br \/>\nBEDNAR FMT s.r.o.<\/p>\n"},{"acf_fc_layout":"section-gallery","videos":false,"photos":[{"ID":576504,"id":576504,"title":"Ing. Jaroslav Va\u0148ous Jr., chief agronomist of the Sloupnice Agricultural Cooperative","filename":"ing.-jaroslav-vanous-jr.-chief-agronomist-of-the-sloupnice-agricultural-cooperative.jpg","filesize":96252,"url":"https:\/\/www.bednar.com\/wp-content\/uploads\/aktuality\/2024\/cz\/ing.-jaroslav-vanous-jr.-chief-agronomist-of-the-sloupnice-agricultural-cooperative.jpg","link":"https:\/\/www.bednar.com\/ro\/blog\/exemplu-de-exploatare-a-utilajului-striegel-pro-pn-la-zd-sloupnice\/ing-jaroslav-vanous-jr-chief-agronomist-of-the-sloupnice-agricultural-cooperative-2\/","alt":"Ing. Jaroslav Va\u0148ous Jr., chief agronomist of the Sloupnice Agricultural Cooperative","author":"14","description":"","caption":"","name":"ing-jaroslav-vanous-jr-chief-agronomist-of-the-sloupnice-agricultural-cooperative-2","status":"inherit","uploaded_to":576903,"date":"2024-10-01 07:51:56","modified":"2024-10-01 07:52:32","menu_order":0,"mime_type":"image\/jpeg","type":"image","subtype":"jpeg","icon":"https:\/\/www.bednar.com\/wp-includes\/images\/media\/default.png","width":1030,"height":500,"sizes":{"thumbnail":"https:\/\/www.bednar.com\/wp-content\/uploads\/aktuality\/2024\/cz\/ing.-jaroslav-vanous-jr.-chief-agronomist-of-the-sloupnice-agricultural-cooperative-280x185.jpg","thumbnail-width":280,"thumbnail-height":185,"medium":"https:\/\/www.bednar.com\/wp-content\/uploads\/aktuality\/2024\/cz\/ing.-jaroslav-vanous-jr.-chief-agronomist-of-the-sloupnice-agricultural-cooperative-300x146.jpg","medium-width":300,"medium-height":146,"medium_large":"https:\/\/www.bednar.com\/wp-content\/uploads\/aktuality\/2024\/cz\/ing.-jaroslav-vanous-jr.-chief-agronomist-of-the-sloupnice-agricultural-cooperative-768x373.jpg","medium_large-width":768,"medium_large-height":373,"large":"https:\/\/www.bednar.com\/wp-content\/uploads\/aktuality\/2024\/cz\/ing.-jaroslav-vanous-jr.-chief-agronomist-of-the-sloupnice-agricultural-cooperative-1024x497.jpg","large-width":1024,"large-height":497,"1536x1536":"https:\/\/www.bednar.com\/wp-content\/uploads\/aktuality\/2024\/cz\/ing.-jaroslav-vanous-jr.-chief-agronomist-of-the-sloupnice-agricultural-cooperative.jpg","1536x1536-width":1030,"1536x1536-height":500,"2048x2048":"https:\/\/www.bednar.com\/wp-content\/uploads\/aktuality\/2024\/cz\/ing.-jaroslav-vanous-jr.-chief-agronomist-of-the-sloupnice-agricultural-cooperative.jpg","2048x2048-width":1030,"2048x2048-height":500,"header-thumb":"https:\/\/www.bednar.com\/wp-content\/uploads\/aktuality\/2024\/cz\/ing.-jaroslav-vanous-jr.-chief-agronomist-of-the-sloupnice-agricultural-cooperative.jpg","header-thumb-width":1030,"header-thumb-height":500,"section-thumb":"https:\/\/www.bednar.com\/wp-content\/uploads\/aktuality\/2024\/cz\/ing.-jaroslav-vanous-jr.-chief-agronomist-of-the-sloupnice-agricultural-cooperative-860x480.jpg","section-thumb-width":860,"section-thumb-height":480,"news-thumb":"https:\/\/www.bednar.com\/wp-content\/uploads\/aktuality\/2024\/cz\/ing.-jaroslav-vanous-jr.-chief-agronomist-of-the-sloupnice-agricultural-cooperative-390x315.jpg","news-thumb-width":390,"news-thumb-height":315,"wpcf7-post-image":"https:\/\/www.bednar.com\/wp-content\/uploads\/aktuality\/2024\/cz\/ing.-jaroslav-vanous-jr.-chief-agronomist-of-the-sloupnice-agricultural-cooperative-80x80.jpg","wpcf7-post-image-width":80,"wpcf7-post-image-height":80}},{"ID":576522,"id":576522,"title":"Problematic distribution of harvest residues after passes by the combine","filename":"problematic-distribution-of-harvest-residues-after-passes-by-the-combine.jpg","filesize":115888,"url":"https:\/\/www.bednar.com\/wp-content\/uploads\/aktuality\/2024\/cz\/problematic-distribution-of-harvest-residues-after-passes-by-the-combine.jpg","link":"https:\/\/www.bednar.com\/ro\/blog\/exemplu-de-exploatare-a-utilajului-striegel-pro-pn-la-zd-sloupnice\/problematic-distribution-of-harvest-residues-after-passes-by-the-combine-2\/","alt":"Problematic distribution of harvest residues after passes by the combine","author":"14","description":"","caption":"","name":"problematic-distribution-of-harvest-residues-after-passes-by-the-combine-2","status":"inherit","uploaded_to":576903,"date":"2024-10-01 07:52:00","modified":"2024-10-01 07:52:27","menu_order":0,"mime_type":"image\/jpeg","type":"image","subtype":"jpeg","icon":"https:\/\/www.bednar.com\/wp-includes\/images\/media\/default.png","width":800,"height":533,"sizes":{"thumbnail":"https:\/\/www.bednar.com\/wp-content\/uploads\/aktuality\/2024\/cz\/problematic-distribution-of-harvest-residues-after-passes-by-the-combine-280x185.jpg","thumbnail-width":280,"thumbnail-height":185,"medium":"https:\/\/www.bednar.com\/wp-content\/uploads\/aktuality\/2024\/cz\/problematic-distribution-of-harvest-residues-after-passes-by-the-combine-300x200.jpg","medium-width":300,"medium-height":200,"medium_large":"https:\/\/www.bednar.com\/wp-content\/uploads\/aktuality\/2024\/cz\/problematic-distribution-of-harvest-residues-after-passes-by-the-combine-768x512.jpg","medium_large-width":768,"medium_large-height":512,"large":"https:\/\/www.bednar.com\/wp-content\/uploads\/aktuality\/2024\/cz\/problematic-distribution-of-harvest-residues-after-passes-by-the-combine.jpg","large-width":800,"large-height":533,"1536x1536":"https:\/\/www.bednar.com\/wp-content\/uploads\/aktuality\/2024\/cz\/problematic-distribution-of-harvest-residues-after-passes-by-the-combine.jpg","1536x1536-width":800,"1536x1536-height":533,"2048x2048":"https:\/\/www.bednar.com\/wp-content\/uploads\/aktuality\/2024\/cz\/problematic-distribution-of-harvest-residues-after-passes-by-the-combine.jpg","2048x2048-width":800,"2048x2048-height":533,"header-thumb":"https:\/\/www.bednar.com\/wp-content\/uploads\/aktuality\/2024\/cz\/problematic-distribution-of-harvest-residues-after-passes-by-the-combine.jpg","header-thumb-width":800,"header-thumb-height":533,"section-thumb":"https:\/\/www.bednar.com\/wp-content\/uploads\/aktuality\/2024\/cz\/problematic-distribution-of-harvest-residues-after-passes-by-the-combine-800x480.jpg","section-thumb-width":800,"section-thumb-height":480,"news-thumb":"https:\/\/www.bednar.com\/wp-content\/uploads\/aktuality\/2024\/cz\/problematic-distribution-of-harvest-residues-after-passes-by-the-combine-390x315.jpg","news-thumb-width":390,"news-thumb-height":315,"wpcf7-post-image":"https:\/\/www.bednar.com\/wp-content\/uploads\/aktuality\/2024\/cz\/problematic-distribution-of-harvest-residues-after-passes-by-the-combine-80x80.jpg","wpcf7-post-image-width":80,"wpcf7-post-image-height":80}},{"ID":576450,"id":576450,"title":"Spreading harvest residues with the STRIEGEL-PRO PN straw harrow","filename":"spreading-harvest-residues-with-the-striegel-pro-pn-straw-harrow.jpg","filesize":109638,"url":"https:\/\/www.bednar.com\/wp-content\/uploads\/aktuality\/2024\/cz\/spreading-harvest-residues-with-the-striegel-pro-pn-straw-harrow.jpg","link":"https:\/\/www.bednar.com\/ro\/blog\/exemplu-de-exploatare-a-utilajului-striegel-pro-pn-la-zd-sloupnice\/spreading-harvest-residues-with-the-striegel-pro-pn-straw-harrow-2\/","alt":"Spreading harvest residues with the STRIEGEL-PRO PN straw harrow","author":"14","description":"","caption":"","name":"spreading-harvest-residues-with-the-striegel-pro-pn-straw-harrow-2","status":"inherit","uploaded_to":576903,"date":"2024-10-01 07:51:38","modified":"2024-10-01 07:52:14","menu_order":0,"mime_type":"image\/jpeg","type":"image","subtype":"jpeg","icon":"https:\/\/www.bednar.com\/wp-includes\/images\/media\/default.png","width":800,"height":533,"sizes":{"thumbnail":"https:\/\/www.bednar.com\/wp-content\/uploads\/aktuality\/2024\/cz\/spreading-harvest-residues-with-the-striegel-pro-pn-straw-harrow-280x185.jpg","thumbnail-width":280,"thumbnail-height":185,"medium":"https:\/\/www.bednar.com\/wp-content\/uploads\/aktuality\/2024\/cz\/spreading-harvest-residues-with-the-striegel-pro-pn-straw-harrow-300x200.jpg","medium-width":300,"medium-height":200,"medium_large":"https:\/\/www.bednar.com\/wp-content\/uploads\/aktuality\/2024\/cz\/spreading-harvest-residues-with-the-striegel-pro-pn-straw-harrow-768x512.jpg","medium_large-width":768,"medium_large-height":512,"large":"https:\/\/www.bednar.com\/wp-content\/uploads\/aktuality\/2024\/cz\/spreading-harvest-residues-with-the-striegel-pro-pn-straw-harrow.jpg","large-width":800,"large-height":533,"1536x1536":"https:\/\/www.bednar.com\/wp-content\/uploads\/aktuality\/2024\/cz\/spreading-harvest-residues-with-the-striegel-pro-pn-straw-harrow.jpg","1536x1536-width":800,"1536x1536-height":533,"2048x2048":"https:\/\/www.bednar.com\/wp-content\/uploads\/aktuality\/2024\/cz\/spreading-harvest-residues-with-the-striegel-pro-pn-straw-harrow.jpg","2048x2048-width":800,"2048x2048-height":533,"header-thumb":"https:\/\/www.bednar.com\/wp-content\/uploads\/aktuality\/2024\/cz\/spreading-harvest-residues-with-the-striegel-pro-pn-straw-harrow.jpg","header-thumb-width":800,"header-thumb-height":533,"section-thumb":"https:\/\/www.bednar.com\/wp-content\/uploads\/aktuality\/2024\/cz\/spreading-harvest-residues-with-the-striegel-pro-pn-straw-harrow-800x480.jpg","section-thumb-width":800,"section-thumb-height":480,"news-thumb":"https:\/\/www.bednar.com\/wp-content\/uploads\/aktuality\/2024\/cz\/spreading-harvest-residues-with-the-striegel-pro-pn-straw-harrow-390x315.jpg","news-thumb-width":390,"news-thumb-height":315,"wpcf7-post-image":"https:\/\/www.bednar.com\/wp-content\/uploads\/aktuality\/2024\/cz\/spreading-harvest-residues-with-the-striegel-pro-pn-straw-harrow-80x80.jpg","wpcf7-post-image-width":80,"wpcf7-post-image-height":80}},{"ID":576486,"id":576486,"title":"Use of the STRIEGEL-PRO PN straw harrow in spring","filename":"use-of-the-striegel-pro-pn-straw-harrow-in-spring.jpg","filesize":109538,"url":"https:\/\/www.bednar.com\/wp-content\/uploads\/aktuality\/2024\/cz\/use-of-the-striegel-pro-pn-straw-harrow-in-spring.jpg","link":"https:\/\/www.bednar.com\/ro\/blog\/exemplu-de-exploatare-a-utilajului-striegel-pro-pn-la-zd-sloupnice\/use-of-the-striegel-pro-pn-straw-harrow-in-spring-2\/","alt":"Use of the STRIEGEL-PRO PN straw harrow in spring","author":"14","description":"","caption":"","name":"use-of-the-striegel-pro-pn-straw-harrow-in-spring-2","status":"inherit","uploaded_to":576903,"date":"2024-10-01 07:51:51","modified":"2024-10-01 07:52:20","menu_order":0,"mime_type":"image\/jpeg","type":"image","subtype":"jpeg","icon":"https:\/\/www.bednar.com\/wp-includes\/images\/media\/default.png","width":800,"height":533,"sizes":{"thumbnail":"https:\/\/www.bednar.com\/wp-content\/uploads\/aktuality\/2024\/cz\/use-of-the-striegel-pro-pn-straw-harrow-in-spring-280x185.jpg","thumbnail-width":280,"thumbnail-height":185,"medium":"https:\/\/www.bednar.com\/wp-content\/uploads\/aktuality\/2024\/cz\/use-of-the-striegel-pro-pn-straw-harrow-in-spring-300x200.jpg","medium-width":300,"medium-height":200,"medium_large":"https:\/\/www.bednar.com\/wp-content\/uploads\/aktuality\/2024\/cz\/use-of-the-striegel-pro-pn-straw-harrow-in-spring-768x512.jpg","medium_large-width":768,"medium_large-height":512,"large":"https:\/\/www.bednar.com\/wp-content\/uploads\/aktuality\/2024\/cz\/use-of-the-striegel-pro-pn-straw-harrow-in-spring.jpg","large-width":800,"large-height":533,"1536x1536":"https:\/\/www.bednar.com\/wp-content\/uploads\/aktuality\/2024\/cz\/use-of-the-striegel-pro-pn-straw-harrow-in-spring.jpg","1536x1536-width":800,"1536x1536-height":533,"2048x2048":"https:\/\/www.bednar.com\/wp-content\/uploads\/aktuality\/2024\/cz\/use-of-the-striegel-pro-pn-straw-harrow-in-spring.jpg","2048x2048-width":800,"2048x2048-height":533,"header-thumb":"https:\/\/www.bednar.com\/wp-content\/uploads\/aktuality\/2024\/cz\/use-of-the-striegel-pro-pn-straw-harrow-in-spring.jpg","header-thumb-width":800,"header-thumb-height":533,"section-thumb":"https:\/\/www.bednar.com\/wp-content\/uploads\/aktuality\/2024\/cz\/use-of-the-striegel-pro-pn-straw-harrow-in-spring-800x480.jpg","section-thumb-width":800,"section-thumb-height":480,"news-thumb":"https:\/\/www.bednar.com\/wp-content\/uploads\/aktuality\/2024\/cz\/use-of-the-striegel-pro-pn-straw-harrow-in-spring-390x315.jpg","news-thumb-width":390,"news-thumb-height":315,"wpcf7-post-image":"https:\/\/www.bednar.com\/wp-content\/uploads\/aktuality\/2024\/cz\/use-of-the-striegel-pro-pn-straw-harrow-in-spring-80x80.jpg","wpcf7-post-image-width":80,"wpcf7-post-image-height":80}},{"ID":576468,"id":576468,"title":"Straw harrow working in tow behind a 230-hp tractor","filename":"straw-harrow-working-in-tow-behind-a-230-hp-tractor.jpg","filesize":109513,"url":"https:\/\/www.bednar.com\/wp-content\/uploads\/aktuality\/2024\/cz\/straw-harrow-working-in-tow-behind-a-230-hp-tractor.jpg","link":"https:\/\/www.bednar.com\/ro\/blog\/exemplu-de-exploatare-a-utilajului-striegel-pro-pn-la-zd-sloupnice\/straw-harrow-working-in-tow-behind-a-230-hp-tractor-2\/","alt":"Straw harrow working in tow behind a 230-hp tractor","author":"14","description":"","caption":"","name":"straw-harrow-working-in-tow-behind-a-230-hp-tractor-2","status":"inherit","uploaded_to":576903,"date":"2024-10-01 07:51:45","modified":"2024-10-01 07:52:16","menu_order":0,"mime_type":"image\/jpeg","type":"image","subtype":"jpeg","icon":"https:\/\/www.bednar.com\/wp-includes\/images\/media\/default.png","width":800,"height":533,"sizes":{"thumbnail":"https:\/\/www.bednar.com\/wp-content\/uploads\/aktuality\/2024\/cz\/straw-harrow-working-in-tow-behind-a-230-hp-tractor-280x185.jpg","thumbnail-width":280,"thumbnail-height":185,"medium":"https:\/\/www.bednar.com\/wp-content\/uploads\/aktuality\/2024\/cz\/straw-harrow-working-in-tow-behind-a-230-hp-tractor-300x200.jpg","medium-width":300,"medium-height":200,"medium_large":"https:\/\/www.bednar.com\/wp-content\/uploads\/aktuality\/2024\/cz\/straw-harrow-working-in-tow-behind-a-230-hp-tractor-768x512.jpg","medium_large-width":768,"medium_large-height":512,"large":"https:\/\/www.bednar.com\/wp-content\/uploads\/aktuality\/2024\/cz\/straw-harrow-working-in-tow-behind-a-230-hp-tractor.jpg","large-width":800,"large-height":533,"1536x1536":"https:\/\/www.bednar.com\/wp-content\/uploads\/aktuality\/2024\/cz\/straw-harrow-working-in-tow-behind-a-230-hp-tractor.jpg","1536x1536-width":800,"1536x1536-height":533,"2048x2048":"https:\/\/www.bednar.com\/wp-content\/uploads\/aktuality\/2024\/cz\/straw-harrow-working-in-tow-behind-a-230-hp-tractor.jpg","2048x2048-width":800,"2048x2048-height":533,"header-thumb":"https:\/\/www.bednar.com\/wp-content\/uploads\/aktuality\/2024\/cz\/straw-harrow-working-in-tow-behind-a-230-hp-tractor.jpg","header-thumb-width":800,"header-thumb-height":533,"section-thumb":"https:\/\/www.bednar.com\/wp-content\/uploads\/aktuality\/2024\/cz\/straw-harrow-working-in-tow-behind-a-230-hp-tractor-800x480.jpg","section-thumb-width":800,"section-thumb-height":480,"news-thumb":"https:\/\/www.bednar.com\/wp-content\/uploads\/aktuality\/2024\/cz\/straw-harrow-working-in-tow-behind-a-230-hp-tractor-390x315.jpg","news-thumb-width":390,"news-thumb-height":315,"wpcf7-post-image":"https:\/\/www.bednar.com\/wp-content\/uploads\/aktuality\/2024\/cz\/straw-harrow-working-in-tow-behind-a-230-hp-tractor-80x80.jpg","wpcf7-post-image-width":80,"wpcf7-post-image-height":80}}]}],"nav-main-cat":false,"nav-sub-cat":false,"_aviaLayoutBuilderCleanData":"","page-type":"other","pageGroup":"","post-new-website":true},"_links":{"self":[{"href":"https:\/\/www.bednar.com\/ro\/wp-json\/wp\/v2\/posts\/576903","targetHints":{"allow":["GET"]}}],"collection":[{"href":"https:\/\/www.bednar.com\/ro\/wp-json\/wp\/v2\/posts"}],"about":[{"href":"https:\/\/www.bednar.com\/ro\/wp-json\/wp\/v2\/types\/post"}],"author":[{"embeddable":true,"href":"https:\/\/www.bednar.com\/ro\/wp-json\/wp\/v2\/users\/14"}],"replies":[{"embeddable":true,"href":"https:\/\/www.bednar.com\/ro\/wp-json\/wp\/v2\/comments?post=576903"}],"version-history":[{"count":3,"href":"https:\/\/www.bednar.com\/ro\/wp-json\/wp\/v2\/posts\/576903\/revisions"}],"predecessor-version":[{"id":576966,"href":"https:\/\/www.bednar.com\/ro\/wp-json\/wp\/v2\/posts\/576903\/revisions\/576966"}],"wp:featuredmedia":[{"embeddable":true,"href":"https:\/\/www.bednar.com\/ro\/wp-json\/wp\/v2\/media\/576504"}],"wp:attachment":[{"href":"https:\/\/www.bednar.com\/ro\/wp-json\/wp\/v2\/media?parent=576903"}],"wp:term":[{"taxonomy":"category","embeddable":true,"href":"https:\/\/www.bednar.com\/ro\/wp-json\/wp\/v2\/categories?post=576903"},{"taxonomy":"post_tag","embeddable":true,"href":"https:\/\/www.bednar.com\/ro\/wp-json\/wp\/v2\/tags?post=576903"}],"curies":[{"name":"wp","href":"https:\/\/api.w.org\/{rel}","templated":true}]}}