{"id":384430,"date":"2021-03-18T00:00:00","date_gmt":"2021-03-17T23:00:00","guid":{"rendered":"https:\/\/www.bednar.com\/blog\/bednar-va-va-consilia-daca-nu-stiti-ce-semanatoare-sa-alegeti-pentru-ferma-dvs"},"modified":"2021-07-28T22:40:32","modified_gmt":"2021-07-28T20:40:32","slug":"bednar-va-va-consilia-daca-nu-stiti-ce-semanatoare-sa-alegeti-pentru-ferma-dvs","status":"publish","type":"post","link":"https:\/\/www.bednar.com\/ro\/blog\/bednar-va-va-consilia-daca-nu-stiti-ce-semanatoare-sa-alegeti-pentru-ferma-dvs\/","title":{"rendered":"BEDNAR v\u0103 va consilia dac\u0103 nu \u0219ti\u021bi ce sem\u0103n\u0103toare s\u0103 alege\u021bi pentru ferma dvs."},"content":{"rendered":"\n<div class=\"post-section\" style=\"background-image: url();\"><\/div>\n<div class=\"one-full-section\"><br \/>\n<br \/>\n<\/div>\n<div class=\"hr-section\"><\/div>\n<div class=\"post-section\" style=\"background-image: url();\"><br \/>\n<br \/>\n<\/div>\n<p class=\"awesome-textblock\"><\/p>\n<h2>Ca bun fermier, \u0219ti\u021bi desigur c\u0103, pentru a ob\u0163ine o produc\u0163ie mare \u0219i de bun\u0103 calitate, este necesar\u0103 o combina\u0163ie de mai mul\u0163i parametri pozitivi. Calitatea semin\u021belor, tipul de sol, zona climatic\u0103, vremea \u00een timpul vegeta\u021biei, tratamentul culturilor \u0219i tehnologia agricol\u0103 aleas\u0103 sunt factorii decisivi. \u0218ti\u021bi \u00eens\u0103 c\u0103 modul de \u00eenfiin\u0163are a culturii \u0219i alegerea corect\u0103 a sem\u0103n\u0103torii sunt, de asemenea, decisive pentru o produc\u021bie bun\u0103?<\/h2>\n<p><\/p>\n<div class=\"hr-section\"><\/div>\n<div class=\"one-full-section\"><br \/>\n<img decoding=\"async\" src=\"https:\/\/news.bednar.com\/wp-content\/uploads\/2021\/03\/porost_pruh.jpg\" alt=\"\"><\/p>\n<p><div class=\"hr-section\"><\/div><\/p>\n<p><p class=\"text-block-grey text-block-equal-height1\"><br \/>\n<em>\u00cenfiin\u0163area corect\u0103 a culturii ar trebui s\u0103 conduc\u0103 la o vegeta\u021bie echilibrat\u0103, care este o condi\u021bie prealabil\u0103 pentru ob\u021binerea unei produc\u021bii mari. Vegeta\u021bia echilibrat\u0103 este, de asemenea, important\u0103 pentru tratarea culturii cu \u00eengr\u0103\u0219\u0103minte minerale sau agen\u021bi de protec\u021bie a plantelor.<\/em><br \/>\n<\/p><br \/>\n<\/div>\n<div class=\"hr-section\"><\/div>\n<h2>CE LUA\u021aI \u00ceN CONSIDERARE ATUNCI C\u00c2ND ALEGE\u021aI O NOU\u0102 SEM\u0102N\u0102TOARE?<\/h2>\n<p class=\"\"><br \/>\nO sem\u0103n\u0103toare nu este o ma\u015fin\u0103 pe care s\u0103 o cump\u0103ra\u021bi, de exemplu, o dat\u0103 la 3 ani. Multe ferme cu 1500 de hectare \u00ee\u0219i folosesc sem\u0103n\u0103torile timp de 10 ani. Dac\u0103 ave\u021bi \u00een vedere achizi\u021bionarea unei sem\u0103n\u0103tori acum sau \u00een viitor, ar trebui s\u0103 lua\u021bi \u00een considerare c\u00e2teva aspecte pentru alegerea utilajului potrivit.<br \/>\n<\/p>\n<div class=\"one-half-section\"><br \/>\n<img decoding=\"async\" src=\"https:\/\/news.bednar.com\/wp-content\/uploads\/2021\/03\/Omega_OO3000L_MG_8030.jpg\" alt=\"\"><\/p>\n<p><div class=\"hr-section\"><\/div><\/p>\n<p><p class=\"text-block-grey text-block-equal-height2\"><br \/>\n<em>Cea mai mic\u0103 ma\u0219in\u0103 de sem\u0103nat din portofoliul m\u0103rcii BEDNAR este OMEGA OO 3000L, cu o l\u0103\u021bime de 3 m.<\/em><br \/>\n<\/p><br \/>\n<\/div>\n<div class=\"one-half-section\"><br \/>\n<img decoding=\"async\" src=\"https:\/\/news.bednar.com\/wp-content\/uploads\/2021\/03\/DJI_0065_ds_3000px.jpg\" alt=\"\"><\/p>\n<p><div class=\"hr-section\"><\/div><\/p>\n<p><p class=\"text-block-grey text-block-equal-height2\"><br \/>\n<em>La polul opus, cea mai mare sem\u0103n\u0103toare este EFECTA CE, cu o l\u0103\u021bime de 12 m, introdus\u0103 pentru prima dat\u0103 \u00een 2020.<\/em><br \/>\n<\/p><br \/>\n<\/div>\n<div class=\"hr-section\"><\/div>\n<p class=\"\"><br \/>\n\u00cen prezent, exist\u0103 mul\u021bi produc\u0103tori de sem\u0103n\u0103tori pe pia\u021b\u0103. Portofoliul m\u0103rcii BEDNAR include patru categorii diferite de sem\u0103n\u0103tori cu o l\u0103\u021bime de lucru de la 3 la 12 metri. Reportajul de ast\u0103zi v\u0103 va prezenta pe scurt \u00eentreb\u0103rile la care trebuie s\u0103 r\u0103spunde\u0163i atunci c\u00e2nd alege\u0163i \u0219i vom descrie succint diferen\u0163ele dintre sem\u0103n\u0103torile produse de compania BEDNAR FMT.<br \/>\n<\/p>\n<div class=\"hr-section\"><\/div>\n<p class=\"\"><\/p>\n<h3><strong>Ce sistem de cultivare a solului utilizez \u00een general?<\/strong><\/h3>\n<p>Aceast\u0103 \u00eentrebare este important\u0103 pentru selectarea conceptului de sem\u0103n\u0103toare. Dac\u0103 \u00een ferma dvs. utiliza\u021bi aratul \u0219i preg\u0103ti\u021bi terenul chiar \u00eenainte de sem\u0103nat, un tip de sem\u0103n\u0103toare sau bar\u0103 de sem\u0103nat f\u0103r\u0103 preg\u0103tirea solului poate fi interesant pentru dvs.<\/p>\n<p>Dimpotriv\u0103, dac\u0103 ara\u021bi \u0219i efectua\u021bi o preg\u0103tire u\u0219oar\u0103 a solului, sau realiza\u021bi o cultivare f\u0103r\u0103 arat, ar trebui s\u0103 c\u0103uta\u0163i o sem\u0103n\u0103toare cu sec\u021bie de discuri sau br\u0103zdare, care prelucreaz\u0103 suplimentar solul \u00een care sem\u0103na\u021bi.<br \/>\n<\/p>\n<div class=\"one-half-section\"><br \/>\n<img decoding=\"async\" src=\"https:\/\/news.bednar.com\/wp-content\/uploads\/2021\/03\/DJI_0726-1.jpg\" alt=\"\"><\/p>\n<p><div class=\"hr-section\"><\/div><\/p>\n<p><p class=\"text-block-grey text-block-equal-height3\"><br \/>\n<em>CORSA CN este o versiune acceptat\u0103 a barei de sem\u0103nat, disponibil\u0103 cu o l\u0103\u021bime de lucru de la 6 la 9 metri.<\/em><br \/>\n<\/p><br \/>\n<\/div>\n<div class=\"one-half-section\"><br \/>\n<img decoding=\"async\" src=\"https:\/\/news.bednar.com\/wp-content\/uploads\/2021\/03\/ComboSystem-a-Corsa-CN-9000_2019-Rostenice_19L2476.jpg\" alt=\"\"><\/p>\n<p><div class=\"hr-section\"><\/div><\/p>\n<p><p class=\"text-block-grey text-block-equal-height3\"><br \/>\n<em>Avantajul barei de sem\u0103nat const\u0103 \u00een construc\u0163ia u\u015foar\u0103, manevrarea simpl\u0103 \u0219i depunerea precis\u0103 a semin\u021belor. <\/em><br \/>\n<\/p><br \/>\n<\/div>\n<div class=\"hr-section\"><\/div>\n<p class=\"\"><br \/>\n<em>Recomandare: Bara de sem\u0103nat <a href=\"\/?page_id=264720\" target=\"_blank\" rel=\"noopener\"><span style=\"text-decoration: underline;\">CORSA CN<\/span><\/a> este oferit\u0103 cu l\u0103\u021bimi de lucru de la 6 la 9 metri \u0219i este adecvat\u0103 pentru \u00eenfiin\u021barea culturii \u00eentr-un sol bine preg\u0103tit, \u00een combina\u021bie cu distribuitorul <a href=\"\/?page_id=22607\" target=\"_blank\" rel=\"noopener\"><span style=\"text-decoration: underline;\">FERTI-BOX FB_F<\/span><\/a> sau bunc\u0103rul de stocare <a href=\"\/?page_id=264574\" target=\"_blank\" rel=\"noopener\"><span style=\"text-decoration: underline;\">COMBO SYSTEM CS<\/span><\/a>. Datorit\u0103 greut\u0103\u021bii reduse \u0219i lipsei sec\u021biei de tratare a solului, se poate utiliza la \u00eenfiin\u021barea culturilor chiar \u0219i \u00een soluri grele \u0219i umede.<\/em><\/p>\n<p><em>\u00a0<\/em><br \/>\n<\/p>\n<div class=\"hr-section\"><\/div>\n<div class=\"one-full-section\"><br \/>\n<img decoding=\"async\" src=\"https:\/\/news.bednar.com\/wp-content\/uploads\/2021\/03\/R204722_ds_3000px.jpg\" alt=\"\"><\/p>\n<p><div class=\"hr-section\"><\/div><\/p>\n<p><p class=\"text-block-grey text-block-equal-height4\"><br \/>\n<em>Volumul mare al bunc\u0103rului, combinat cu l\u0103\u0163imea de lucru \u0219i viteza de lucru ridicat\u0103, permite ob\u0163inerea unor produc\u0163ii zilnice ridicate.<\/em><br \/>\n<\/p><br \/>\n<\/div>\n<div class=\"hr-section\"><\/div>\n<p class=\"\"><br \/>\n<em>V\u0103 recomand\u0103m s\u0103 utiliza\u0163i sem\u0103n\u0103toarea cu l\u0103\u0163ime mare <a href=\"\/?page_id=310836\" target=\"_blank\" rel=\"noopener\"><span style=\"text-decoration: underline;\">EFECTA CE<\/span><\/a> \u00een condi\u021bii de sol bine preg\u0103tit pentru \u00eens\u0103m\u00e2n\u021bare. Partea frontal\u0103 a sem\u0103n\u0103torii poate fi echipat\u0103 cu trei tipuri de echipament de lucru pentru tratarea suplimentar\u0103 a solului (combinat cu nivelatorul \u00een benzi sau br\u0103zdarul PROFI pentru \u00eens\u0103m\u00e2n\u021bare dup\u0103 arat, sau combinat cu br\u0103zdarul TURBO \u00een tehnologia de minimizare).<\/em><\/p>\n<p><em>\u00a0<\/em><br \/>\n<\/p>\n<div class=\"hr-section\"><\/div>\n<div class=\"one-full-section\"><br \/>\n<img decoding=\"async\" src=\"https:\/\/news.bednar.com\/wp-content\/uploads\/2021\/03\/FERTI_PROFI_TURBO_COULTERS.png\" alt=\"\"><\/p>\n<p><div class=\"hr-section\"><\/div><\/p>\n<p><p class=\"text-block-grey text-block-equal-height5\"><br \/>\n<em>Variante individuale ale sec\u021biei de br\u0103zdare pentru sem\u0103n\u0103torile BEDNAR. Br\u0103zdare PROFI \u00een st\u00e2nga, br\u0103zdare TURBO \u00een mijloc \u0219i br\u0103zdare FERTI (nu pentru ma\u0219inile EFECTA CE \u0219i OMEGA OO_L) \u00een dreapta.<\/em><br \/>\n<\/p><br \/>\n<\/div>\n<div class=\"hr-section\"><\/div>\n<p class=\"\"><br \/>\n<em>Sem\u0103n\u0103torile universale <a href=\"\/?page_id=23273\" target=\"_blank\" rel=\"noopener\"><span style=\"text-decoration: underline;\">OMEGA OO_L<\/span><\/a> \u0219i <a href=\"\/?page_id=170010\" target=\"_blank\" rel=\"noopener\"><span style=\"text-decoration: underline;\">OO_FL<\/span><\/a> sunt echipate cu o sec\u021bie de discuri care, conectat\u0103 la sec\u021bia de br\u0103zdare PROFI sau TURBO, ofer\u0103 un tratament suplimentar excelent al solului \u00een timpul \u00eens\u0103m\u00e2n\u021b\u0103rii; aceste sem\u0103n\u0103tori pot \u00eenfiin\u021ba bine culturile \u00een cadrul unei tehnologii de minimizare. Ele sunt utile, de asemenea, la sem\u0103natul direct \u00een miri\u0219te dup\u0103 arat, atunci c\u00e2nd partea frontal\u0103 a sem\u0103n\u0103torii poate fi echipat\u0103 cu nivelator \u00een benzi \u0219i compactor pneumatic pentru a nivela \u0219i aplatiza suprafa\u021ba solului.<\/em><br \/>\n<\/p>\n<div class=\"hr-section\"><\/div>\n<p class=\"\"><\/p>\n<h3><strong>C\u00e2t de mare este suprafa\u021ba de \u00eens\u0103m\u00e2n\u021bare anual\u0103?<\/strong><\/h3>\n<p>Altfel spus, fiecare metru din l\u0103\u021bimea de lucru \u00eenseamn\u0103 mai mul\u021bi bani. Prin urmare, este important s\u0103 lua\u021bi \u00een considerare c\u00e2te hectare sem\u0103na\u021bi \u00een fiecare an \u0219i care sunt condi\u021biile climatice \u0219i timpul necesar pentru a \u00eenfiin\u021ba culturile. Dac\u0103 ave\u021bi o ferm\u0103 cu terenuri mari \u0219i plate, atunci ar trebui s\u0103 alege\u021bi cu siguran\u021b\u0103 o sem\u0103n\u0103toare lat\u0103, cu care pute\u021bi ob\u021bine un randament ridicat.<\/p>\n<p>Dimpotriv\u0103, dac\u0103 ave\u021bi terenuri denivelate, atunci este necesar s\u0103 g\u0103si\u021bi utilaje cu o l\u0103\u021bime de lucru mai mic\u0103, cum ar fi sem\u0103n\u0103torile semi-purtate sau o bar\u0103 de sem\u0103nat universal\u0103.<\/p>\n<p><em>Recomandare: Pentru fermele mari \u0219i exploata\u021biile agricole care cultiv\u0103 pe suprafe\u021be mari, v\u0103 recomand\u0103m s\u0103 alege\u021bi sem\u0103n\u0103toarea cu l\u0103\u021bime mare EFECTA CE, care ofer\u0103 un randament ridicat. Dac\u0103 ave\u021bi nevoie de o sem\u0103n\u0103toare universal\u0103 cu sec\u0163ie de discuri, a\u021bi putea alege modelul OMEGA OO_L cu o l\u0103\u0163ime de lucru de 8 metri.<\/em><br \/>\n<\/p>\n<div class=\"one-half-section\"><br \/>\n<img decoding=\"async\" src=\"https:\/\/news.bednar.com\/wp-content\/uploads\/2021\/03\/IMG_6081.jpg\" alt=\"\"><\/p>\n<p><div class=\"hr-section\"><\/div><\/p>\n<p><p class=\"text-block-grey text-block-equal-height6\"><br \/>\n<em>Sem\u0103n\u0103torile din seria OMEGA pot fi echipate, \u00een spatele sec\u021biei de lucru, cu o sec\u021bie unic\u0103 de br\u0103zdare \u00een diferite op\u021biuni.<\/em><br \/>\n<\/p><br \/>\n<\/div>\n<div class=\"one-half-section\"><br \/>\n<img decoding=\"async\" src=\"https:\/\/news.bednar.com\/wp-content\/uploads\/2021\/03\/IMG_6098-meziplodina.jpg\" alt=\"\"><\/p>\n<p><div class=\"hr-section\"><\/div><\/p>\n<p><p class=\"text-block-grey text-block-equal-height6\"><br \/>\n<em>Cu accesorii alese \u00een mod corespunz\u0103tor, de exemplu cu Frontpack, br\u0103zdare PROFI sau TURBO, pute\u021bi \u00eenfiin\u021ba chiar \u0219i culturi intercalate.<\/em><br \/>\n<\/p><br \/>\n<\/div>\n<div class=\"hr-section\"><\/div>\n<p class=\"\"><br \/>\nIndiferent c\u0103 sunte\u021bi un fermier privat, o ferm\u0103 standard, sau o ferm\u0103 cu terenuri denivelate, ve\u021bi aprecia cu siguran\u021b\u0103 op\u0163iunea bar\u0103 de sem\u0103nat CORSA CN cu l\u0103\u0163imea de lucru de 6-9 metri, care este purtat\u0103, scurt\u0103 \u0219i foarte abil\u0103 la cap\u0103t de r\u00e2nd. Sem\u0103n\u0103torile OMEGA OO_L sau OO_FL cu l\u0103\u021bimea de lucru de 3 p\u00e2n\u0103 la 6 metri sunt alegerea potrivit\u0103.<\/p>\n<p><em>\u00a0<\/em><\/p>\n<h3><strong>C\u00e2t de puternic este vehiculul de tractare?<\/strong><\/h3>\n<p>Acest aspect este important pentru alegerea l\u0103\u021bimii de lucru. Cu c\u00e2t sem\u0103n\u0103toarea sau bunc\u0103rul este mai mare, cu at\u00e2t puterea motorului trebuie s\u0103 fie mai mare. \u00cen general, este mai bine s\u0103 alege\u021bi o l\u0103\u021bime de lucru adecvat\u0103 sau mai mic\u0103, dec\u00e2t s\u0103 utiliza\u021bi 100% din puterea motorului. Dac\u0103 ave\u021bi o l\u0103\u021bime mai mic\u0103, ansamblul se va deplasa mai repede \u0219i calitatea lucr\u0103rii va fi mai bun\u0103; de asemenea, ve\u021bi ob\u021bine un consum mai mic de combustibil.<\/p>\n<p><em>Recomandare: Pentru toate sem\u0103n\u0103torile \u0219i barele de sem\u0103nat BEDNAR, oferim puterea recomandat\u0103 a vehiculului de tractare; atunci c\u00e2nd alege\u021bi, trebuie s\u0103 lua\u021bi \u00een considerare debitul pompei de ulei \u0219i al sistemului hidraulic sau forma terenului (deal, c\u00e2mpie etc.).<\/em><\/p>\n<p><em>\u00a0<\/em><\/p>\n<h3><strong>Cum ar trebui sem\u0103n\u0103toarea s\u0103 \u00eenfiin\u021beze cultura?<\/strong><\/h3>\n<p>R\u0103spunsul la aceast\u0103 \u00eentrebare este foarte important \u0219i nu ar trebui s\u0103 se refere doar la ceea ce planifica\u021bi pentru anul acesta sau pentru anul urm\u0103tor, ci \u0219i la prognoza pentru viitor. Adic\u0103 aspectul \u00eenfiin\u0163\u0103rii culturii \u00een sine. Doresc s\u0103 \u00eenfiin\u021bez o singur\u0103 cultur\u0103, dou\u0103 sau trei culturi \u00eentr-o singur\u0103 trecere? Doresc s\u0103 aplic \u00eengr\u0103\u0219\u0103minte sau microgranule? Doresc s\u0103 amestec semin\u021bele cu \u00eengr\u0103\u0219\u0103m\u00e2ntul?<br \/>\n<\/p>\n<div class=\"hr-section\"><\/div>\n<div class=\"one-half-section\"><br \/>\n<img decoding=\"async\" src=\"https:\/\/news.bednar.com\/wp-content\/uploads\/2021\/03\/19L1373_Facebook.jpg\" alt=\"\"><\/p>\n<p><div class=\"hr-section\"><\/div><\/p>\n<p><p class=\"text-block-grey text-block-equal-height7\"><br \/>\n<em>Exemplu de \u00eenfiin\u0163are a culturii principale combinat\u0103 cu cultura secundar\u0103 utiliz\u00e2nd sem\u0103n\u0103toarea OMEGA OO_FL. <\/em><br \/>\n<\/p><br \/>\n<\/div>\n<div class=\"one-half-section\"><br \/>\n<img decoding=\"async\" src=\"https:\/\/news.bednar.com\/wp-content\/uploads\/2021\/03\/IMG_8684_new-upr_web.jpg\" alt=\"\"><\/p>\n<p><div class=\"hr-section\"><\/div><\/p>\n<p><p class=\"text-block-grey text-block-equal-height7\"><br \/>\n<em>Exemplu de \u00eenfiin\u0163are a culturii principale combinat\u0103 cu cultura secundar\u0103 utiliz\u00e2nd sem\u0103n\u0103toarea OMEGA OO_FL. <\/em><br \/>\n<\/p><br \/>\n<\/div>\n<div class=\"hr-section\"><\/div>\n<p class=\"\"><br \/>\n<em>Recomandare: R\u0103spunsurile la aceste \u00eentreb\u0103ri au rolul principal \u00een alegerea sem\u0103n\u0103torii, datorit\u0103 op\u021biunilor de sem\u0103nat, diferitelor ad\u00e2ncimi de sem\u0103nat, fertiliz\u0103rii simultane \u0219i utiliz\u0103rii bunc\u0103rului. <\/em><\/p>\n<p>Sem\u0103n\u0103toarea OMEGA OO_FL ofer\u0103 op\u021biunea de a sem\u0103na p\u00e2n\u0103 la trei tipuri de plante \u00eentr-o singur\u0103 trecere, sau op\u021biunea de a aplica \u00eengr\u0103\u0219\u0103minte, microgranule \u0219i semin\u021be. Sem\u0103natul culturilor principale \u0219i secundare nu este o problem\u0103, deoarece se pot sem\u0103na dou\u0103 tipuri de plante datorit\u0103 bunc\u0103rului cu dou\u0103 camere.<br \/>\n<\/p>\n<div class=\"hr-section\"><\/div>\n<div class=\"one-full-section\"><br \/>\n<div class=\"av-video\"><iframe loading=\"lazy\" width=\"100%\" height=\"800\" src=\"https:\/\/www.youtube.com\/embed\/ood8R-TgYNU\" title=\"YouTube video player\" frameborder=\"0\" allow=\"accelerometer; autoplay; clipboard-write; encrypted-media; gyroscope; picture-in-picture\" allowfullscreen><\/iframe><\/div><\/p>\n<p><div class=\"hr-section\"><\/div><\/p>\n<p><p class=\"text-block-grey text-block-equal-height8\"><br \/>\n<em>OMEGA OO_FL este m\u00e2ndria companiei BEDNAR \u00een domeniul sem\u0103n\u0103torilor, deoarece ofer\u0103 op\u0163iuni interesante de \u00eenfiin\u0163are a culturilor \u2013 sem\u0103natul culturilor principale \u0219i secundare \u00een mod simultan, sem\u0103natul a dou\u0103 culturi cu fertilizare, diferite ad\u00e2ncimi de aplicare a semin\u021belor \u0219i \u00eengr\u0103\u0219\u0103mintelor. Ave\u021bi libertate de alegere!<\/em><br \/>\n<\/p><br \/>\n<\/div>\n<div class=\"hr-section\"><\/div>\n<p class=\"\"><br \/>\nCei care doresc s\u0103 \u00eenfiin\u021beze o singur\u0103 cultur\u0103 pot alege sem\u0103n\u0103toarea OMEGA OO_L, bara de sem\u0103nat CORSA CN sau sem\u0103n\u0103toarea de l\u0103\u0163ime mare EFECTA CE, care ofer\u0103 o mare productivitate zilnic\u0103 datorit\u0103 volumului mare al bunc\u0103rului.<\/p>\n<p>Setarea independent\u0103 a ad\u00e2ncimii de lucru la br\u0103zdarele FERTI \u0219i br\u0103zdarele de sem\u0103nat permite plasarea \u00eengr\u0103\u0219\u0103m\u00e2ntului la ad\u00e2ncime mai mare \u0219i a semin\u021belor la ad\u00e2ncime mai mic\u0103. \u00cen mod similar, pot fi plasate dou\u0103 tipuri de semin\u021be, printr-o setare simpl\u0103 a ad\u00e2ncimii br\u0103zdarelor de sem\u0103nat pare \u0219i impare.<br \/>\n<\/p>\n<div class=\"hr-section\"><\/div>\n<p class=\"\"><\/p>\n<h3><strong>Ce func\u021bii trebuie s\u0103 accepte sem\u0103n\u0103toarea?<\/strong><\/h3>\n<p>Zilele \u00een care se sem\u0103na mult au trecut. Acum sem\u0103n\u0103m pu\u021bin, dar \u00een mod precis \u0219i calitativ \u00een patul germinativ. Este important ca sem\u0103n\u0103toarea s\u0103 aduc\u0103 economii de costuri.<br \/>\n<\/p>\n<div class=\"one-full-section\"><br \/>\n<img decoding=\"async\" src=\"https:\/\/news.bednar.com\/wp-content\/uploads\/2021\/03\/Ctyri-distribucni-hlavy_EFECTA_EN.jpg\" alt=\"\"><\/p>\n<p><div class=\"hr-section\"><\/div><\/p>\n<p><p class=\"text-block-grey text-block-equal-height9\"><br \/>\n<em>Sem\u0103n\u0103toarea cu l\u0103\u021bime mare EFECTA CE are bara de sem\u0103nat \u00eemp\u0103r\u021bit\u0103 \u00een patru sec\u021biuni, fiecare cu o l\u0103\u021bime de 3 metri. Aceast\u0103 solu\u021bie ofer\u0103 un control asupra sec\u021biunilor, pe baza datelor privind pozi\u021bia \u0219i set\u0103rile, pornind \u0219i oprind automat sec\u021biunile individuale de lucru. Func\u021bia respectiv\u0103 previne suprapunerea terenurilor sem\u0103nate \u0219i reduce costurile semin\u021belor. <\/em><br \/>\n<\/p><br \/>\n<\/div>\n<div class=\"hr-section\"><\/div>\n<p class=\"\"><br \/>\n<em>Recomandare: Costurile semin\u021belor pot fi reduse cu u\u0219urin\u021b\u0103 cu ajutorul sem\u0103n\u0103torilor BEDNAR, deoarece acestea pot fi echipate cu un sistem de oprire a unui interval de lucru la jum\u0103tate, sau cu controlul sec\u021biunii, care evalueaz\u0103 pozi\u021bia ma\u0219inii pe baza datelor GPS \u0219i porne\u0219te sau opre\u0219te dozarea semin\u021belor la br\u0103zdarele de sem\u0103nat. Astfel, por\u021biunile de teren sem\u0103nate nu se suprapun \u0219i pe acestea nu apar boli fungice sau reproducerea d\u0103un\u0103torilor.<\/em><br \/>\n<\/p>\n<div class=\"hr-section\"><\/div>\n<p class=\"\"><\/p>\n<h3><strong>C\u00e2t de precis\u0103 ar trebui s\u0103 fie sem\u0103n\u0103toarea?<\/strong><\/h3>\n<p>Precizia \u00een aceast\u0103 privin\u021b\u0103 poate fi considerat\u0103 ca precizie \u00een dozarea cantit\u0103\u021bii de sem\u0103nat aleas\u0103 sau \u00een calitatea sem\u0103natului uniform \u00een sol. Fiecare produc\u0103tor utilizeaz\u0103 versiunea sa de bunc\u0103r sau de fixare a br\u0103zdarelor de sem\u0103nat; dac\u0103 dori\u021bi s\u0103 \u00eenfiin\u0163a\u021bi o cultur\u0103 de calitate, ceea ce este o condi\u021bie prealabil\u0103 pentru echilibrul culturii, trebuie s\u0103 face\u021bi o compara\u021bie \u00een acest sens.<\/p>\n<p><em>Recomandare: Toate sem\u0103n\u0103torile BEDNAR utilizeaz\u0103 montarea pe paralelogram a br\u0103zdarelor de sem\u0103nat, o solu\u021bie demonstrat\u0103. Datorit\u0103 acesteia, ad\u00e2ncimile de sem\u0103nat se men\u0163in pe \u00eentreaga l\u0103\u021bime \u0219i plantele cresc uniform.<\/em><br \/>\n<\/p>\n<div class=\"one-half-section\"><br \/>\n<img decoding=\"async\" src=\"https:\/\/news.bednar.com\/wp-content\/uploads\/2021\/03\/Paralelogram-bocni-pohled-CMYK_LowRes.jpg\" alt=\"\"><\/p>\n<p><div class=\"hr-section\"><\/div><\/p>\n<p><p class=\"text-block-grey text-block-equal-height10\"><br \/>\n<em>Fixarea br\u0103zdarului de sem\u0103nat pe paralelogram contribuie la respectarea ad\u00e2ncimii de lucru \u0219i la copierea terenului.<\/em><br \/>\n<\/p><br \/>\n<\/div>\n<div class=\"one-half-section\"><br \/>\n<img decoding=\"async\" src=\"https:\/\/news.bednar.com\/wp-content\/uploads\/2021\/03\/Paralelogram-zadni-pohled_LowRes.jpg\" alt=\"\"><\/p>\n<p><div class=\"hr-section\"><\/div><\/p>\n<p><p class=\"text-block-grey text-block-equal-height10\"><br \/>\n<em>Acest sistem are ca rezultat uniformitatea ad\u00e2ncimii br\u0103zdarelor de sem\u0103nat <\/em><br \/>\n<\/p><br \/>\n<\/div>\n<div class=\"hr-section\"><\/div>\n<p class=\"\"><br \/>\n\u00cen plus, folosim a\u0219a-numitul paralelogram dublu la sem\u0103n\u0103toarea EFECTA CE. Pe l\u00e2ng\u0103 br\u0103zdarele de sem\u0103nat individuale, \u0219i sec\u021biile individuale ale barei de sem\u0103nat sunt fixate de cadrul lateral prin paralelogram.<\/p>\n<p>Br\u0103zdarele de sem\u0103nat cu muchie dubl\u0103 sunt o solu\u021bie interesant\u0103, acestea contribuie la \u00eenfiin\u021barea precis\u0103 a culturii prin evitarea buclelor \u0219i a devia\u021biilor de la linia ideal\u0103, deoarece fluxul de semin\u021be este divizat \u00een dou\u0103 p\u0103r\u0163i la br\u0103zdarele de margine.<br \/>\n<\/p>\n<div class=\"hr-section\"><\/div>\n<p class=\"\"><\/p>\n<h3><strong>Cine va lucra cu sem\u0103n\u0103toarea?<\/strong><\/h3>\n<p>Nu \u00een ultimul r\u00e2nd, trebuie s\u0103 se ia \u00een considerare cine va lucra cu sem\u0103n\u0103toarea. La aceast\u0103 \u00eentrebare se poate r\u0103spunde din punctul de vedere al complexit\u0103\u021bii set\u0103rii sem\u0103n\u0103torii, comenzii sec\u021biilor individuale sau metodei de calibrare sau de golire a bunc\u0103rului.<\/p>\n<p><em>Recomandare: Tehnologia de sem\u0103nat a m\u0103rcii BEDNAR se remarc\u0103 printr-un nivel de setare ridicat \u0219i simplu. Sem\u0103n\u0103torile pot fi controlate cu ajutorul sistemelor ISOBUS, printr-un monitor aflat \u00een tractor sau prin monitoare BEDNAR proprii.<\/em><br \/>\n<\/p>\n<div class=\"one-half-section\"><br \/>\n<img decoding=\"async\" src=\"https:\/\/news.bednar.com\/wp-content\/uploads\/2021\/03\/IMG_0364.jpg\" alt=\"\"><\/p>\n<p><div class=\"hr-section\"><\/div><\/p>\n<p><p class=\"text-block-grey text-block-equal-height11\"><br \/>\n<em>Toate utilajele OMEGA OO_L \u0219i OO_FL utilizeaz\u0103 op\u021biunea de calibrare \u0219i golire simpl\u0103 a volumului total al bunc\u0103rului \u00een partea din spate a utilajului.<\/em><br \/>\n<\/p><br \/>\n<\/div>\n<div class=\"one-half-section\"><br \/>\n<img decoding=\"async\" src=\"https:\/\/news.bednar.com\/wp-content\/uploads\/2021\/03\/OO-6000-FL_2020-Pucery_19L4127_web_800x533px.jpg\" alt=\"\"><\/p>\n<p><div class=\"hr-section\"><\/div><\/p>\n<p><p class=\"text-block-grey text-block-equal-height11\"><br \/>\n<em>Comanda poate fi realizat\u0103 cu ajutorul ISOBUS, pe monitorul tractorului sau cu propriul monitor ISOBUS BEDNAR, ca \u00een acest caz.<\/em><br \/>\n<\/p><br \/>\n<\/div>\n<div class=\"hr-section\"><\/div>\n<p class=\"\"><br \/>\nCalibrarea sem\u0103n\u0103torilor BEDNAR OMEGA OO_L \u0219i OO_FL se realizeaz\u0103 \u00een partea posterioar\u0103, \u00een spatele br\u0103zdarelor de sem\u0103nat, printr-un tub care serve\u0219te la golirea total\u0103 a utilajului. Aceast\u0103 op\u021biune va fi cu siguran\u021b\u0103 apreciat\u0103, mai ales de c\u0103tre operatorii mai \u00een v\u00e2rst\u0103. Sem\u0103n\u0103torile din seria EFECTA CE ofer\u0103 acces la bunc\u0103r \u0219i calibrare pe partea bunc\u0103rului.<br \/>\n<\/p>\n<div class=\"hr-section\"><\/div>\n<p class=\"\"><\/p>\n<h3><strong>Testa\u021bi \u00een ferma dvs. \u00een 2021<\/strong><\/h3>\n<p>Nu ezita\u021bi s\u0103 ne contacta\u021bi pentru a testa un utilaj din portofoliul companiei BEDNAR doar pentru \u00eenfiin\u021barea unei culturi de prim\u0103var\u0103. Reprezentan\u021bii no\u0219tri de v\u00e2nz\u0103ri sunt gata s\u0103 v\u0103 ajute pentru a alege sem\u0103n\u0103toarea BEDNAR potrivit\u0103 \u0219i pot s\u0103 v\u0103 ofere cea mai adecvat\u0103 solu\u021bie.<br \/>\n<\/p>\n<div class=\"hr-section\"><\/div>\n<p class=\"\"><\/p>\n<p style=\"text-align: right;\">Cu noi, agricultura este o pl\u0103cere<br \/>\n<a href=\"mailto:marketing@bednar.com\">marketing@bednar.com<\/a><br \/>\nBEDNAR FMT s.r.o.<br \/>\n<\/p>\n<p class=\"\"><\/p>\n<h2>IMAGINI<\/h2>\n<div class=\"hr-section\"><\/div>\n\n        <div class=\"gallery\">\n\n            <ul>\n\n                \n                    <li>\n\n                        <a href=\"http:\/\/news.bednar.com\/wp-content\/uploads\/2021\/03\/porost_pruh.jpg\" target=\"_blank\" rel=\"noopener\"><img decoding=\"async\" src=\"http:\/\/news.bednar.com\/wp-content\/uploads\/2021\/03\/porost_pruh.jpg\" alt=\"\"><\/a>\n\n                    <\/li>\n\n                    \n                    <li>\n\n                        <a href=\"http:\/\/news.bednar.com\/wp-content\/uploads\/2021\/03\/Omega_OO3000L_MG_8030.jpg\" target=\"_blank\" rel=\"noopener\"><img decoding=\"async\" src=\"http:\/\/news.bednar.com\/wp-content\/uploads\/2021\/03\/Omega_OO3000L_MG_8030.jpg\" alt=\"\"><\/a>\n\n                    <\/li>\n\n                    \n                    <li>\n\n                        <a href=\"http:\/\/news.bednar.com\/wp-content\/uploads\/2021\/03\/DJI_0065_ds_3000px.jpg\" target=\"_blank\" rel=\"noopener\"><img decoding=\"async\" src=\"http:\/\/news.bednar.com\/wp-content\/uploads\/2021\/03\/DJI_0065_ds_3000px.jpg\" alt=\"\"><\/a>\n\n                    <\/li>\n\n                    \n                    <li>\n\n                        <a href=\"http:\/\/news.bednar.com\/wp-content\/uploads\/2021\/03\/DJI_0726-1.jpg\" target=\"_blank\" rel=\"noopener\"><img decoding=\"async\" src=\"http:\/\/news.bednar.com\/wp-content\/uploads\/2021\/03\/DJI_0726-1.jpg\" alt=\"\"><\/a>\n\n                    <\/li>\n\n                    \n                    <li>\n\n                        <a href=\"http:\/\/news.bednar.com\/wp-content\/uploads\/2021\/03\/ComboSystem-a-Corsa-CN-9000_2019-Rostenice_19L2476.jpg\" target=\"_blank\" rel=\"noopener\"><img decoding=\"async\" src=\"http:\/\/news.bednar.com\/wp-content\/uploads\/2021\/03\/ComboSystem-a-Corsa-CN-9000_2019-Rostenice_19L2476.jpg\" alt=\"\"><\/a>\n\n                    <\/li>\n\n                    \n                    <li>\n\n                        <a href=\"http:\/\/news.bednar.com\/wp-content\/uploads\/2021\/03\/R204722_ds_3000px.jpg\" target=\"_blank\" rel=\"noopener\"><img decoding=\"async\" src=\"http:\/\/news.bednar.com\/wp-content\/uploads\/2021\/03\/R204722_ds_3000px.jpg\" alt=\"\"><\/a>\n\n                    <\/li>\n\n                    \n                    <li>\n\n                        <a href=\"http:\/\/news.bednar.com\/wp-content\/uploads\/2021\/03\/FERTI_PROFI_TURBO_COULTERS.png\" target=\"_blank\" rel=\"noopener\"><img decoding=\"async\" src=\"http:\/\/news.bednar.com\/wp-content\/uploads\/2021\/03\/FERTI_PROFI_TURBO_COULTERS.png\" alt=\"\"><\/a>\n\n                    <\/li>\n\n                    \n                    <li>\n\n                        <a href=\"http:\/\/news.bednar.com\/wp-content\/uploads\/2021\/03\/IMG_6081.jpg\" target=\"_blank\" rel=\"noopener\"><img decoding=\"async\" src=\"http:\/\/news.bednar.com\/wp-content\/uploads\/2021\/03\/IMG_6081.jpg\" alt=\"\"><\/a>\n\n                    <\/li>\n\n                    \n                    <li>\n\n                        <a href=\"http:\/\/news.bednar.com\/wp-content\/uploads\/2021\/03\/IMG_6098-meziplodina.jpg\" target=\"_blank\" rel=\"noopener\"><img decoding=\"async\" src=\"http:\/\/news.bednar.com\/wp-content\/uploads\/2021\/03\/IMG_6098-meziplodina.jpg\" alt=\"\"><\/a>\n\n                    <\/li>\n\n                    \n                    <li>\n\n                        <a href=\"http:\/\/news.bednar.com\/wp-content\/uploads\/2021\/03\/19L1373_Facebook.jpg\" target=\"_blank\" rel=\"noopener\"><img decoding=\"async\" src=\"http:\/\/news.bednar.com\/wp-content\/uploads\/2021\/03\/19L1373_Facebook.jpg\" alt=\"\"><\/a>\n\n                    <\/li>\n\n                    \n                    <li>\n\n                        <a href=\"http:\/\/news.bednar.com\/wp-content\/uploads\/2021\/03\/IMG_8684_new-upr_web.jpg\" target=\"_blank\" rel=\"noopener\"><img decoding=\"async\" src=\"http:\/\/news.bednar.com\/wp-content\/uploads\/2021\/03\/IMG_8684_new-upr_web.jpg\" alt=\"\"><\/a>\n\n                    <\/li>\n\n                    \n                    <li>\n\n                        <a href=\"http:\/\/news.bednar.com\/wp-content\/uploads\/2021\/03\/Ctyri-distribucni-hlavy_EFECTA_EN.jpg\" target=\"_blank\" rel=\"noopener\"><img decoding=\"async\" src=\"http:\/\/news.bednar.com\/wp-content\/uploads\/2021\/03\/Ctyri-distribucni-hlavy_EFECTA_EN.jpg\" alt=\"\"><\/a>\n\n                    <\/li>\n\n                    \n                    <li>\n\n                        <a href=\"http:\/\/news.bednar.com\/wp-content\/uploads\/2021\/03\/Paralelogram-bocni-pohled-CMYK_LowRes.jpg\" target=\"_blank\" rel=\"noopener\"><img decoding=\"async\" src=\"http:\/\/news.bednar.com\/wp-content\/uploads\/2021\/03\/Paralelogram-bocni-pohled-CMYK_LowRes.jpg\" alt=\"\"><\/a>\n\n                    <\/li>\n\n                    \n                    <li>\n\n                        <a href=\"http:\/\/news.bednar.com\/wp-content\/uploads\/2021\/03\/Paralelogram-zadni-pohled_LowRes.jpg\" target=\"_blank\" rel=\"noopener\"><img decoding=\"async\" src=\"http:\/\/news.bednar.com\/wp-content\/uploads\/2021\/03\/Paralelogram-zadni-pohled_LowRes.jpg\" alt=\"\"><\/a>\n\n                    <\/li>\n\n                    \n                    <li>\n\n                        <a href=\"http:\/\/news.bednar.com\/wp-content\/uploads\/2021\/03\/IMG_0364.jpg\" target=\"_blank\" rel=\"noopener\"><img decoding=\"async\" src=\"http:\/\/news.bednar.com\/wp-content\/uploads\/2021\/03\/IMG_0364.jpg\" alt=\"\"><\/a>\n\n                    <\/li>\n\n                    \n                    <li>\n\n                        <a href=\"http:\/\/news.bednar.com\/wp-content\/uploads\/2021\/03\/OO-6000-FL_2020-Pucery_19L4127_web_800x533px.jpg\" target=\"_blank\" rel=\"noopener\"><img decoding=\"async\" src=\"http:\/\/news.bednar.com\/wp-content\/uploads\/2021\/03\/OO-6000-FL_2020-Pucery_19L4127_web_800x533px.jpg\" alt=\"\"><\/a>\n\n                    <\/li>\n\n                    \n            <\/ul>\n\n        <\/div>\n\n        \n\n<p class=\"\"><br \/>\n<br \/>\n<\/p>\n\n","protected":false},"excerpt":{"rendered":"<p>Ca bun fermier, \u0219ti\u021bi desigur c\u0103, pentru a ob\u0163ine o produc\u0163ie mare \u0219i de bun\u0103 calitate, este necesar\u0103 o combina\u0163ie de mai mul\u0163i parametri pozitivi. Calitatea semin\u021belor, tipul de sol, zona climatic\u0103, vremea \u00een timpul vegeta\u021biei, tratamentul culturilor \u0219i tehnologia agricol\u0103 aleas\u0103 sunt factorii decisivi. \u0218ti\u021bi \u00eens\u0103 c\u0103 modul de \u00eenfiin\u0163are a culturii \u0219i alegerea corect\u0103 a sem\u0103n\u0103torii sunt, de asemenea, decisive pentru o produc\u021bie bun\u0103?<\/p>\n","protected":false},"author":1,"featured_media":384201,"comment_status":"open","ping_status":"open","sticky":false,"template":"","format":"standard","meta":{"_acf_changed":false,"footnotes":""},"categories":[126,221],"tags":[],"class_list":["post-384430","post","type-post","status-publish","format-standard","has-post-thumbnail","hentry","category-novinky-cat","category-uncategorized-ro"],"acf":{"item-bg":false,"item-bg_kop\u00edrovat":false,"item-bg-mobile":false,"item-youtube":"","item-title":"","fixed-title":"","item-desc":"","item-mach-desc":"","item-mach-config":"","item-mach-down":"","item-align":false,"item-code":"","google-map":"","disable-header":false,"main-content":false,"nav-main-cat":false,"nav-sub-cat":false,"_aviaLayoutBuilderCleanData":"[av_horizontal_gallery ids='319825,319713,319777,319873,319809,319761,319681,319889,319841,319857' height='20' size='gallery' gap='1px' active='' initial='2' control_layout='av-control-minimal' links='no_links' link_dest='' lightbox_text='' lazy_loading='disabled' av-small-hide='aviaTBav-small-hide' av-mini-hide='aviaTBav-mini-hide' id='' custom_class='' av_uid='av-jiaer0cm'][\/av_horizontal_gallery]\n\n[av_section min_height='' min_height_px='500px' padding='default' shadow='no-border-styling' bottom_border='no-border-styling' bottom_border_diagonal_color='#333333' bottom_border_diagonal_direction='' bottom_border_style='' custom_margin='0px' custom_margin_sync='true' custom_arrow_bg='' id='' color='main_color' background='bg_color' custom_bg='' background_gradient_color1='' background_gradient_color2='' background_gradient_direction='vertical' src='' attachment='' attachment_size='' attach='scroll' position='top left' repeat='no-repeat' video='' video_ratio='16:9' overlay_opacity='0.5' overlay_color='' overlay_pattern='' overlay_custom_pattern='' av_element_hidden_in_editor='0' av_uid='av-jpbe7r71' custom_class='no-height'][\/av_section]\n\n[av_one_full first min_height='av-equal-height-column' vertical_alignment='av-align-middle' space='' margin='0px' margin_sync='true' row_boxshadow_color='' row_boxshadow_width='10' link='' linktarget='' link_hover='' padding='0px' padding_sync='true' highlight_size='1.1' border='' border_color='' radius='0px' radius_sync='true' column_boxshadow_color='' column_boxshadow_width='10' background='bg_color' background_color='' background_gradient_color1='' background_gradient_color2='' background_gradient_direction='vertical' src='' attachment='' attachment_size='' background_position='top left' background_repeat='no-repeat' animation='' mobile_breaking='' mobile_display='' av_uid='av-jnpqbee2' custom_class='heading-top']\n[av_heading heading='\u0218TIRI' tag='h1' style='blockquote modern-quote' subheading_active='' show_icon='' icon='ue800' font='' size='28' av-medium-font-size-title='' av-small-font-size-title='' av-mini-font-size-title='' subheading_size='15' av-medium-font-size='' av-small-font-size='' av-mini-font-size='' icon_size='' av-medium-font-size-1='' av-small-font-size-1='' av-mini-font-size-1='' color='' custom_font='' icon_color='' margin='' margin_sync='true' padding='10' icon_padding='10' link='manually,http:\/\/' link_target='' id='' custom_class='' av_uid='av-kmg07sao' admin_preview_bg=''][\/av_heading]\n[\/av_one_full]\n\n[av_hr class='invisible' height='-50' shadow='no-shadow' position='center' custom_border='av-border-thin' custom_width='50px' custom_border_color='' custom_margin_top='30px' custom_margin_bottom='30px' icon_select='yes' custom_icon_color='' icon='ue808' font='entypo-fontello' av-desktop-hide='aviaTBav-desktop-hide' av-medium-hide='aviaTBav-medium-hide' av_uid='av-juc9h79v' custom_class='' admin_preview_bg='']\n\n[av_section min_height='' min_height_px='500px' padding='small' shadow='no-border-styling' bottom_border='no-border-styling' bottom_border_diagonal_color='#333333' bottom_border_diagonal_direction='' bottom_border_style='' custom_margin='0px' custom_margin_sync='true' custom_arrow_bg='' id='' color='main_color' background='bg_color' custom_bg='#f2f2f2' background_gradient_color1='' background_gradient_color2='' background_gradient_direction='vertical' src='' attachment='' attachment_size='' attach='scroll' position='top left' repeat='no-repeat' video='' video_ratio='16:9' overlay_opacity='0.5' overlay_color='' overlay_pattern='' overlay_custom_pattern='' av_element_hidden_in_editor='0' av_uid='av-jpl2rihg' custom_class='']\n[av_heading heading='BEDNAR v\u0103 va consilia dac\u0103 nu \u0219ti\u021bi ce sem\u0103n\u0103toare s\u0103 alege\u021bi pentru ferma dvs.' tag='h1' style='blockquote modern-quote' subheading_active='' show_icon='' icon='ue800' font='' size='24' av-medium-font-size-title='' av-small-font-size-title='' av-mini-font-size-title='' subheading_size='15' av-medium-font-size='' av-small-font-size='' av-mini-font-size='' icon_size='' av-medium-font-size-1='' av-small-font-size-1='' av-mini-font-size-1='' color='' custom_font='' icon_color='' margin='' margin_sync='true' padding='10' icon_padding='10' link='manually,http:\/\/' link_target='' id='' custom_class='' av_uid='av-kmg081c7' admin_preview_bg=''][\/av_heading]\n[\/av_section]\n\n[av_textblock size='' av-medium-font-size='' av-small-font-size='' av-mini-font-size='' font_color='' color='' id='' custom_class='awesome-textblock' av_uid='av-7st7' admin_preview_bg='']\n<h2>Ca bun fermier, \u0219ti\u021bi desigur c\u0103, pentru a ob\u0163ine o produc\u0163ie mare \u0219i de bun\u0103 calitate, este necesar\u0103 o combina\u0163ie de mai mul\u0163i parametri pozitivi. Calitatea semin\u021belor, tipul de sol, zona climatic\u0103, vremea \u00een timpul vegeta\u021biei, tratamentul culturilor \u0219i tehnologia agricol\u0103 aleas\u0103 sunt factorii decisivi. \u0218ti\u021bi \u00eens\u0103 c\u0103 modul de \u00eenfiin\u0163are a culturii \u0219i alegerea corect\u0103 a sem\u0103n\u0103torii sunt, de asemenea, decisive pentru o produc\u021bie bun\u0103?<\/h2>\n[\/av_textblock]\n\n[av_hr class='invisible' height='15' shadow='no-shadow' position='center' custom_border='av-border-thin' custom_width='50px' custom_border_color='' custom_margin_top='30px' custom_margin_bottom='30px' icon_select='yes' custom_icon_color='' icon='ue808' font='entypo-fontello' av_uid='av-jnppiwll' custom_class='' admin_preview_bg='']\n\n[av_one_full first min_height='' vertical_alignment='av-align-top' space='' margin='0px' margin_sync='true' row_boxshadow_color='' row_boxshadow_width='10' link='' linktarget='' link_hover='' padding='0px' padding_sync='true' highlight_size='1.1' border='' border_color='' radius='0px' radius_sync='true' column_boxshadow_color='' column_boxshadow_width='10' background='bg_color' background_color='' background_gradient_color1='' background_gradient_color2='' background_gradient_direction='vertical' src='' attachment='' attachment_size='' background_position='top left' background_repeat='no-repeat' animation='' mobile_breaking='' mobile_display='' av_uid='av-3zej' custom_class='one-half-small-gap']\n[av_image src='http:\/\/news.bednar.com\/wp-content\/uploads\/2021\/03\/porost_pruh.jpg' attachment='319940' attachment_size='full' align='center' styling='' hover='' link='lightbox' target='' caption='' font_size='' appearance='' overlay_opacity='0.4' overlay_color='#000000' overlay_text_color='#ffffff' copyright='' animation='no-animation' custom_class='' av_uid='av-jiadkrth' admin_preview_bg=''][\/av_image]\n\n[av_hr class='invisible' height='-20' shadow='no-shadow' position='center' custom_border='av-border-thin' custom_width='50px' custom_border_color='' custom_margin_top='30px' custom_margin_bottom='30px' icon_select='yes' custom_icon_color='' icon='ue808' font='entypo-fontello' av_uid='av-jnpphuxr' custom_class='' admin_preview_bg='']\n\n[av_textblock size='' av-medium-font-size='' av-small-font-size='' av-mini-font-size='' font_color='' color='' id='' custom_class='text-block-grey text-block-equal-height1' av_uid='av-jiae58od' admin_preview_bg='']\n<em>\u00cenfiin\u0163area corect\u0103 a culturii ar trebui s\u0103 conduc\u0103 la o vegeta\u021bie echilibrat\u0103, care este o condi\u021bie prealabil\u0103 pentru ob\u021binerea unei produc\u021bii mari. Vegeta\u021bia echilibrat\u0103 este, de asemenea, important\u0103 pentru tratarea culturii cu \u00eengr\u0103\u0219\u0103minte minerale sau agen\u021bi de protec\u021bie a plantelor.<\/em>\n[\/av_textblock]\n[\/av_one_full]\n\n[av_hr class='invisible' height='15' shadow='no-shadow' position='center' custom_border='av-border-thin' custom_width='50px' custom_border_color='' custom_margin_top='30px' custom_margin_bottom='30px' icon_select='yes' custom_icon_color='' icon='ue808' font='entypo-fontello' av_uid='av-jnppiwll' custom_class='' admin_preview_bg='']\n\n[av_heading heading='CE LUA\u021aI \u00ceN CONSIDERARE ATUNCI C\u00c2ND ALEGE\u021aI O NOU\u0102 SEM\u0102N\u0102TOARE?' tag='h2' link='manually,http:\/\/' link_target='' style='blockquote modern-quote' size='' subheading_active='' subheading_size='15' margin='' padding='10' icon_padding='10' color='' custom_font='' icon_color='' show_icon='' icon='ue800' font='' icon_size='' custom_class='' id='' admin_preview_bg='' av-desktop-hide='' av-medium-hide='' av-small-hide='' av-mini-hide='' av-medium-font-size-title='' av-small-font-size-title='' av-mini-font-size-title='' av-medium-font-size='' av-small-font-size='' av-mini-font-size='' av-medium-font-size-1='' av-small-font-size-1='' av-mini-font-size-1=''][\/av_heading]\n\n[av_textblock size='' av-medium-font-size='' av-small-font-size='' av-mini-font-size='' font_color='' color='' id='' custom_class='' av_uid='av-jiadqhq3' admin_preview_bg='']\nO sem\u0103n\u0103toare nu este o ma\u015fin\u0103 pe care s\u0103 o cump\u0103ra\u021bi, de exemplu, o dat\u0103 la 3 ani. Multe ferme cu 1500 de hectare \u00ee\u0219i folosesc sem\u0103n\u0103torile timp de 10 ani. Dac\u0103 ave\u021bi \u00een vedere achizi\u021bionarea unei sem\u0103n\u0103tori acum sau \u00een viitor, ar trebui s\u0103 lua\u021bi \u00een considerare c\u00e2teva aspecte pentru alegerea utilajului potrivit.\n[\/av_textblock]\n\n[av_one_half first min_height='' vertical_alignment='av-align-top' space='' margin='0px' margin_sync='true' row_boxshadow_color='' row_boxshadow_width='10' link='' linktarget='' link_hover='' padding='0px' padding_sync='true' highlight_size='1.1' border='' border_color='' radius='0px' radius_sync='true' column_boxshadow_color='' column_boxshadow_width='10' background='bg_color' background_color='' background_gradient_color1='' background_gradient_color2='' background_gradient_direction='vertical' src='' attachment='' attachment_size='' background_position='top left' background_repeat='no-repeat' animation='' mobile_breaking='' mobile_display='' av_uid='av-3zej' custom_class='one-half-small-gap']\n[av_image src='http:\/\/news.bednar.com\/wp-content\/uploads\/2021\/03\/Omega_OO3000L_MG_8030.jpg' attachment='319876' attachment_size='full' align='center' styling='' hover='' link='lightbox' target='' caption='' font_size='' appearance='' overlay_opacity='0.4' overlay_color='#000000' overlay_text_color='#ffffff' copyright='' animation='no-animation' custom_class='' av_uid='av-jiadkrth' admin_preview_bg=''][\/av_image]\n\n[av_hr class='invisible' height='-20' shadow='no-shadow' position='center' custom_border='av-border-thin' custom_width='50px' custom_border_color='' custom_margin_top='30px' custom_margin_bottom='30px' icon_select='yes' custom_icon_color='' icon='ue808' font='entypo-fontello' av_uid='av-jnpphuxr' custom_class='' admin_preview_bg='']\n\n[av_textblock size='' av-medium-font-size='' av-small-font-size='' av-mini-font-size='' font_color='' color='' id='' custom_class='text-block-grey text-block-equal-height2' av_uid='av-jiae58od' admin_preview_bg='']\n<em>Cea mai mic\u0103 ma\u0219in\u0103 de sem\u0103nat din portofoliul m\u0103rcii BEDNAR este OMEGA OO 3000L, cu o l\u0103\u021bime de 3 m.<\/em>\n[\/av_textblock]\n[\/av_one_half]\n\n[av_one_half min_height='' vertical_alignment='av-align-top' space='' margin='0px' margin_sync='true' row_boxshadow_color='' row_boxshadow_width='10' link='' linktarget='' link_hover='' padding='0px' padding_sync='true' highlight_size='1.1' border='' border_color='' radius='0px' radius_sync='true' column_boxshadow_color='' column_boxshadow_width='10' background='bg_color' background_color='' background_gradient_color1='' background_gradient_color2='' background_gradient_direction='vertical' src='' attachment='' attachment_size='' background_position='top left' background_repeat='no-repeat' animation='' mobile_breaking='' mobile_display='' av_uid='av-3zej' custom_class='one-half-small-gap']\n[av_image src='http:\/\/news.bednar.com\/wp-content\/uploads\/2021\/03\/DJI_0065_ds_3000px.jpg' attachment='319764' attachment_size='full' align='center' styling='' hover='' link='lightbox' target='' caption='' font_size='' appearance='' overlay_opacity='0.4' overlay_color='#000000' overlay_text_color='#ffffff' copyright='' animation='no-animation' custom_class='' av_uid='av-jiadkrth' admin_preview_bg=''][\/av_image]\n\n[av_hr class='invisible' height='-20' shadow='no-shadow' position='center' custom_border='av-border-thin' custom_width='50px' custom_border_color='' custom_margin_top='30px' custom_margin_bottom='30px' icon_select='yes' custom_icon_color='' icon='ue808' font='entypo-fontello' av_uid='av-jnpphuxr' custom_class='' admin_preview_bg='']\n\n[av_textblock size='' av-medium-font-size='' av-small-font-size='' av-mini-font-size='' font_color='' color='' id='' custom_class='text-block-grey text-block-equal-height2' av_uid='av-jiae58od' admin_preview_bg='']\n<em>La polul opus, cea mai mare sem\u0103n\u0103toare este EFECTA CE, cu o l\u0103\u021bime de 12 m, introdus\u0103 pentru prima dat\u0103 \u00een 2020.<\/em>\n[\/av_textblock]\n[\/av_one_half]\n\n[av_hr class='invisible' icon_select='yes' icon='ue808' font='entypo-fontello' position='center' shadow='no-shadow' height='40' custom_border='av-border-thin' custom_width='50px' custom_margin_top='30px' custom_margin_bottom='30px' custom_border_color='' custom_icon_color='' id='' custom_class='' av_uid='av-jnppiwll' admin_preview_bg='']\n\n[av_textblock size='' av-medium-font-size='' av-small-font-size='' av-mini-font-size='' font_color='' color='' id='' custom_class='' av_uid='av-jiadqhq3' admin_preview_bg='']\n\u00cen prezent, exist\u0103 mul\u021bi produc\u0103tori de sem\u0103n\u0103tori pe pia\u021b\u0103. Portofoliul m\u0103rcii BEDNAR include patru categorii diferite de sem\u0103n\u0103tori cu o l\u0103\u021bime de lucru de la 3 la 12 metri. Reportajul de ast\u0103zi v\u0103 va prezenta pe scurt \u00eentreb\u0103rile la care trebuie s\u0103 r\u0103spunde\u0163i atunci c\u00e2nd alege\u0163i \u0219i vom descrie succint diferen\u0163ele dintre sem\u0103n\u0103torile produse de compania BEDNAR FMT.\n[\/av_textblock]\n\n[av_hr class='invisible' icon_select='yes' icon='ue808' font='entypo-fontello' position='center' shadow='no-shadow' height='40' custom_border='av-border-thin' custom_width='50px' custom_margin_top='30px' custom_margin_bottom='30px' custom_border_color='' custom_icon_color='' id='' custom_class='' av_uid='av-jnppiwll' admin_preview_bg='']\n\n[av_textblock size='' av-medium-font-size='' av-small-font-size='' av-mini-font-size='' font_color='' color='' id='' custom_class='' av_uid='av-jiadqhq3' admin_preview_bg='']\n<h3><strong>Ce sistem de cultivare a solului utilizez \u00een general?<\/strong><\/h3>\nAceast\u0103 \u00eentrebare este important\u0103 pentru selectarea conceptului de sem\u0103n\u0103toare. Dac\u0103 \u00een ferma dvs. utiliza\u021bi aratul \u0219i preg\u0103ti\u021bi terenul chiar \u00eenainte de sem\u0103nat, un tip de sem\u0103n\u0103toare sau bar\u0103 de sem\u0103nat f\u0103r\u0103 preg\u0103tirea solului poate fi interesant pentru dvs.\n\nDimpotriv\u0103, dac\u0103 ara\u021bi \u0219i efectua\u021bi o preg\u0103tire u\u0219oar\u0103 a solului, sau realiza\u021bi o cultivare f\u0103r\u0103 arat, ar trebui s\u0103 c\u0103uta\u0163i o sem\u0103n\u0103toare cu sec\u021bie de discuri sau br\u0103zdare, care prelucreaz\u0103 suplimentar solul \u00een care sem\u0103na\u021bi.\n[\/av_textblock]\n\n[av_one_half first min_height='' vertical_alignment='av-align-top' space='' margin='0px' margin_sync='true' row_boxshadow_color='' row_boxshadow_width='10' link='' linktarget='' link_hover='' padding='0px' padding_sync='true' highlight_size='1.1' border='' border_color='' radius='0px' radius_sync='true' column_boxshadow_color='' column_boxshadow_width='10' background='bg_color' background_color='' background_gradient_color1='' background_gradient_color2='' background_gradient_direction='vertical' src='' attachment='' attachment_size='' background_position='top left' background_repeat='no-repeat' animation='' mobile_breaking='' mobile_display='' av_uid='av-3zej' custom_class='one-half-small-gap']\n[av_image src='http:\/\/news.bednar.com\/wp-content\/uploads\/2021\/03\/DJI_0726-1.jpg' attachment='319780' attachment_size='full' align='center' styling='' hover='' link='lightbox' target='' caption='' font_size='' appearance='' overlay_opacity='0.4' overlay_color='#000000' overlay_text_color='#ffffff' copyright='' animation='no-animation' custom_class='' av_uid='av-jiadkrth' admin_preview_bg=''][\/av_image]\n\n[av_hr class='invisible' height='-20' shadow='no-shadow' position='center' custom_border='av-border-thin' custom_width='50px' custom_border_color='' custom_margin_top='30px' custom_margin_bottom='30px' icon_select='yes' custom_icon_color='' icon='ue808' font='entypo-fontello' av_uid='av-jnpphuxr' custom_class='' admin_preview_bg='']\n\n[av_textblock size='' av-medium-font-size='' av-small-font-size='' av-mini-font-size='' font_color='' color='' id='' custom_class='text-block-grey text-block-equal-height3' av_uid='av-jiae58od' admin_preview_bg='']\n<em>CORSA CN este o versiune acceptat\u0103 a barei de sem\u0103nat, disponibil\u0103 cu o l\u0103\u021bime de lucru de la 6 la 9 metri.<\/em>\n[\/av_textblock]\n[\/av_one_half]\n\n[av_one_half min_height='' vertical_alignment='av-align-top' space='' margin='0px' margin_sync='true' row_boxshadow_color='' row_boxshadow_width='10' link='' linktarget='' link_hover='' padding='0px' padding_sync='true' highlight_size='1.1' border='' border_color='' radius='0px' radius_sync='true' column_boxshadow_color='' column_boxshadow_width='10' background='bg_color' background_color='' background_gradient_color1='' background_gradient_color2='' background_gradient_direction='vertical' src='' attachment='' attachment_size='' background_position='top left' background_repeat='no-repeat' animation='' mobile_breaking='' mobile_display='' av_uid='av-3zej' custom_class='one-half-small-gap']\n[av_image src='http:\/\/news.bednar.com\/wp-content\/uploads\/2021\/03\/ComboSystem-a-Corsa-CN-9000_2019-Rostenice_19L2476.jpg' attachment='319716' attachment_size='full' align='center' styling='' hover='' link='lightbox' target='' caption='' font_size='' appearance='' overlay_opacity='0.4' overlay_color='#000000' overlay_text_color='#ffffff' copyright='' animation='no-animation' custom_class='' av_uid='av-jiadkrth' admin_preview_bg=''][\/av_image]\n\n[av_hr class='invisible' height='-20' shadow='no-shadow' position='center' custom_border='av-border-thin' custom_width='50px' custom_border_color='' custom_margin_top='30px' custom_margin_bottom='30px' icon_select='yes' custom_icon_color='' icon='ue808' font='entypo-fontello' av_uid='av-jnpphuxr' custom_class='' admin_preview_bg='']\n\n[av_textblock size='' av-medium-font-size='' av-small-font-size='' av-mini-font-size='' font_color='' color='' id='' custom_class='text-block-grey text-block-equal-height3' av_uid='av-jiae58od' admin_preview_bg='']\n<em>Avantajul barei de sem\u0103nat const\u0103 \u00een construc\u0163ia u\u015foar\u0103, manevrarea simpl\u0103 \u0219i depunerea precis\u0103 a semin\u021belor. <\/em>\n[\/av_textblock]\n[\/av_one_half]\n\n[av_hr class='invisible' height='15' shadow='no-shadow' position='center' custom_border='av-border-thin' custom_width='50px' custom_border_color='' custom_margin_top='30px' custom_margin_bottom='30px' icon_select='yes' custom_icon_color='' icon='ue808' font='entypo-fontello' av_uid='av-jnppiwll' custom_class='' admin_preview_bg='']\n\n[av_textblock size='' av-medium-font-size='' av-small-font-size='' av-mini-font-size='' font_color='' color='' id='' custom_class='' av_uid='av-jiadqhq3' admin_preview_bg='']\n<em>Recomandare: Bara de sem\u0103nat <a href=\"https:\/\/www.bednar.com\/ro\/corsa-cn\/\" target=\"_blank\" rel=\"noopener\"><span style=\"text-decoration: underline;\">CORSA CN<\/span><\/a> este oferit\u0103 cu l\u0103\u021bimi de lucru de la 6 la 9 metri \u0219i este adecvat\u0103 pentru \u00eenfiin\u021barea culturii \u00eentr-un sol bine preg\u0103tit, \u00een combina\u021bie cu distribuitorul <a href=\"https:\/\/www.bednar.com\/ro\/ferti-box-fb_f\/\" target=\"_blank\" rel=\"noopener\"><span style=\"text-decoration: underline;\">FERTI-BOX FB_F<\/span><\/a> sau bunc\u0103rul de stocare <a href=\"https:\/\/www.bednar.com\/ro\/combo-system-cs\/\" target=\"_blank\" rel=\"noopener\"><span style=\"text-decoration: underline;\">COMBO SYSTEM CS<\/span><\/a>. Datorit\u0103 greut\u0103\u021bii reduse \u0219i lipsei sec\u021biei de tratare a solului, se poate utiliza la \u00eenfiin\u021barea culturilor chiar \u0219i \u00een soluri grele \u0219i umede.<\/em>\n\n<em>\u00a0<\/em>\n[\/av_textblock]\n\n[av_hr class='invisible' height='15' shadow='no-shadow' position='center' custom_border='av-border-thin' custom_width='50px' custom_border_color='' custom_margin_top='30px' custom_margin_bottom='30px' icon_select='yes' custom_icon_color='' icon='ue808' font='entypo-fontello' av_uid='av-jnppiwll' custom_class='' admin_preview_bg='']\n\n[av_one_full first min_height='' vertical_alignment='av-align-top' space='' margin='0px' margin_sync='true' row_boxshadow_color='' row_boxshadow_width='10' link='' linktarget='' link_hover='' padding='0px' padding_sync='true' highlight_size='1.1' border='' border_color='' radius='0px' radius_sync='true' column_boxshadow_color='' column_boxshadow_width='10' background='bg_color' background_color='' background_gradient_color1='' background_gradient_color2='' background_gradient_direction='vertical' src='' attachment='' attachment_size='' background_position='top left' background_repeat='no-repeat' animation='' mobile_breaking='' mobile_display='' av_uid='av-3zej' custom_class='one-half-small-gap']\n[av_image src='http:\/\/news.bednar.com\/wp-content\/uploads\/2021\/03\/R204722_ds_3000px.jpg' attachment='319700' attachment_size='full' align='center' styling='' hover='' link='lightbox' target='' caption='' font_size='' appearance='' overlay_opacity='0.4' overlay_color='#000000' overlay_text_color='#ffffff' copyright='' animation='no-animation' custom_class='' av_uid='av-jiadkrth' admin_preview_bg=''][\/av_image]\n\n[av_hr class='invisible' height='-20' shadow='no-shadow' position='center' custom_border='av-border-thin' custom_width='50px' custom_border_color='' custom_margin_top='30px' custom_margin_bottom='30px' icon_select='yes' custom_icon_color='' icon='ue808' font='entypo-fontello' av_uid='av-jnpphuxr' custom_class='' admin_preview_bg='']\n\n[av_textblock size='' av-medium-font-size='' av-small-font-size='' av-mini-font-size='' font_color='' color='' id='' custom_class='text-block-grey text-block-equal-height4' av_uid='av-jiae58od' admin_preview_bg='']\n<em>Volumul mare al bunc\u0103rului, combinat cu l\u0103\u0163imea de lucru \u0219i viteza de lucru ridicat\u0103, permite ob\u0163inerea unor produc\u0163ii zilnice ridicate.<\/em>\n[\/av_textblock]\n[\/av_one_full]\n\n[av_hr class='invisible' height='15' shadow='no-shadow' position='center' custom_border='av-border-thin' custom_width='50px' custom_border_color='' custom_margin_top='30px' custom_margin_bottom='30px' icon_select='yes' custom_icon_color='' icon='ue808' font='entypo-fontello' av_uid='av-jnppiwll' custom_class='' admin_preview_bg='']\n\n[av_textblock size='' av-medium-font-size='' av-small-font-size='' av-mini-font-size='' font_color='' color='' id='' custom_class='' av_uid='av-jiadqhq3' admin_preview_bg='']\n<em>V\u0103 recomand\u0103m s\u0103 utiliza\u0163i sem\u0103n\u0103toarea cu l\u0103\u0163ime mare <a href=\"https:\/\/www.bednar.com\/ro\/efecta-ce\/\" target=\"_blank\" rel=\"noopener\"><span style=\"text-decoration: underline;\">EFECTA CE<\/span><\/a> \u00een condi\u021bii de sol bine preg\u0103tit pentru \u00eens\u0103m\u00e2n\u021bare. Partea frontal\u0103 a sem\u0103n\u0103torii poate fi echipat\u0103 cu trei tipuri de echipament de lucru pentru tratarea suplimentar\u0103 a solului (combinat cu nivelatorul \u00een benzi sau br\u0103zdarul PROFI pentru \u00eens\u0103m\u00e2n\u021bare dup\u0103 arat, sau combinat cu br\u0103zdarul TURBO \u00een tehnologia de minimizare).<\/em>\n\n<em>\u00a0<\/em>\n[\/av_textblock]\n\n[av_hr class='invisible' height='15' shadow='no-shadow' position='center' custom_border='av-border-thin' custom_width='50px' custom_border_color='' custom_margin_top='30px' custom_margin_bottom='30px' icon_select='yes' custom_icon_color='' icon='ue808' font='entypo-fontello' av_uid='av-jnppiwll' custom_class='' admin_preview_bg='']\n\n[av_one_full first min_height='' vertical_alignment='av-align-top' space='' margin='0px' margin_sync='true' row_boxshadow_color='' row_boxshadow_width='10' link='' linktarget='' link_hover='' padding='0px' padding_sync='true' highlight_size='1.1' border='' border_color='' radius='0px' radius_sync='true' column_boxshadow_color='' column_boxshadow_width='10' background='bg_color' background_color='' background_gradient_color1='' background_gradient_color2='' background_gradient_direction='vertical' src='' attachment='' attachment_size='' background_position='top left' background_repeat='no-repeat' animation='' mobile_breaking='' mobile_display='' av_uid='av-3zej' custom_class='one-half-small-gap']\n[av_image src='http:\/\/news.bednar.com\/wp-content\/uploads\/2021\/03\/FERTI_PROFI_TURBO_COULTERS.png' attachment='319805' attachment_size='full' align='center' styling='' hover='' link='lightbox' target='' caption='' font_size='' appearance='' overlay_opacity='0.4' overlay_color='#000000' overlay_text_color='#ffffff' copyright='' animation='no-animation' custom_class='' av_uid='av-jiadkrth' admin_preview_bg=''][\/av_image]\n\n[av_hr class='invisible' height='-20' shadow='no-shadow' position='center' custom_border='av-border-thin' custom_width='50px' custom_border_color='' custom_margin_top='30px' custom_margin_bottom='30px' icon_select='yes' custom_icon_color='' icon='ue808' font='entypo-fontello' av_uid='av-jnpphuxr' custom_class='' admin_preview_bg='']\n\n[av_textblock size='' av-medium-font-size='' av-small-font-size='' av-mini-font-size='' font_color='' color='' id='' custom_class='text-block-grey text-block-equal-height5' av_uid='av-jiae58od' admin_preview_bg='']\n<em>Variante individuale ale sec\u021biei de br\u0103zdare pentru sem\u0103n\u0103torile BEDNAR. Br\u0103zdare PROFI \u00een st\u00e2nga, br\u0103zdare TURBO \u00een mijloc \u0219i br\u0103zdare FERTI (nu pentru ma\u0219inile EFECTA CE \u0219i OMEGA OO_L) \u00een dreapta.<\/em>\n[\/av_textblock]\n[\/av_one_full]\n\n[av_hr class='invisible' height='15' shadow='no-shadow' position='center' custom_border='av-border-thin' custom_width='50px' custom_border_color='' custom_margin_top='30px' custom_margin_bottom='30px' icon_select='yes' custom_icon_color='' icon='ue808' font='entypo-fontello' av_uid='av-jnppiwll' custom_class='' admin_preview_bg='']\n\n[av_textblock size='' av-medium-font-size='' av-small-font-size='' av-mini-font-size='' font_color='' color='' id='' custom_class='' av_uid='av-jiadqhq3' admin_preview_bg='']\n<em>Sem\u0103n\u0103torile universale <a href=\"https:\/\/www.bednar.com\/ro\/omega-oo_l\/\" target=\"_blank\" rel=\"noopener\"><span style=\"text-decoration: underline;\">OMEGA OO_L<\/span><\/a> \u0219i <a href=\"https:\/\/www.bednar.com\/en\/omega-oo_fl\/\" target=\"_blank\" rel=\"noopener\"><span style=\"text-decoration: underline;\">OO_FL<\/span><\/a> sunt echipate cu o sec\u021bie de discuri care, conectat\u0103 la sec\u021bia de br\u0103zdare PROFI sau TURBO, ofer\u0103 un tratament suplimentar excelent al solului \u00een timpul \u00eens\u0103m\u00e2n\u021b\u0103rii; aceste sem\u0103n\u0103tori pot \u00eenfiin\u021ba bine culturile \u00een cadrul unei tehnologii de minimizare. Ele sunt utile, de asemenea, la sem\u0103natul direct \u00een miri\u0219te dup\u0103 arat, atunci c\u00e2nd partea frontal\u0103 a sem\u0103n\u0103torii poate fi echipat\u0103 cu nivelator \u00een benzi \u0219i compactor pneumatic pentru a nivela \u0219i aplatiza suprafa\u021ba solului.<\/em>\n[\/av_textblock]\n\n[av_hr class='invisible' height='15' shadow='no-shadow' position='center' custom_border='av-border-thin' custom_width='50px' custom_border_color='' custom_margin_top='30px' custom_margin_bottom='30px' icon_select='yes' custom_icon_color='' icon='ue808' font='entypo-fontello' av_uid='av-jnppiwll' custom_class='' admin_preview_bg='']\n\n[av_textblock size='' av-medium-font-size='' av-small-font-size='' av-mini-font-size='' font_color='' color='' id='' custom_class='' av_uid='av-jiadqhq3' admin_preview_bg='']\n<h3><strong>C\u00e2t de mare este suprafa\u021ba de \u00eens\u0103m\u00e2n\u021bare anual\u0103?<\/strong><\/h3>\nAltfel spus, fiecare metru din l\u0103\u021bimea de lucru \u00eenseamn\u0103 mai mul\u021bi bani. Prin urmare, este important s\u0103 lua\u021bi \u00een considerare c\u00e2te hectare sem\u0103na\u021bi \u00een fiecare an \u0219i care sunt condi\u021biile climatice \u0219i timpul necesar pentru a \u00eenfiin\u021ba culturile. Dac\u0103 ave\u021bi o ferm\u0103 cu terenuri mari \u0219i plate, atunci ar trebui s\u0103 alege\u021bi cu siguran\u021b\u0103 o sem\u0103n\u0103toare lat\u0103, cu care pute\u021bi ob\u021bine un randament ridicat.\n\nDimpotriv\u0103, dac\u0103 ave\u021bi terenuri denivelate, atunci este necesar s\u0103 g\u0103si\u021bi utilaje cu o l\u0103\u021bime de lucru mai mic\u0103, cum ar fi sem\u0103n\u0103torile semi-purtate sau o bar\u0103 de sem\u0103nat universal\u0103.\n\n<em>Recomandare: Pentru fermele mari \u0219i exploata\u021biile agricole care cultiv\u0103 pe suprafe\u021be mari, v\u0103 recomand\u0103m s\u0103 alege\u021bi sem\u0103n\u0103toarea cu l\u0103\u021bime mare EFECTA CE, care ofer\u0103 un randament ridicat. Dac\u0103 ave\u021bi nevoie de o sem\u0103n\u0103toare universal\u0103 cu sec\u0163ie de discuri, a\u021bi putea alege modelul OMEGA OO_L cu o l\u0103\u0163ime de lucru de 8 metri.<\/em>\n[\/av_textblock]\n\n[av_one_half first min_height='' vertical_alignment='av-align-top' space='' margin='0px' margin_sync='true' row_boxshadow_color='' row_boxshadow_width='10' link='' linktarget='' link_hover='' padding='0px' padding_sync='true' highlight_size='1.1' border='' border_color='' radius='0px' radius_sync='true' column_boxshadow_color='' column_boxshadow_width='10' background='bg_color' background_color='' background_gradient_color1='' background_gradient_color2='' background_gradient_direction='vertical' src='' attachment='' attachment_size='' background_position='top left' background_repeat='no-repeat' animation='' mobile_breaking='' mobile_display='' av_uid='av-3zej' custom_class='one-half-small-gap']\n[av_image src='http:\/\/news.bednar.com\/wp-content\/uploads\/2021\/03\/IMG_6081.jpg' attachment='319828' attachment_size='full' align='center' styling='' hover='' link='lightbox' target='' caption='' font_size='' appearance='' overlay_opacity='0.4' overlay_color='#000000' overlay_text_color='#ffffff' copyright='' animation='no-animation' custom_class='' av_uid='av-jiadkrth' admin_preview_bg=''][\/av_image]\n\n[av_hr class='invisible' height='-20' shadow='no-shadow' position='center' custom_border='av-border-thin' custom_width='50px' custom_border_color='' custom_margin_top='30px' custom_margin_bottom='30px' icon_select='yes' custom_icon_color='' icon='ue808' font='entypo-fontello' av_uid='av-jnpphuxr' custom_class='' admin_preview_bg='']\n\n[av_textblock size='' av-medium-font-size='' av-small-font-size='' av-mini-font-size='' font_color='' color='' id='' custom_class='text-block-grey text-block-equal-height6' av_uid='av-jiae58od' admin_preview_bg='']\n<em>Sem\u0103n\u0103torile din seria OMEGA pot fi echipate, \u00een spatele sec\u021biei de lucru, cu o sec\u021bie unic\u0103 de br\u0103zdare \u00een diferite op\u021biuni.<\/em>\n[\/av_textblock]\n[\/av_one_half]\n\n[av_one_half min_height='' vertical_alignment='av-align-top' space='' margin='0px' margin_sync='true' row_boxshadow_color='' row_boxshadow_width='10' link='' linktarget='' link_hover='' padding='0px' padding_sync='true' highlight_size='1.1' border='' border_color='' radius='0px' radius_sync='true' column_boxshadow_color='' column_boxshadow_width='10' background='bg_color' background_color='' background_gradient_color1='' background_gradient_color2='' background_gradient_direction='vertical' src='' attachment='' attachment_size='' background_position='top left' background_repeat='no-repeat' animation='' mobile_breaking='' mobile_display='' av_uid='av-3zej' custom_class='one-half-small-gap']\n[av_image src='http:\/\/news.bednar.com\/wp-content\/uploads\/2021\/03\/IMG_6098-meziplodina.jpg' attachment='319844' attachment_size='full' align='center' styling='' hover='' link='lightbox' target='' caption='' font_size='' appearance='' overlay_opacity='0.4' overlay_color='#000000' overlay_text_color='#ffffff' copyright='' animation='no-animation' custom_class='' av_uid='av-jiadkrth' admin_preview_bg=''][\/av_image]\n\n[av_hr class='invisible' height='-20' shadow='no-shadow' position='center' custom_border='av-border-thin' custom_width='50px' custom_border_color='' custom_margin_top='30px' custom_margin_bottom='30px' icon_select='yes' custom_icon_color='' icon='ue808' font='entypo-fontello' av_uid='av-jnpphuxr' custom_class='' admin_preview_bg='']\n\n[av_textblock size='' av-medium-font-size='' av-small-font-size='' av-mini-font-size='' font_color='' color='' id='' custom_class='text-block-grey text-block-equal-height6' av_uid='av-jiae58od' admin_preview_bg='']\n<em>Cu accesorii alese \u00een mod corespunz\u0103tor, de exemplu cu Frontpack, br\u0103zdare PROFI sau TURBO, pute\u021bi \u00eenfiin\u021ba chiar \u0219i culturi intercalate.<\/em>\n[\/av_textblock]\n[\/av_one_half]\n\n[av_hr class='invisible' height='15' shadow='no-shadow' position='center' custom_border='av-border-thin' custom_width='50px' custom_border_color='' custom_margin_top='30px' custom_margin_bottom='30px' icon_select='yes' custom_icon_color='' icon='ue808' font='entypo-fontello' av_uid='av-jnppiwll' custom_class='' admin_preview_bg='']\n\n[av_textblock size='' av-medium-font-size='' av-small-font-size='' av-mini-font-size='' font_color='' color='' id='' custom_class='' av_uid='av-jiadqhq3' admin_preview_bg='']\nIndiferent c\u0103 sunte\u021bi un fermier privat, o ferm\u0103 standard, sau o ferm\u0103 cu terenuri denivelate, ve\u021bi aprecia cu siguran\u021b\u0103 op\u0163iunea bar\u0103 de sem\u0103nat CORSA CN cu l\u0103\u0163imea de lucru de 6-9 metri, care este purtat\u0103, scurt\u0103 \u0219i foarte abil\u0103 la cap\u0103t de r\u00e2nd. Sem\u0103n\u0103torile OMEGA OO_L sau OO_FL cu l\u0103\u021bimea de lucru de 3 p\u00e2n\u0103 la 6 metri sunt alegerea potrivit\u0103.\n\n<em>\u00a0<\/em>\n<h3><strong>C\u00e2t de puternic este vehiculul de tractare?<\/strong><\/h3>\nAcest aspect este important pentru alegerea l\u0103\u021bimii de lucru. Cu c\u00e2t sem\u0103n\u0103toarea sau bunc\u0103rul este mai mare, cu at\u00e2t puterea motorului trebuie s\u0103 fie mai mare. \u00cen general, este mai bine s\u0103 alege\u021bi o l\u0103\u021bime de lucru adecvat\u0103 sau mai mic\u0103, dec\u00e2t s\u0103 utiliza\u021bi 100% din puterea motorului. Dac\u0103 ave\u021bi o l\u0103\u021bime mai mic\u0103, ansamblul se va deplasa mai repede \u0219i calitatea lucr\u0103rii va fi mai bun\u0103; de asemenea, ve\u021bi ob\u021bine un consum mai mic de combustibil.\n\n<em>Recomandare: Pentru toate sem\u0103n\u0103torile \u0219i barele de sem\u0103nat BEDNAR, oferim puterea recomandat\u0103 a vehiculului de tractare; atunci c\u00e2nd alege\u021bi, trebuie s\u0103 lua\u021bi \u00een considerare debitul pompei de ulei \u0219i al sistemului hidraulic sau forma terenului (deal, c\u00e2mpie etc.).<\/em>\n\n<em>\u00a0<\/em>\n<h3><strong>Cum ar trebui sem\u0103n\u0103toarea s\u0103 \u00eenfiin\u021beze cultura?<\/strong><\/h3>\nR\u0103spunsul la aceast\u0103 \u00eentrebare este foarte important \u0219i nu ar trebui s\u0103 se refere doar la ceea ce planifica\u021bi pentru anul acesta sau pentru anul urm\u0103tor, ci \u0219i la prognoza pentru viitor. Adic\u0103 aspectul \u00eenfiin\u0163\u0103rii culturii \u00een sine. Doresc s\u0103 \u00eenfiin\u021bez o singur\u0103 cultur\u0103, dou\u0103 sau trei culturi \u00eentr-o singur\u0103 trecere? Doresc s\u0103 aplic \u00eengr\u0103\u0219\u0103minte sau microgranule? Doresc s\u0103 amestec semin\u021bele cu \u00eengr\u0103\u0219\u0103m\u00e2ntul?\n[\/av_textblock]\n\n[av_hr class='invisible' height='15' shadow='no-shadow' position='center' custom_border='av-border-thin' custom_width='50px' custom_border_color='' custom_margin_top='30px' custom_margin_bottom='30px' icon_select='yes' custom_icon_color='' icon='ue808' font='entypo-fontello' av_uid='av-jnppiwll' custom_class='' admin_preview_bg='']\n\n[av_one_half first min_height='' vertical_alignment='av-align-top' space='' margin='0px' margin_sync='true' row_boxshadow_color='' row_boxshadow_width='10' link='' linktarget='' link_hover='' padding='0px' padding_sync='true' highlight_size='1.1' border='' border_color='' radius='0px' radius_sync='true' column_boxshadow_color='' column_boxshadow_width='10' background='bg_color' background_color='' background_gradient_color1='' background_gradient_color2='' background_gradient_direction='vertical' src='' attachment='' attachment_size='' background_position='top left' background_repeat='no-repeat' animation='' mobile_breaking='' mobile_display='' av_uid='av-3zej' custom_class='one-half-small-gap']\n[av_image src='http:\/\/news.bednar.com\/wp-content\/uploads\/2021\/03\/19L1373_Facebook.jpg' attachment='319684' attachment_size='full' align='center' styling='' hover='' link='lightbox' target='' caption='' font_size='' appearance='' overlay_opacity='0.4' overlay_color='#000000' overlay_text_color='#ffffff' copyright='' animation='no-animation' custom_class='' av_uid='av-jiadkrth' admin_preview_bg=''][\/av_image]\n\n[av_hr class='invisible' height='-20' shadow='no-shadow' position='center' custom_border='av-border-thin' custom_width='50px' custom_border_color='' custom_margin_top='30px' custom_margin_bottom='30px' icon_select='yes' custom_icon_color='' icon='ue808' font='entypo-fontello' av_uid='av-jnpphuxr' custom_class='' admin_preview_bg='']\n\n[av_textblock size='' av-medium-font-size='' av-small-font-size='' av-mini-font-size='' font_color='' color='' id='' custom_class='text-block-grey text-block-equal-height7' av_uid='av-jiae58od' admin_preview_bg='']\n<em>Exemplu de \u00eenfiin\u0163are a culturii principale combinat\u0103 cu cultura secundar\u0103 utiliz\u00e2nd sem\u0103n\u0103toarea OMEGA OO_FL. <\/em>\n[\/av_textblock]\n[\/av_one_half]\n\n[av_one_half min_height='' vertical_alignment='av-align-top' space='' margin='0px' margin_sync='true' row_boxshadow_color='' row_boxshadow_width='10' link='' linktarget='' link_hover='' padding='0px' padding_sync='true' highlight_size='1.1' border='' border_color='' radius='0px' radius_sync='true' column_boxshadow_color='' column_boxshadow_width='10' background='bg_color' background_color='' background_gradient_color1='' background_gradient_color2='' background_gradient_direction='vertical' src='' attachment='' attachment_size='' background_position='top left' background_repeat='no-repeat' animation='' mobile_breaking='' mobile_display='' av_uid='av-3zej' custom_class='one-half-small-gap']\n[av_image src='http:\/\/news.bednar.com\/wp-content\/uploads\/2021\/03\/IMG_8684_new-upr_web.jpg' attachment='319857' attachment_size='full' align='center' styling='' hover='' link='lightbox' target='' caption='' font_size='' appearance='' overlay_opacity='0.4' overlay_color='#000000' overlay_text_color='#ffffff' copyright='' animation='no-animation' custom_class='' av_uid='av-jiadkrth' admin_preview_bg=''][\/av_image]\n\n[av_hr class='invisible' height='-20' shadow='no-shadow' position='center' custom_border='av-border-thin' custom_width='50px' custom_border_color='' custom_margin_top='30px' custom_margin_bottom='30px' icon_select='yes' custom_icon_color='' icon='ue808' font='entypo-fontello' av_uid='av-jnpphuxr' custom_class='' admin_preview_bg='']\n\n[av_textblock size='' av-medium-font-size='' av-small-font-size='' av-mini-font-size='' font_color='' color='' id='' custom_class='text-block-grey text-block-equal-height7' av_uid='av-jiae58od' admin_preview_bg='']\n<em>Exemplu de \u00eenfiin\u0163are a culturii principale combinat\u0103 cu cultura secundar\u0103 utiliz\u00e2nd sem\u0103n\u0103toarea OMEGA OO_FL. <\/em>\n[\/av_textblock]\n[\/av_one_half]\n\n[av_hr class='invisible' height='15' shadow='no-shadow' position='center' custom_border='av-border-thin' custom_width='50px' custom_border_color='' custom_margin_top='30px' custom_margin_bottom='30px' icon_select='yes' custom_icon_color='' icon='ue808' font='entypo-fontello' av_uid='av-jnppiwll' custom_class='' admin_preview_bg='']\n\n[av_textblock size='' av-medium-font-size='' av-small-font-size='' av-mini-font-size='' font_color='' color='' id='' custom_class='' av_uid='av-jiadqhq3' admin_preview_bg='']\n<em>Recomandare: R\u0103spunsurile la aceste \u00eentreb\u0103ri au rolul principal \u00een alegerea sem\u0103n\u0103torii, datorit\u0103 op\u021biunilor de sem\u0103nat, diferitelor ad\u00e2ncimi de sem\u0103nat, fertiliz\u0103rii simultane \u0219i utiliz\u0103rii bunc\u0103rului. <\/em>\n\nSem\u0103n\u0103toarea OMEGA OO_FL ofer\u0103 op\u021biunea de a sem\u0103na p\u00e2n\u0103 la trei tipuri de plante \u00eentr-o singur\u0103 trecere, sau op\u021biunea de a aplica \u00eengr\u0103\u0219\u0103minte, microgranule \u0219i semin\u021be. Sem\u0103natul culturilor principale \u0219i secundare nu este o problem\u0103, deoarece se pot sem\u0103na dou\u0103 tipuri de plante datorit\u0103 bunc\u0103rului cu dou\u0103 camere.\n[\/av_textblock]\n\n[av_hr class='invisible' height='15' shadow='no-shadow' position='center' custom_border='av-border-thin' custom_width='50px' custom_border_color='' custom_margin_top='30px' custom_margin_bottom='30px' icon_select='yes' custom_icon_color='' icon='ue808' font='entypo-fontello' av_uid='av-jnppiwll' custom_class='' admin_preview_bg='']\n\n[av_one_full first min_height='' vertical_alignment='' space='' row_boxshadow='' row_boxshadow_color='' row_boxshadow_width='10' custom_margin='' margin='0px' mobile_breaking='' border='' border_color='' radius='0px' padding='0px' column_boxshadow='' column_boxshadow_color='' column_boxshadow_width='10' background='bg_color' background_color='' background_gradient_color1='' background_gradient_color2='' background_gradient_direction='vertical' src='' background_position='top left' background_repeat='no-repeat' highlight='' highlight_size='' animation='' link='' linktarget='' link_hover='' title_attr='' alt_attr='' mobile_display='' id='' custom_class='' aria_label='' av_uid='av-f1nag00']\n[av_video src='https:\/\/www.youtube.com\/watch?v=ood8R-TgYNU&amp;t=2s' mobile_image='' attachment='' attachment_size='' format='16-9' width='16' height='9' conditional_play='' id='' custom_class='' av_uid='av-kmepv3pr']\n\n[av_hr class='invisible' height='15' shadow='no-shadow' position='center' custom_border='av-border-thin' custom_width='50px' custom_border_color='' custom_margin_top='30px' custom_margin_bottom='30px' icon_select='yes' custom_icon_color='' icon='ue808' font='entypo-fontello' av_uid='av-jnppiwll' custom_class='' admin_preview_bg='']\n\n[av_textblock size='' av-medium-font-size='' av-small-font-size='' av-mini-font-size='' font_color='' color='' id='' custom_class='text-block-grey text-block-equal-height8' av_uid='av-jiae58od' admin_preview_bg='']\n<em>OMEGA OO_FL este m\u00e2ndria companiei BEDNAR \u00een domeniul sem\u0103n\u0103torilor, deoarece ofer\u0103 op\u0163iuni interesante de \u00eenfiin\u0163are a culturilor \u2013 sem\u0103natul culturilor principale \u0219i secundare \u00een mod simultan, sem\u0103natul a dou\u0103 culturi cu fertilizare, diferite ad\u00e2ncimi de aplicare a semin\u021belor \u0219i \u00eengr\u0103\u0219\u0103mintelor. Ave\u021bi libertate de alegere!<\/em>\n[\/av_textblock]\n[\/av_one_full]\n\n[av_hr class='invisible' height='15' shadow='no-shadow' position='center' custom_border='av-border-thin' custom_width='50px' custom_border_color='' custom_margin_top='30px' custom_margin_bottom='30px' icon_select='yes' custom_icon_color='' icon='ue808' font='entypo-fontello' av_uid='av-jnppiwll' custom_class='' admin_preview_bg='']\n\n[av_textblock size='' av-medium-font-size='' av-small-font-size='' av-mini-font-size='' font_color='' color='' id='' custom_class='' av_uid='av-jiadqhq3' admin_preview_bg='']\nCei care doresc s\u0103 \u00eenfiin\u021beze o singur\u0103 cultur\u0103 pot alege sem\u0103n\u0103toarea OMEGA OO_L, bara de sem\u0103nat CORSA CN sau sem\u0103n\u0103toarea de l\u0103\u0163ime mare EFECTA CE, care ofer\u0103 o mare productivitate zilnic\u0103 datorit\u0103 volumului mare al bunc\u0103rului.\n\nSetarea independent\u0103 a ad\u00e2ncimii de lucru la br\u0103zdarele FERTI \u0219i br\u0103zdarele de sem\u0103nat permite plasarea \u00eengr\u0103\u0219\u0103m\u00e2ntului la ad\u00e2ncime mai mare \u0219i a semin\u021belor la ad\u00e2ncime mai mic\u0103. \u00cen mod similar, pot fi plasate dou\u0103 tipuri de semin\u021be, printr-o setare simpl\u0103 a ad\u00e2ncimii br\u0103zdarelor de sem\u0103nat pare \u0219i impare.\n[\/av_textblock]\n\n[av_hr class='invisible' height='15' shadow='no-shadow' position='center' custom_border='av-border-thin' custom_width='50px' custom_border_color='' custom_margin_top='30px' custom_margin_bottom='30px' icon_select='yes' custom_icon_color='' icon='ue808' font='entypo-fontello' av_uid='av-jnppiwll' custom_class='' admin_preview_bg='']\n\n[av_textblock size='' av-medium-font-size='' av-small-font-size='' av-mini-font-size='' font_color='' color='' id='' custom_class='' av_uid='av-jiadqhq3' admin_preview_bg='']\n<h3><strong>Ce func\u021bii trebuie s\u0103 accepte sem\u0103n\u0103toarea?<\/strong><\/h3>\nZilele \u00een care se sem\u0103na mult au trecut. Acum sem\u0103n\u0103m pu\u021bin, dar \u00een mod precis \u0219i calitativ \u00een patul germinativ. Este important ca sem\u0103n\u0103toarea s\u0103 aduc\u0103 economii de costuri.\n[\/av_textblock]\n\n[av_one_full first min_height='' vertical_alignment='av-align-top' space='' margin='0px' margin_sync='true' row_boxshadow_color='' row_boxshadow_width='10' link='' linktarget='' link_hover='' padding='0px' padding_sync='true' highlight_size='1.1' border='' border_color='' radius='0px' radius_sync='true' column_boxshadow_color='' column_boxshadow_width='10' background='bg_color' background_color='' background_gradient_color1='' background_gradient_color2='' background_gradient_direction='vertical' src='' attachment='' attachment_size='' background_position='top left' background_repeat='no-repeat' animation='' mobile_breaking='' mobile_display='' av_uid='av-3zej' custom_class='one-half-small-gap']\n[av_image src='http:\/\/news.bednar.com\/wp-content\/uploads\/2021\/03\/Ctyri-distribucni-hlavy_EFECTA_EN.jpg' attachment='319748' attachment_size='full' align='center' styling='' hover='' link='lightbox' target='' caption='' font_size='' appearance='' overlay_opacity='0.4' overlay_color='#000000' overlay_text_color='#ffffff' copyright='' animation='no-animation' custom_class='' av_uid='av-jiadkrth' admin_preview_bg=''][\/av_image]\n\n[av_hr class='invisible' height='-20' shadow='no-shadow' position='center' custom_border='av-border-thin' custom_width='50px' custom_border_color='' custom_margin_top='30px' custom_margin_bottom='30px' icon_select='yes' custom_icon_color='' icon='ue808' font='entypo-fontello' av_uid='av-jnpphuxr' custom_class='' admin_preview_bg='']\n\n[av_textblock size='' av-medium-font-size='' av-small-font-size='' av-mini-font-size='' font_color='' color='' id='' custom_class='text-block-grey text-block-equal-height9' av_uid='av-jiae58od' admin_preview_bg='']\n<em>Sem\u0103n\u0103toarea cu l\u0103\u021bime mare EFECTA CE are bara de sem\u0103nat \u00eemp\u0103r\u021bit\u0103 \u00een patru sec\u021biuni, fiecare cu o l\u0103\u021bime de 3 metri. Aceast\u0103 solu\u021bie ofer\u0103 un control asupra sec\u021biunilor, pe baza datelor privind pozi\u021bia \u0219i set\u0103rile, pornind \u0219i oprind automat sec\u021biunile individuale de lucru. Func\u021bia respectiv\u0103 previne suprapunerea terenurilor sem\u0103nate \u0219i reduce costurile semin\u021belor. <\/em>\n[\/av_textblock]\n[\/av_one_full]\n\n[av_hr class='invisible' icon_select='yes' icon='ue808' font='entypo-fontello' position='center' shadow='no-shadow' height='40' custom_border='av-border-thin' custom_width='50px' custom_margin_top='30px' custom_margin_bottom='30px' custom_border_color='' custom_icon_color='' id='' custom_class='' av_uid='av-jnppiwll' admin_preview_bg='']\n\n[av_textblock size='' av-medium-font-size='' av-small-font-size='' av-mini-font-size='' font_color='' color='' id='' custom_class='' av_uid='av-jiadqhq3' admin_preview_bg='']\n<em>Recomandare: Costurile semin\u021belor pot fi reduse cu u\u0219urin\u021b\u0103 cu ajutorul sem\u0103n\u0103torilor BEDNAR, deoarece acestea pot fi echipate cu un sistem de oprire a unui interval de lucru la jum\u0103tate, sau cu controlul sec\u021biunii, care evalueaz\u0103 pozi\u021bia ma\u0219inii pe baza datelor GPS \u0219i porne\u0219te sau opre\u0219te dozarea semin\u021belor la br\u0103zdarele de sem\u0103nat. Astfel, por\u021biunile de teren sem\u0103nate nu se suprapun \u0219i pe acestea nu apar boli fungice sau reproducerea d\u0103un\u0103torilor.<\/em>\n[\/av_textblock]\n\n[av_hr class='invisible' icon_select='yes' icon='ue808' font='entypo-fontello' position='center' shadow='no-shadow' height='40' custom_border='av-border-thin' custom_width='50px' custom_margin_top='30px' custom_margin_bottom='30px' custom_border_color='' custom_icon_color='' id='' custom_class='' av_uid='av-jnppiwll' admin_preview_bg='']\n\n[av_textblock size='' av-medium-font-size='' av-small-font-size='' av-mini-font-size='' font_color='' color='' id='' custom_class='' av_uid='av-jiadqhq3' admin_preview_bg='']\n<h3><strong>C\u00e2t de precis\u0103 ar trebui s\u0103 fie sem\u0103n\u0103toarea?<\/strong><\/h3>\nPrecizia \u00een aceast\u0103 privin\u021b\u0103 poate fi considerat\u0103 ca precizie \u00een dozarea cantit\u0103\u021bii de sem\u0103nat aleas\u0103 sau \u00een calitatea sem\u0103natului uniform \u00een sol. Fiecare produc\u0103tor utilizeaz\u0103 versiunea sa de bunc\u0103r sau de fixare a br\u0103zdarelor de sem\u0103nat; dac\u0103 dori\u021bi s\u0103 \u00eenfiin\u0163a\u021bi o cultur\u0103 de calitate, ceea ce este o condi\u021bie prealabil\u0103 pentru echilibrul culturii, trebuie s\u0103 face\u021bi o compara\u021bie \u00een acest sens.\n\n<em>Recomandare: Toate sem\u0103n\u0103torile BEDNAR utilizeaz\u0103 montarea pe paralelogram a br\u0103zdarelor de sem\u0103nat, o solu\u021bie demonstrat\u0103. Datorit\u0103 acesteia, ad\u00e2ncimile de sem\u0103nat se men\u0163in pe \u00eentreaga l\u0103\u021bime \u0219i plantele cresc uniform.<\/em>\n[\/av_textblock]\n\n[av_one_half first min_height='' vertical_alignment='av-align-top' space='' margin='0px' margin_sync='true' row_boxshadow_color='' row_boxshadow_width='10' link='' linktarget='' link_hover='' padding='0px' padding_sync='true' highlight_size='1.1' border='' border_color='' radius='0px' radius_sync='true' column_boxshadow_color='' column_boxshadow_width='10' background='bg_color' background_color='' background_gradient_color1='' background_gradient_color2='' background_gradient_direction='vertical' src='' attachment='' attachment_size='' background_position='top left' background_repeat='no-repeat' animation='' mobile_breaking='' mobile_display='' av_uid='av-3zej' custom_class='one-half-small-gap']\n[av_image src='http:\/\/news.bednar.com\/wp-content\/uploads\/2021\/03\/Paralelogram-bocni-pohled-CMYK_LowRes.jpg' attachment='319908' attachment_size='full' align='center' styling='' hover='' link='lightbox' target='' caption='' font_size='' appearance='' overlay_opacity='0.4' overlay_color='#000000' overlay_text_color='#ffffff' copyright='' animation='no-animation' custom_class='' av_uid='av-jiadkrth' admin_preview_bg=''][\/av_image]\n\n[av_hr class='invisible' height='-20' shadow='no-shadow' position='center' custom_border='av-border-thin' custom_width='50px' custom_border_color='' custom_margin_top='30px' custom_margin_bottom='30px' icon_select='yes' custom_icon_color='' icon='ue808' font='entypo-fontello' av_uid='av-jnpphuxr' custom_class='' admin_preview_bg='']\n\n[av_textblock size='' av-medium-font-size='' av-small-font-size='' av-mini-font-size='' font_color='' color='' id='' custom_class='text-block-grey text-block-equal-height10' av_uid='av-jiae58od' admin_preview_bg='']\n<em>Fixarea br\u0103zdarului de sem\u0103nat pe paralelogram contribuie la respectarea ad\u00e2ncimii de lucru \u0219i la copierea terenului.<\/em>\n[\/av_textblock]\n[\/av_one_half]\n\n[av_one_half min_height='' vertical_alignment='av-align-top' space='' margin='0px' margin_sync='true' row_boxshadow_color='' row_boxshadow_width='10' link='' linktarget='' link_hover='' padding='0px' padding_sync='true' highlight_size='1.1' border='' border_color='' radius='0px' radius_sync='true' column_boxshadow_color='' column_boxshadow_width='10' background='bg_color' background_color='' background_gradient_color1='' background_gradient_color2='' background_gradient_direction='vertical' src='' attachment='' attachment_size='' background_position='top left' background_repeat='no-repeat' animation='' mobile_breaking='' mobile_display='' av_uid='av-3zej' custom_class='one-half-small-gap']\n[av_image src='http:\/\/news.bednar.com\/wp-content\/uploads\/2021\/03\/Paralelogram-zadni-pohled_LowRes.jpg' attachment='319924' attachment_size='full' align='center' styling='' hover='' link='lightbox' target='' caption='' font_size='' appearance='' overlay_opacity='0.4' overlay_color='#000000' overlay_text_color='#ffffff' copyright='' animation='no-animation' custom_class='' av_uid='av-jiadkrth' admin_preview_bg=''][\/av_image]\n\n[av_hr class='invisible' height='-20' shadow='no-shadow' position='center' custom_border='av-border-thin' custom_width='50px' custom_border_color='' custom_margin_top='30px' custom_margin_bottom='30px' icon_select='yes' custom_icon_color='' icon='ue808' font='entypo-fontello' av_uid='av-jnpphuxr' custom_class='' admin_preview_bg='']\n\n[av_textblock size='' av-medium-font-size='' av-small-font-size='' av-mini-font-size='' font_color='' color='' id='' custom_class='text-block-grey text-block-equal-height10' av_uid='av-jiae58od' admin_preview_bg='']\n<em>Acest sistem are ca rezultat uniformitatea ad\u00e2ncimii br\u0103zdarelor de sem\u0103nat <\/em>\n[\/av_textblock]\n[\/av_one_half]\n\n[av_hr class='invisible' icon_select='yes' icon='ue808' font='entypo-fontello' position='center' shadow='no-shadow' height='40' custom_border='av-border-thin' custom_width='50px' custom_margin_top='30px' custom_margin_bottom='30px' custom_border_color='' custom_icon_color='' id='' custom_class='' av_uid='av-jnppiwll' admin_preview_bg='']\n\n[av_textblock size='' av-medium-font-size='' av-small-font-size='' av-mini-font-size='' font_color='' color='' id='' custom_class='' av_uid='av-jiadqhq3' admin_preview_bg='']\n\u00cen plus, folosim a\u0219a-numitul paralelogram dublu la sem\u0103n\u0103toarea EFECTA CE. Pe l\u00e2ng\u0103 br\u0103zdarele de sem\u0103nat individuale, \u0219i sec\u021biile individuale ale barei de sem\u0103nat sunt fixate de cadrul lateral prin paralelogram.\n\nBr\u0103zdarele de sem\u0103nat cu muchie dubl\u0103 sunt o solu\u021bie interesant\u0103, acestea contribuie la \u00eenfiin\u021barea precis\u0103 a culturii prin evitarea buclelor \u0219i a devia\u021biilor de la linia ideal\u0103, deoarece fluxul de semin\u021be este divizat \u00een dou\u0103 p\u0103r\u0163i la br\u0103zdarele de margine.\n[\/av_textblock]\n\n[av_hr class='invisible' icon_select='yes' icon='ue808' font='entypo-fontello' position='center' shadow='no-shadow' height='40' custom_border='av-border-thin' custom_width='50px' custom_margin_top='30px' custom_margin_bottom='30px' custom_border_color='' custom_icon_color='' id='' custom_class='' av_uid='av-jnppiwll' admin_preview_bg='']\n\n[av_textblock size='' av-medium-font-size='' av-small-font-size='' av-mini-font-size='' font_color='' color='' id='' custom_class='' av_uid='av-jiadqhq3' admin_preview_bg='']\n<h3><strong>Cine va lucra cu sem\u0103n\u0103toarea?<\/strong><\/h3>\nNu \u00een ultimul r\u00e2nd, trebuie s\u0103 se ia \u00een considerare cine va lucra cu sem\u0103n\u0103toarea. La aceast\u0103 \u00eentrebare se poate r\u0103spunde din punctul de vedere al complexit\u0103\u021bii set\u0103rii sem\u0103n\u0103torii, comenzii sec\u021biilor individuale sau metodei de calibrare sau de golire a bunc\u0103rului.\n\n<em>Recomandare: Tehnologia de sem\u0103nat a m\u0103rcii BEDNAR se remarc\u0103 printr-un nivel de setare ridicat \u0219i simplu. Sem\u0103n\u0103torile pot fi controlate cu ajutorul sistemelor ISOBUS, printr-un monitor aflat \u00een tractor sau prin monitoare BEDNAR proprii.<\/em>\n[\/av_textblock]\n\n[av_one_half first min_height='' vertical_alignment='av-align-top' space='' margin='0px' margin_sync='true' row_boxshadow_color='' row_boxshadow_width='10' link='' linktarget='' link_hover='' padding='0px' padding_sync='true' highlight_size='1.1' border='' border_color='' radius='0px' radius_sync='true' column_boxshadow_color='' column_boxshadow_width='10' background='bg_color' background_color='' background_gradient_color1='' background_gradient_color2='' background_gradient_direction='vertical' src='' attachment='' attachment_size='' background_position='top left' background_repeat='no-repeat' animation='' mobile_breaking='' mobile_display='' av_uid='av-3zej' custom_class='one-half-small-gap']\n[av_image src='http:\/\/news.bednar.com\/wp-content\/uploads\/2021\/03\/IMG_0364.jpg' attachment='319812' attachment_size='full' align='center' styling='' hover='' link='lightbox' target='' caption='' font_size='' appearance='' overlay_opacity='0.4' overlay_color='#000000' overlay_text_color='#ffffff' copyright='' animation='no-animation' custom_class='' av_uid='av-jiadkrth' admin_preview_bg=''][\/av_image]\n\n[av_hr class='invisible' height='-20' shadow='no-shadow' position='center' custom_border='av-border-thin' custom_width='50px' custom_border_color='' custom_margin_top='30px' custom_margin_bottom='30px' icon_select='yes' custom_icon_color='' icon='ue808' font='entypo-fontello' av_uid='av-jnpphuxr' custom_class='' admin_preview_bg='']\n\n[av_textblock size='' av-medium-font-size='' av-small-font-size='' av-mini-font-size='' font_color='' color='' id='' custom_class='text-block-grey text-block-equal-height11' av_uid='av-jiae58od' admin_preview_bg='']\n<em>Toate utilajele OMEGA OO_L \u0219i OO_FL utilizeaz\u0103 op\u021biunea de calibrare \u0219i golire simpl\u0103 a volumului total al bunc\u0103rului \u00een partea din spate a utilajului.<\/em>\n[\/av_textblock]\n[\/av_one_half]\n\n[av_one_half min_height='' vertical_alignment='av-align-top' space='' margin='0px' margin_sync='true' row_boxshadow_color='' row_boxshadow_width='10' link='' linktarget='' link_hover='' padding='0px' padding_sync='true' highlight_size='1.1' border='' border_color='' radius='0px' radius_sync='true' column_boxshadow_color='' column_boxshadow_width='10' background='bg_color' background_color='' background_gradient_color1='' background_gradient_color2='' background_gradient_direction='vertical' src='' attachment='' attachment_size='' background_position='top left' background_repeat='no-repeat' animation='' mobile_breaking='' mobile_display='' av_uid='av-3zej' custom_class='one-half-small-gap']\n[av_image src='http:\/\/news.bednar.com\/wp-content\/uploads\/2021\/03\/OO-6000-FL_2020-Pucery_19L4127_web_800x533px.jpg' attachment='319892' attachment_size='full' align='center' styling='' hover='' link='lightbox' target='' caption='' font_size='' appearance='' overlay_opacity='0.4' overlay_color='#000000' overlay_text_color='#ffffff' copyright='' animation='no-animation' custom_class='' av_uid='av-jiadkrth' admin_preview_bg=''][\/av_image]\n\n[av_hr class='invisible' height='-20' shadow='no-shadow' position='center' custom_border='av-border-thin' custom_width='50px' custom_border_color='' custom_margin_top='30px' custom_margin_bottom='30px' icon_select='yes' custom_icon_color='' icon='ue808' font='entypo-fontello' av_uid='av-jnpphuxr' custom_class='' admin_preview_bg='']\n\n[av_textblock size='' av-medium-font-size='' av-small-font-size='' av-mini-font-size='' font_color='' color='' id='' custom_class='text-block-grey text-block-equal-height11' av_uid='av-jiae58od' admin_preview_bg='']\n<em>Comanda poate fi realizat\u0103 cu ajutorul ISOBUS, pe monitorul tractorului sau cu propriul monitor ISOBUS BEDNAR, ca \u00een acest caz.<\/em>\n[\/av_textblock]\n[\/av_one_half]\n\n[av_hr class='invisible' icon_select='yes' icon='ue808' font='entypo-fontello' position='center' shadow='no-shadow' height='40' custom_border='av-border-thin' custom_width='50px' custom_margin_top='30px' custom_margin_bottom='30px' custom_border_color='' custom_icon_color='' id='' custom_class='' av_uid='av-jnppiwll' admin_preview_bg='']\n\n[av_textblock size='' av-medium-font-size='' av-small-font-size='' av-mini-font-size='' font_color='' color='' id='' custom_class='' av_uid='av-jiadqhq3' admin_preview_bg='']\nCalibrarea sem\u0103n\u0103torilor BEDNAR OMEGA OO_L \u0219i OO_FL se realizeaz\u0103 \u00een partea posterioar\u0103, \u00een spatele br\u0103zdarelor de sem\u0103nat, printr-un tub care serve\u0219te la golirea total\u0103 a utilajului. Aceast\u0103 op\u021biune va fi cu siguran\u021b\u0103 apreciat\u0103, mai ales de c\u0103tre operatorii mai \u00een v\u00e2rst\u0103. Sem\u0103n\u0103torile din seria EFECTA CE ofer\u0103 acces la bunc\u0103r \u0219i calibrare pe partea bunc\u0103rului.\n[\/av_textblock]\n\n[av_hr class='invisible' icon_select='yes' icon='ue808' font='entypo-fontello' position='center' shadow='no-shadow' height='40' custom_border='av-border-thin' custom_width='50px' custom_margin_top='30px' custom_margin_bottom='30px' custom_border_color='' custom_icon_color='' id='' custom_class='' av_uid='av-jnppiwll' admin_preview_bg='']\n\n[av_textblock size='' av-medium-font-size='' av-small-font-size='' av-mini-font-size='' font_color='' color='' id='' custom_class='' av_uid='av-jiadqhq3' admin_preview_bg='']\n<h3><strong>Testa\u021bi \u00een ferma dvs. \u00een 2021<\/strong><\/h3>\nNu ezita\u021bi s\u0103 ne contacta\u021bi pentru a testa un utilaj din portofoliul companiei BEDNAR doar pentru \u00eenfiin\u021barea unei culturi de prim\u0103var\u0103. Reprezentan\u021bii no\u0219tri de v\u00e2nz\u0103ri sunt gata s\u0103 v\u0103 ajute pentru a alege sem\u0103n\u0103toarea BEDNAR potrivit\u0103 \u0219i pot s\u0103 v\u0103 ofere cea mai adecvat\u0103 solu\u021bie.\n[\/av_textblock]\n\n[av_hr class='invisible' icon_select='yes' icon='ue808' font='entypo-fontello' position='center' shadow='no-shadow' height='40' custom_border='av-border-thin' custom_width='50px' custom_margin_top='30px' custom_margin_bottom='30px' custom_border_color='' custom_icon_color='' id='' custom_class='' av_uid='av-jnppiwll' admin_preview_bg='']\n\n[av_textblock size='' av-medium-font-size='' av-small-font-size='' av-mini-font-size='' font_color='' color='' id='' custom_class='' av_uid='av-jiaegma5' admin_preview_bg='']\n<p style=\"text-align: right;\">Cu noi, agricultura este o pl\u0103cere\n<a href=\"mailto:marketing@bednar.com\">marketing@bednar.com<\/a>\nBEDNAR FMT s.r.o.\n[\/av_textblock]<\/p>\n[av_textblock size='' font_color='' color='' av-desktop-hide='' av-medium-hide='' av-small-hide='' av-mini-hide='' av-medium-font-size='' av-small-font-size='' av-mini-font-size='' av_uid='av-guruvfi'][\/av_textblock]\n\n[av_heading heading='IMAGINI' tag='h2' link='' link_target='' style='' size='' subheading_active='' subheading_size='15' margin='' padding='10' icon_padding='10' color='' custom_font='' icon_color='' show_icon='' icon='ue800' font='' icon_size='' custom_class='' id='' admin_preview_bg='' av-desktop-hide='' av-medium-hide='' av-small-hide='' av-mini-hide='' av-medium-font-size-title='' av-small-font-size-title='' av-mini-font-size-title='' av-medium-font-size='' av-small-font-size='' av-mini-font-size='' av-medium-font-size-1='' av-small-font-size-1='' av-mini-font-size-1=''][\/av_heading]\n\n[av_hr class='invisible' height='20' shadow='no-shadow' position='center' custom_border='av-border-thin' custom_width='50px' custom_border_color='' custom_margin_top='30px' custom_margin_bottom='30px' icon_select='yes' custom_icon_color='' icon='ue808' font='entypo-fontello' av_uid='av-jiaei1fo' custom_class='' admin_preview_bg='']\n\n[av_gallery ids='319885,319773,319789,319725,319837,319853,319693,319869,319917,319933,319821,319901,319949,319709,319805,319757' style='thumbnails' preview_size='portfolio' crop_big_preview_thumbnail='avia-gallery-big-crop-thumb' thumb_size='portfolio' columns='6' imagelink='lightbox' link_dest='' lightbox_text='caption' lazyload='animations_off' html_lazy_loading='disabled' alb_description='' id='' custom_class='' av_uid='av-jiboe8xw' admin_preview_bg='']\n\n[av_heading heading='ARTICOLE ASEM\u0102N\u0102TOARE' tag='h2' link='manually,http:\/\/' link_target='' style='' size='' subheading_active='' subheading_size='15' margin='' padding='10' icon_padding='10' color='' custom_font='' icon_color='' show_icon='' icon='ue800' font='' icon_size='' custom_class='' id='' admin_preview_bg='' av-desktop-hide='' av-medium-hide='' av-small-hide='' av-mini-hide='' av-medium-font-size-title='' av-small-font-size-title='' av-mini-font-size-title='' av-medium-font-size='' av-small-font-size='' av-mini-font-size='' av-medium-font-size-1='' av-small-font-size-1='' av-mini-font-size-1=''][\/av_heading]\n\n[av_textblock size='' av-medium-font-size='' av-small-font-size='' av-mini-font-size='' font_color='' color='' id='' custom_class='' av_uid='av-joua318z' admin_preview_bg='']\n[bednar_news id1=319461 id2=319303 id3=318866 ][\/bednar_news]\n[\/av_textblock]\n\n[av_button label='<span style=\"font-size: large;\">Mai multe \u0219tiri<\/span>' icon_select='yes' icon='ue811' font='entypo-fontello' icon_hover='aviaTBicon_hover' link='page,36896' link_target='' size='large' position='center' label_display='' title_attr='' color_options='' color='custom' custom_bg='#feff00' custom_font='#2d2d2d' btn_color_bg='theme-color' btn_custom_bg='#444444' btn_color_bg_hover='theme-color-highlight' btn_custom_bg_hover='#444444' btn_color_font='theme-color' btn_custom_font='#ffffff' id='' custom_class='' av_uid='av-joh7foel' admin_preview_bg='']","page-type":"","pageGroup":"","post-new-website":false},"_links":{"self":[{"href":"https:\/\/www.bednar.com\/ro\/wp-json\/wp\/v2\/posts\/384430","targetHints":{"allow":["GET"]}}],"collection":[{"href":"https:\/\/www.bednar.com\/ro\/wp-json\/wp\/v2\/posts"}],"about":[{"href":"https:\/\/www.bednar.com\/ro\/wp-json\/wp\/v2\/types\/post"}],"author":[{"embeddable":true,"href":"https:\/\/www.bednar.com\/ro\/wp-json\/wp\/v2\/users\/1"}],"replies":[{"embeddable":true,"href":"https:\/\/www.bednar.com\/ro\/wp-json\/wp\/v2\/comments?post=384430"}],"version-history":[{"count":1,"href":"https:\/\/www.bednar.com\/ro\/wp-json\/wp\/v2\/posts\/384430\/revisions"}],"predecessor-version":[{"id":402373,"href":"https:\/\/www.bednar.com\/ro\/wp-json\/wp\/v2\/posts\/384430\/revisions\/402373"}],"wp:featuredmedia":[{"embeddable":true,"href":"https:\/\/www.bednar.com\/ro\/wp-json\/wp\/v2\/media\/384201"}],"wp:attachment":[{"href":"https:\/\/www.bednar.com\/ro\/wp-json\/wp\/v2\/media?parent=384430"}],"wp:term":[{"taxonomy":"category","embeddable":true,"href":"https:\/\/www.bednar.com\/ro\/wp-json\/wp\/v2\/categories?post=384430"},{"taxonomy":"post_tag","embeddable":true,"href":"https:\/\/www.bednar.com\/ro\/wp-json\/wp\/v2\/tags?post=384430"}],"curies":[{"name":"wp","href":"https:\/\/api.w.org\/{rel}","templated":true}]}}