{"id":584945,"date":"2024-10-31T07:00:24","date_gmt":"2024-10-31T06:00:24","guid":{"rendered":"https:\/\/www.bednar.com\/pl\/blog\/stroje-bednar-nyni-s-dvouletou-tovarni-zarukou-bez-omezeni-zpracovanych-hektaru\/"},"modified":"2024-10-31T08:43:11","modified_gmt":"2024-10-31T07:43:11","slug":"stroje-bednar-nyni-s-dvouletou-tovarni-zarukou-bez-omezeni-zpracovanych-hektaru","status":"publish","type":"post","link":"https:\/\/www.bednar.com\/pl\/blog\/maszyny-bednar-teraz-z-dwuletnia-gwarancja-fabryczna-bez-limitu-przepracowanych-hektarow\/","title":{"rendered":"MASZYNY BEDNAR: TERAZ Z DWULETNI\u0104 GWARANCJ\u0104 FABRYCZN\u0104 BEZ LIMITU PRZEPRACOWANYCH HEKTAR\u00d3W"},"content":{"rendered":"","protected":false},"excerpt":{"rendered":"<p>R\u00f3\u017cne warunki glebowe, metody uprawy i specyfika poszczeg\u00f3lnych kontynent\u00f3w sprawdzi\u0142y technik\u0119 BEDNAR w ostatnich latach do tego stopnia, \u017ce nie boimy si\u0119 r\u0119czy\u0107 za jako\u015b\u0107 naszych produkt\u00f3w. Jako bonus oferujemy teraz klientom dwuletni\u0105 gwarancj\u0119 fabryczn\u0105 na nowe maszyny z naszego kompletnego portfolio produkt\u00f3w.<\/p>\n","protected":false},"author":14,"featured_media":584929,"comment_status":"closed","ping_status":"closed","sticky":false,"template":"","format":"standard","meta":{"_acf_changed":false,"footnotes":""},"categories":[168,548,825,851],"tags":[],"class_list":["post-584945","post","type-post","status-publish","format-standard","has-post-thumbnail","hentry","category-bez-kategorii","category-o-nas","category-od-nas","category-interesujace-fakty"],"acf":{"item-bg":false,"item-bg_kop\u00edrovat":false,"item-bg-mobile":false,"item-youtube":"","item-title":"","fixed-title":"","item-desc":"","item-mach-desc":"","item-mach-config":"","item-mach-down":"","item-align":false,"item-code":"","google-map":"","disable-header":false,"main-content":[{"acf_fc_layout":"section-news-cols","item-cols":[{"item-title":"","item-title-h":"h3","item-photo":"https:\/\/www.bednar.com\/wp-content\/uploads\/aktuality\/2024\/cz\/bedanr-2-years-warranty.jpg","item-content":"","item-photo-align":false,"item-content-color":false}]},{"acf_fc_layout":"section-news-title","item-title":"Dwuletnia gwarancja fabryczna to nasze zobowi\u0105zanie do zapewnienia maksymalnej jako\u015bci maszyn BEDNAR dla naszych klient\u00f3w ","item-content":"<p><em>\u201eWiemy, \u017ce wyb\u00f3r nowej maszyny nie jest \u0142atw\u0105 spraw\u0105. Na rynku dost\u0119pnych jest wiele konkurencyjnych rozwi\u0105za\u0144. Bazuj\u0105c na bliskim kontakcie z naszymi klientami, postrzegamy ich wymagania jako decyduj\u0105ce przy wyborze nowej maszyny. Jako\u015b\u0107 maszyn i poszczeg\u00f3lnych komponent\u00f3w pozostaje dla nich kluczowa. Poniewa\u017c jako firma r\u0119czymy za jako\u015b\u0107 naszych maszyn, postanowili\u015bmy przekona\u0107 o tym naszych klient\u00f3w <a href=\"https:\/\/www.bednar.com\/pl\/dwuletnia-gwarancja-fabryczna\/\">dwuletni\u0105 gwarancj\u0105 fabryczn\u0105<\/a>\u201d<\/em> &#8211; m\u00f3wi David Cholensk\u00fd, Kierownik Dzia\u0142u Serwisu firmy BEDNAR FMT.<\/p>\n<p>Projekt dwuletniej gwarancji fabrycznej zostanie uruchomiony 1 listopada 2024 r. i dotyczy kompletnego portfolio maszyn BEDNAR. <\/p>\n"},{"acf_fc_layout":"section-news-title","item-title":"","item-content":"<p><em>\u201eWierz\u0119 w jako\u015b\u0107 naszych maszyn i poziom rozwi\u0105za\u0144 technicznych BEDNAR, kt\u00f3re pozwalaj\u0105 nam oferowa\u0107 dwuletni\u0105 gwarancj\u0119 fabryczn\u0105, a tym samym spe\u0142nia\u0107 oczekiwania naszych klient\u00f3w\u201d<\/em> &#8211; Ladislav Bedn\u00e1\u0159, w\u0142a\u015bciciel firmy.<\/p>\n"},{"acf_fc_layout":"section-news-cols","item-cols":[{"item-title":"","item-title-h":"h3","item-photo":"https:\/\/www.bednar.com\/wp-content\/uploads\/obecne-stranky\/2_years_warranty\/two_year_warranty-1.jpg","item-content":"","item-photo-align":false,"item-content-color":false}]},{"acf_fc_layout":"section-news-title","item-title":"","item-content":"<p>Jako\u015b\u0107 materia\u0142\u00f3w, komponent\u00f3w i finalnych maszyn zawsze by\u0142a dla nas wa\u017cna. Samo wprowadzenie maszyny na rynek jest poprzedzane starannym wyborem dostawc\u00f3w, ich bie\u017c\u0105c\u0105 kontrol\u0105, testowaniem danych cz\u0119\u015bci, a\u017c po finalne testowanie maszyny jako ca\u0142o\u015bci, kt\u00f3re odbywa si\u0119 w r\u00f3\u017cnych warunkach glebowych i pogodowych tak, aby\u015bmy w maksymalnym stopniu sprawdzili, \u017ce finalna konstrukcja spe\u0142nia nasze wymagania jako\u015bciowe.<\/p>\n"},{"acf_fc_layout":"section-news-title","item-title":"","item-content":"<p style=\"text-align: right;\">JOY OF FARMING<br \/>\n<a href=\"mailto:marketing@bednar.com\" target=\"_blank\" rel=\"noopener\">marketing@bednar.com<\/a><br \/>\nBEDNAR FMT s.r.o.<\/p>\n"}],"nav-main-cat":false,"nav-sub-cat":false,"_aviaLayoutBuilderCleanData":"","page-type":"other","pageGroup":"","post-new-website":true},"_links":{"self":[{"href":"https:\/\/www.bednar.com\/pl\/wp-json\/wp\/v2\/posts\/584945","targetHints":{"allow":["GET"]}}],"collection":[{"href":"https:\/\/www.bednar.com\/pl\/wp-json\/wp\/v2\/posts"}],"about":[{"href":"https:\/\/www.bednar.com\/pl\/wp-json\/wp\/v2\/types\/post"}],"author":[{"embeddable":true,"href":"https:\/\/www.bednar.com\/pl\/wp-json\/wp\/v2\/users\/14"}],"replies":[{"embeddable":true,"href":"https:\/\/www.bednar.com\/pl\/wp-json\/wp\/v2\/comments?post=584945"}],"version-history":[{"count":2,"href":"https:\/\/www.bednar.com\/pl\/wp-json\/wp\/v2\/posts\/584945\/revisions"}],"predecessor-version":[{"id":584962,"href":"https:\/\/www.bednar.com\/pl\/wp-json\/wp\/v2\/posts\/584945\/revisions\/584962"}],"wp:featuredmedia":[{"embeddable":true,"href":"https:\/\/www.bednar.com\/pl\/wp-json\/wp\/v2\/media\/584929"}],"wp:attachment":[{"href":"https:\/\/www.bednar.com\/pl\/wp-json\/wp\/v2\/media?parent=584945"}],"wp:term":[{"taxonomy":"category","embeddable":true,"href":"https:\/\/www.bednar.com\/pl\/wp-json\/wp\/v2\/categories?post=584945"},{"taxonomy":"post_tag","embeddable":true,"href":"https:\/\/www.bednar.com\/pl\/wp-json\/wp\/v2\/tags?post=584945"}],"curies":[{"name":"wp","href":"https:\/\/api.w.org\/{rel}","templated":true}]}}