{"id":552000,"date":"2024-02-29T08:00:21","date_gmt":"2024-02-29T07:00:21","guid":{"rendered":"https:\/\/www.bednar.com\/pl\/blog\/stroje-pro-jarni-zpracovani-pudy-jak-vybirat\/"},"modified":"2024-03-05T11:13:41","modified_gmt":"2024-03-05T10:13:41","slug":"stroje-pro-jarni-zpracovani-pudy-jak-vybirat","status":"publish","type":"post","link":"https:\/\/www.bednar.com\/pl\/blog\/maszyny-do-uprawy-wiosennej-jak-je-wybrac\/","title":{"rendered":"Maszyny do uprawy wiosennej: Jak je wybra\u0107?"},"content":{"rendered":"","protected":false},"excerpt":{"rendered":"<p>Wybieraj\u0105c optymaln\u0105 maszyn\u0119 do wiosennego przygotowania przedsiewnego, powinni\u015bmy przede wszystkim skupi\u0107 si\u0119 na przedstawieniu upraw w procedurze siewu, zastosowanych metodach uprawy gleby oraz warunkach glebowo-klimatycznych miejsca, w kt\u00f3rym prowadzimy upraw\u0119.<\/p>\n","protected":false},"author":14,"featured_media":549683,"comment_status":"open","ping_status":"open","sticky":false,"template":"","format":"standard","meta":{"_acf_changed":false,"footnotes":""},"categories":[168,407,422,429,825,1006,1074,1187,1636,1640,1641],"tags":[],"class_list":["post-552000","post","type-post","status-publish","format-standard","has-post-thumbnail","hentry","category-bez-kategorii","category-swifter-se-3-pl","category-swifter-so-pl","category-swifter-so_f-pl","category-od-nas","category-versatill-vn_l-pl","category-swifter-so_profi-pl","category-versatill-vol_l","category-agronomicke-en-de-pl","category-swifter-sm-en-pl","category-swifter-sn-en-pl"],"acf":{"item-bg":false,"item-bg_kop\u00edrovat":false,"item-bg-mobile":false,"item-youtube":"","item-title":"","fixed-title":"","item-desc":"","item-mach-desc":"","item-mach-config":"","item-mach-down":"","item-align":false,"item-code":"","google-map":"","disable-header":false,"main-content":[{"acf_fc_layout":"section-news-cols","item-cols":[{"item-title":"","item-title-h":"h3","item-photo":"https:\/\/www.bednar.com\/wp-content\/uploads\/aktuality\/2024\/cz\/stroje-pro-jarni-zpracovani-pudy.jpg","item-content":"","item-photo-align":false,"item-content-color":false}]},{"acf_fc_layout":"section-news-title","item-title":"","item-content":"<p>G\u0142\u00f3wne cz\u0119\u015bci robocze maszyn do uprawy przedsiewnej sk\u0142adaj\u0105 si\u0119 zazwyczaj z lemieszy lub d\u0142ut. Maszyny zapewniaj\u0105 wst\u0119pne wiosenne otwarcie gleby i p\u0142ytkie spulchnienie do \u017c\u0105danej g\u0142\u0119boko\u015bci przy dobrej strukturze gleby dla optymalnych wschod\u00f3w ro\u015blin.<\/p>\n"},{"acf_fc_layout":"section-news-title","item-title":"Zasady wiosennej uprawy przedsiewnej","item-content":"<p>W wiosennej uprawie przedsiewnej nale\u017cy zadba\u0107 o jak najmniejsz\u0105 liczb\u0119 przejazd\u00f3w po polu, aby unikn\u0105\u0107 niepo\u017c\u0105danego zag\u0119szczenia i naruszenia struktury gleby. Dlatego wa\u017cne jest, aby dysponowa\u0107 maszynami o du\u017cej wydajno\u015bci i jako\u015bci pracy, kt\u00f3re b\u0119d\u0105 w stanie idealnie przygotowa\u0107 gleb\u0119 w jednym przeje\u017adzie. Wysokiej jako\u015bci <a href=\"https:\/\/www.bednar.com\/pl\/agregaty-przedsiewne\/\">agregaty przedsiewne SWIFTER<\/a> i <a href=\"https:\/\/www.bednar.com\/pl\/kultywatory-uniwersalne\/\">uniwersalne kultywatory VERSATILL<\/a> firmy BEDNAR pomog\u0105 w precyzyjnej uprawie gleby na wiosn\u0119.<\/p>\n<p>Do uprawy wiosennej zaleca si\u0119 stosowanie maszyny z sekcjami d\u0142utowymi. D\u0142uta pracuj\u0105 pod k\u0105tem ujemnym. Pozwala to na napowietrzenie i ogrzanie gleby bez wynoszenia mokrych cz\u0105stek na powierzchni\u0119 gleby.<\/p>\n"},{"acf_fc_layout":"section-news-title","item-title":"Agregaty przedsiewne SWIFTER do uprawy przedsiewnej","item-content":"<p>BEDNAR jest znany z produkcji wysokiej jako\u015bci agregat\u00f3w przedsiewnych SWIFTER. S\u0105 to sprawdzone maszyny do wiosennego przygotowania gleby. Dzi\u0119ki po\u0142\u0105czeniu a\u017c 8 cz\u0119\u015bci roboczych zapewniaj\u0105 doskona\u0142e rezultaty w jednym przeje\u017adzie.<\/p>\n"},{"acf_fc_layout":"section-news-cols","item-cols":[{"item-title":"","item-title-h":"h3","item-photo":"https:\/\/www.bednar.com\/wp-content\/uploads\/aktuality\/2024\/cz\/predni-paskovy-smyk-pro-prvotni-urovnani-povrchu-pozemku.jpg","item-content":"<p>Przedni wa\u0142 listwowy do wst\u0119pnego wyr\u00f3wnywania powierzchni pola<\/p>\n","item-photo-align":false,"item-content-color":false},{"item-title":"","item-title-h":"h3","item-photo":"https:\/\/www.bednar.com\/wp-content\/uploads\/aktuality\/2024\/cz\/dlatova-pracovni-sekce-je-vhodna-predevsim-pro-casnou-jarni-predsetovou-pripravu.jpg","item-content":"<p>Sekcja robocza d\u0142ut nadaje si\u0119 g\u0142\u00f3wnie do wczesnowiosennego przygotowania przedsiewnego<\/p>\n","item-photo-align":false,"item-content-color":false}]},{"acf_fc_layout":"section-news-title","item-title":"","item-content":"<p>S\u0105 to agregaty przedsiewne o klasycznej konstrukcji, wykorzystuj\u0105ce sekcje wa\u0142\u00f3w i d\u0142ut. Wa\u0142y charakteryzuj\u0105 si\u0119 doskona\u0142\u0105 zdolno\u015bci\u0105 kruszenia, dzi\u0119ki czemu nadaj\u0105 si\u0119 do przygotowania wysokiej jako\u015bci \u0142o\u017ca siewnego niezb\u0119dnego np. do za\u0142o\u017cenia uprawy burak\u00f3w cukrowych. Dzi\u0119ki du\u017cej zmienno\u015bci wyposa\u017cenia maszyn\u0119 mo\u017cna dostosowa\u0107 do uprawianych ro\u015blin oraz warunk\u00f3w glebowo-klimatycznych.<\/p>\n"},{"acf_fc_layout":"section-news-title","item-title":"Nawet wymagaj\u0105ce warunki wiosenne mo\u017cna pokona\u0107 za pomoc\u0105 odpowiedniej maszyny","item-content":"<p>Wiosn\u0105 cz\u0119sto problemem jest wysoka wilgotno\u015b\u0107 gleby, kt\u00f3ra uniemo\u017cliwia terminowe i jako\u015bciowe przygotowanie gleby, niezb\u0119dne np. do prawid\u0142owego wschodu upraw j\u0119czmienia jarego. Dlatego coraz cz\u0119\u015bciej promuje si\u0119 kultywatory uniwersalne. Mo\u017cna je stosowa\u0107 bez wa\u0142\u00f3w tylnych typowych dla klasycznych maszyn koncepcyjnych do przygotowania przedsiewnego.<\/p>\n"},{"acf_fc_layout":"section-news-cols","item-cols":[{"item-title":"","item-title-h":"h3","item-photo":"https:\/\/www.bednar.com\/wp-content\/uploads\/aktuality\/2024\/cz\/i-narocne-podminky-jarniho-obdobi-lze-zvladnout-pomoci-vhodneho-stroje.jpg","item-content":"","item-photo-align":false,"item-content-color":false}]},{"acf_fc_layout":"section-news-title","item-title":"Uniwersalne kultywatory VERSATILL do wiosennego przygotowania gleby pracuj\u0105 tak\u017ce w warunkach podwy\u017cszonej wilgotno\u015bci","item-content":"<p>Przedstawicielem tego typu maszyn jest uniwersalny kultywator VERSATILL. Opr\u00f3cz przygotowania przedsiewnego maszyn\u0119 mo\u017cna r\u00f3wnie\u017c stosowa\u0107 do p\u0142ytkiej uprawy od 10 do 15 cm. Poniewa\u017c zamiast wa\u0142\u00f3w tylnych maszyn\u0119 mo\u017cna wyposa\u017cy\u0107 w trzy rz\u0119dy bron (w przypadku VERSATILL model VN_L i VO_L), mo\u017cna u\u017cywa\u0107 maszyny nawet w bardzo wymagaj\u0105cych warunkach, gdzie w przeciwnym razie istnia\u0142oby ryzyko zatkania wa\u0142u i uniemo\u017cliwienie dalszej pracy.<\/p>\n"},{"acf_fc_layout":"section-news-cols","item-cols":[{"item-title":"","item-title-h":"h3","item-photo":"https:\/\/www.bednar.com\/wp-content\/uploads\/aktuality\/2024\/cz\/poloneseny-model-versatill-vo_l-ve-vybave-se-zadnim-triradym-zavlacovacem.jpg","item-content":"<p><a href=\"https:\/\/www.bednar.com\/pl\/versatill-vn-l\/\">Model zawieszany VERSATILL VN_L<\/a> wyposa\u017cony w tyln\u0105 bron\u0119 trzyrz\u0119dow\u0105<\/p>\n","item-photo-align":false,"item-content-color":false},{"item-title":"","item-title-h":"h3","item-photo":"https:\/\/www.bednar.com\/wp-content\/uploads\/aktuality\/2024\/cz\/neseny-model-versatill-vn_l-ve-vybave-se-zadnim-triradym-zavlacovacem.jpg","item-content":"<p><a href=\"https:\/\/www.bednar.com\/pl\/versatill-vo_l\/\">Model ci\u0105gany VERSATILL VO_L<\/a> wyposa\u017cony w tyln\u0105 bron\u0119 trzyrz\u0119dow\u0105<\/p>\n","item-photo-align":false,"item-content-color":false}]},{"acf_fc_layout":"section-news-title","item-title":"","item-content":"<p>Maszyn\u0119 mo\u017cna wyposa\u017cy\u0107 w przedni\u0105 w\u0142\u00f3k\u0119 \u0142opatkow\u0105, kt\u00f3ra zapewnia wst\u0119pne wyr\u00f3wnanie nier\u00f3wnej bruzdy. Dzi\u0119ki hydraulicznej kontroli k\u0105ta pracy mo\u017cna szybko reagowa\u0107 z kabiny ci\u0105gnika na r\u00f3\u017cne warunki panuj\u0105ce na polu i tym samym p\u0142ynnie kontynuowa\u0107 prac\u0119. Kolejnymi elementami roboczymi s\u0105 d\u0142uta, kt\u00f3re po wyr\u00f3wnaniu spulchniaj\u0105 i napowietrzaj\u0105 gleb\u0119, umo\u017cliwiaj\u0105c jej niezb\u0119dne ogrzanie po okresie zimowym.<\/p>\n"},{"acf_fc_layout":"section-news-title","item-title":"","item-content":"<p>Sprawd\u017a opcje wyposa\u017cenia agregatu przedsiewnego SWIFTER i uniwersalnego kultywatora VERSATILL w naszym <a href=\"https:\/\/openconfigurator.bednar.com\/configurator\/country\">otwartym konfiguratorze .<\/a><\/p>\n"},{"acf_fc_layout":"section-news-title","item-title":"","item-content":"<p style=\"text-align: right;\">Rolnictwo z nami to przyjemno\u015b\u0107.<br \/>\n<a href=\"mailto:marketing@bednar.com\" target=\"_blank\" rel=\"noopener\">marketing@bednar.com<\/a><br \/>\nBEDNAR FMT s.r.o.<\/p>\n"},{"acf_fc_layout":"section-gallery","videos":false,"photos":[{"ID":549683,"id":549683,"title":"Stroje pro jarn\u00ed zpracov\u00e1n\u00ed p\u016fdy","filename":"stroje-pro-jarni-zpracovani-pudy.jpg","filesize":91715,"url":"https:\/\/www.bednar.com\/wp-content\/uploads\/aktuality\/2024\/cz\/stroje-pro-jarni-zpracovani-pudy.jpg","link":"https:\/\/www.bednar.com\/pl\/blog\/maszyny-do-uprawy-wiosennej-jak-je-wybrac\/stroje-pro-jarni-zpracovani-pudy-2\/","alt":"Stroje pro jarn\u00ed zpracov\u00e1n\u00ed p\u016fdy","author":"14","description":"","caption":"","name":"stroje-pro-jarni-zpracovani-pudy-2","status":"inherit","uploaded_to":552000,"date":"2024-02-16 08:07:54","modified":"2024-02-16 08:08:21","menu_order":0,"mime_type":"image\/jpeg","type":"image","subtype":"jpeg","icon":"https:\/\/www.bednar.com\/wp-includes\/images\/media\/default.png","width":1030,"height":600,"sizes":{"thumbnail":"https:\/\/www.bednar.com\/wp-content\/uploads\/aktuality\/2024\/cz\/stroje-pro-jarni-zpracovani-pudy-280x185.jpg","thumbnail-width":280,"thumbnail-height":185,"medium":"https:\/\/www.bednar.com\/wp-content\/uploads\/aktuality\/2024\/cz\/stroje-pro-jarni-zpracovani-pudy-300x175.jpg","medium-width":300,"medium-height":175,"medium_large":"https:\/\/www.bednar.com\/wp-content\/uploads\/aktuality\/2024\/cz\/stroje-pro-jarni-zpracovani-pudy-768x447.jpg","medium_large-width":768,"medium_large-height":447,"large":"https:\/\/www.bednar.com\/wp-content\/uploads\/aktuality\/2024\/cz\/stroje-pro-jarni-zpracovani-pudy-1024x597.jpg","large-width":1024,"large-height":597,"1536x1536":"https:\/\/www.bednar.com\/wp-content\/uploads\/aktuality\/2024\/cz\/stroje-pro-jarni-zpracovani-pudy.jpg","1536x1536-width":1030,"1536x1536-height":600,"2048x2048":"https:\/\/www.bednar.com\/wp-content\/uploads\/aktuality\/2024\/cz\/stroje-pro-jarni-zpracovani-pudy.jpg","2048x2048-width":1030,"2048x2048-height":600,"header-thumb":"https:\/\/www.bednar.com\/wp-content\/uploads\/aktuality\/2024\/cz\/stroje-pro-jarni-zpracovani-pudy.jpg","header-thumb-width":1030,"header-thumb-height":600,"section-thumb":"https:\/\/www.bednar.com\/wp-content\/uploads\/aktuality\/2024\/cz\/stroje-pro-jarni-zpracovani-pudy-860x480.jpg","section-thumb-width":860,"section-thumb-height":480,"news-thumb":"https:\/\/www.bednar.com\/wp-content\/uploads\/aktuality\/2024\/cz\/stroje-pro-jarni-zpracovani-pudy-390x315.jpg","news-thumb-width":390,"news-thumb-height":315,"wpcf7-post-image":"https:\/\/www.bednar.com\/wp-content\/uploads\/aktuality\/2024\/cz\/stroje-pro-jarni-zpracovani-pudy-80x80.jpg","wpcf7-post-image-width":80,"wpcf7-post-image-height":80}},{"ID":549666,"id":549666,"title":"P\u0159edn\u00ed p\u00e1skov\u00fd smyk pro prvotn\u00ed urovn\u00e1n\u00ed povrchu pozemku","filename":"predni-paskovy-smyk-pro-prvotni-urovnani-povrchu-pozemku.jpg","filesize":60452,"url":"https:\/\/www.bednar.com\/wp-content\/uploads\/aktuality\/2024\/cz\/predni-paskovy-smyk-pro-prvotni-urovnani-povrchu-pozemku.jpg","link":"https:\/\/www.bednar.com\/pl\/blog\/maszyny-do-uprawy-wiosennej-jak-je-wybrac\/predni-paskovy-smyk-pro-prvotni-urovnani-povrchu-pozemku-2\/","alt":"P\u0159edn\u00ed p\u00e1skov\u00fd smyk pro prvotn\u00ed urovn\u00e1n\u00ed povrchu pozemku","author":"14","description":"","caption":"","name":"predni-paskovy-smyk-pro-prvotni-urovnani-povrchu-pozemku-2","status":"inherit","uploaded_to":552000,"date":"2024-02-16 08:07:49","modified":"2024-02-16 08:08:44","menu_order":0,"mime_type":"image\/jpeg","type":"image","subtype":"jpeg","icon":"https:\/\/www.bednar.com\/wp-includes\/images\/media\/default.png","width":800,"height":533,"sizes":{"thumbnail":"https:\/\/www.bednar.com\/wp-content\/uploads\/aktuality\/2024\/cz\/predni-paskovy-smyk-pro-prvotni-urovnani-povrchu-pozemku-280x185.jpg","thumbnail-width":280,"thumbnail-height":185,"medium":"https:\/\/www.bednar.com\/wp-content\/uploads\/aktuality\/2024\/cz\/predni-paskovy-smyk-pro-prvotni-urovnani-povrchu-pozemku-300x200.jpg","medium-width":300,"medium-height":200,"medium_large":"https:\/\/www.bednar.com\/wp-content\/uploads\/aktuality\/2024\/cz\/predni-paskovy-smyk-pro-prvotni-urovnani-povrchu-pozemku-768x512.jpg","medium_large-width":768,"medium_large-height":512,"large":"https:\/\/www.bednar.com\/wp-content\/uploads\/aktuality\/2024\/cz\/predni-paskovy-smyk-pro-prvotni-urovnani-povrchu-pozemku.jpg","large-width":800,"large-height":533,"1536x1536":"https:\/\/www.bednar.com\/wp-content\/uploads\/aktuality\/2024\/cz\/predni-paskovy-smyk-pro-prvotni-urovnani-povrchu-pozemku.jpg","1536x1536-width":800,"1536x1536-height":533,"2048x2048":"https:\/\/www.bednar.com\/wp-content\/uploads\/aktuality\/2024\/cz\/predni-paskovy-smyk-pro-prvotni-urovnani-povrchu-pozemku.jpg","2048x2048-width":800,"2048x2048-height":533,"header-thumb":"https:\/\/www.bednar.com\/wp-content\/uploads\/aktuality\/2024\/cz\/predni-paskovy-smyk-pro-prvotni-urovnani-povrchu-pozemku.jpg","header-thumb-width":800,"header-thumb-height":533,"section-thumb":"https:\/\/www.bednar.com\/wp-content\/uploads\/aktuality\/2024\/cz\/predni-paskovy-smyk-pro-prvotni-urovnani-povrchu-pozemku-800x480.jpg","section-thumb-width":800,"section-thumb-height":480,"news-thumb":"https:\/\/www.bednar.com\/wp-content\/uploads\/aktuality\/2024\/cz\/predni-paskovy-smyk-pro-prvotni-urovnani-povrchu-pozemku-390x315.jpg","news-thumb-width":390,"news-thumb-height":315,"wpcf7-post-image":"https:\/\/www.bednar.com\/wp-content\/uploads\/aktuality\/2024\/cz\/predni-paskovy-smyk-pro-prvotni-urovnani-povrchu-pozemku-80x80.jpg","wpcf7-post-image-width":80,"wpcf7-post-image-height":80}},{"ID":549717,"id":549717,"title":"Dl\u00e1tov\u00e1 pracovn\u00ed sekce je vhodn\u00e1 p\u0159edev\u0161\u00edm pro \u010dasnou jarn\u00ed p\u0159edse\u0165ovou p\u0159\u00edpravu","filename":"dlatova-pracovni-sekce-je-vhodna-predevsim-pro-casnou-jarni-predsetovou-pripravu.jpg","filesize":90432,"url":"https:\/\/www.bednar.com\/wp-content\/uploads\/aktuality\/2024\/cz\/dlatova-pracovni-sekce-je-vhodna-predevsim-pro-casnou-jarni-predsetovou-pripravu.jpg","link":"https:\/\/www.bednar.com\/pl\/blog\/maszyny-do-uprawy-wiosennej-jak-je-wybrac\/dlatova-pracovni-sekce-je-vhodna-predevsim-pro-casnou-jarni-predsetovou-pripravu-2\/","alt":"Dl\u00e1tov\u00e1 pracovn\u00ed sekce je vhodn\u00e1 p\u0159edev\u0161\u00edm pro \u010dasnou jarn\u00ed p\u0159edse\u0165ovou p\u0159\u00edpravu","author":"14","description":"","caption":"","name":"dlatova-pracovni-sekce-je-vhodna-predevsim-pro-casnou-jarni-predsetovou-pripravu-2","status":"inherit","uploaded_to":552000,"date":"2024-02-16 08:08:01","modified":"2024-02-16 08:09:00","menu_order":0,"mime_type":"image\/jpeg","type":"image","subtype":"jpeg","icon":"https:\/\/www.bednar.com\/wp-includes\/images\/media\/default.png","width":800,"height":533,"sizes":{"thumbnail":"https:\/\/www.bednar.com\/wp-content\/uploads\/aktuality\/2024\/cz\/dlatova-pracovni-sekce-je-vhodna-predevsim-pro-casnou-jarni-predsetovou-pripravu-280x185.jpg","thumbnail-width":280,"thumbnail-height":185,"medium":"https:\/\/www.bednar.com\/wp-content\/uploads\/aktuality\/2024\/cz\/dlatova-pracovni-sekce-je-vhodna-predevsim-pro-casnou-jarni-predsetovou-pripravu-300x200.jpg","medium-width":300,"medium-height":200,"medium_large":"https:\/\/www.bednar.com\/wp-content\/uploads\/aktuality\/2024\/cz\/dlatova-pracovni-sekce-je-vhodna-predevsim-pro-casnou-jarni-predsetovou-pripravu-768x512.jpg","medium_large-width":768,"medium_large-height":512,"large":"https:\/\/www.bednar.com\/wp-content\/uploads\/aktuality\/2024\/cz\/dlatova-pracovni-sekce-je-vhodna-predevsim-pro-casnou-jarni-predsetovou-pripravu.jpg","large-width":800,"large-height":533,"1536x1536":"https:\/\/www.bednar.com\/wp-content\/uploads\/aktuality\/2024\/cz\/dlatova-pracovni-sekce-je-vhodna-predevsim-pro-casnou-jarni-predsetovou-pripravu.jpg","1536x1536-width":800,"1536x1536-height":533,"2048x2048":"https:\/\/www.bednar.com\/wp-content\/uploads\/aktuality\/2024\/cz\/dlatova-pracovni-sekce-je-vhodna-predevsim-pro-casnou-jarni-predsetovou-pripravu.jpg","2048x2048-width":800,"2048x2048-height":533,"header-thumb":"https:\/\/www.bednar.com\/wp-content\/uploads\/aktuality\/2024\/cz\/dlatova-pracovni-sekce-je-vhodna-predevsim-pro-casnou-jarni-predsetovou-pripravu.jpg","header-thumb-width":800,"header-thumb-height":533,"section-thumb":"https:\/\/www.bednar.com\/wp-content\/uploads\/aktuality\/2024\/cz\/dlatova-pracovni-sekce-je-vhodna-predevsim-pro-casnou-jarni-predsetovou-pripravu-800x480.jpg","section-thumb-width":800,"section-thumb-height":480,"news-thumb":"https:\/\/www.bednar.com\/wp-content\/uploads\/aktuality\/2024\/cz\/dlatova-pracovni-sekce-je-vhodna-predevsim-pro-casnou-jarni-predsetovou-pripravu-390x315.jpg","news-thumb-width":390,"news-thumb-height":315,"wpcf7-post-image":"https:\/\/www.bednar.com\/wp-content\/uploads\/aktuality\/2024\/cz\/dlatova-pracovni-sekce-je-vhodna-predevsim-pro-casnou-jarni-predsetovou-pripravu-80x80.jpg","wpcf7-post-image-width":80,"wpcf7-post-image-height":80}},{"ID":549700,"id":549700,"title":"I n\u00e1ro\u010dn\u00e9 podm\u00ednky jarn\u00edho obdob\u00ed lze zvl\u00e1dnout pomoc\u00ed vhodn\u00e9ho stroje","filename":"i-narocne-podminky-jarniho-obdobi-lze-zvladnout-pomoci-vhodneho-stroje.jpg","filesize":102800,"url":"https:\/\/www.bednar.com\/wp-content\/uploads\/aktuality\/2024\/cz\/i-narocne-podminky-jarniho-obdobi-lze-zvladnout-pomoci-vhodneho-stroje.jpg","link":"https:\/\/www.bednar.com\/pl\/blog\/maszyny-do-uprawy-wiosennej-jak-je-wybrac\/i-narocne-podminky-jarniho-obdobi-lze-zvladnout-pomoci-vhodneho-stroje-2\/","alt":"I n\u00e1ro\u010dn\u00e9 podm\u00ednky jarn\u00edho obdob\u00ed lze zvl\u00e1dnout pomoc\u00ed vhodn\u00e9ho stroje","author":"14","description":"","caption":"","name":"i-narocne-podminky-jarniho-obdobi-lze-zvladnout-pomoci-vhodneho-stroje-2","status":"inherit","uploaded_to":552000,"date":"2024-02-16 08:07:57","modified":"2024-02-16 08:09:15","menu_order":0,"mime_type":"image\/jpeg","type":"image","subtype":"jpeg","icon":"https:\/\/www.bednar.com\/wp-includes\/images\/media\/default.png","width":1030,"height":600,"sizes":{"thumbnail":"https:\/\/www.bednar.com\/wp-content\/uploads\/aktuality\/2024\/cz\/i-narocne-podminky-jarniho-obdobi-lze-zvladnout-pomoci-vhodneho-stroje-280x185.jpg","thumbnail-width":280,"thumbnail-height":185,"medium":"https:\/\/www.bednar.com\/wp-content\/uploads\/aktuality\/2024\/cz\/i-narocne-podminky-jarniho-obdobi-lze-zvladnout-pomoci-vhodneho-stroje-300x175.jpg","medium-width":300,"medium-height":175,"medium_large":"https:\/\/www.bednar.com\/wp-content\/uploads\/aktuality\/2024\/cz\/i-narocne-podminky-jarniho-obdobi-lze-zvladnout-pomoci-vhodneho-stroje-768x447.jpg","medium_large-width":768,"medium_large-height":447,"large":"https:\/\/www.bednar.com\/wp-content\/uploads\/aktuality\/2024\/cz\/i-narocne-podminky-jarniho-obdobi-lze-zvladnout-pomoci-vhodneho-stroje-1024x597.jpg","large-width":1024,"large-height":597,"1536x1536":"https:\/\/www.bednar.com\/wp-content\/uploads\/aktuality\/2024\/cz\/i-narocne-podminky-jarniho-obdobi-lze-zvladnout-pomoci-vhodneho-stroje.jpg","1536x1536-width":1030,"1536x1536-height":600,"2048x2048":"https:\/\/www.bednar.com\/wp-content\/uploads\/aktuality\/2024\/cz\/i-narocne-podminky-jarniho-obdobi-lze-zvladnout-pomoci-vhodneho-stroje.jpg","2048x2048-width":1030,"2048x2048-height":600,"header-thumb":"https:\/\/www.bednar.com\/wp-content\/uploads\/aktuality\/2024\/cz\/i-narocne-podminky-jarniho-obdobi-lze-zvladnout-pomoci-vhodneho-stroje.jpg","header-thumb-width":1030,"header-thumb-height":600,"section-thumb":"https:\/\/www.bednar.com\/wp-content\/uploads\/aktuality\/2024\/cz\/i-narocne-podminky-jarniho-obdobi-lze-zvladnout-pomoci-vhodneho-stroje-860x480.jpg","section-thumb-width":860,"section-thumb-height":480,"news-thumb":"https:\/\/www.bednar.com\/wp-content\/uploads\/aktuality\/2024\/cz\/i-narocne-podminky-jarniho-obdobi-lze-zvladnout-pomoci-vhodneho-stroje-390x315.jpg","news-thumb-width":390,"news-thumb-height":315,"wpcf7-post-image":"https:\/\/www.bednar.com\/wp-content\/uploads\/aktuality\/2024\/cz\/i-narocne-podminky-jarniho-obdobi-lze-zvladnout-pomoci-vhodneho-stroje-80x80.jpg","wpcf7-post-image-width":80,"wpcf7-post-image-height":80}},{"ID":549649,"id":549649,"title":"Polonesen\u00fd model VERSATILL VO_L ve v\u00fdbav\u011b se zadn\u00edm t\u0159\u00ed\u0159ad\u00fdm zavla\u010dova\u010dem","filename":"poloneseny-model-versatill-vo_l-ve-vybave-se-zadnim-triradym-zavlacovacem.jpg","filesize":46558,"url":"https:\/\/www.bednar.com\/wp-content\/uploads\/aktuality\/2024\/cz\/poloneseny-model-versatill-vo_l-ve-vybave-se-zadnim-triradym-zavlacovacem.jpg","link":"https:\/\/www.bednar.com\/pl\/blog\/maszyny-do-uprawy-wiosennej-jak-je-wybrac\/poloneseny-model-versatill-vo_l-ve-vybave-se-zadnim-triradym-zavlacovacem-2\/","alt":"Polonesen\u00fd model VERSATILL VO_L ve v\u00fdbav\u011b se zadn\u00edm t\u0159\u00ed\u0159ad\u00fdm zavla\u010dova\u010dem","author":"14","description":"","caption":"","name":"poloneseny-model-versatill-vo_l-ve-vybave-se-zadnim-triradym-zavlacovacem-2","status":"inherit","uploaded_to":552000,"date":"2024-02-16 08:07:46","modified":"2024-02-16 08:10:36","menu_order":0,"mime_type":"image\/jpeg","type":"image","subtype":"jpeg","icon":"https:\/\/www.bednar.com\/wp-includes\/images\/media\/default.png","width":800,"height":533,"sizes":{"thumbnail":"https:\/\/www.bednar.com\/wp-content\/uploads\/aktuality\/2024\/cz\/poloneseny-model-versatill-vo_l-ve-vybave-se-zadnim-triradym-zavlacovacem-280x185.jpg","thumbnail-width":280,"thumbnail-height":185,"medium":"https:\/\/www.bednar.com\/wp-content\/uploads\/aktuality\/2024\/cz\/poloneseny-model-versatill-vo_l-ve-vybave-se-zadnim-triradym-zavlacovacem-300x200.jpg","medium-width":300,"medium-height":200,"medium_large":"https:\/\/www.bednar.com\/wp-content\/uploads\/aktuality\/2024\/cz\/poloneseny-model-versatill-vo_l-ve-vybave-se-zadnim-triradym-zavlacovacem-768x512.jpg","medium_large-width":768,"medium_large-height":512,"large":"https:\/\/www.bednar.com\/wp-content\/uploads\/aktuality\/2024\/cz\/poloneseny-model-versatill-vo_l-ve-vybave-se-zadnim-triradym-zavlacovacem.jpg","large-width":800,"large-height":533,"1536x1536":"https:\/\/www.bednar.com\/wp-content\/uploads\/aktuality\/2024\/cz\/poloneseny-model-versatill-vo_l-ve-vybave-se-zadnim-triradym-zavlacovacem.jpg","1536x1536-width":800,"1536x1536-height":533,"2048x2048":"https:\/\/www.bednar.com\/wp-content\/uploads\/aktuality\/2024\/cz\/poloneseny-model-versatill-vo_l-ve-vybave-se-zadnim-triradym-zavlacovacem.jpg","2048x2048-width":800,"2048x2048-height":533,"header-thumb":"https:\/\/www.bednar.com\/wp-content\/uploads\/aktuality\/2024\/cz\/poloneseny-model-versatill-vo_l-ve-vybave-se-zadnim-triradym-zavlacovacem.jpg","header-thumb-width":800,"header-thumb-height":533,"section-thumb":"https:\/\/www.bednar.com\/wp-content\/uploads\/aktuality\/2024\/cz\/poloneseny-model-versatill-vo_l-ve-vybave-se-zadnim-triradym-zavlacovacem-800x480.jpg","section-thumb-width":800,"section-thumb-height":480,"news-thumb":"https:\/\/www.bednar.com\/wp-content\/uploads\/aktuality\/2024\/cz\/poloneseny-model-versatill-vo_l-ve-vybave-se-zadnim-triradym-zavlacovacem-390x315.jpg","news-thumb-width":390,"news-thumb-height":315,"wpcf7-post-image":"https:\/\/www.bednar.com\/wp-content\/uploads\/aktuality\/2024\/cz\/poloneseny-model-versatill-vo_l-ve-vybave-se-zadnim-triradym-zavlacovacem-80x80.jpg","wpcf7-post-image-width":80,"wpcf7-post-image-height":80}},{"ID":549632,"id":549632,"title":"Nesen\u00fd model VERSATILL VN_L ve v\u00fdbav\u011b se zadn\u00edm t\u0159\u00ed\u0159ad\u00fdm zavla\u010dova\u010dem","filename":"neseny-model-versatill-vn_l-ve-vybave-se-zadnim-triradym-zavlacovacem.jpg","filesize":47404,"url":"https:\/\/www.bednar.com\/wp-content\/uploads\/aktuality\/2024\/cz\/neseny-model-versatill-vn_l-ve-vybave-se-zadnim-triradym-zavlacovacem.jpg","link":"https:\/\/www.bednar.com\/pl\/blog\/maszyny-do-uprawy-wiosennej-jak-je-wybrac\/neseny-model-versatill-vn_l-ve-vybave-se-zadnim-triradym-zavlacovacem-2\/","alt":"Polonesen\u00fd model VERSATILL VO_L ve v\u00fdbav\u011b se zadn\u00edm t\u0159\u00ed\u0159ad\u00fdm zavla\u010dova\u010dem","author":"14","description":"","caption":"","name":"neseny-model-versatill-vn_l-ve-vybave-se-zadnim-triradym-zavlacovacem-2","status":"inherit","uploaded_to":552000,"date":"2024-02-16 08:07:42","modified":"2024-02-16 08:12:16","menu_order":0,"mime_type":"image\/jpeg","type":"image","subtype":"jpeg","icon":"https:\/\/www.bednar.com\/wp-includes\/images\/media\/default.png","width":800,"height":533,"sizes":{"thumbnail":"https:\/\/www.bednar.com\/wp-content\/uploads\/aktuality\/2024\/cz\/neseny-model-versatill-vn_l-ve-vybave-se-zadnim-triradym-zavlacovacem-280x185.jpg","thumbnail-width":280,"thumbnail-height":185,"medium":"https:\/\/www.bednar.com\/wp-content\/uploads\/aktuality\/2024\/cz\/neseny-model-versatill-vn_l-ve-vybave-se-zadnim-triradym-zavlacovacem-300x200.jpg","medium-width":300,"medium-height":200,"medium_large":"https:\/\/www.bednar.com\/wp-content\/uploads\/aktuality\/2024\/cz\/neseny-model-versatill-vn_l-ve-vybave-se-zadnim-triradym-zavlacovacem-768x512.jpg","medium_large-width":768,"medium_large-height":512,"large":"https:\/\/www.bednar.com\/wp-content\/uploads\/aktuality\/2024\/cz\/neseny-model-versatill-vn_l-ve-vybave-se-zadnim-triradym-zavlacovacem.jpg","large-width":800,"large-height":533,"1536x1536":"https:\/\/www.bednar.com\/wp-content\/uploads\/aktuality\/2024\/cz\/neseny-model-versatill-vn_l-ve-vybave-se-zadnim-triradym-zavlacovacem.jpg","1536x1536-width":800,"1536x1536-height":533,"2048x2048":"https:\/\/www.bednar.com\/wp-content\/uploads\/aktuality\/2024\/cz\/neseny-model-versatill-vn_l-ve-vybave-se-zadnim-triradym-zavlacovacem.jpg","2048x2048-width":800,"2048x2048-height":533,"header-thumb":"https:\/\/www.bednar.com\/wp-content\/uploads\/aktuality\/2024\/cz\/neseny-model-versatill-vn_l-ve-vybave-se-zadnim-triradym-zavlacovacem.jpg","header-thumb-width":800,"header-thumb-height":533,"section-thumb":"https:\/\/www.bednar.com\/wp-content\/uploads\/aktuality\/2024\/cz\/neseny-model-versatill-vn_l-ve-vybave-se-zadnim-triradym-zavlacovacem-800x480.jpg","section-thumb-width":800,"section-thumb-height":480,"news-thumb":"https:\/\/www.bednar.com\/wp-content\/uploads\/aktuality\/2024\/cz\/neseny-model-versatill-vn_l-ve-vybave-se-zadnim-triradym-zavlacovacem-390x315.jpg","news-thumb-width":390,"news-thumb-height":315,"wpcf7-post-image":"https:\/\/www.bednar.com\/wp-content\/uploads\/aktuality\/2024\/cz\/neseny-model-versatill-vn_l-ve-vybave-se-zadnim-triradym-zavlacovacem-80x80.jpg","wpcf7-post-image-width":80,"wpcf7-post-image-height":80}}]}],"nav-main-cat":false,"nav-sub-cat":false,"_aviaLayoutBuilderCleanData":"","page-type":"other","pageGroup":"","post-new-website":true},"_links":{"self":[{"href":"https:\/\/www.bednar.com\/pl\/wp-json\/wp\/v2\/posts\/552000","targetHints":{"allow":["GET"]}}],"collection":[{"href":"https:\/\/www.bednar.com\/pl\/wp-json\/wp\/v2\/posts"}],"about":[{"href":"https:\/\/www.bednar.com\/pl\/wp-json\/wp\/v2\/types\/post"}],"author":[{"embeddable":true,"href":"https:\/\/www.bednar.com\/pl\/wp-json\/wp\/v2\/users\/14"}],"replies":[{"embeddable":true,"href":"https:\/\/www.bednar.com\/pl\/wp-json\/wp\/v2\/comments?post=552000"}],"version-history":[{"count":2,"href":"https:\/\/www.bednar.com\/pl\/wp-json\/wp\/v2\/posts\/552000\/revisions"}],"predecessor-version":[{"id":552007,"href":"https:\/\/www.bednar.com\/pl\/wp-json\/wp\/v2\/posts\/552000\/revisions\/552007"}],"wp:featuredmedia":[{"embeddable":true,"href":"https:\/\/www.bednar.com\/pl\/wp-json\/wp\/v2\/media\/549683"}],"wp:attachment":[{"href":"https:\/\/www.bednar.com\/pl\/wp-json\/wp\/v2\/media?parent=552000"}],"wp:term":[{"taxonomy":"category","embeddable":true,"href":"https:\/\/www.bednar.com\/pl\/wp-json\/wp\/v2\/categories?post=552000"},{"taxonomy":"post_tag","embeddable":true,"href":"https:\/\/www.bednar.com\/pl\/wp-json\/wp\/v2\/tags?post=552000"}],"curies":[{"name":"wp","href":"https:\/\/api.w.org\/{rel}","templated":true}]}}