{"id":538334,"date":"2023-11-02T08:14:45","date_gmt":"2023-11-02T07:14:45","guid":{"rendered":"https:\/\/www.bednar.com\/pl\/blog\/"},"modified":"2023-11-02T08:14:45","modified_gmt":"2023-11-02T07:14:45","slug":"bednar-zaprezentuje-sie-na-wystawie-agritechnica-w-wielkim-stylu","status":"publish","type":"post","link":"https:\/\/www.bednar.com\/pl\/blog\/bednar-zaprezentuje-sie-na-wystawie-agritechnica-w-wielkim-stylu\/","title":{"rendered":"BEDNAR zaprezentuje si\u0119 na wystawie AGRITECHNICA w wielkim stylu"},"content":{"rendered":"","protected":false},"excerpt":{"rendered":"<p>AGRITECHNICA. Uznane na arenie mi\u0119dzynarodowej targi techniki rolniczej powracaj\u0105 po czterech latach do Hanoweru w Niemczech ponownie, zaplanowane na 12\u201318 listopada 2023 r. Tegoroczne motto brzmi \u201eDom pionier\u00f3w rolnictwa\u201d. Dynamiczny rozw\u00f3j, innowacyjne technologie i nowoczesne podej\u015bcie agronomiczne, kt\u00f3re BEDNAR FMT odzwierciedla w swojej strategii, s\u0105 bliskie temu mottu. Poniewa\u017c AGRITECHNICA jest miejscem prezentacji \u015bwiatowych producent\u00f3w, na targach nie mo\u017ce zabrakn\u0105\u0107 firmy BEDNAR.<\/p>\n","protected":false},"author":14,"featured_media":538681,"comment_status":"open","ping_status":"open","sticky":false,"template":"","format":"standard","meta":{"_acf_changed":false,"footnotes":""},"categories":[168,496,825],"tags":[],"class_list":["post-538334","post","type-post","status-publish","format-standard","has-post-thumbnail","hentry","category-bez-kategorii","category-wystawy","category-od-nas"],"acf":{"item-bg":false,"item-bg_kop\u00edrovat":false,"item-bg-mobile":false,"item-youtube":"","item-title":"","fixed-title":"","item-desc":"","item-mach-desc":"","item-mach-config":"","item-mach-down":"","item-align":false,"item-code":"","google-map":"","disable-header":false,"main-content":[{"acf_fc_layout":"section-news-cols","item-cols":[{"item-title":"","item-title-h":"h3","item-photo":"https:\/\/www.bednar.com\/wp-content\/uploads\/aktuality\/2023\/cz\/agritechnika_2023_web_article.jpg","item-content":"","item-photo-align":false,"item-content-color":false}]},{"acf_fc_layout":"section-news-title","item-title":"","item-content":"<p>BEDNAR zaprezentuje jedena\u015bcie \u017c\u00f3\u0142tych maszyn na powierzchni wystawienniczej prawie 1000 m2 w hali 12 (obszar B24). Zwiedzaj\u0105cy mog\u0105 spodziewa\u0107 si\u0119 pokaz\u00f3w znanych produkt\u00f3w, a tak\u017ce \u015bwiatowej premiery szeregu nowo\u015bci, kt\u00f3re BEDNAR wprowadzi na rynek w 2024 roku.<\/p>\n"},{"acf_fc_layout":"section-news-title","item-title":"DU\u017bY NACISK NA SIEWNIKI","item-content":"<p>W odpowiedzi na aktualne trendy w rolnictwie, takie jak technologie siewu bezpo\u015bredniego czy siewu pasowego, Sp\u00f3\u0142ka znacznie poszerza swoj\u0105 ofert\u0119 siewnik\u00f3w o nowe modele. AGRITECHNICA b\u0119dzie tak\u017ce miejscem premiery koncepcji agregatu siewnego z bron\u0105 wirnikow\u0105 i przednim zbiornikiem nasiennym.<\/p>\n"},{"acf_fc_layout":"section-news-cols","item-cols":[{"item-title":"","item-title-h":"h3","item-photo":"https:\/\/www.bednar.com\/wp-content\/uploads\/aktuality\/2023\/cz\/matador-mo.jpg","item-content":"<p>MATADOR MO to nowa seria modeli siewnik\u00f3w do uprawy pasowej<\/p>\n","item-photo-align":false,"item-content-color":false},{"item-title":"","item-title-h":"h3","item-photo":"https:\/\/www.bednar.com\/wp-content\/uploads\/aktuality\/2023\/cz\/directo-no.jpg","item-content":"<p>DIRECTO NO to siewnik do siewu bezpo\u015bredniego, kt\u00f3ry oferuje ciekawy komponent w postaci tarcz nawozowych<\/p>\n","item-photo-align":false,"item-content-color":false}]},{"acf_fc_layout":"section-news-cols","item-cols":[{"item-title":"","item-title-h":"h3","item-photo":"https:\/\/www.bednar.com\/wp-content\/uploads\/aktuality\/2023\/cz\/efecta-cm.jpg","item-content":"<p>EFECTA CM poszerza portfolio o nowy siewnik o du\u017cej szeroko\u015bci roboczej ze zbiornikiem magazynuj\u0105cym o du\u017cej pojemno\u015bci<\/p>\n","item-photo-align":false,"item-content-color":false},{"item-title":"","item-title-h":"h3","item-photo":"https:\/\/www.bednar.com\/wp-content\/uploads\/aktuality\/2023\/cz\/dsc03087-800x470-1.jpg","item-content":"<p>Siewniki OMEGA oferuj\u0105 teraz mo\u017cliwo\u015b\u0107 zdalnej kalibracji poprzez aplikacj\u0119 FARM LINK<\/p>\n","item-photo-align":false,"item-content-color":false}]},{"acf_fc_layout":"section-news-title","item-title":"NOWO ZAPROJEKTOWANE STOISKO","item-content":"<p><em>\u201eChcia\u0142bym zaprosi\u0107 wszystkich rolnik\u00f3w oraz naszych partner\u00f3w biznesowych i us\u0142ugowych na tegoroczn\u0105 wystaw\u0119 AGRITECHNICA. Maszyny BEDNAR zaprezentujemy na zupe\u0142nie nowym stoisku, jakiego nie widzieli\u015bcie dotychczas na \u017cadnych wystawach. Co wi\u0119cej, mamy dobr\u0105 wiadomo\u015b\u0107 dla naszych fan\u00f3w. Ekspozycja b\u0119dzie obejmowa\u0142a BEDNAR FAN SHOP, w kt\u00f3rym b\u0119dzie mo\u017cna zakupi\u0107 produkty z naszego e-shopu. AGRITECHNICA to miejsce, kt\u00f3re zaprasza do spotka\u0144 i rozm\u00f3w z ekspertami w swojej dziedzinie. Je\u015bli szukasz maszyn z \u0142atw\u0105 obs\u0142ug\u0105, zaprojektowanych w oparciu o wymagania rolnik\u00f3w i aktualne trendy, nie wahaj si\u0119 odwiedzi\u0107 powierzchni\u0119 wystawiennicz\u0105 BEDNAR, gdzie ch\u0119tnie przedstawimy Ci indywidualne innowacje.<\/em> In\u017c. David Ry\u010dl, dyrektor marketingu.<\/p>\n"},{"acf_fc_layout":"section-news-title","item-title":"Czekamy na spotkanie z Pa\u0144stwem.","item-content":""},{"acf_fc_layout":"section-news-title","item-title":"","item-content":"<p style=\"text-align: right;\">Rolnictwo z nami to przyjemno\u015b\u0107.<br \/>\n<a href=\"mailto:marketing@bednar.com\" target=\"_blank\" rel=\"noopener\">marketing@bednar.com<\/a><br \/>\nBEDNAR FMT s.r.o.<\/p>\n"},{"acf_fc_layout":"section-gallery","videos":false,"photos":false},{"acf_fc_layout":"section-news-slider-inpost","post-id":false,"disable-slider":false}],"nav-main-cat":false,"nav-sub-cat":false,"_aviaLayoutBuilderCleanData":"","page-type":"other","pageGroup":"","post-new-website":true},"_links":{"self":[{"href":"https:\/\/www.bednar.com\/pl\/wp-json\/wp\/v2\/posts\/538334","targetHints":{"allow":["GET"]}}],"collection":[{"href":"https:\/\/www.bednar.com\/pl\/wp-json\/wp\/v2\/posts"}],"about":[{"href":"https:\/\/www.bednar.com\/pl\/wp-json\/wp\/v2\/types\/post"}],"author":[{"embeddable":true,"href":"https:\/\/www.bednar.com\/pl\/wp-json\/wp\/v2\/users\/14"}],"replies":[{"embeddable":true,"href":"https:\/\/www.bednar.com\/pl\/wp-json\/wp\/v2\/comments?post=538334"}],"version-history":[{"count":2,"href":"https:\/\/www.bednar.com\/pl\/wp-json\/wp\/v2\/posts\/538334\/revisions"}],"predecessor-version":[{"id":538346,"href":"https:\/\/www.bednar.com\/pl\/wp-json\/wp\/v2\/posts\/538334\/revisions\/538346"}],"wp:featuredmedia":[{"embeddable":true,"href":"https:\/\/www.bednar.com\/pl\/wp-json\/wp\/v2\/media\/538681"}],"wp:attachment":[{"href":"https:\/\/www.bednar.com\/pl\/wp-json\/wp\/v2\/media?parent=538334"}],"wp:term":[{"taxonomy":"category","embeddable":true,"href":"https:\/\/www.bednar.com\/pl\/wp-json\/wp\/v2\/categories?post=538334"},{"taxonomy":"post_tag","embeddable":true,"href":"https:\/\/www.bednar.com\/pl\/wp-json\/wp\/v2\/tags?post=538334"}],"curies":[{"name":"wp","href":"https:\/\/api.w.org\/{rel}","templated":true}]}}