{"id":473022,"date":"2022-06-28T09:34:53","date_gmt":"2022-06-28T07:34:53","guid":{"rendered":"https:\/\/www.bednar.com\/pl\/blog\/spolecnost-bednar-fmt-uspela-v-soutezi-czech-best-managed-companies\/"},"modified":"2022-06-28T14:50:34","modified_gmt":"2022-06-28T12:50:34","slug":"spolecnost-bednar-fmt-uspela-v-soutezi-czech-best-managed-companies","status":"publish","type":"post","link":"https:\/\/www.bednar.com\/pl\/blog\/bednar-fmt-otrzymal-nagrode-dla-najlepiej-zarzadzanej-czeskiej-firmy\/","title":{"rendered":"BEDNAR FMT otrzyma\u0142 nagrod\u0119 dla najlepiej Zarzadzanej Czeskiej Firmy"},"content":{"rendered":"","protected":false},"excerpt":{"rendered":"<p>Na pocz\u0105tku czerwca w Pa\u0142acu Martinickim, jednym z najpi\u0119kniejszych renesansowych budynk\u00f3w w Pradze, odby\u0142a si\u0119 ceremonia wr\u0119czenia nagr\u00f3d dla najlepiej zarz\u0105dzanych firm w Republice Czeskiej. BEDNAR FMT s.r.o. odni\u00f3s\u0142 sukces w trzyetapowej ocenie przez panel ekspert\u00f3w i odebra\u0142 t\u0119 presti\u017cow\u0105, \u015bwiatow\u0105 nagrod\u0119 od komplementariusza Deloitte CZ, reprezentowanego przez Miroslava Svobod\u0119, wraz z dwudziestoma dwoma innymi firmami.<\/p>\n","protected":false},"author":3,"featured_media":471521,"comment_status":"open","ping_status":"open","sticky":false,"template":"","format":"standard","meta":{"_acf_changed":false,"footnotes":""},"categories":[168,352,548,825,851],"tags":[],"class_list":["post-473022","post","type-post","status-publish","format-standard","has-post-thumbnail","hentry","category-bez-kategorii","category-company-events-pl-3","category-o-nas","category-od-nas","category-interesujace-fakty"],"acf":{"item-bg":false,"item-bg_kop\u00edrovat":false,"item-bg-mobile":false,"item-youtube":"","item-title":"","fixed-title":"","item-desc":"","item-mach-desc":"","item-mach-config":"","item-mach-down":"","item-align":false,"item-code":"","google-map":"","disable-header":false,"main-content":[{"acf_fc_layout":"section-news-cols","item-cols":[{"item-title":"","item-title-h":"h3","item-photo":"https:\/\/www.bednar.com\/wp-content\/uploads\/aktuality\/2022\/img_0861.jpg","item-content":"","item-photo-align":false,"item-content-color":false}]},{"acf_fc_layout":"section-news-title","item-title":"","item-content":"<p>Nagroda Czech Best Managed Companies zosta\u0142a wprowadzona w Czechach w 2019 roku. Program maj\u0105cy na celu rozw\u00f3j biznesu, wymian\u0119 do\u015bwiadcze\u0144 i promowanie wsp\u00f3\u0142pracy mi\u0119dzynarodowej powsta\u0142 w Kanadzie w 1993 roku. Dzi\u015b nagroda przyznawana jest w Niemczech, Belgii, Szwecji, Australii i wielu innych krajach. Program opiera si\u0119 na sprawdzonej globalnej metodologii Deloitte, kt\u00f3ra ocenia jako\u015b\u0107 zarz\u0105dzania firm\u0105 w nast\u0119puj\u0105cych obszarach: orientacja strategiczna, produktywno\u015b\u0107 i innowacyjno\u015b\u0107, kultura korporacyjna, struktura zarz\u0105dzania i wyniki finansowe. W Czechach Deloitte \u015bwiadczy us\u0142ugi w zakresie audytu, podatk\u00f3w, doradztwa prawnego, doradztwa finansowego, doradztwa korporacyjnego oraz zarz\u0105dzania ryzykiem.<\/p>\n"},{"acf_fc_layout":"section-news-cols","item-cols":[{"item-title":"","item-title-h":"h3","item-photo":"https:\/\/www.bednar.com\/wp-content\/uploads\/aktuality\/2022\/52136285311_ac5ab38a59_o.jpg","item-content":"<p>David Ry\u010dl, Dyrektor Marketingu BEDNAR FMT s.r.o., odbiera nagrod\u0119 podczas ceremonii<\/p>\n","item-photo-align":false,"item-content-color":false},{"item-title":"","item-title-h":"h3","item-photo":"https:\/\/www.bednar.com\/wp-content\/uploads\/aktuality\/2022\/52136284421_a0b69a8b22_o.jpg","item-content":"<p>Petr Proch\u00e1zka, Prokurent; David Ry\u010dl, Dyrektor Marektingu i Ji\u0159ina Sou\u010dkov\u00e1, G\u0142\u00f3wny Ekonomista <\/p>\n","item-photo-align":false,"item-content-color":false}]},{"acf_fc_layout":"section-news-title","item-title":"","item-content":"<p><em>\u201eBardzo si\u0119 ciesz\u0119, \u017ce otrzymali\u015bmy nagrod\u0119 Czech Best Managed Companies. Nagroda jest dla nas rodzajem por\u00f3wnania i informacji zwrotnej. To dla nas zaszczyt znale\u017a\u0107 si\u0119 w tak dobrym towarzystwie innych nagrodzonych i firm odnosz\u0105cych sukcesy. Wa\u017cne jest, aby ta nagroda uwzgl\u0119dnia\u0142a nie tylko wyniki finansowe, ale ca\u0142y szereg innych obszar\u00f3w. Dzi\u015b np. kultura korporacyjna, strategia czy innowacyjno\u015b\u0107 s\u0105 bardzo wa\u017cne w rekrutacji nowych pracownik\u00f3w i oczywi\u015bcie pod\u0105\u017camy w\u0142a\u015bciw\u0105 \u015bcie\u017ck\u0105. Nagroda jest r\u00f3wnie\u017c wyrazem uznania dla naszej dzia\u0142alno\u015bci na rynku w produkcji maszyn rolniczych i mi\u0142ym upominkiem z okazji 25-lecia istnienia firmy&#8221;<\/em> \u2013 m\u00f3wi David Ry\u010dl, Dyrektor Marketingu.<\/p>\n"},{"acf_fc_layout":"section-news-title","item-title":"","item-content":"<p style=\"text-align: right;\">Rolnictwo z nami to czysta przyjemno\u015b\u0107<br \/>\n<a href=\"mailto:marketing@bednar.com\" target=\"_blank\" rel=\"noopener\">marketing@bednar.com<\/a><br \/>\nBEDNAR FMT s.r.o.<\/p>\n"},{"acf_fc_layout":"section-news-gallery","news-videos":false,"news-photos":[{"ID":471553,"id":471553,"title":"BEDNAR FMT otrzyma\u0142 nagrod\u0119 dla najlepiej Zarzadzanej Czeskiej Firmy.","filename":"img_0861.jpg","filesize":31768,"url":"https:\/\/www.bednar.com\/wp-content\/uploads\/aktuality\/2022\/img_0861.jpg","link":"https:\/\/www.bednar.com\/pl\/blog\/bednar-fmt-otrzymal-nagrode-dla-najlepiej-zarzadzanej-czeskiej-firmy\/img_0861-2\/","alt":"BEDNAR FMT otrzyma\u0142 nagrod\u0119 dla najlepiej Zarzadzanej Czeskiej Firmy.","author":"3","description":"","caption":"","name":"img_0861-2","status":"inherit","uploaded_to":473022,"date":"2022-06-16 07:30:51","modified":"2022-06-28 12:47:09","menu_order":0,"mime_type":"image\/jpeg","type":"image","subtype":"jpeg","icon":"https:\/\/www.bednar.com\/wp-includes\/images\/media\/default.png","width":1030,"height":600,"sizes":{"thumbnail":"https:\/\/www.bednar.com\/wp-content\/uploads\/aktuality\/2022\/img_0861-280x185.jpg","thumbnail-width":280,"thumbnail-height":185,"medium":"https:\/\/www.bednar.com\/wp-content\/uploads\/aktuality\/2022\/img_0861-300x175.jpg","medium-width":300,"medium-height":175,"medium_large":"https:\/\/www.bednar.com\/wp-content\/uploads\/aktuality\/2022\/img_0861-768x447.jpg","medium_large-width":768,"medium_large-height":447,"large":"https:\/\/www.bednar.com\/wp-content\/uploads\/aktuality\/2022\/img_0861-1024x597.jpg","large-width":1024,"large-height":597,"1536x1536":"https:\/\/www.bednar.com\/wp-content\/uploads\/aktuality\/2022\/img_0861.jpg","1536x1536-width":1030,"1536x1536-height":600,"2048x2048":"https:\/\/www.bednar.com\/wp-content\/uploads\/aktuality\/2022\/img_0861.jpg","2048x2048-width":1030,"2048x2048-height":600,"header-thumb":"https:\/\/www.bednar.com\/wp-content\/uploads\/aktuality\/2022\/img_0861.jpg","header-thumb-width":1030,"header-thumb-height":600,"section-thumb":"https:\/\/www.bednar.com\/wp-content\/uploads\/aktuality\/2022\/img_0861-860x480.jpg","section-thumb-width":860,"section-thumb-height":480,"news-thumb":"https:\/\/www.bednar.com\/wp-content\/uploads\/aktuality\/2022\/img_0861-390x315.jpg","news-thumb-width":390,"news-thumb-height":315,"wpcf7-post-image":"https:\/\/www.bednar.com\/wp-content\/uploads\/aktuality\/2022\/img_0861-80x80.jpg","wpcf7-post-image-width":80,"wpcf7-post-image-height":80}},{"ID":471537,"id":471537,"title":"David Ry\u010dl, Dyrektor Marketingu BEDNAR FMT s.r.o., odbiera nagrod\u0119 podczas ceremonii","filename":"52136285311_ac5ab38a59_o.jpg","filesize":55150,"url":"https:\/\/www.bednar.com\/wp-content\/uploads\/aktuality\/2022\/52136285311_ac5ab38a59_o.jpg","link":"https:\/\/www.bednar.com\/pl\/blog\/bednar-fmt-otrzymal-nagrode-dla-najlepiej-zarzadzanej-czeskiej-firmy\/52136285311_ac5ab38a59_o-2\/","alt":"David Ry\u010dl, Dyrektor Marketingu BEDNAR FMT s.r.o., odbiera nagrod\u0119 podczas ceremonii","author":"3","description":"","caption":"","name":"52136285311_ac5ab38a59_o-2","status":"inherit","uploaded_to":473022,"date":"2022-06-16 07:30:48","modified":"2022-08-01 07:57:07","menu_order":0,"mime_type":"image\/jpeg","type":"image","subtype":"jpeg","icon":"https:\/\/www.bednar.com\/wp-includes\/images\/media\/default.png","width":800,"height":533,"sizes":{"thumbnail":"https:\/\/www.bednar.com\/wp-content\/uploads\/aktuality\/2022\/52136285311_ac5ab38a59_o-280x185.jpg","thumbnail-width":280,"thumbnail-height":185,"medium":"https:\/\/www.bednar.com\/wp-content\/uploads\/aktuality\/2022\/52136285311_ac5ab38a59_o-300x200.jpg","medium-width":300,"medium-height":200,"medium_large":"https:\/\/www.bednar.com\/wp-content\/uploads\/aktuality\/2022\/52136285311_ac5ab38a59_o-768x512.jpg","medium_large-width":768,"medium_large-height":512,"large":"https:\/\/www.bednar.com\/wp-content\/uploads\/aktuality\/2022\/52136285311_ac5ab38a59_o.jpg","large-width":800,"large-height":533,"1536x1536":"https:\/\/www.bednar.com\/wp-content\/uploads\/aktuality\/2022\/52136285311_ac5ab38a59_o.jpg","1536x1536-width":800,"1536x1536-height":533,"2048x2048":"https:\/\/www.bednar.com\/wp-content\/uploads\/aktuality\/2022\/52136285311_ac5ab38a59_o.jpg","2048x2048-width":800,"2048x2048-height":533,"header-thumb":"https:\/\/www.bednar.com\/wp-content\/uploads\/aktuality\/2022\/52136285311_ac5ab38a59_o.jpg","header-thumb-width":800,"header-thumb-height":533,"section-thumb":"https:\/\/www.bednar.com\/wp-content\/uploads\/aktuality\/2022\/52136285311_ac5ab38a59_o-800x480.jpg","section-thumb-width":800,"section-thumb-height":480,"news-thumb":"https:\/\/www.bednar.com\/wp-content\/uploads\/aktuality\/2022\/52136285311_ac5ab38a59_o-390x315.jpg","news-thumb-width":390,"news-thumb-height":315,"wpcf7-post-image":"https:\/\/www.bednar.com\/wp-content\/uploads\/aktuality\/2022\/52136285311_ac5ab38a59_o-80x80.jpg","wpcf7-post-image-width":80,"wpcf7-post-image-height":80}},{"ID":471521,"id":471521,"title":"Petr Proch\u00e1zka, Prokurent; David Ry\u010dl, Dyrektor Marektingu i Ji\u0159ina Sou\u010dkov\u00e1, G\u0142\u00f3wny Ekonomista","filename":"52136284421_a0b69a8b22_o.jpg","filesize":59279,"url":"https:\/\/www.bednar.com\/wp-content\/uploads\/aktuality\/2022\/52136284421_a0b69a8b22_o.jpg","link":"https:\/\/www.bednar.com\/pl\/blog\/bednar-fmt-otrzymal-nagrode-dla-najlepiej-zarzadzanej-czeskiej-firmy\/52136284421_a0b69a8b22_o-2\/","alt":"Petr Proch\u00e1zka, Prokurent; David Ry\u010dl, Dyrektor Marektingu i Ji\u0159ina Sou\u010dkov\u00e1, G\u0142\u00f3wny Ekonomista","author":"3","description":"","caption":"","name":"52136284421_a0b69a8b22_o-2","status":"inherit","uploaded_to":473022,"date":"2022-06-16 07:30:45","modified":"2022-08-01 07:57:19","menu_order":0,"mime_type":"image\/jpeg","type":"image","subtype":"jpeg","icon":"https:\/\/www.bednar.com\/wp-includes\/images\/media\/default.png","width":800,"height":533,"sizes":{"thumbnail":"https:\/\/www.bednar.com\/wp-content\/uploads\/aktuality\/2022\/52136284421_a0b69a8b22_o-280x185.jpg","thumbnail-width":280,"thumbnail-height":185,"medium":"https:\/\/www.bednar.com\/wp-content\/uploads\/aktuality\/2022\/52136284421_a0b69a8b22_o-300x200.jpg","medium-width":300,"medium-height":200,"medium_large":"https:\/\/www.bednar.com\/wp-content\/uploads\/aktuality\/2022\/52136284421_a0b69a8b22_o-768x512.jpg","medium_large-width":768,"medium_large-height":512,"large":"https:\/\/www.bednar.com\/wp-content\/uploads\/aktuality\/2022\/52136284421_a0b69a8b22_o.jpg","large-width":800,"large-height":533,"1536x1536":"https:\/\/www.bednar.com\/wp-content\/uploads\/aktuality\/2022\/52136284421_a0b69a8b22_o.jpg","1536x1536-width":800,"1536x1536-height":533,"2048x2048":"https:\/\/www.bednar.com\/wp-content\/uploads\/aktuality\/2022\/52136284421_a0b69a8b22_o.jpg","2048x2048-width":800,"2048x2048-height":533,"header-thumb":"https:\/\/www.bednar.com\/wp-content\/uploads\/aktuality\/2022\/52136284421_a0b69a8b22_o.jpg","header-thumb-width":800,"header-thumb-height":533,"section-thumb":"https:\/\/www.bednar.com\/wp-content\/uploads\/aktuality\/2022\/52136284421_a0b69a8b22_o-800x480.jpg","section-thumb-width":800,"section-thumb-height":480,"news-thumb":"https:\/\/www.bednar.com\/wp-content\/uploads\/aktuality\/2022\/52136284421_a0b69a8b22_o-390x315.jpg","news-thumb-width":390,"news-thumb-height":315,"wpcf7-post-image":"https:\/\/www.bednar.com\/wp-content\/uploads\/aktuality\/2022\/52136284421_a0b69a8b22_o-80x80.jpg","wpcf7-post-image-width":80,"wpcf7-post-image-height":80}}]},{"acf_fc_layout":"section-news-slider-inpost","post-id":false,"disable-slider":false}],"nav-main-cat":false,"nav-sub-cat":false,"_aviaLayoutBuilderCleanData":"","page-type":"other","pageGroup":"","post-new-website":true},"_links":{"self":[{"href":"https:\/\/www.bednar.com\/pl\/wp-json\/wp\/v2\/posts\/473022","targetHints":{"allow":["GET"]}}],"collection":[{"href":"https:\/\/www.bednar.com\/pl\/wp-json\/wp\/v2\/posts"}],"about":[{"href":"https:\/\/www.bednar.com\/pl\/wp-json\/wp\/v2\/types\/post"}],"author":[{"embeddable":true,"href":"https:\/\/www.bednar.com\/pl\/wp-json\/wp\/v2\/users\/3"}],"replies":[{"embeddable":true,"href":"https:\/\/www.bednar.com\/pl\/wp-json\/wp\/v2\/comments?post=473022"}],"version-history":[{"count":3,"href":"https:\/\/www.bednar.com\/pl\/wp-json\/wp\/v2\/posts\/473022\/revisions"}],"predecessor-version":[{"id":473028,"href":"https:\/\/www.bednar.com\/pl\/wp-json\/wp\/v2\/posts\/473022\/revisions\/473028"}],"wp:featuredmedia":[{"embeddable":true,"href":"https:\/\/www.bednar.com\/pl\/wp-json\/wp\/v2\/media\/471521"}],"wp:attachment":[{"href":"https:\/\/www.bednar.com\/pl\/wp-json\/wp\/v2\/media?parent=473022"}],"wp:term":[{"taxonomy":"category","embeddable":true,"href":"https:\/\/www.bednar.com\/pl\/wp-json\/wp\/v2\/categories?post=473022"},{"taxonomy":"post_tag","embeddable":true,"href":"https:\/\/www.bednar.com\/pl\/wp-json\/wp\/v2\/tags?post=473022"}],"curies":[{"name":"wp","href":"https:\/\/api.w.org\/{rel}","templated":true}]}}