{"id":443727,"date":"2022-01-20T13:11:38","date_gmt":"2022-01-20T12:11:38","guid":{"rendered":"https:\/\/www.bednar.com\/blog\/bednar-fmt-uzavira-rok-2021-s-obratem-pres-25-miliard-do-roku-2022-vstupuje-s-odhodlanim-a-radou-vyzev"},"modified":"2022-01-21T09:29:32","modified_gmt":"2022-01-21T08:29:32","slug":"bednar-fmt-uzavira-rok-2021-s-obratem-pres-25-miliard-do-roku-2022-vstupuje-s-odhodlanim-a-radou-vyzev","status":"publish","type":"post","link":"https:\/\/www.bednar.com\/pl\/blog\/bednar-fmt-konczy-rok-2021-z-obrotem-przekraczajacym-miliarda-wkracza-do-roku-2022-z-determinacja-i-kilkoma-wyzwaniami\/","title":{"rendered":"BEDNAR FMT ko\u0144czy rok 2021 z obrotem przekraczaj\u0105cym 2,5 miliarda, wkracza do roku 2022 z determinacj\u0105 i kilkoma wyzwaniami"},"content":{"rendered":"","protected":false},"excerpt":{"rendered":"<p>W tym roku mija 25 lat istnienia BEDNAR FMT. Nasza firma, za\u0142o\u017cona pod nazw\u0105 Strom Export s.r.o. jako firma handlowa kupi\u0142a swoj\u0105 pierwsz\u0105 hal\u0119 produkcyjn\u0105 w Rychnovie nad Kn\u011b\u017enou w 2006 roku. W tym samym roku firma osi\u0105gn\u0119\u0142a obr\u00f3t w wysoko\u015bci 120 milion\u00f3w CZK, zatrudniaj\u0105c oko\u0142o dwudziestu pe\u0142noetatowych pracownik\u00f3w. Do 2006 roku firma by\u0142a \u201ezaledwie\u201d po\u015brednikiem pomi\u0119dzy producentem, a rolnikiem bez zaplecza produkcyjnego, ale z siln\u0105 wizj\u0105 nowoczesnego rolnictwa.<\/p>\n","protected":false},"author":2,"featured_media":443685,"comment_status":"open","ping_status":"open","sticky":false,"template":"","format":"standard","meta":{"_acf_changed":false,"footnotes":""},"categories":[168,364,825,851],"tags":[],"class_list":["post-443727","post","type-post","status-publish","format-standard","has-post-thumbnail","hentry","category-bez-kategorii","category-komunikaty-prasowe","category-od-nas","category-interesujace-fakty"],"acf":{"item-bg":false,"item-bg_kop\u00edrovat":false,"item-bg-mobile":false,"item-youtube":"","item-title":"","fixed-title":"","item-desc":"","item-mach-desc":"","item-mach-config":"","item-mach-down":"","item-align":false,"item-code":"","google-map":"","disable-header":false,"main-content":[{"acf_fc_layout":"section-news-cols","item-cols":[{"item-title":"","item-title-h":"h3","item-photo":"https:\/\/www.bednar.com\/wp-content\/uploads\/aktuality\/2021\/cz\/bednar-fmt-baige-2021-uosius-su-daugiau-nei-25-milijardo-apyvarta-zengia-i-2022-uosius-ryztingai-pasitikdama-kelis-issukius.jpg","item-content":"","item-photo-align":false,"item-content-color":true}]},{"acf_fc_layout":"section-news-title","item-title":"Produkcja to \u017cywy mechanizm. Co nam si\u0119 uda\u0142o i z jakimi pu\u0142apkami poradzi\u0142 sobie nasz zak\u0142ad produkcyjny?","item-content":""},{"acf_fc_layout":"section-news-cols","item-cols":[{"item-title":"","item-title-h":"h3","item-photo":"https:\/\/www.bednar.com\/wp-content\/uploads\/aktuality\/2021\/cz\/areal-vyrob-zavodu-rnk_vi-2020_dji_0976.jpg","item-content":"","item-photo-align":true,"item-content-color":true},{"item-title":"","item-title-h":"h3","item-photo":false,"item-content":"<p><em>Rozw\u00f3j firmy i stale rosn\u0105cy wolumen produkcji wymagaj\u0105 nowych procedur w zarz\u0105dzaniu prac\u0105. W 2021 roku wdro\u017cyli\u015bmy system informacyjno-steruj\u0105cy w zak\u0142adzie produkcyjnym. Znacz\u0105co zwi\u0119kszy\u0142o wydajno\u015b\u0107 i efektywno\u015b\u0107 pracy. Zarz\u0105dzanie tak du\u017c\u0105 liczb\u0105 pracownik\u00f3w i obiekt\u00f3w wymaga systematycznej kontroli. Kierownictwo Sp\u00f3\u0142ki i pracownicy zarz\u0105dzaj\u0105cy otrzymuj\u0105 codzienne raporty z wydajno\u015bci poszczeg\u00f3lnych stanowisk pracy. Na przyk\u0142ad mo\u017cemy rozwi\u0105zywa\u0107 problemy pojawiaj\u0105ce si\u0119 w procesie produkcyjnym i efektywniej planowa\u0107 produkcj\u0119. Naszym priorytetem jest nadal budowa wysokiej jako\u015bci systemu informacyjnego.<\/em><\/p>\n","item-photo-align":true,"item-content-color":true}]},{"acf_fc_layout":"section-news-title","item-title":"","item-content":"<p><em>Uruchomienie magazynu p\u00f3\u0142automatycznego i rozbudowa pozosta\u0142ych zautomatyzowane magazyn\u00f3w \u00a0pionowych by\u0142o wa\u017cnym \u015brodkiem zwi\u0119kszaj\u0105cym wydajno\u015b\u0107 pracy i przyspieszaj\u0105cym poszczeg\u00f3lne etapy produkcji. Dwie trzecie artyku\u0142\u00f3w w ca\u0142kowitej pojemno\u015bci magazynu (poza konstrukcjami ramowymi) jest przechowywanych w technologii p\u00f3\u0142automatycznej lub automatycznej. Rosn\u0105ce zainteresowanie siewnikami OMEGA oraz siewnikami szeroko rozstawnymi EFECTA CE wymusi\u0142o na nas przebudow\u0119 du\u017cej linii monta\u017cowej. Zwi\u0119kszyli\u015bmy ilo\u015b\u0107 stanowisk pracy niezb\u0119dnych przy monta\u017cu maszyn, aby m\u00f3c zaspokoi\u0107 zapotrzebowanie klient\u00f3w.<\/em><\/p>\n"},{"acf_fc_layout":"section-news-cols","item-cols":[{"item-title":"","item-title-h":"h3","item-photo":"https:\/\/www.bednar.com\/wp-content\/uploads\/aktuality\/2021\/cz\/vojtech-bednar_2020_19l6111.jpg","item-content":"","item-photo-align":false,"item-content-color":true},{"item-title":"","item-title-h":"h3","item-photo":false,"item-content":"<p><em>Cieszymy si\u0119, \u017ce BEDNAR FMT jest znany jako obiecuj\u0105cy i stabilny pracodawca w regionie. Znalaz\u0142o to odzwierciedlenie w rekrutacji i zapewnieniu odpowiedniej liczby pracownik\u00f3w na wszystkich szczeblach zak\u0142adu produkcyjnego \u2013 od zawod\u00f3w fizycznych po stanowiska kierownicze. Pod koniec 2021 roku zako\u0144czyli\u015bmy budow\u0119 nowej bramy wjazdowej wraz z zapleczem dla dzia\u0142u spedycji maszyn. Nowa portiernia towarowa to nie tylko reprezentacyjne wej\u015bcie. Wybudowali\u015bmy r\u00f3wnie\u017c obiekt dla kierowc\u00f3w (przebieralnie, prysznice, \u015bwietlica).<\/em><\/p>\n","item-photo-align":false,"item-content-color":true}]},{"acf_fc_layout":"section-news-title","item-title":"","item-content":"<p><em>Jak wi\u0119kszo\u015b\u0107 firm przemys\u0142owych, nasza firma boryka si\u0119 z wieloma problemami, zw\u0142aszcza z ci\u0105g\u0142ymi problemami zwi\u0105zanymi z \u0142a\u0144cuchem dostaw. Zu\u017cycie niekt\u00f3rych artyku\u0142\u00f3w nale\u017cy oszacowa\u0107 i zam\u00f3wi\u0107 z terminem dostawy od dziesi\u0119ciu do szesnastu miesi\u0119cy. Negatywny wp\u0142yw na zysk Sp\u00f3\u0142ki maj\u0105 r\u00f3wnie\u017c rosn\u0105ce ceny dostawc\u00f3w. Dotyczy to g\u0142\u00f3wnie wzrostu cen materia\u0142\u00f3w wsadowych lub braku niekt\u00f3rych materia\u0142\u00f3w hutniczych. Na ceny dostawc\u00f3w wp\u0142yw mia\u0142y r\u00f3wnie\u017c rosn\u0105ce koszty energii i rosn\u0105ce p\u0142ace.<\/em><\/p>\n<p style=\"text-align: right;\">Vojt\u011bch Bedn\u00e1\u0159, Szef Produkcji<\/p>\n"},{"acf_fc_layout":"section-news-title","item-title":"Jak wygl\u0105da\u0142 rok 2021 dla BEDNAR FMT w zakresie handlu i budowy sieci dystrybucji?","item-content":""},{"acf_fc_layout":"section-news-cols","item-cols":[{"item-title":"","item-title-h":"h3","item-photo":"https:\/\/www.bednar.com\/wp-content\/uploads\/aktuality\/2021\/cz\/img_8648_insta.jpg","item-content":"","item-photo-align":true,"item-content-color":false},{"item-title":"","item-title-h":"h3","item-photo":false,"item-content":"<p><em>W 2021 roku BEDNAR FMT zako\u0144czy\u0142 rok gospodarczy rekordowymi obrotem przekraczaj\u0105cymi 2,5 miliarda CZK. W por\u00f3wnaniu do roku 2020 jest to wzrost o 17% i jest to 21-krotno\u015b\u0107 obrot\u00f3w sprzed pi\u0119tnastu lat. Osi\u0105gn\u0119li\u015bmy poziom obrot\u00f3w wiod\u0105cego krajowego producenta ci\u0105gnik\u00f3w i jeste\u015bmy na dobrej drodze, aby sta\u0107 si\u0119 najwi\u0119kszym producentem maszyn rolniczych pod w\u0142asn\u0105 mark\u0105 w Czechach. Do osi\u0105gni\u0119tego w ubieg\u0142ym roku obrotu przyczyni\u0142o si\u0119 \u0142\u0105cznie 450 pracownik\u00f3w.<\/em><\/p>\n<p><em>W ci\u0105gu ostatnich pi\u0119ciu lat BEDNAR FMT sta\u0142 si\u0119 firm\u0105 o sp\u00f3jnym portfolio maszyn do uprawy gleby, siewu, nawo\u017cenia i mulczowania. Maszyny s\u0105 dystrybuowane przez globaln\u0105 sie\u0107 sprzeda\u017cy z dominuj\u0105cymi dealerami Premium, kt\u00f3rzy maj\u0105 jasn\u0105 strategi\u0119 biznesow\u0105 opart\u0105 na maksymalnej dba\u0142o\u015bci o klienta ko\u0144cowego.<\/em><\/p>\n","item-photo-align":true,"item-content-color":true}]},{"acf_fc_layout":"section-news-cols","item-cols":[{"item-title":"","item-title-h":"h3","item-photo":"https:\/\/www.bednar.com\/wp-content\/uploads\/aktuality\/2021\/cz\/jan-bednar_cerven-2020_19l6118_new.jpg","item-content":"","item-photo-align":false,"item-content-color":true},{"item-title":"","item-title-h":"h3","item-photo":false,"item-content":"<p><em>Wska\u017anik sprzeda\u017cy BEDNAR FMT pod wzgl\u0119dem alokacji geograficznej wynosi: 7% w Czechach, 49% w UE (poza Czechami), 35% w krajach Trzeciego \u015awiata, 9% w obu Amerykach, Australii i Nowej Zelandii Naszym d\u0142ugoterminowym celem jest stworzenie silnego trzeciego filaru sprzeda\u017cy na rynkach zagranicznych, kt\u00f3ry przekroczy\u0142by 30% ca\u0142kowitej sprzeda\u017cy poza UE i krajami trzecimi. Po raz kolejny nowy rok 2022 to znaczny wzrost zam\u00f3wie\u0144. W tej chwili zam\u00f3wienia odpowiadaj\u0105 obrotom 3,2 miliarda CZK. <\/em><\/p>\n","item-photo-align":false,"item-content-color":true}]},{"acf_fc_layout":"section-news-video","item-id":"-4fnViEXdZU","item-in-career":false},{"acf_fc_layout":"section-news-title","item-title":"","item-content":"<p style=\"text-align: center;\"><strong>Liczba ta jest dowodem na to, \u017ce odgrywamy znacz\u0105c\u0105 rol\u0119 w bran\u017cy producent\u00f3w maszyn rolniczych, \u017ce maszyny BEDNAR ciesz\u0105 si\u0119 coraz wi\u0119kszym zainteresowaniem klient\u00f3w, a autoryzowani partnerzy handlowi s\u0105 zainteresowani reprezentowaniem maszyn BEDNAR FMT na rynkach lokalnych.<\/strong><\/p>\n<p style=\"text-align: right;\">Jan Bedn\u00e1\u0159, Dyrektor Sprzeda\u017cy<\/p>\n"},{"acf_fc_layout":"sections-buttons-list","sections-buttons-title":false,"item-title":"","buttons":[{"item-button-name":"\u015aci\u0105gnij PDF","item-button-url":"https:\/\/www.bednar.com\/wp-content\/uploads\/obecne-stranky\/press-kit\/tiskove-zpravy-pdf\/bednar-uzavira-rok-2021\/BEDNAR_PRESS_RELEASE_2022_01_BEDNAR_EVALUATION_OF_THE_YEAR_2021_PL.pdf","item-button-url-int":false,"item-button-icon":false,"item-button-target":true,"item-button-scroll":false}]},{"acf_fc_layout":"section-news-title","item-title":"","item-content":"<p style=\"text-align: right;\">Rolnictwo z nami to czysta przyjemno\u015b\u0107.<br \/>\n<a href=\"mailto:marketing@bednar.com\" target=\"_blank\" rel=\"noopener\">marketing@bednar.com<\/a><br \/>\nBEDNAR FMT s.r.o.<\/p>\n"},{"acf_fc_layout":"section-news-gallery","news-videos":false,"news-photos":[{"ID":443763,"id":443763,"title":"BEDNAR FMT ko\u0144czy rok 2021 z obrotem przekraczaj\u0105cym 2,5 miliarda, wkracza do roku 2022 z determinacj\u0105 i kilkoma wyzwaniami","filename":"bednar-fmt-schliest-das-jahr-2021-mit-einem-umsatz-von-uber-25-milliarden-ab-und-geht-mit-entschlossenheit-und-einer-reihe-von-herausforderungen-in-das-jahr-2022.jpg","filesize":134048,"url":"https:\/\/www.bednar.com\/wp-content\/uploads\/aktuality\/bednar-fmt-schliest-das-jahr-2021-mit-einem-umsatz-von-uber-25-milliarden-ab-und-geht-mit-entschlossenheit-und-einer-reihe-von-herausforderungen-in-das-jahr-2022.jpg","link":"https:\/\/www.bednar.com\/pl\/blog\/bednar-fmt-konczy-rok-2021-z-obrotem-przekraczajacym-miliarda-wkracza-do-roku-2022-z-determinacja-i-kilkoma-wyzwaniami\/dsc02044_midres_new-3\/","alt":"BEDNAR FMT ko\u0144czy rok 2021 z obrotem przekraczaj\u0105cym 2,5 miliarda, wkracza do roku 2022 z determinacj\u0105 i kilkoma wyzwaniami","author":"2","description":"","caption":"","name":"dsc02044_midres_new-3","status":"inherit","uploaded_to":443727,"date":"2022-01-20 12:41:35","modified":"2022-01-20 13:22:59","menu_order":0,"mime_type":"image\/jpeg","type":"image","subtype":"jpeg","icon":"https:\/\/www.bednar.com\/wp-includes\/images\/media\/default.png","width":1030,"height":500,"sizes":{"thumbnail":"https:\/\/www.bednar.com\/wp-content\/uploads\/aktuality\/bednar-fmt-schliest-das-jahr-2021-mit-einem-umsatz-von-uber-25-milliarden-ab-und-geht-mit-entschlossenheit-und-einer-reihe-von-herausforderungen-in-das-jahr-2022-280x185.jpg","thumbnail-width":280,"thumbnail-height":185,"medium":"https:\/\/www.bednar.com\/wp-content\/uploads\/aktuality\/bednar-fmt-schliest-das-jahr-2021-mit-einem-umsatz-von-uber-25-milliarden-ab-und-geht-mit-entschlossenheit-und-einer-reihe-von-herausforderungen-in-das-jahr-2022-300x146.jpg","medium-width":300,"medium-height":146,"medium_large":"https:\/\/www.bednar.com\/wp-content\/uploads\/aktuality\/bednar-fmt-schliest-das-jahr-2021-mit-einem-umsatz-von-uber-25-milliarden-ab-und-geht-mit-entschlossenheit-und-einer-reihe-von-herausforderungen-in-das-jahr-2022-768x373.jpg","medium_large-width":768,"medium_large-height":373,"large":"https:\/\/www.bednar.com\/wp-content\/uploads\/aktuality\/bednar-fmt-schliest-das-jahr-2021-mit-einem-umsatz-von-uber-25-milliarden-ab-und-geht-mit-entschlossenheit-und-einer-reihe-von-herausforderungen-in-das-jahr-2022-1024x497.jpg","large-width":1024,"large-height":497,"1536x1536":"https:\/\/www.bednar.com\/wp-content\/uploads\/aktuality\/bednar-fmt-schliest-das-jahr-2021-mit-einem-umsatz-von-uber-25-milliarden-ab-und-geht-mit-entschlossenheit-und-einer-reihe-von-herausforderungen-in-das-jahr-2022.jpg","1536x1536-width":1030,"1536x1536-height":500,"2048x2048":"https:\/\/www.bednar.com\/wp-content\/uploads\/aktuality\/bednar-fmt-schliest-das-jahr-2021-mit-einem-umsatz-von-uber-25-milliarden-ab-und-geht-mit-entschlossenheit-und-einer-reihe-von-herausforderungen-in-das-jahr-2022.jpg","2048x2048-width":1030,"2048x2048-height":500,"header-thumb":"https:\/\/www.bednar.com\/wp-content\/uploads\/aktuality\/bednar-fmt-schliest-das-jahr-2021-mit-einem-umsatz-von-uber-25-milliarden-ab-und-geht-mit-entschlossenheit-und-einer-reihe-von-herausforderungen-in-das-jahr-2022.jpg","header-thumb-width":1030,"header-thumb-height":500,"section-thumb":"https:\/\/www.bednar.com\/wp-content\/uploads\/aktuality\/bednar-fmt-schliest-das-jahr-2021-mit-einem-umsatz-von-uber-25-milliarden-ab-und-geht-mit-entschlossenheit-und-einer-reihe-von-herausforderungen-in-das-jahr-2022-860x480.jpg","section-thumb-width":860,"section-thumb-height":480,"news-thumb":"https:\/\/www.bednar.com\/wp-content\/uploads\/aktuality\/bednar-fmt-schliest-das-jahr-2021-mit-einem-umsatz-von-uber-25-milliarden-ab-und-geht-mit-entschlossenheit-und-einer-reihe-von-herausforderungen-in-das-jahr-2022-390x315.jpg","news-thumb-width":390,"news-thumb-height":315,"wpcf7-post-image":"https:\/\/www.bednar.com\/wp-content\/uploads\/aktuality\/bednar-fmt-schliest-das-jahr-2021-mit-einem-umsatz-von-uber-25-milliarden-ab-und-geht-mit-entschlossenheit-und-einer-reihe-von-herausforderungen-in-das-jahr-2022-80x80.jpg","wpcf7-post-image-width":80,"wpcf7-post-image-height":80}},{"ID":443749,"id":443749,"title":"BEDNAR FMT ko\u0144czy rok 2021 z obrotem przekraczaj\u0105cym 2,5 miliarda, wkracza do roku 2022 z determinacj\u0105 i kilkoma wyzwaniami","filename":"a-bednar-fmt-2021-et-tobb-mint-25-milliardos-forgalommal-zarta-a-2022-es-evet-elszantan-es-szamos-kihivassal-kezdte-meg-a-ceg.jpg","filesize":96829,"url":"https:\/\/www.bednar.com\/wp-content\/uploads\/aktuality\/a-bednar-fmt-2021-et-tobb-mint-25-milliardos-forgalommal-zarta-a-2022-es-evet-elszantan-es-szamos-kihivassal-kezdte-meg-a-ceg.jpg","link":"https:\/\/www.bednar.com\/pl\/blog\/bednar-fmt-konczy-rok-2021-z-obrotem-przekraczajacym-miliarda-wkracza-do-roku-2022-z-determinacja-i-kilkoma-wyzwaniami\/areal-vyrob-zavodu-rnk_vi-2020_dji_0976-2\/","alt":"BEDNAR FMT ko\u0144czy rok 2021 z obrotem przekraczaj\u0105cym 2,5 miliarda, wkracza do roku 2022 z determinacj\u0105 i kilkoma wyzwaniami","author":"2","description":"","caption":"","name":"areal-vyrob-zavodu-rnk_vi-2020_dji_0976-2","status":"inherit","uploaded_to":443727,"date":"2022-01-20 12:41:15","modified":"2022-01-21 08:20:09","menu_order":0,"mime_type":"image\/jpeg","type":"image","subtype":"jpeg","icon":"https:\/\/www.bednar.com\/wp-includes\/images\/media\/default.png","width":800,"height":533,"sizes":{"thumbnail":"https:\/\/www.bednar.com\/wp-content\/uploads\/aktuality\/a-bednar-fmt-2021-et-tobb-mint-25-milliardos-forgalommal-zarta-a-2022-es-evet-elszantan-es-szamos-kihivassal-kezdte-meg-a-ceg-280x185.jpg","thumbnail-width":280,"thumbnail-height":185,"medium":"https:\/\/www.bednar.com\/wp-content\/uploads\/aktuality\/a-bednar-fmt-2021-et-tobb-mint-25-milliardos-forgalommal-zarta-a-2022-es-evet-elszantan-es-szamos-kihivassal-kezdte-meg-a-ceg-300x200.jpg","medium-width":300,"medium-height":200,"medium_large":"https:\/\/www.bednar.com\/wp-content\/uploads\/aktuality\/a-bednar-fmt-2021-et-tobb-mint-25-milliardos-forgalommal-zarta-a-2022-es-evet-elszantan-es-szamos-kihivassal-kezdte-meg-a-ceg-768x512.jpg","medium_large-width":768,"medium_large-height":512,"large":"https:\/\/www.bednar.com\/wp-content\/uploads\/aktuality\/a-bednar-fmt-2021-et-tobb-mint-25-milliardos-forgalommal-zarta-a-2022-es-evet-elszantan-es-szamos-kihivassal-kezdte-meg-a-ceg.jpg","large-width":800,"large-height":533,"1536x1536":"https:\/\/www.bednar.com\/wp-content\/uploads\/aktuality\/a-bednar-fmt-2021-et-tobb-mint-25-milliardos-forgalommal-zarta-a-2022-es-evet-elszantan-es-szamos-kihivassal-kezdte-meg-a-ceg.jpg","1536x1536-width":800,"1536x1536-height":533,"2048x2048":"https:\/\/www.bednar.com\/wp-content\/uploads\/aktuality\/a-bednar-fmt-2021-et-tobb-mint-25-milliardos-forgalommal-zarta-a-2022-es-evet-elszantan-es-szamos-kihivassal-kezdte-meg-a-ceg.jpg","2048x2048-width":800,"2048x2048-height":533,"header-thumb":"https:\/\/www.bednar.com\/wp-content\/uploads\/aktuality\/a-bednar-fmt-2021-et-tobb-mint-25-milliardos-forgalommal-zarta-a-2022-es-evet-elszantan-es-szamos-kihivassal-kezdte-meg-a-ceg.jpg","header-thumb-width":800,"header-thumb-height":533,"section-thumb":"https:\/\/www.bednar.com\/wp-content\/uploads\/aktuality\/a-bednar-fmt-2021-et-tobb-mint-25-milliardos-forgalommal-zarta-a-2022-es-evet-elszantan-es-szamos-kihivassal-kezdte-meg-a-ceg-800x480.jpg","section-thumb-width":800,"section-thumb-height":480,"news-thumb":"https:\/\/www.bednar.com\/wp-content\/uploads\/aktuality\/a-bednar-fmt-2021-et-tobb-mint-25-milliardos-forgalommal-zarta-a-2022-es-evet-elszantan-es-szamos-kihivassal-kezdte-meg-a-ceg-390x315.jpg","news-thumb-width":390,"news-thumb-height":315,"wpcf7-post-image":"https:\/\/www.bednar.com\/wp-content\/uploads\/aktuality\/a-bednar-fmt-2021-et-tobb-mint-25-milliardos-forgalommal-zarta-a-2022-es-evet-elszantan-es-szamos-kihivassal-kezdte-meg-a-ceg-80x80.jpg","wpcf7-post-image-width":80,"wpcf7-post-image-height":80}},{"ID":443805,"id":443805,"title":"BEDNAR FMT ko\u0144czy rok 2021 z obrotem przekraczaj\u0105cym 2,5 miliarda, wkracza do roku 2022 z determinacj\u0105 i kilkoma wyzwaniami","filename":"bednar-fmt-konczy-rok-2021-z-obrotem-przekraczajacym-25-miliarda-wkracza-do-roku-2022-z-determinacja-i-kilkoma-wyzwaniami.jpg","filesize":86744,"url":"https:\/\/www.bednar.com\/wp-content\/uploads\/aktuality\/bednar-fmt-konczy-rok-2021-z-obrotem-przekraczajacym-25-miliarda-wkracza-do-roku-2022-z-determinacja-i-kilkoma-wyzwaniami.jpg","link":"https:\/\/www.bednar.com\/pl\/blog\/bednar-fmt-konczy-rok-2021-z-obrotem-przekraczajacym-miliarda-wkracza-do-roku-2022-z-determinacja-i-kilkoma-wyzwaniami\/vojtech-bednar_2020_19l6111-3\/","alt":"\u0411\u0415\u0414\u041d\u0410\u0420 \u0424\u041c\u0422 \u043f\u0440\u0438\u043a\u043b\u044e\u0447\u0432\u0430 2021 \u0433. \u0441 \u041e\u0431\u043e\u0440\u043e\u0442 \u043d\u0430 2.5 \u043c\u0438\u043b\u0438\u0430\u0440\u0434\u0430, \u0412\u043b\u0438\u0437\u0430\u0439\u043a\u0438 \u0432 2022 \u0433. \u0441 \u0420\u0435\u0448\u0438\u0442\u0435\u043b\u043d\u043e\u0441\u0442 \u0438 \u041d\u044f\u043a\u043e\u043b\u043a\u043e \u041f\u0440\u0435\u0434\u0438\u0437\u0432\u0438\u043a\u0430\u0442\u0435\u043b\u0441\u0442\u0432\u0430","author":"2","description":"","caption":"","name":"vojtech-bednar_2020_19l6111-3","status":"inherit","uploaded_to":443727,"date":"2022-01-20 12:42:29","modified":"2022-01-20 13:47:39","menu_order":0,"mime_type":"image\/jpeg","type":"image","subtype":"jpeg","icon":"https:\/\/www.bednar.com\/wp-includes\/images\/media\/default.png","width":800,"height":533,"sizes":{"thumbnail":"https:\/\/www.bednar.com\/wp-content\/uploads\/aktuality\/bednar-fmt-konczy-rok-2021-z-obrotem-przekraczajacym-25-miliarda-wkracza-do-roku-2022-z-determinacja-i-kilkoma-wyzwaniami-280x185.jpg","thumbnail-width":280,"thumbnail-height":185,"medium":"https:\/\/www.bednar.com\/wp-content\/uploads\/aktuality\/bednar-fmt-konczy-rok-2021-z-obrotem-przekraczajacym-25-miliarda-wkracza-do-roku-2022-z-determinacja-i-kilkoma-wyzwaniami-300x200.jpg","medium-width":300,"medium-height":200,"medium_large":"https:\/\/www.bednar.com\/wp-content\/uploads\/aktuality\/bednar-fmt-konczy-rok-2021-z-obrotem-przekraczajacym-25-miliarda-wkracza-do-roku-2022-z-determinacja-i-kilkoma-wyzwaniami-768x512.jpg","medium_large-width":768,"medium_large-height":512,"large":"https:\/\/www.bednar.com\/wp-content\/uploads\/aktuality\/bednar-fmt-konczy-rok-2021-z-obrotem-przekraczajacym-25-miliarda-wkracza-do-roku-2022-z-determinacja-i-kilkoma-wyzwaniami.jpg","large-width":800,"large-height":533,"1536x1536":"https:\/\/www.bednar.com\/wp-content\/uploads\/aktuality\/bednar-fmt-konczy-rok-2021-z-obrotem-przekraczajacym-25-miliarda-wkracza-do-roku-2022-z-determinacja-i-kilkoma-wyzwaniami.jpg","1536x1536-width":800,"1536x1536-height":533,"2048x2048":"https:\/\/www.bednar.com\/wp-content\/uploads\/aktuality\/bednar-fmt-konczy-rok-2021-z-obrotem-przekraczajacym-25-miliarda-wkracza-do-roku-2022-z-determinacja-i-kilkoma-wyzwaniami.jpg","2048x2048-width":800,"2048x2048-height":533,"header-thumb":"https:\/\/www.bednar.com\/wp-content\/uploads\/aktuality\/bednar-fmt-konczy-rok-2021-z-obrotem-przekraczajacym-25-miliarda-wkracza-do-roku-2022-z-determinacja-i-kilkoma-wyzwaniami.jpg","header-thumb-width":800,"header-thumb-height":533,"section-thumb":"https:\/\/www.bednar.com\/wp-content\/uploads\/aktuality\/bednar-fmt-konczy-rok-2021-z-obrotem-przekraczajacym-25-miliarda-wkracza-do-roku-2022-z-determinacja-i-kilkoma-wyzwaniami-800x480.jpg","section-thumb-width":800,"section-thumb-height":480,"news-thumb":"https:\/\/www.bednar.com\/wp-content\/uploads\/aktuality\/bednar-fmt-konczy-rok-2021-z-obrotem-przekraczajacym-25-miliarda-wkracza-do-roku-2022-z-determinacja-i-kilkoma-wyzwaniami-390x315.jpg","news-thumb-width":390,"news-thumb-height":315,"wpcf7-post-image":"https:\/\/www.bednar.com\/wp-content\/uploads\/aktuality\/bednar-fmt-konczy-rok-2021-z-obrotem-przekraczajacym-25-miliarda-wkracza-do-roku-2022-z-determinacja-i-kilkoma-wyzwaniami-80x80.jpg","wpcf7-post-image-width":80,"wpcf7-post-image-height":80}},{"ID":443791,"id":443791,"title":"Jan-Bednar_cerven-2020_19L6118_new","filename":"bednar-fmt-concludes-2021-with-turnover-over-25-billion-entering-2022-with-determination-and-several-challenges.jpg","filesize":73116,"url":"https:\/\/www.bednar.com\/wp-content\/uploads\/aktuality\/bednar-fmt-concludes-2021-with-turnover-over-25-billion-entering-2022-with-determination-and-several-challenges.jpg","link":"https:\/\/www.bednar.com\/pl\/blog\/bednar-fmt-konczy-rok-2021-z-obrotem-przekraczajacym-miliarda-wkracza-do-roku-2022-z-determinacja-i-kilkoma-wyzwaniami\/jan-bednar_cerven-2020_19l6118_new-3\/","alt":"\u0411\u0415\u0414\u041d\u0410\u0420 \u0424\u041c\u0422 \u043f\u0440\u0438\u043a\u043b\u044e\u0447\u0432\u0430 2021 \u0433. \u0441 \u041e\u0431\u043e\u0440\u043e\u0442 \u043d\u0430 2.5 \u043c\u0438\u043b\u0438\u0430\u0440\u0434\u0430, \u0412\u043b\u0438\u0437\u0430\u0439\u043a\u0438 \u0432 2022 \u0433. \u0441 \u0420\u0435\u0448\u0438\u0442\u0435\u043b\u043d\u043e\u0441\u0442 \u0438 \u041d\u044f\u043a\u043e\u043b\u043a\u043e \u041f\u0440\u0435\u0434\u0438\u0437\u0432\u0438\u043a\u0430\u0442\u0435\u043b\u0441\u0442\u0432\u0430","author":"2","description":"","caption":"","name":"jan-bednar_cerven-2020_19l6118_new-3","status":"inherit","uploaded_to":443727,"date":"2022-01-20 12:42:11","modified":"2022-01-20 12:42:51","menu_order":0,"mime_type":"image\/jpeg","type":"image","subtype":"jpeg","icon":"https:\/\/www.bednar.com\/wp-includes\/images\/media\/default.png","width":800,"height":533,"sizes":{"thumbnail":"https:\/\/www.bednar.com\/wp-content\/uploads\/aktuality\/bednar-fmt-concludes-2021-with-turnover-over-25-billion-entering-2022-with-determination-and-several-challenges-280x185.jpg","thumbnail-width":280,"thumbnail-height":185,"medium":"https:\/\/www.bednar.com\/wp-content\/uploads\/aktuality\/bednar-fmt-concludes-2021-with-turnover-over-25-billion-entering-2022-with-determination-and-several-challenges-300x200.jpg","medium-width":300,"medium-height":200,"medium_large":"https:\/\/www.bednar.com\/wp-content\/uploads\/aktuality\/bednar-fmt-concludes-2021-with-turnover-over-25-billion-entering-2022-with-determination-and-several-challenges-768x512.jpg","medium_large-width":768,"medium_large-height":512,"large":"https:\/\/www.bednar.com\/wp-content\/uploads\/aktuality\/bednar-fmt-concludes-2021-with-turnover-over-25-billion-entering-2022-with-determination-and-several-challenges.jpg","large-width":800,"large-height":533,"1536x1536":"https:\/\/www.bednar.com\/wp-content\/uploads\/aktuality\/bednar-fmt-concludes-2021-with-turnover-over-25-billion-entering-2022-with-determination-and-several-challenges.jpg","1536x1536-width":800,"1536x1536-height":533,"2048x2048":"https:\/\/www.bednar.com\/wp-content\/uploads\/aktuality\/bednar-fmt-concludes-2021-with-turnover-over-25-billion-entering-2022-with-determination-and-several-challenges.jpg","2048x2048-width":800,"2048x2048-height":533,"header-thumb":"https:\/\/www.bednar.com\/wp-content\/uploads\/aktuality\/bednar-fmt-concludes-2021-with-turnover-over-25-billion-entering-2022-with-determination-and-several-challenges.jpg","header-thumb-width":800,"header-thumb-height":533,"section-thumb":"https:\/\/www.bednar.com\/wp-content\/uploads\/aktuality\/bednar-fmt-concludes-2021-with-turnover-over-25-billion-entering-2022-with-determination-and-several-challenges-800x480.jpg","section-thumb-width":800,"section-thumb-height":480,"news-thumb":"https:\/\/www.bednar.com\/wp-content\/uploads\/aktuality\/bednar-fmt-concludes-2021-with-turnover-over-25-billion-entering-2022-with-determination-and-several-challenges-390x315.jpg","news-thumb-width":390,"news-thumb-height":315,"wpcf7-post-image":"https:\/\/www.bednar.com\/wp-content\/uploads\/aktuality\/bednar-fmt-concludes-2021-with-turnover-over-25-billion-entering-2022-with-determination-and-several-challenges-80x80.jpg","wpcf7-post-image-width":80,"wpcf7-post-image-height":80}},{"ID":443777,"id":443777,"title":"IMG_8648_insta","filename":"bednar-fmt-noterer-en-omsaetning-pa-over-25-mia-for-2021-starter-2022-med-fokus-og-en-raekke-udfordringer.jpg","filesize":105552,"url":"https:\/\/www.bednar.com\/wp-content\/uploads\/aktuality\/bednar-fmt-noterer-en-omsaetning-pa-over-25-mia-for-2021-starter-2022-med-fokus-og-en-raekke-udfordringer.jpg","link":"https:\/\/www.bednar.com\/pl\/blog\/bednar-fmt-konczy-rok-2021-z-obrotem-przekraczajacym-miliarda-wkracza-do-roku-2022-z-determinacja-i-kilkoma-wyzwaniami\/img_8648_insta-3\/","alt":"\u0411\u0415\u0414\u041d\u0410\u0420 \u0424\u041c\u0422 \u043f\u0440\u0438\u043a\u043b\u044e\u0447\u0432\u0430 2021 \u0433. \u0441 \u041e\u0431\u043e\u0440\u043e\u0442 \u043d\u0430 2.5 \u043c\u0438\u043b\u0438\u0430\u0440\u0434\u0430, \u0412\u043b\u0438\u0437\u0430\u0439\u043a\u0438 \u0432 2022 \u0433. \u0441 \u0420\u0435\u0448\u0438\u0442\u0435\u043b\u043d\u043e\u0441\u0442 \u0438 \u041d\u044f\u043a\u043e\u043b\u043a\u043e \u041f\u0440\u0435\u0434\u0438\u0437\u0432\u0438\u043a\u0430\u0442\u0435\u043b\u0441\u0442\u0432\u0430","author":"2","description":"","caption":"","name":"img_8648_insta-3","status":"inherit","uploaded_to":443727,"date":"2022-01-20 12:41:53","modified":"2022-01-20 12:42:34","menu_order":0,"mime_type":"image\/jpeg","type":"image","subtype":"jpeg","icon":"https:\/\/www.bednar.com\/wp-includes\/images\/media\/default.png","width":800,"height":533,"sizes":{"thumbnail":"https:\/\/www.bednar.com\/wp-content\/uploads\/aktuality\/bednar-fmt-noterer-en-omsaetning-pa-over-25-mia-for-2021-starter-2022-med-fokus-og-en-raekke-udfordringer-280x185.jpg","thumbnail-width":280,"thumbnail-height":185,"medium":"https:\/\/www.bednar.com\/wp-content\/uploads\/aktuality\/bednar-fmt-noterer-en-omsaetning-pa-over-25-mia-for-2021-starter-2022-med-fokus-og-en-raekke-udfordringer-300x200.jpg","medium-width":300,"medium-height":200,"medium_large":"https:\/\/www.bednar.com\/wp-content\/uploads\/aktuality\/bednar-fmt-noterer-en-omsaetning-pa-over-25-mia-for-2021-starter-2022-med-fokus-og-en-raekke-udfordringer-768x512.jpg","medium_large-width":768,"medium_large-height":512,"large":"https:\/\/www.bednar.com\/wp-content\/uploads\/aktuality\/bednar-fmt-noterer-en-omsaetning-pa-over-25-mia-for-2021-starter-2022-med-fokus-og-en-raekke-udfordringer.jpg","large-width":800,"large-height":533,"1536x1536":"https:\/\/www.bednar.com\/wp-content\/uploads\/aktuality\/bednar-fmt-noterer-en-omsaetning-pa-over-25-mia-for-2021-starter-2022-med-fokus-og-en-raekke-udfordringer.jpg","1536x1536-width":800,"1536x1536-height":533,"2048x2048":"https:\/\/www.bednar.com\/wp-content\/uploads\/aktuality\/bednar-fmt-noterer-en-omsaetning-pa-over-25-mia-for-2021-starter-2022-med-fokus-og-en-raekke-udfordringer.jpg","2048x2048-width":800,"2048x2048-height":533,"header-thumb":"https:\/\/www.bednar.com\/wp-content\/uploads\/aktuality\/bednar-fmt-noterer-en-omsaetning-pa-over-25-mia-for-2021-starter-2022-med-fokus-og-en-raekke-udfordringer.jpg","header-thumb-width":800,"header-thumb-height":533,"section-thumb":"https:\/\/www.bednar.com\/wp-content\/uploads\/aktuality\/bednar-fmt-noterer-en-omsaetning-pa-over-25-mia-for-2021-starter-2022-med-fokus-og-en-raekke-udfordringer-800x480.jpg","section-thumb-width":800,"section-thumb-height":480,"news-thumb":"https:\/\/www.bednar.com\/wp-content\/uploads\/aktuality\/bednar-fmt-noterer-en-omsaetning-pa-over-25-mia-for-2021-starter-2022-med-fokus-og-en-raekke-udfordringer-390x315.jpg","news-thumb-width":390,"news-thumb-height":315,"wpcf7-post-image":"https:\/\/www.bednar.com\/wp-content\/uploads\/aktuality\/bednar-fmt-noterer-en-omsaetning-pa-over-25-mia-for-2021-starter-2022-med-fokus-og-en-raekke-udfordringer-80x80.jpg","wpcf7-post-image-width":80,"wpcf7-post-image-height":80}}]},{"acf_fc_layout":"section-news-slider-inpost","post-id":false,"disable-slider":false}],"nav-main-cat":false,"nav-sub-cat":false,"_aviaLayoutBuilderCleanData":"","page-type":"other","pageGroup":"","post-new-website":true},"_links":{"self":[{"href":"https:\/\/www.bednar.com\/pl\/wp-json\/wp\/v2\/posts\/443727","targetHints":{"allow":["GET"]}}],"collection":[{"href":"https:\/\/www.bednar.com\/pl\/wp-json\/wp\/v2\/posts"}],"about":[{"href":"https:\/\/www.bednar.com\/pl\/wp-json\/wp\/v2\/types\/post"}],"author":[{"embeddable":true,"href":"https:\/\/www.bednar.com\/pl\/wp-json\/wp\/v2\/users\/2"}],"replies":[{"embeddable":true,"href":"https:\/\/www.bednar.com\/pl\/wp-json\/wp\/v2\/comments?post=443727"}],"version-history":[{"count":4,"href":"https:\/\/www.bednar.com\/pl\/wp-json\/wp\/v2\/posts\/443727\/revisions"}],"predecessor-version":[{"id":443927,"href":"https:\/\/www.bednar.com\/pl\/wp-json\/wp\/v2\/posts\/443727\/revisions\/443927"}],"wp:featuredmedia":[{"embeddable":true,"href":"https:\/\/www.bednar.com\/pl\/wp-json\/wp\/v2\/media\/443685"}],"wp:attachment":[{"href":"https:\/\/www.bednar.com\/pl\/wp-json\/wp\/v2\/media?parent=443727"}],"wp:term":[{"taxonomy":"category","embeddable":true,"href":"https:\/\/www.bednar.com\/pl\/wp-json\/wp\/v2\/categories?post=443727"},{"taxonomy":"post_tag","embeddable":true,"href":"https:\/\/www.bednar.com\/pl\/wp-json\/wp\/v2\/tags?post=443727"}],"curies":[{"name":"wp","href":"https:\/\/api.w.org\/{rel}","templated":true}]}}