{"id":380144,"date":"2015-07-10T00:00:00","date_gmt":"2015-07-09T22:00:00","guid":{"rendered":"https:\/\/www.bednar.com\/blog\/row-master-rn5400-w-p-p-h-u-agro-beta"},"modified":"2021-11-04T12:04:28","modified_gmt":"2021-11-04T11:04:28","slug":"row-master-rn5400-w-p-p-h-u-agro-beta","status":"publish","type":"post","link":"https:\/\/www.bednar.com\/pl\/blog\/row-master-rn5400-w-p-p-h-u-agro-beta\/","title":{"rendered":"ROW-MASTER RN5400 w P.P.H.U. AGRO-BETA"},"content":{"rendered":"\n<div class=\"post-section\" style=\"background-image: url();\"><\/div>\n<div class=\"one-full-section\"><br \/>\n<br \/>\n<\/div>\n<div class=\"hr-section\"><\/div>\n<div class=\"post-section\" style=\"background-image: url();\">\n\n<p><\/div><p class=\"awesome-textblock\"><\/p>\n<h2>D\u0142ugo oczekiwane pokazy polowe ROW-MASTER RN5400 w P.P.H.U. AGRO-BETA Skarszyn Sp\u00f3\u0142ka powsta\u0142a 5.04.1993r., dzia\u0142alno\u015b\u0107 rozpocz\u0119\u0142a 1.03.1994r. Podstaw\u0105 dzia\u0142alno\u015bci firmy jest produkcja rolna tj. uprawa zb\u00f3\u017c, rzepaku i burak\u00f3w cukrowych. Ponadto firma \u015bwiadczy us\u0142ugi rolnicze, g\u0142\u00f3wnie siewy i wykopki burak\u00f3w cukrowych. Pielniki prezentowali\u015bmy wsp\u00f3lnie z Dealerem Agroserwis Krotoszyn W ko\u0144cu mo\u017cemy zast\u0105pi\u0107 star\u0105 maszyn\u0119 r\u0119cznie regulowan\u0105 na jednoosobow\u0105 obs\u0142ug\u0119.<\/h2>\n<p><\/p><\/p>\n<div class=\"hr-section\"><\/div>\n<div class=\"one-half-section\">\n<img decoding=\"async\" src=\"https:\/\/news.bednar.com\/wp-content\/uploads\/2015\/07\/ROW-MASTER-RN5400-w-P.P.H.U.-AGRO-BETA-8.jpg\" alt=\"\">\n<p><\/div><div class=\"one-half-section\"><\/p>\n<img decoding=\"async\" src=\"https:\/\/news.bednar.com\/wp-content\/uploads\/2015\/07\/ROW-MASTER-RN5400-w-P.P.H.U.-AGRO-BETA-5.jpg\" alt=\"\">\n<p><\/div><div class=\"hr-section\"><\/div><\/p>\n<p class=\"\"><\/p>\n<div align=\"justify\">\n<p style=\"text-align: right;\">Tomasz Danek<br \/>\n<a href=\"mailto:%74%6f%6d%61%73%7a.%64%61%6e%65%6b@%62%65%64%6e%61%72%66%6d%74.%63%6f%6d\">tomasz.danek@bednarfmt.com<\/a><br \/>\n+48 601 061 999<\/p>\n<div>\n<div>\n<div><\/div>\n<\/div>\n<\/div>\n<div>\n<div>\n<div><\/div>\n<\/div>\n<\/div>\n<\/div>\n<div align=\"justify\">\n<div>\n<div>\n<div><\/div>\n<\/div>\n<\/div>\n<\/div>\n<div>\n<div>\n<div><\/div>\n<\/div>\n<\/div>\n<div>\n<div>\n<div><\/div>\n<\/div>\n<\/div>\n<p><\/p>\n<div class=\"hr-section\"><\/div>\n<h2>ZDJ\u0118CIE<\/h2>\n<div class=\"hr-section\"><\/div>\n\n<div class=\"hr-section\"><\/div>\n\n","protected":false},"excerpt":{"rendered":"<p>D\u0142ugo oczekiwane pokazy polowe ROW-MASTER RN5400 w P.P.H.U. AGRO-BETA Skarszyn Sp\u00f3\u0142ka powsta\u0142a 5.04.1993r., dzia\u0142alno\u015b\u0107 rozpocz\u0119\u0142a 1.03.1994r. Podstaw\u0105 dzia\u0142alno\u015bci firmy jest produkcja rolna tj. uprawa zb\u00f3\u017c, rzepaku i burak\u00f3w cukrowych. Ponadto firma \u015bwiadczy us\u0142ugi rolnicze, g\u0142\u00f3wnie siewy i wykopki burak\u00f3w cukrowych. Pielniki prezentowali\u015bmy wsp\u00f3lnie z Dealerem Agroserwis Krotoszyn W ko\u0144cu mo\u017cemy zast\u0105pi\u0107 star\u0105 maszyn\u0119 r\u0119cznie regulowan\u0105 na jednoosobow\u0105 obs\u0142ug\u0119.<\/p>\n","protected":false},"author":1,"featured_media":380641,"comment_status":"open","ping_status":"open","sticky":false,"template":"","format":"standard","meta":{"_acf_changed":false,"footnotes":""},"categories":[373,382,839],"tags":[],"class_list":["post-380144","post","type-post","status-publish","format-standard","has-post-thumbnail","hentry","category-row-master-rn-pl","category-row-master-rn_s-pl","category-z-twoich-pol"],"acf":{"item-bg":false,"item-bg_kop\u00edrovat":false,"item-bg-mobile":false,"item-youtube":"","item-title":"","fixed-title":"","item-desc":"","item-mach-desc":"","item-mach-config":"","item-mach-down":"","item-align":false,"item-code":"","google-map":"","disable-header":false,"main-content":false,"nav-main-cat":false,"nav-sub-cat":false,"_aviaLayoutBuilderCleanData":"","page-type":"","pageGroup":"","post-new-website":false},"_links":{"self":[{"href":"https:\/\/www.bednar.com\/pl\/wp-json\/wp\/v2\/posts\/380144","targetHints":{"allow":["GET"]}}],"collection":[{"href":"https:\/\/www.bednar.com\/pl\/wp-json\/wp\/v2\/posts"}],"about":[{"href":"https:\/\/www.bednar.com\/pl\/wp-json\/wp\/v2\/types\/post"}],"author":[{"embeddable":true,"href":"https:\/\/www.bednar.com\/pl\/wp-json\/wp\/v2\/users\/1"}],"replies":[{"embeddable":true,"href":"https:\/\/www.bednar.com\/pl\/wp-json\/wp\/v2\/comments?post=380144"}],"version-history":[{"count":1,"href":"https:\/\/www.bednar.com\/pl\/wp-json\/wp\/v2\/posts\/380144\/revisions"}],"predecessor-version":[{"id":380640,"href":"https:\/\/www.bednar.com\/pl\/wp-json\/wp\/v2\/posts\/380144\/revisions\/380640"}],"wp:featuredmedia":[{"embeddable":true,"href":"https:\/\/www.bednar.com\/pl\/wp-json\/wp\/v2\/media\/380641"}],"wp:attachment":[{"href":"https:\/\/www.bednar.com\/pl\/wp-json\/wp\/v2\/media?parent=380144"}],"wp:term":[{"taxonomy":"category","embeddable":true,"href":"https:\/\/www.bednar.com\/pl\/wp-json\/wp\/v2\/categories?post=380144"},{"taxonomy":"post_tag","embeddable":true,"href":"https:\/\/www.bednar.com\/pl\/wp-json\/wp\/v2\/tags?post=380144"}],"curies":[{"name":"wp","href":"https:\/\/api.w.org\/{rel}","templated":true}]}}