{"id":584944,"date":"2024-10-31T14:38:24","date_gmt":"2024-10-31T13:38:24","guid":{"rendered":"https:\/\/www.bednar.com\/it\/blog\/stroje-bednar-nyni-s-dvouletou-tovarni-zarukou-bez-omezeni-zpracovanych-hektaru\/"},"modified":"2024-10-29T15:19:32","modified_gmt":"2024-10-29T14:19:32","slug":"stroje-bednar-nyni-s-dvouletou-tovarni-zarukou-bez-omezeni-zpracovanych-hektaru","status":"publish","type":"post","link":"https:\/\/www.bednar.com\/it\/blog\/macchine-bednar-ora-con-una-garanzia-di-fabbrica-di-due-anni-senza-limiti-di-ettari-lavorati\/","title":{"rendered":"MACCHINE BEDNAR: ORA, CON UNA GARANZIA DI FABBRICA DI DUE ANNI SENZA LIMITI DI ETTARI LAVORATI"},"content":{"rendered":"","protected":false},"excerpt":{"rendered":"<p>La qualit\u00e0 dei nostri prodotti \u00e8 testimoniata dal fatto che le macchine BEDNAR hanno offerto prestazioni eccellenti con qualsiasi condizione del terreno, metodo di coltivazione e specificit\u00e0 di ogni continente. Come bonus, ora offriamo ai clienti una garanzia di fabbrica di due anni sulle nuove macchine del nostro portafoglio completo di prodotti.<\/p>\n","protected":false},"author":14,"featured_media":584927,"comment_status":"closed","ping_status":"closed","sticky":false,"template":"","format":"standard","meta":{"_acf_changed":false,"footnotes":""},"categories":[219,546,823,849],"tags":[],"class_list":["post-584944","post","type-post","status-publish","format-standard","has-post-thumbnail","hentry","category-non-categorizzato","category-chi-siamo","category-da-noi","category-fatti-interessanti"],"acf":{"item-bg":false,"item-bg_kop\u00edrovat":false,"item-bg-mobile":false,"item-youtube":"","item-title":"","fixed-title":"","item-desc":"","item-mach-desc":"","item-mach-config":"","item-mach-down":"","item-align":false,"item-code":"","google-map":"","disable-header":false,"main-content":[{"acf_fc_layout":"section-news-cols","item-cols":[{"item-title":"","item-title-h":"h3","item-photo":"https:\/\/www.bednar.com\/wp-content\/uploads\/aktuality\/2024\/cz\/bedanr-2-years-warranty.jpg","item-content":"","item-photo-align":false,"item-content-color":false}]},{"acf_fc_layout":"section-news-title","item-title":"La garanzia di fabbrica di due anni \u00e8 il nostro impegno a garantire ai nostri clienti la massima qualit\u00e0 delle macchine BEDNAR ","item-content":"<p><em>&#8220;Sappiamo che la scelta di una nuova macchina non \u00e8 semplice. Esistono diverse soluzioni concorrenti sul mercato. Essendo sempre a stretto contatto con i nostri clienti, consideriamo le loro esigenze come decisive per la scelta di una nuova macchina. La qualit\u00e0 delle macchine e dei singoli componenti rimane fondamentale per loro. Poich\u00e9 la nostra azienda \u00e8 certa della qualit\u00e0 delle macchine che produciamo, abbiamo deciso di convincere di ci\u00f2 anche i nostri clienti con una <a href=\"https:\/\/www.bednar.com\/it\/garanzia-di-fabbrica-di-due-anni\/\">garanzia di fabbrica di due anni<\/a>&#8220;<\/em>, afferma David Cholensk\u00fd, responsabile del reparto assistenza dell&#8217;azienda BEDNAR FMT.<\/p>\n<p>La garanzia di fabbrica di due anni sar\u00e0 lanciata il 1\u00b0 novembre 2024 e si applicher\u00e0 all&#8217;intero portafoglio di macchine BEDNAR. <\/p>\n"},{"acf_fc_layout":"section-news-title","item-title":"","item-content":"<p><em>&#8220;Credo nella qualit\u00e0 delle nostre macchine e nella raffinatezza delle soluzioni tecniche di BEDNAR, che ci permettono di offrire una garanzia di fabbrica di due anni e di soddisfare cos\u00ec le esigenze dei nostri clienti premium&#8221;<\/em>, Ladislav Bedn\u00e1\u0159, proprietario dell&#8217;azienda.<\/p>\n"},{"acf_fc_layout":"section-news-cols","item-cols":[{"item-title":"","item-title-h":"h3","item-photo":"https:\/\/www.bednar.com\/wp-content\/uploads\/obecne-stranky\/2_years_warranty\/two_year_warranty-1.jpg","item-content":"","item-photo-align":false,"item-content-color":false}]},{"acf_fc_layout":"section-news-title","item-title":"","item-content":"<p>La qualit\u00e0 dei materiali, dei componenti e delle macchine risultanti \u00e8 sempre stata importante per noi. Il lancio vero e proprio della macchina \u00e8 preceduto da un&#8217;impegnativa selezione dei fornitori, dal loro controllo continuo, dal collaudo delle parti, fino al collaudo finale della macchina nel suo complesso, che avviene in diverse condizioni di terreno e atmosferiche per garantire che il prodotto finale soddisfi i nostri requisiti di qualit\u00e0.<\/p>\n"},{"acf_fc_layout":"section-news-title","item-title":"","item-content":"<p style=\"text-align: right;\">JOY OF FARMING<br \/>\n<a href=\"mailto:marketing@bednar.com\" target=\"_blank\" rel=\"noopener\">marketing@bednar.com<\/a><br \/>\nBEDNAR FMT s.r.o.<\/p>\n"}],"nav-main-cat":false,"nav-sub-cat":false,"_aviaLayoutBuilderCleanData":"","page-type":"other","pageGroup":"","post-new-website":true},"_links":{"self":[{"href":"https:\/\/www.bednar.com\/it\/wp-json\/wp\/v2\/posts\/584944","targetHints":{"allow":["GET"]}}],"collection":[{"href":"https:\/\/www.bednar.com\/it\/wp-json\/wp\/v2\/posts"}],"about":[{"href":"https:\/\/www.bednar.com\/it\/wp-json\/wp\/v2\/types\/post"}],"author":[{"embeddable":true,"href":"https:\/\/www.bednar.com\/it\/wp-json\/wp\/v2\/users\/14"}],"replies":[{"embeddable":true,"href":"https:\/\/www.bednar.com\/it\/wp-json\/wp\/v2\/comments?post=584944"}],"version-history":[{"count":2,"href":"https:\/\/www.bednar.com\/it\/wp-json\/wp\/v2\/posts\/584944\/revisions"}],"predecessor-version":[{"id":584960,"href":"https:\/\/www.bednar.com\/it\/wp-json\/wp\/v2\/posts\/584944\/revisions\/584960"}],"wp:featuredmedia":[{"embeddable":true,"href":"https:\/\/www.bednar.com\/it\/wp-json\/wp\/v2\/media\/584927"}],"wp:attachment":[{"href":"https:\/\/www.bednar.com\/it\/wp-json\/wp\/v2\/media?parent=584944"}],"wp:term":[{"taxonomy":"category","embeddable":true,"href":"https:\/\/www.bednar.com\/it\/wp-json\/wp\/v2\/categories?post=584944"},{"taxonomy":"post_tag","embeddable":true,"href":"https:\/\/www.bednar.com\/it\/wp-json\/wp\/v2\/tags?post=584944"}],"curies":[{"name":"wp","href":"https:\/\/api.w.org\/{rel}","templated":true}]}}