{"id":495681,"date":"2022-10-27T09:37:17","date_gmt":"2022-10-27T07:37:17","guid":{"rendered":"https:\/\/www.bednar.com\/it\/blog\/"},"modified":"2022-10-27T09:42:36","modified_gmt":"2022-10-27T07:42:36","slug":"il-marchio-bednar-sara-nuovamente-presentato-alla-fiera-internazionale-eima","status":"publish","type":"post","link":"https:\/\/www.bednar.com\/it\/blog\/il-marchio-bednar-sara-nuovamente-presentato-alla-fiera-internazionale-eima\/","title":{"rendered":"Il marchio BEDNAR sar\u00e0 nuovamente presentato alla fiera internazionale EIMA"},"content":{"rendered":"","protected":false},"excerpt":{"rendered":"<p>Ancora una volta, l&#8217;EIMA International Exhibition si terr\u00e0 a Bologna, in Italia, dal 9 al 13 novembre 2022. Poich\u00e9 il mercato italiano \u00e8 molto interessante per BEDNAR FMT in termini di vendite e dinamiche di crescita, il marchio non sar\u00e0 assente da questa fiera internazionale . Vieni a vedere la gamma di macchine che stiamo preparando per te a Bologna.<\/p>\n","protected":false},"author":3,"featured_media":495682,"comment_status":"open","ping_status":"open","sticky":false,"template":"","format":"standard","meta":{"_acf_changed":false,"footnotes":""},"categories":[219,362,823,849],"tags":[],"class_list":["post-495681","post","type-post","status-publish","format-standard","has-post-thumbnail","hentry","category-non-categorizzato","category-comunicati-stampa","category-da-noi","category-fatti-interessanti"],"acf":{"item-bg":false,"item-bg_kop\u00edrovat":false,"item-bg-mobile":false,"item-youtube":"","item-title":"","fixed-title":"","item-desc":"","item-mach-desc":"","item-mach-config":"","item-mach-down":"","item-align":false,"item-code":"","google-map":"","disable-header":false,"main-content":[{"acf_fc_layout":"section-news-title","item-title":"Quali macchine saranno presentate allo stand BEDNAR?","item-content":"<p>Un totale di nove macchine gialle saranno presentate allo stand BEDNAR all&#8217;EIMA. Ti mostreremo le macchine popolari degli agricoltori italiani, combinazioni interessanti e una novit\u00e0 sotto forma di un coltivatore interfilare della nuova serie di modelli <a href=\"https:\/\/www.bednar.com\/it\/row-master-rn-profi\/\" target=\"_blank\" rel=\"noopener\">ROW-MASTER RN_PROFI<\/a>.<\/p>\n"},{"acf_fc_layout":"section-news-cols","item-cols":[{"item-title":"","item-title-h":"h3","item-photo":"https:\/\/www.bednar.com\/wp-content\/uploads\/aktuality\/2022\/corsa-cn.jpg","item-content":"<p>La barra di semina CORSA CN 8000 in aggregazione con la tramoggia di stoccaggio FERTI-CART FC 3500 \u00e8 un&#8217;interessante combinazione per la semina<\/p>\n","item-photo-align":false,"item-content-color":false},{"item-title":"","item-title-h":"h3","item-photo":"https:\/\/www.bednar.com\/wp-content\/uploads\/aktuality\/2022\/kator-kn.png","item-content":"<p>L&#8217;erpice rotante KATOR KN 6000Q \u00e8 stato uno dei prodotti che l&#8217;azienda ha inserito nella propria gamma a seguito delle richieste dei clienti italiani<\/p>\n","item-photo-align":false,"item-content-color":false}]},{"acf_fc_layout":"section-news-cols","item-cols":[{"item-title":"","item-title-h":"h3","item-photo":"https:\/\/www.bednar.com\/wp-content\/uploads\/aktuality\/2022\/versatill-vn_l.jpg","item-content":"<p>Il coltivatore leggero portato VERSATILL VN 6000L \u00e8 una macchina versatile per la lavorazione del terreno poco profonda, la preparazione del terreno del letto di semina e la distruzione meccanica del raccolto<\/p>\n","item-photo-align":false,"item-content-color":false},{"item-title":"","item-title-h":"h3","item-photo":"https:\/\/www.bednar.com\/wp-content\/uploads\/aktuality\/2022\/dsc05430.jpg","item-content":"<p>Una macchina molto apprezzata per la lavorazione profonda in Italia \u00e8 l&#8217;aratro scalpellatore TERRALAND TN. Allo stand BEDNAR sar\u00e0 presentato anche nella versione TN_PROFI<\/p>\n","item-photo-align":false,"item-content-color":false}]},{"acf_fc_layout":"section-news-cols","item-cols":[{"item-title":"","item-title-h":"h3","item-photo":"https:\/\/www.bednar.com\/wp-content\/uploads\/aktuality\/2022\/dji_0121-1.jpg","item-content":"<p>Il coltivatore a file STRIP-MASTER EN pu\u00f2 essere dotato di 8 o 12 unit\u00e0 di coltivazione con interfila regolabile da 45 a 80 cm<\/p>\n","item-photo-align":false,"item-content-color":false},{"item-title":"","item-title-h":"h3","item-photo":"https:\/\/www.bednar.com\/wp-content\/uploads\/aktuality\/2022\/swifterdisc-xn.jpg","item-content":"<p>Un gran numero di clienti si affida alla serie di motocoltivatori SWIFTERDISC XN. In fiera sar\u00e0 esposta la versione pieghevole XN 4000<\/p>\n","item-photo-align":false,"item-content-color":false}]},{"acf_fc_layout":"section-news-title","item-title":"","item-content":"<p style=\"text-align: center;\">Il nuovo coltivatore interfilare ROW-MASTER RN_PROFI colpisce particolarmente con il nuovo sistema di controllo della sezione ROW-UNIT CONTROL che include una maggiore distanza del telaio principale a 90 cm.<\/p>\n"},{"acf_fc_layout":"section-news-title","item-title":"","item-content":"<p style=\"text-align: right;\">Vi aspettiamo al padiglione 32, area A\/4.<br \/>\nIt\u2019s a joy to farm with us<br \/>\n<a href=\"mailto:marketing@bednar.com\" target=\"_blank\" rel=\"noopener\">marketing@bednar.com<\/a><br \/>\nBEDNAR FMT s.r.o.<\/p>\n"},{"acf_fc_layout":"section-news-gallery","news-videos":false,"news-photos":[{"ID":495682,"id":495682,"title":"La barra di semina CORSA CN 8000 in aggregazione con la tramoggia di stoccaggio FERTI-CART FC 3500 \u00e8 un'interessante combinazione per la semina","filename":"corsa-cn.jpg","filesize":102717,"url":"https:\/\/www.bednar.com\/wp-content\/uploads\/aktuality\/2022\/corsa-cn.jpg","link":"https:\/\/www.bednar.com\/it\/blog\/il-marchio-bednar-sara-nuovamente-presentato-alla-fiera-internazionale-eima\/corsa-cn\/","alt":"La barra di semina CORSA CN 8000 in aggregazione con la tramoggia di stoccaggio FERTI-CART FC 3500 \u00e8 un'interessante combinazione per la semina","author":"3","description":"","caption":"","name":"corsa-cn","status":"inherit","uploaded_to":495681,"date":"2022-10-27 07:23:58","modified":"2022-10-27 07:25:18","menu_order":0,"mime_type":"image\/jpeg","type":"image","subtype":"jpeg","icon":"https:\/\/www.bednar.com\/wp-includes\/images\/media\/default.png","width":800,"height":533,"sizes":{"thumbnail":"https:\/\/www.bednar.com\/wp-content\/uploads\/aktuality\/2022\/corsa-cn-280x185.jpg","thumbnail-width":280,"thumbnail-height":185,"medium":"https:\/\/www.bednar.com\/wp-content\/uploads\/aktuality\/2022\/corsa-cn-300x200.jpg","medium-width":300,"medium-height":200,"medium_large":"https:\/\/www.bednar.com\/wp-content\/uploads\/aktuality\/2022\/corsa-cn-768x512.jpg","medium_large-width":768,"medium_large-height":512,"large":"https:\/\/www.bednar.com\/wp-content\/uploads\/aktuality\/2022\/corsa-cn.jpg","large-width":800,"large-height":533,"1536x1536":"https:\/\/www.bednar.com\/wp-content\/uploads\/aktuality\/2022\/corsa-cn.jpg","1536x1536-width":800,"1536x1536-height":533,"2048x2048":"https:\/\/www.bednar.com\/wp-content\/uploads\/aktuality\/2022\/corsa-cn.jpg","2048x2048-width":800,"2048x2048-height":533,"header-thumb":"https:\/\/www.bednar.com\/wp-content\/uploads\/aktuality\/2022\/corsa-cn.jpg","header-thumb-width":800,"header-thumb-height":533,"section-thumb":"https:\/\/www.bednar.com\/wp-content\/uploads\/aktuality\/2022\/corsa-cn-800x480.jpg","section-thumb-width":800,"section-thumb-height":480,"news-thumb":"https:\/\/www.bednar.com\/wp-content\/uploads\/aktuality\/2022\/corsa-cn-390x315.jpg","news-thumb-width":390,"news-thumb-height":315,"wpcf7-post-image":"https:\/\/www.bednar.com\/wp-content\/uploads\/aktuality\/2022\/corsa-cn-80x80.jpg","wpcf7-post-image-width":80,"wpcf7-post-image-height":80}},{"ID":495698,"id":495698,"title":"L'erpice rotante KATOR KN 6000Q \u00e8 stato uno dei prodotti che l'azienda ha inserito nella propria gamma a seguito delle richieste dei clienti italiani","filename":"kator-kn.png","filesize":161907,"url":"https:\/\/www.bednar.com\/wp-content\/uploads\/aktuality\/2022\/kator-kn.png","link":"https:\/\/www.bednar.com\/it\/blog\/il-marchio-bednar-sara-nuovamente-presentato-alla-fiera-internazionale-eima\/kator-kn\/","alt":"L'erpice rotante KATOR KN 6000Q \u00e8 stato uno dei prodotti che l'azienda ha inserito nella propria gamma a seguito delle richieste dei clienti italiani","author":"3","description":"","caption":"","name":"kator-kn","status":"inherit","uploaded_to":495681,"date":"2022-10-27 07:24:03","modified":"2022-10-27 07:27:05","menu_order":0,"mime_type":"image\/png","type":"image","subtype":"png","icon":"https:\/\/www.bednar.com\/wp-includes\/images\/media\/default.png","width":800,"height":533,"sizes":{"thumbnail":"https:\/\/www.bednar.com\/wp-content\/uploads\/aktuality\/2022\/kator-kn-280x185.png","thumbnail-width":280,"thumbnail-height":185,"medium":"https:\/\/www.bednar.com\/wp-content\/uploads\/aktuality\/2022\/kator-kn-300x200.png","medium-width":300,"medium-height":200,"medium_large":"https:\/\/www.bednar.com\/wp-content\/uploads\/aktuality\/2022\/kator-kn-768x512.png","medium_large-width":768,"medium_large-height":512,"large":"https:\/\/www.bednar.com\/wp-content\/uploads\/aktuality\/2022\/kator-kn.png","large-width":800,"large-height":533,"1536x1536":"https:\/\/www.bednar.com\/wp-content\/uploads\/aktuality\/2022\/kator-kn.png","1536x1536-width":800,"1536x1536-height":533,"2048x2048":"https:\/\/www.bednar.com\/wp-content\/uploads\/aktuality\/2022\/kator-kn.png","2048x2048-width":800,"2048x2048-height":533,"header-thumb":"https:\/\/www.bednar.com\/wp-content\/uploads\/aktuality\/2022\/kator-kn.png","header-thumb-width":800,"header-thumb-height":533,"section-thumb":"https:\/\/www.bednar.com\/wp-content\/uploads\/aktuality\/2022\/kator-kn-800x480.png","section-thumb-width":800,"section-thumb-height":480,"news-thumb":"https:\/\/www.bednar.com\/wp-content\/uploads\/aktuality\/2022\/kator-kn-390x315.png","news-thumb-width":390,"news-thumb-height":315,"wpcf7-post-image":"https:\/\/www.bednar.com\/wp-content\/uploads\/aktuality\/2022\/kator-kn-80x80.png","wpcf7-post-image-width":80,"wpcf7-post-image-height":80}},{"ID":495730,"id":495730,"title":"Il coltivatore leggero portato VERSATILL VN 6000L \u00e8 una macchina versatile per la lavorazione del terreno poco profonda, la preparazione del terreno del letto di semina e la distruzione meccanica del raccolto","filename":"versatill-vn_l.jpg","filesize":87595,"url":"https:\/\/www.bednar.com\/wp-content\/uploads\/aktuality\/2022\/versatill-vn_l.jpg","link":"https:\/\/www.bednar.com\/it\/blog\/il-marchio-bednar-sara-nuovamente-presentato-alla-fiera-internazionale-eima\/versatill-vn_l\/","alt":"Il coltivatore leggero portato VERSATILL VN 6000L \u00e8 una macchina versatile per la lavorazione del terreno poco profonda, la preparazione del terreno del letto di semina e la distruzione meccanica del raccolto","author":"3","description":"","caption":"","name":"versatill-vn_l","status":"inherit","uploaded_to":495681,"date":"2022-10-27 07:24:15","modified":"2022-10-27 07:27:38","menu_order":0,"mime_type":"image\/jpeg","type":"image","subtype":"jpeg","icon":"https:\/\/www.bednar.com\/wp-includes\/images\/media\/default.png","width":800,"height":533,"sizes":{"thumbnail":"https:\/\/www.bednar.com\/wp-content\/uploads\/aktuality\/2022\/versatill-vn_l-280x185.jpg","thumbnail-width":280,"thumbnail-height":185,"medium":"https:\/\/www.bednar.com\/wp-content\/uploads\/aktuality\/2022\/versatill-vn_l-300x200.jpg","medium-width":300,"medium-height":200,"medium_large":"https:\/\/www.bednar.com\/wp-content\/uploads\/aktuality\/2022\/versatill-vn_l-768x512.jpg","medium_large-width":768,"medium_large-height":512,"large":"https:\/\/www.bednar.com\/wp-content\/uploads\/aktuality\/2022\/versatill-vn_l.jpg","large-width":800,"large-height":533,"1536x1536":"https:\/\/www.bednar.com\/wp-content\/uploads\/aktuality\/2022\/versatill-vn_l.jpg","1536x1536-width":800,"1536x1536-height":533,"2048x2048":"https:\/\/www.bednar.com\/wp-content\/uploads\/aktuality\/2022\/versatill-vn_l.jpg","2048x2048-width":800,"2048x2048-height":533,"header-thumb":"https:\/\/www.bednar.com\/wp-content\/uploads\/aktuality\/2022\/versatill-vn_l.jpg","header-thumb-width":800,"header-thumb-height":533,"section-thumb":"https:\/\/www.bednar.com\/wp-content\/uploads\/aktuality\/2022\/versatill-vn_l-800x480.jpg","section-thumb-width":800,"section-thumb-height":480,"news-thumb":"https:\/\/www.bednar.com\/wp-content\/uploads\/aktuality\/2022\/versatill-vn_l-390x315.jpg","news-thumb-width":390,"news-thumb-height":315,"wpcf7-post-image":"https:\/\/www.bednar.com\/wp-content\/uploads\/aktuality\/2022\/versatill-vn_l-80x80.jpg","wpcf7-post-image-width":80,"wpcf7-post-image-height":80}},{"ID":495762,"id":495762,"title":"Una macchina molto apprezzata per la lavorazione profonda in Italia \u00e8 l'aratro scalpellatore TERRALAND TN. Allo stand BEDNAR sar\u00e0 presentato anche nella versione TN_PROFI","filename":"dsc05430.jpg","filesize":96288,"url":"https:\/\/www.bednar.com\/wp-content\/uploads\/aktuality\/2022\/dsc05430.jpg","link":"https:\/\/www.bednar.com\/it\/blog\/il-marchio-bednar-sara-nuovamente-presentato-alla-fiera-internazionale-eima\/dsc05430\/","alt":"Una macchina molto apprezzata per la lavorazione profonda in Italia \u00e8 l'aratro scalpellatore TERRALAND TN. Allo stand BEDNAR sar\u00e0 presentato anche nella versione TN_PROFI","author":"3","description":"","caption":"","name":"dsc05430","status":"inherit","uploaded_to":495681,"date":"2022-10-27 07:24:25","modified":"2022-10-27 07:28:36","menu_order":0,"mime_type":"image\/jpeg","type":"image","subtype":"jpeg","icon":"https:\/\/www.bednar.com\/wp-includes\/images\/media\/default.png","width":800,"height":533,"sizes":{"thumbnail":"https:\/\/www.bednar.com\/wp-content\/uploads\/aktuality\/2022\/dsc05430-280x185.jpg","thumbnail-width":280,"thumbnail-height":185,"medium":"https:\/\/www.bednar.com\/wp-content\/uploads\/aktuality\/2022\/dsc05430-300x200.jpg","medium-width":300,"medium-height":200,"medium_large":"https:\/\/www.bednar.com\/wp-content\/uploads\/aktuality\/2022\/dsc05430-768x512.jpg","medium_large-width":768,"medium_large-height":512,"large":"https:\/\/www.bednar.com\/wp-content\/uploads\/aktuality\/2022\/dsc05430.jpg","large-width":800,"large-height":533,"1536x1536":"https:\/\/www.bednar.com\/wp-content\/uploads\/aktuality\/2022\/dsc05430.jpg","1536x1536-width":800,"1536x1536-height":533,"2048x2048":"https:\/\/www.bednar.com\/wp-content\/uploads\/aktuality\/2022\/dsc05430.jpg","2048x2048-width":800,"2048x2048-height":533,"header-thumb":"https:\/\/www.bednar.com\/wp-content\/uploads\/aktuality\/2022\/dsc05430.jpg","header-thumb-width":800,"header-thumb-height":533,"section-thumb":"https:\/\/www.bednar.com\/wp-content\/uploads\/aktuality\/2022\/dsc05430-800x480.jpg","section-thumb-width":800,"section-thumb-height":480,"news-thumb":"https:\/\/www.bednar.com\/wp-content\/uploads\/aktuality\/2022\/dsc05430-390x315.jpg","news-thumb-width":390,"news-thumb-height":315,"wpcf7-post-image":"https:\/\/www.bednar.com\/wp-content\/uploads\/aktuality\/2022\/dsc05430-80x80.jpg","wpcf7-post-image-width":80,"wpcf7-post-image-height":80}},{"ID":495746,"id":495746,"title":"Il coltivatore a file STRIP-MASTER EN pu\u00f2 essere dotato di 8 o 12 unit\u00e0 di coltivazione con interfila regolabile da 45 a 80 cm","filename":"dji_0121-1.jpg","filesize":90742,"url":"https:\/\/www.bednar.com\/wp-content\/uploads\/aktuality\/2022\/dji_0121-1.jpg","link":"https:\/\/www.bednar.com\/it\/blog\/il-marchio-bednar-sara-nuovamente-presentato-alla-fiera-internazionale-eima\/dji_0121\/","alt":"Il coltivatore a file STRIP-MASTER EN pu\u00f2 essere dotato di 8 o 12 unit\u00e0 di coltivazione con interfila regolabile da 45 a 80 cm","author":"3","description":"","caption":"","name":"dji_0121","status":"inherit","uploaded_to":495681,"date":"2022-10-27 07:24:20","modified":"2022-10-27 07:31:46","menu_order":0,"mime_type":"image\/jpeg","type":"image","subtype":"jpeg","icon":"https:\/\/www.bednar.com\/wp-includes\/images\/media\/default.png","width":800,"height":533,"sizes":{"thumbnail":"https:\/\/www.bednar.com\/wp-content\/uploads\/aktuality\/2022\/dji_0121-1-280x185.jpg","thumbnail-width":280,"thumbnail-height":185,"medium":"https:\/\/www.bednar.com\/wp-content\/uploads\/aktuality\/2022\/dji_0121-1-300x200.jpg","medium-width":300,"medium-height":200,"medium_large":"https:\/\/www.bednar.com\/wp-content\/uploads\/aktuality\/2022\/dji_0121-1-768x512.jpg","medium_large-width":768,"medium_large-height":512,"large":"https:\/\/www.bednar.com\/wp-content\/uploads\/aktuality\/2022\/dji_0121-1.jpg","large-width":800,"large-height":533,"1536x1536":"https:\/\/www.bednar.com\/wp-content\/uploads\/aktuality\/2022\/dji_0121-1.jpg","1536x1536-width":800,"1536x1536-height":533,"2048x2048":"https:\/\/www.bednar.com\/wp-content\/uploads\/aktuality\/2022\/dji_0121-1.jpg","2048x2048-width":800,"2048x2048-height":533,"header-thumb":"https:\/\/www.bednar.com\/wp-content\/uploads\/aktuality\/2022\/dji_0121-1.jpg","header-thumb-width":800,"header-thumb-height":533,"section-thumb":"https:\/\/www.bednar.com\/wp-content\/uploads\/aktuality\/2022\/dji_0121-1-800x480.jpg","section-thumb-width":800,"section-thumb-height":480,"news-thumb":"https:\/\/www.bednar.com\/wp-content\/uploads\/aktuality\/2022\/dji_0121-1-390x315.jpg","news-thumb-width":390,"news-thumb-height":315,"wpcf7-post-image":"https:\/\/www.bednar.com\/wp-content\/uploads\/aktuality\/2022\/dji_0121-1-80x80.jpg","wpcf7-post-image-width":80,"wpcf7-post-image-height":80}},{"ID":495714,"id":495714,"title":"Un gran numero di clienti si affida alla serie di motocoltivatori SWIFTERDISC XN. In fiera sar\u00e0 esposta la versione pieghevole XN 4000","filename":"swifterdisc-xn.jpg","filesize":94709,"url":"https:\/\/www.bednar.com\/wp-content\/uploads\/aktuality\/2022\/swifterdisc-xn.jpg","link":"https:\/\/www.bednar.com\/it\/blog\/il-marchio-bednar-sara-nuovamente-presentato-alla-fiera-internazionale-eima\/swifterdisc-xn\/","alt":"Un gran numero di clienti si affida alla serie di motocoltivatori SWIFTERDISC XN. In fiera sar\u00e0 esposta la versione pieghevole XN 4000","author":"3","description":"","caption":"","name":"swifterdisc-xn","status":"inherit","uploaded_to":495681,"date":"2022-10-27 07:24:09","modified":"2022-10-27 07:36:26","menu_order":0,"mime_type":"image\/jpeg","type":"image","subtype":"jpeg","icon":"https:\/\/www.bednar.com\/wp-includes\/images\/media\/default.png","width":800,"height":533,"sizes":{"thumbnail":"https:\/\/www.bednar.com\/wp-content\/uploads\/aktuality\/2022\/swifterdisc-xn-280x185.jpg","thumbnail-width":280,"thumbnail-height":185,"medium":"https:\/\/www.bednar.com\/wp-content\/uploads\/aktuality\/2022\/swifterdisc-xn-300x200.jpg","medium-width":300,"medium-height":200,"medium_large":"https:\/\/www.bednar.com\/wp-content\/uploads\/aktuality\/2022\/swifterdisc-xn-768x512.jpg","medium_large-width":768,"medium_large-height":512,"large":"https:\/\/www.bednar.com\/wp-content\/uploads\/aktuality\/2022\/swifterdisc-xn.jpg","large-width":800,"large-height":533,"1536x1536":"https:\/\/www.bednar.com\/wp-content\/uploads\/aktuality\/2022\/swifterdisc-xn.jpg","1536x1536-width":800,"1536x1536-height":533,"2048x2048":"https:\/\/www.bednar.com\/wp-content\/uploads\/aktuality\/2022\/swifterdisc-xn.jpg","2048x2048-width":800,"2048x2048-height":533,"header-thumb":"https:\/\/www.bednar.com\/wp-content\/uploads\/aktuality\/2022\/swifterdisc-xn.jpg","header-thumb-width":800,"header-thumb-height":533,"section-thumb":"https:\/\/www.bednar.com\/wp-content\/uploads\/aktuality\/2022\/swifterdisc-xn-800x480.jpg","section-thumb-width":800,"section-thumb-height":480,"news-thumb":"https:\/\/www.bednar.com\/wp-content\/uploads\/aktuality\/2022\/swifterdisc-xn-390x315.jpg","news-thumb-width":390,"news-thumb-height":315,"wpcf7-post-image":"https:\/\/www.bednar.com\/wp-content\/uploads\/aktuality\/2022\/swifterdisc-xn-80x80.jpg","wpcf7-post-image-width":80,"wpcf7-post-image-height":80}}]},{"acf_fc_layout":"section-news-slider-inpost","post-id":false,"disable-slider":false}],"nav-main-cat":false,"nav-sub-cat":false,"_aviaLayoutBuilderCleanData":"","page-type":"other","pageGroup":"","post-new-website":true},"_links":{"self":[{"href":"https:\/\/www.bednar.com\/it\/wp-json\/wp\/v2\/posts\/495681","targetHints":{"allow":["GET"]}}],"collection":[{"href":"https:\/\/www.bednar.com\/it\/wp-json\/wp\/v2\/posts"}],"about":[{"href":"https:\/\/www.bednar.com\/it\/wp-json\/wp\/v2\/types\/post"}],"author":[{"embeddable":true,"href":"https:\/\/www.bednar.com\/it\/wp-json\/wp\/v2\/users\/3"}],"replies":[{"embeddable":true,"href":"https:\/\/www.bednar.com\/it\/wp-json\/wp\/v2\/comments?post=495681"}],"version-history":[{"count":2,"href":"https:\/\/www.bednar.com\/it\/wp-json\/wp\/v2\/posts\/495681\/revisions"}],"predecessor-version":[{"id":495779,"href":"https:\/\/www.bednar.com\/it\/wp-json\/wp\/v2\/posts\/495681\/revisions\/495779"}],"wp:featuredmedia":[{"embeddable":true,"href":"https:\/\/www.bednar.com\/it\/wp-json\/wp\/v2\/media\/495682"}],"wp:attachment":[{"href":"https:\/\/www.bednar.com\/it\/wp-json\/wp\/v2\/media?parent=495681"}],"wp:term":[{"taxonomy":"category","embeddable":true,"href":"https:\/\/www.bednar.com\/it\/wp-json\/wp\/v2\/categories?post=495681"},{"taxonomy":"post_tag","embeddable":true,"href":"https:\/\/www.bednar.com\/it\/wp-json\/wp\/v2\/tags?post=495681"}],"curies":[{"name":"wp","href":"https:\/\/api.w.org\/{rel}","templated":true}]}}