{"id":446615,"date":"2022-02-10T08:00:38","date_gmt":"2022-02-10T07:00:38","guid":{"rendered":"https:\/\/www.bednar.com\/it\/blog\/bednar-fmt-uzavira-rok-2021-s-obratem-pres-25-miliard-do-roku-2022-vstupuje-s-odhodlanim-a-radou-vyzev\/"},"modified":"2022-02-10T09:01:31","modified_gmt":"2022-02-10T08:01:31","slug":"bednar-fmt-uzavira-rok-2021-s-obratem-pres-25-miliard-do-roku-2022-vstupuje-s-odhodlanim-a-radou-vyzev","status":"publish","type":"post","link":"https:\/\/www.bednar.com\/it\/blog\/bednar-fmt-conclude-il-2021-con-un-fatturato-di-oltre-2-5-miliardi-entrando-nel-2022-con-determinazione-e-diverse-sfide\/","title":{"rendered":"BEDNAR FMT conclude il 2021 con un fatturato di oltre 2,5 miliardi, entrando nel 2022 con determinazione e diverse sfide"},"content":{"rendered":"","protected":false},"excerpt":{"rendered":"<p>Quest&#8217;anno segna i venticinque anni di esistenza di BEDNAR FMT. La nostra azienda, fondata con il nome di Strom Export s.r.o. come societ\u00e0 commerciale, ha acquistato il suo primo capannone di produzione a Rychnov nad Kn\u011b\u017enou nel 2006. Nello stesso anno, l&#8217;azienda ha raggiunto un fatturato di 120 milioni di CZK, con una ventina di dipendenti a tempo pieno. Fino al 2006 l&#8217;Azienda \u00e8 stata un &#8220;semplice&#8221; intermediario tra il produttore e l&#8217;agricoltore senza alcuna struttura produttiva, ma con una forte visione dell&#8217;agricoltura moderna.<\/p>\n","protected":false},"author":2,"featured_media":443683,"comment_status":"open","ping_status":"open","sticky":false,"template":"","format":"standard","meta":{"_acf_changed":false,"footnotes":""},"categories":[219,362,823,849],"tags":[],"class_list":["post-446615","post","type-post","status-publish","format-standard","has-post-thumbnail","hentry","category-non-categorizzato","category-comunicati-stampa","category-da-noi","category-fatti-interessanti"],"acf":{"item-bg":false,"item-bg_kop\u00edrovat":false,"item-bg-mobile":false,"item-youtube":"","item-title":"","fixed-title":"","item-desc":"","item-mach-desc":"","item-mach-config":"","item-mach-down":"","item-align":false,"item-code":"","google-map":"","disable-header":false,"main-content":[{"acf_fc_layout":"section-news-cols","item-cols":[{"item-title":"","item-title-h":"h3","item-photo":"https:\/\/www.bednar.com\/wp-content\/uploads\/aktuality\/2021\/cz\/bednar-fmt-baige-2021-uosius-su-daugiau-nei-25-milijardo-apyvarta-zengia-i-2022-uosius-ryztingai-pasitikdama-kelis-issukius.jpg","item-content":"","item-photo-align":false,"item-content-color":true}]},{"acf_fc_layout":"section-news-title","item-title":"La produzione \u00e8 un meccanismo vivo. In cosa abbiamo avuto successo e quali insidie ha affrontato l'impianto produttivo?","item-content":""},{"acf_fc_layout":"section-news-cols","item-cols":[{"item-title":"","item-title-h":"h3","item-photo":"https:\/\/www.bednar.com\/wp-content\/uploads\/aktuality\/2021\/cz\/areal-vyrob-zavodu-rnk_vi-2020_dji_0976.jpg","item-content":"","item-photo-align":true,"item-content-color":true},{"item-title":"","item-title-h":"h3","item-photo":false,"item-content":"<p><em>La crescita dell&#8217;Azienda e il volume di produzione in continuo aumento richiedono nuove modalit\u00e0 di gestione del lavoro. Nel 2021 abbiamo implementato un sistema di informazione e controllo nello stabilimento produttivo. Ha notevolmente aumentato la produttivit\u00e0 e l&#8217;efficacia del lavoro. Un controllo sistematico \u00e8 necessario per gestire un numero cos\u00ec elevato di dipendenti e strutture. Al personale direttivo e dirigente della Societ\u00e0 viene fornita una rendicontazione giornaliera sulle prestazioni delle singole postazioni di lavoro. Ad esempio, possiamo risolvere i problemi che si verificano nel processo di produzione e pianificare la produzione in modo pi\u00f9 efficace. Costruire un sistema informativo di qualit\u00e0 continua a essere la nostra priorit\u00e0.<\/em><\/p>\n","item-photo-align":true,"item-content-color":true}]},{"acf_fc_layout":"section-news-title","item-title":"","item-content":"<p><em>Il lancio del magazzino semiautomatico e l&#8217;ampliamento con altri magazzini verticali automatizzati \u00e8 stata una misura importante per aumentare l&#8217;efficienza del lavoro e per accelerare le singole fasi di produzione. Due terzi degli articoli nella capacit\u00e0 totale del magazzino (diverse dalle strutture a telaio) vengono stoccati utilizzando una tecnologia semiautomatica o automatizzata. Il crescente interesse per le seminatrici OMEGA e le seminatrici EFECTA CE  ci ha costretto a ricostruire la grande catena di montaggio. Abbiamo aumentato il numero di postazioni di lavoro essenziali nell&#8217;assemblaggio delle macchine per poter soddisfare la richiesta dei clienti.<\/em><\/p>\n"},{"acf_fc_layout":"section-news-cols","item-cols":[{"item-title":"","item-title-h":"h3","item-photo":"https:\/\/www.bednar.com\/wp-content\/uploads\/aktuality\/2021\/cz\/vojtech-bednar_2020_19l6111.jpg","item-content":"","item-photo-align":false,"item-content-color":true},{"item-title":"","item-title-h":"h3","item-photo":false,"item-content":"<p><em>Siamo lieti che BEDNAR FMT sia conosciuto come un datore di lavoro promettente e stabile nella regione. Ci\u00f2 si  riflette nell&#8217;assunzione e nell\u2019offerta di un numero sufficiente di dipendenti a tutti i livelli dell&#8217;impianto di produzione, dalle professioni dei colletti blu alle posizioni manageriali. Verso la fine del 2021 abbiamo completato la costruzione della nuova portineria merci con strutture per il reparto spedizioni macchine. La nuova portineria merci non \u00e8 solo un ingresso rappresentativo. Abbiamo anche costruito una struttura per gli autisti (spogliatoi, docce, stanza di soggiorno).<\/em><\/p>\n","item-photo-align":false,"item-content-color":true}]},{"acf_fc_layout":"section-news-title","item-title":"","item-content":"<p><em>Come la maggior parte delle aziende industriali, la nostra azienda ha dovuto affrontare molti problemi, in particolare i continui problemi con la catena di approvvigionamento. Il consumo di alcuni articoli deve essere stimato e ordinato con un termine di consegna da dieci a sedici mesi. Anche i crescenti prezzi dei fornitori hanno un effetto negativo sul profitto della Societ\u00e0. Ci\u00f2 include principalmente l&#8217;aumento dei prezzi dei materiali in ingresso o la mancanza di alcuni materiali metallurgici. I prezzi dei fornitori sono stati influenzati anche dai crescenti costi dell&#8217;energia e dall&#8217;aumento dei salari.<\/em><\/p>\n<p style=\"text-align: right;\">Vojt\u011bch Bedn\u00e1\u0159, Direttore dello stabilimento di produzione<\/p>\n"},{"acf_fc_layout":"section-news-title","item-title":"Com'\u00e8 stato il 2021 per BEDNAR FMT in termini di commercio e costruzione di una rete di distribuzione?","item-content":""},{"acf_fc_layout":"section-news-cols","item-cols":[{"item-title":"","item-title-h":"h3","item-photo":"https:\/\/www.bednar.com\/wp-content\/uploads\/aktuality\/2021\/cz\/img_8648_insta.jpg","item-content":"","item-photo-align":true,"item-content-color":false},{"item-title":"","item-title-h":"h3","item-photo":false,"item-content":"<p><em>Nel 2021, BEDNAR FMT ha concluso l&#8217;anno economico con un fatturato record superiore a 2,5 miliardi di CZK. Rispetto al 2020, \u00e8 un aumento del 17% ed \u00e8 21 volte il fatturato di quindici anni fa. Abbiamo raggiunto il livello di fatturato di un importante produttore nazionale di trattori e siamo sulla buona strada per diventare il pi\u00f9 grande produttore di macchine agricole a marchio proprio nella Repubblica Ceca. Un totale di 450 dipendenti hanno contribuito al fatturato realizzato lo scorso anno.<\/em><\/p>\n<p><em>Negli ultimi cinque anni, BEDNAR FMT \u00e8 diventata un&#8217;azienda con un portafoglio coerente di macchine per la coltivazione del terreno, la semina, la fertilizzazione e la pacciamatura. Le macchine sono distribuite da una rete di vendita globale con prevalenza di rivenditori premium che hanno una chiara strategia aziendale, basata sulla massima cura per il cliente finale.<\/em><\/p>\n","item-photo-align":true,"item-content-color":true}]},{"acf_fc_layout":"section-news-cols","item-cols":[{"item-title":"","item-title-h":"h3","item-photo":"https:\/\/www.bednar.com\/wp-content\/uploads\/aktuality\/2021\/cz\/jan-bednar_cerven-2020_19l6118_new.jpg","item-content":"","item-photo-align":false,"item-content-color":true},{"item-title":"","item-title-h":"h3","item-photo":false,"item-content":"<p><em>Il rapporto di vendita di BEDNAR FMT in termini di allocazione geografica \u00e8: 7% nella Repubblica Ceca, 49% nell&#8217;UE (fuori CZ), 35% paesi terzi, 9% all&#8217;estero. Il nostro obiettivo a lungo termine \u00e8 quello di creare un forte terzo pilastro delle vendite sui mercati esteri che superi il 30% delle vendite totali al di fuori dell&#8217;UE e dei paesi terzi. Anche in questo caso il nuovo anno 2022 \u00e8 caratterizzato da un notevole aumento degli ordini. In questo momento, gli ordini corrispondono a un fatturato di 3,2 miliardi di CZK.<\/em><\/p>\n","item-photo-align":false,"item-content-color":true}]},{"acf_fc_layout":"section-news-video","item-id":"-4fnViEXdZU","item-in-career":false},{"acf_fc_layout":"section-news-title","item-title":"","item-content":"<p style=\"text-align: center;\"><strong>Questo numero \u00e8 una prova che svolgiamo un ruolo significativo nel campo dei produttori di tecnologia agricola, che le macchine BEDNAR sono sempre pi\u00f9 apprezzate dai clienti e che i partner di vendita autorizzati sono interessati a rappresentare le macchine BEDNAR FMT sui mercati locali.<\/strong><\/p>\n<p style=\"text-align: right;\">Jan Bedn\u00e1\u0159, Direttore vendite<\/p>\n"},{"acf_fc_layout":"sections-buttons-list","sections-buttons-title":false,"item-title":"","buttons":[{"item-button-name":"Download PDF","item-button-url":"https:\/\/www.bednar.com\/wp-content\/uploads\/obecne-stranky\/press-kit\/tiskove-zpravy-pdf\/bednar-uzavira-rok-2021\/BEDNAR_PRESS_RELEASE_2022_01_BEDNAR_EVALUATION_OF_THE_YEAR_2021_EN.pdf","item-button-url-int":false,"item-button-icon":false,"item-button-target":true,"item-button-scroll":false}]},{"acf_fc_layout":"section-news-title","item-title":"","item-content":"<p style=\"text-align: right;\">JOY OF FARMING<br \/>\n<a href=\"mailto:marketing@bednar.com\" target=\"_blank\" rel=\"noopener\">marketing@bednar.com<\/a><br \/>\nBEDNAR FMT s.r.o.<\/p>\n"},{"acf_fc_layout":"section-news-gallery","news-videos":false,"news-photos":[{"ID":443712,"id":443712,"title":"DSC02044_MidRes_New","filename":"bednar-fmt-baige-2021-uosius-su-daugiau-nei-25-milijardo-apyvarta-zengia-i-2022-uosius-ryztingai-pasitikdama-kelis-issukius.jpg","filesize":134048,"url":"https:\/\/www.bednar.com\/wp-content\/uploads\/aktuality\/2021\/cz\/bednar-fmt-baige-2021-uosius-su-daugiau-nei-25-milijardo-apyvarta-zengia-i-2022-uosius-ryztingai-pasitikdama-kelis-issukius.jpg","link":"https:\/\/www.bednar.com\/it\/blog\/bednar-fmt-conclude-il-2021-con-un-fatturato-di-oltre-2-5-miliardi-entrando-nel-2022-con-determinazione-e-diverse-sfide\/dsc02044_midres_new-2-2\/","alt":"BEDNAR FMT uzav\u00edr\u00e1 rok 2021 s obratem p\u0159es 2,5 miliard, do roku 2022 vstupuje s odhodl\u00e1n\u00edm a \u0159adou v\u00fdzev","author":"2","description":"","caption":"","name":"dsc02044_midres_new-2-2","status":"inherit","uploaded_to":446615,"date":"2022-01-20 12:27:27","modified":"2022-01-21 08:02:53","menu_order":0,"mime_type":"image\/jpeg","type":"image","subtype":"jpeg","icon":"https:\/\/www.bednar.com\/wp-includes\/images\/media\/default.png","width":1030,"height":500,"sizes":{"thumbnail":"https:\/\/www.bednar.com\/wp-content\/uploads\/aktuality\/2021\/cz\/bednar-fmt-baige-2021-uosius-su-daugiau-nei-25-milijardo-apyvarta-zengia-i-2022-uosius-ryztingai-pasitikdama-kelis-issukius-280x185.jpg","thumbnail-width":280,"thumbnail-height":185,"medium":"https:\/\/www.bednar.com\/wp-content\/uploads\/aktuality\/2021\/cz\/bednar-fmt-baige-2021-uosius-su-daugiau-nei-25-milijardo-apyvarta-zengia-i-2022-uosius-ryztingai-pasitikdama-kelis-issukius-300x146.jpg","medium-width":300,"medium-height":146,"medium_large":"https:\/\/www.bednar.com\/wp-content\/uploads\/aktuality\/2021\/cz\/bednar-fmt-baige-2021-uosius-su-daugiau-nei-25-milijardo-apyvarta-zengia-i-2022-uosius-ryztingai-pasitikdama-kelis-issukius-768x373.jpg","medium_large-width":768,"medium_large-height":373,"large":"https:\/\/www.bednar.com\/wp-content\/uploads\/aktuality\/2021\/cz\/bednar-fmt-baige-2021-uosius-su-daugiau-nei-25-milijardo-apyvarta-zengia-i-2022-uosius-ryztingai-pasitikdama-kelis-issukius-1024x497.jpg","large-width":1024,"large-height":497,"1536x1536":"https:\/\/www.bednar.com\/wp-content\/uploads\/aktuality\/2021\/cz\/bednar-fmt-baige-2021-uosius-su-daugiau-nei-25-milijardo-apyvarta-zengia-i-2022-uosius-ryztingai-pasitikdama-kelis-issukius.jpg","1536x1536-width":1030,"1536x1536-height":500,"2048x2048":"https:\/\/www.bednar.com\/wp-content\/uploads\/aktuality\/2021\/cz\/bednar-fmt-baige-2021-uosius-su-daugiau-nei-25-milijardo-apyvarta-zengia-i-2022-uosius-ryztingai-pasitikdama-kelis-issukius.jpg","2048x2048-width":1030,"2048x2048-height":500,"header-thumb":"https:\/\/www.bednar.com\/wp-content\/uploads\/aktuality\/2021\/cz\/bednar-fmt-baige-2021-uosius-su-daugiau-nei-25-milijardo-apyvarta-zengia-i-2022-uosius-ryztingai-pasitikdama-kelis-issukius.jpg","header-thumb-width":1030,"header-thumb-height":500,"section-thumb":"https:\/\/www.bednar.com\/wp-content\/uploads\/aktuality\/2021\/cz\/bednar-fmt-baige-2021-uosius-su-daugiau-nei-25-milijardo-apyvarta-zengia-i-2022-uosius-ryztingai-pasitikdama-kelis-issukius-860x480.jpg","section-thumb-width":860,"section-thumb-height":480,"news-thumb":"https:\/\/www.bednar.com\/wp-content\/uploads\/aktuality\/2021\/cz\/bednar-fmt-baige-2021-uosius-su-daugiau-nei-25-milijardo-apyvarta-zengia-i-2022-uosius-ryztingai-pasitikdama-kelis-issukius-390x315.jpg","news-thumb-width":390,"news-thumb-height":315,"wpcf7-post-image":"https:\/\/www.bednar.com\/wp-content\/uploads\/aktuality\/2021\/cz\/bednar-fmt-baige-2021-uosius-su-daugiau-nei-25-milijardo-apyvarta-zengia-i-2022-uosius-ryztingai-pasitikdama-kelis-issukius-80x80.jpg","wpcf7-post-image-width":80,"wpcf7-post-image-height":80}},{"ID":443669,"id":443669,"title":"Areal-vyrob-zavodu-RnK_VI-2020_DJI_0976","filename":"areal-vyrob-zavodu-rnk_vi-2020_dji_0976.jpg","filesize":96829,"url":"https:\/\/www.bednar.com\/wp-content\/uploads\/aktuality\/2021\/cz\/areal-vyrob-zavodu-rnk_vi-2020_dji_0976.jpg","link":"https:\/\/www.bednar.com\/it\/blog\/bednar-fmt-conclude-il-2021-con-un-fatturato-di-oltre-2-5-miliardi-entrando-nel-2022-con-determinazione-e-diverse-sfide\/areal-vyrob-zavodu-rnk_vi-2020_dji_0976-2-2-2\/","alt":"BEDNAR FMT uzav\u00edr\u00e1 rok 2021 s obratem p\u0159es 2,5 miliard, do roku 2022 vstupuje s odhodl\u00e1n\u00edm a \u0159adou v\u00fdzev","author":"2","description":"","caption":"","name":"areal-vyrob-zavodu-rnk_vi-2020_dji_0976-2-2-2","status":"inherit","uploaded_to":446615,"date":"2022-01-20 11:58:43","modified":"2022-01-21 08:03:03","menu_order":0,"mime_type":"image\/jpeg","type":"image","subtype":"jpeg","icon":"https:\/\/www.bednar.com\/wp-includes\/images\/media\/default.png","width":800,"height":533,"sizes":{"thumbnail":"https:\/\/www.bednar.com\/wp-content\/uploads\/aktuality\/2021\/cz\/areal-vyrob-zavodu-rnk_vi-2020_dji_0976-280x185.jpg","thumbnail-width":280,"thumbnail-height":185,"medium":"https:\/\/www.bednar.com\/wp-content\/uploads\/aktuality\/2021\/cz\/areal-vyrob-zavodu-rnk_vi-2020_dji_0976-300x200.jpg","medium-width":300,"medium-height":200,"medium_large":"https:\/\/www.bednar.com\/wp-content\/uploads\/aktuality\/2021\/cz\/areal-vyrob-zavodu-rnk_vi-2020_dji_0976-768x512.jpg","medium_large-width":768,"medium_large-height":512,"large":"https:\/\/www.bednar.com\/wp-content\/uploads\/aktuality\/2021\/cz\/areal-vyrob-zavodu-rnk_vi-2020_dji_0976.jpg","large-width":800,"large-height":533,"1536x1536":"https:\/\/www.bednar.com\/wp-content\/uploads\/aktuality\/2021\/cz\/areal-vyrob-zavodu-rnk_vi-2020_dji_0976.jpg","1536x1536-width":800,"1536x1536-height":533,"2048x2048":"https:\/\/www.bednar.com\/wp-content\/uploads\/aktuality\/2021\/cz\/areal-vyrob-zavodu-rnk_vi-2020_dji_0976.jpg","2048x2048-width":800,"2048x2048-height":533,"header-thumb":"https:\/\/www.bednar.com\/wp-content\/uploads\/aktuality\/2021\/cz\/areal-vyrob-zavodu-rnk_vi-2020_dji_0976.jpg","header-thumb-width":800,"header-thumb-height":533,"section-thumb":"https:\/\/www.bednar.com\/wp-content\/uploads\/aktuality\/2021\/cz\/areal-vyrob-zavodu-rnk_vi-2020_dji_0976-800x480.jpg","section-thumb-width":800,"section-thumb-height":480,"news-thumb":"https:\/\/www.bednar.com\/wp-content\/uploads\/aktuality\/2021\/cz\/areal-vyrob-zavodu-rnk_vi-2020_dji_0976-390x315.jpg","news-thumb-width":390,"news-thumb-height":315,"wpcf7-post-image":"https:\/\/www.bednar.com\/wp-content\/uploads\/aktuality\/2021\/cz\/areal-vyrob-zavodu-rnk_vi-2020_dji_0976-80x80.jpg","wpcf7-post-image-width":80,"wpcf7-post-image-height":80}},{"ID":443655,"id":443655,"title":"Vojt\u011bch-Bedn\u00e1\u0159_2020_19L6111","filename":"vojtech-bednar_2020_19l6111.jpg","filesize":86744,"url":"https:\/\/www.bednar.com\/wp-content\/uploads\/aktuality\/2021\/cz\/vojtech-bednar_2020_19l6111.jpg","link":"https:\/\/www.bednar.com\/it\/blog\/bednar-fmt-conclude-il-2021-con-un-fatturato-di-oltre-2-5-miliardi-entrando-nel-2022-con-determinazione-e-diverse-sfide\/vojtech-bednar_2020_19l6111-2\/","alt":"BEDNAR FMT uzav\u00edr\u00e1 rok 2021 s obratem p\u0159es 2,5 miliard, do roku 2022 vstupuje s odhodl\u00e1n\u00edm a \u0159adou v\u00fdzev","author":"2","description":"","caption":"","name":"vojtech-bednar_2020_19l6111-2","status":"inherit","uploaded_to":446615,"date":"2022-01-20 11:58:25","modified":"2022-01-21 08:03:22","menu_order":0,"mime_type":"image\/jpeg","type":"image","subtype":"jpeg","icon":"https:\/\/www.bednar.com\/wp-includes\/images\/media\/default.png","width":800,"height":533,"sizes":{"thumbnail":"https:\/\/www.bednar.com\/wp-content\/uploads\/aktuality\/2021\/cz\/vojtech-bednar_2020_19l6111-280x185.jpg","thumbnail-width":280,"thumbnail-height":185,"medium":"https:\/\/www.bednar.com\/wp-content\/uploads\/aktuality\/2021\/cz\/vojtech-bednar_2020_19l6111-300x200.jpg","medium-width":300,"medium-height":200,"medium_large":"https:\/\/www.bednar.com\/wp-content\/uploads\/aktuality\/2021\/cz\/vojtech-bednar_2020_19l6111-768x512.jpg","medium_large-width":768,"medium_large-height":512,"large":"https:\/\/www.bednar.com\/wp-content\/uploads\/aktuality\/2021\/cz\/vojtech-bednar_2020_19l6111.jpg","large-width":800,"large-height":533,"1536x1536":"https:\/\/www.bednar.com\/wp-content\/uploads\/aktuality\/2021\/cz\/vojtech-bednar_2020_19l6111.jpg","1536x1536-width":800,"1536x1536-height":533,"2048x2048":"https:\/\/www.bednar.com\/wp-content\/uploads\/aktuality\/2021\/cz\/vojtech-bednar_2020_19l6111.jpg","2048x2048-width":800,"2048x2048-height":533,"header-thumb":"https:\/\/www.bednar.com\/wp-content\/uploads\/aktuality\/2021\/cz\/vojtech-bednar_2020_19l6111.jpg","header-thumb-width":800,"header-thumb-height":533,"section-thumb":"https:\/\/www.bednar.com\/wp-content\/uploads\/aktuality\/2021\/cz\/vojtech-bednar_2020_19l6111-800x480.jpg","section-thumb-width":800,"section-thumb-height":480,"news-thumb":"https:\/\/www.bednar.com\/wp-content\/uploads\/aktuality\/2021\/cz\/vojtech-bednar_2020_19l6111-390x315.jpg","news-thumb-width":390,"news-thumb-height":315,"wpcf7-post-image":"https:\/\/www.bednar.com\/wp-content\/uploads\/aktuality\/2021\/cz\/vojtech-bednar_2020_19l6111-80x80.jpg","wpcf7-post-image-width":80,"wpcf7-post-image-height":80}},{"ID":443641,"id":443641,"title":"Jan-Bednar_cerven-2020_19L6118_new","filename":"jan-bednar_cerven-2020_19l6118_new.jpg","filesize":73116,"url":"https:\/\/www.bednar.com\/wp-content\/uploads\/aktuality\/2021\/cz\/jan-bednar_cerven-2020_19l6118_new.jpg","link":"https:\/\/www.bednar.com\/it\/blog\/bednar-fmt-conclude-il-2021-con-un-fatturato-di-oltre-2-5-miliardi-entrando-nel-2022-con-determinazione-e-diverse-sfide\/jan-bednar_cerven-2020_19l6118_new-2\/","alt":"BEDNAR FMT uzav\u00edr\u00e1 rok 2021 s obratem p\u0159es 2,5 miliard, do roku 2022 vstupuje s odhodl\u00e1n\u00edm a \u0159adou v\u00fdzev","author":"2","description":"","caption":"","name":"jan-bednar_cerven-2020_19l6118_new-2","status":"inherit","uploaded_to":446615,"date":"2022-01-20 11:58:02","modified":"2022-01-20 14:03:50","menu_order":0,"mime_type":"image\/jpeg","type":"image","subtype":"jpeg","icon":"https:\/\/www.bednar.com\/wp-includes\/images\/media\/default.png","width":800,"height":533,"sizes":{"thumbnail":"https:\/\/www.bednar.com\/wp-content\/uploads\/aktuality\/2021\/cz\/jan-bednar_cerven-2020_19l6118_new-280x185.jpg","thumbnail-width":280,"thumbnail-height":185,"medium":"https:\/\/www.bednar.com\/wp-content\/uploads\/aktuality\/2021\/cz\/jan-bednar_cerven-2020_19l6118_new-300x200.jpg","medium-width":300,"medium-height":200,"medium_large":"https:\/\/www.bednar.com\/wp-content\/uploads\/aktuality\/2021\/cz\/jan-bednar_cerven-2020_19l6118_new-768x512.jpg","medium_large-width":768,"medium_large-height":512,"large":"https:\/\/www.bednar.com\/wp-content\/uploads\/aktuality\/2021\/cz\/jan-bednar_cerven-2020_19l6118_new.jpg","large-width":800,"large-height":533,"1536x1536":"https:\/\/www.bednar.com\/wp-content\/uploads\/aktuality\/2021\/cz\/jan-bednar_cerven-2020_19l6118_new.jpg","1536x1536-width":800,"1536x1536-height":533,"2048x2048":"https:\/\/www.bednar.com\/wp-content\/uploads\/aktuality\/2021\/cz\/jan-bednar_cerven-2020_19l6118_new.jpg","2048x2048-width":800,"2048x2048-height":533,"header-thumb":"https:\/\/www.bednar.com\/wp-content\/uploads\/aktuality\/2021\/cz\/jan-bednar_cerven-2020_19l6118_new.jpg","header-thumb-width":800,"header-thumb-height":533,"section-thumb":"https:\/\/www.bednar.com\/wp-content\/uploads\/aktuality\/2021\/cz\/jan-bednar_cerven-2020_19l6118_new-800x480.jpg","section-thumb-width":800,"section-thumb-height":480,"news-thumb":"https:\/\/www.bednar.com\/wp-content\/uploads\/aktuality\/2021\/cz\/jan-bednar_cerven-2020_19l6118_new-390x315.jpg","news-thumb-width":390,"news-thumb-height":315,"wpcf7-post-image":"https:\/\/www.bednar.com\/wp-content\/uploads\/aktuality\/2021\/cz\/jan-bednar_cerven-2020_19l6118_new-80x80.jpg","wpcf7-post-image-width":80,"wpcf7-post-image-height":80}},{"ID":443627,"id":443627,"title":"IMG_8648_insta","filename":"img_8648_insta.jpg","filesize":105552,"url":"https:\/\/www.bednar.com\/wp-content\/uploads\/aktuality\/2021\/cz\/img_8648_insta.jpg","link":"https:\/\/www.bednar.com\/it\/blog\/bednar-fmt-conclude-il-2021-con-un-fatturato-di-oltre-2-5-miliardi-entrando-nel-2022-con-determinazione-e-diverse-sfide\/img_8648_insta-2\/","alt":"BEDNAR FMT uzav\u00edr\u00e1 rok 2021 s obratem p\u0159es 2,5 miliard, do roku 2022 vstupuje s odhodl\u00e1n\u00edm a \u0159adou v\u00fdzev","author":"2","description":"","caption":"","name":"img_8648_insta-2","status":"inherit","uploaded_to":446615,"date":"2022-01-20 11:57:38","modified":"2022-02-04 07:58:51","menu_order":0,"mime_type":"image\/jpeg","type":"image","subtype":"jpeg","icon":"https:\/\/www.bednar.com\/wp-includes\/images\/media\/default.png","width":800,"height":533,"sizes":{"thumbnail":"https:\/\/www.bednar.com\/wp-content\/uploads\/aktuality\/2021\/cz\/img_8648_insta-280x185.jpg","thumbnail-width":280,"thumbnail-height":185,"medium":"https:\/\/www.bednar.com\/wp-content\/uploads\/aktuality\/2021\/cz\/img_8648_insta-300x200.jpg","medium-width":300,"medium-height":200,"medium_large":"https:\/\/www.bednar.com\/wp-content\/uploads\/aktuality\/2021\/cz\/img_8648_insta-768x512.jpg","medium_large-width":768,"medium_large-height":512,"large":"https:\/\/www.bednar.com\/wp-content\/uploads\/aktuality\/2021\/cz\/img_8648_insta.jpg","large-width":800,"large-height":533,"1536x1536":"https:\/\/www.bednar.com\/wp-content\/uploads\/aktuality\/2021\/cz\/img_8648_insta.jpg","1536x1536-width":800,"1536x1536-height":533,"2048x2048":"https:\/\/www.bednar.com\/wp-content\/uploads\/aktuality\/2021\/cz\/img_8648_insta.jpg","2048x2048-width":800,"2048x2048-height":533,"header-thumb":"https:\/\/www.bednar.com\/wp-content\/uploads\/aktuality\/2021\/cz\/img_8648_insta.jpg","header-thumb-width":800,"header-thumb-height":533,"section-thumb":"https:\/\/www.bednar.com\/wp-content\/uploads\/aktuality\/2021\/cz\/img_8648_insta-800x480.jpg","section-thumb-width":800,"section-thumb-height":480,"news-thumb":"https:\/\/www.bednar.com\/wp-content\/uploads\/aktuality\/2021\/cz\/img_8648_insta-390x315.jpg","news-thumb-width":390,"news-thumb-height":315,"wpcf7-post-image":"https:\/\/www.bednar.com\/wp-content\/uploads\/aktuality\/2021\/cz\/img_8648_insta-80x80.jpg","wpcf7-post-image-width":80,"wpcf7-post-image-height":80}}]},{"acf_fc_layout":"section-news-slider-inpost","post-id":false,"disable-slider":false}],"nav-main-cat":false,"nav-sub-cat":false,"_aviaLayoutBuilderCleanData":"","page-type":"other","pageGroup":"","post-new-website":true},"_links":{"self":[{"href":"https:\/\/www.bednar.com\/it\/wp-json\/wp\/v2\/posts\/446615","targetHints":{"allow":["GET"]}}],"collection":[{"href":"https:\/\/www.bednar.com\/it\/wp-json\/wp\/v2\/posts"}],"about":[{"href":"https:\/\/www.bednar.com\/it\/wp-json\/wp\/v2\/types\/post"}],"author":[{"embeddable":true,"href":"https:\/\/www.bednar.com\/it\/wp-json\/wp\/v2\/users\/2"}],"replies":[{"embeddable":true,"href":"https:\/\/www.bednar.com\/it\/wp-json\/wp\/v2\/comments?post=446615"}],"version-history":[{"count":3,"href":"https:\/\/www.bednar.com\/it\/wp-json\/wp\/v2\/posts\/446615\/revisions"}],"predecessor-version":[{"id":447079,"href":"https:\/\/www.bednar.com\/it\/wp-json\/wp\/v2\/posts\/446615\/revisions\/447079"}],"wp:featuredmedia":[{"embeddable":true,"href":"https:\/\/www.bednar.com\/it\/wp-json\/wp\/v2\/media\/443683"}],"wp:attachment":[{"href":"https:\/\/www.bednar.com\/it\/wp-json\/wp\/v2\/media?parent=446615"}],"wp:term":[{"taxonomy":"category","embeddable":true,"href":"https:\/\/www.bednar.com\/it\/wp-json\/wp\/v2\/categories?post=446615"},{"taxonomy":"post_tag","embeddable":true,"href":"https:\/\/www.bednar.com\/it\/wp-json\/wp\/v2\/tags?post=446615"}],"curies":[{"name":"wp","href":"https:\/\/api.w.org\/{rel}","templated":true}]}}