{"id":584067,"date":"2024-10-22T10:28:08","date_gmt":"2024-10-22T08:28:08","guid":{"rendered":"https:\/\/www.bednar.com\/hu\/blog\/novinky-v-oblasti-secich-stroju-a-zasobniku-spolecnosti-bednar\/"},"modified":"2024-10-22T09:53:50","modified_gmt":"2024-10-22T07:53:50","slug":"novinky-v-oblasti-secich-stroju-a-zasobniku-spolecnosti-bednar","status":"publish","type":"post","link":"https:\/\/www.bednar.com\/hu\/blog\/ujdonsagok-a-bednar-vetogepek-es-tartalyok-teruleten\/","title":{"rendered":"\u00daJDONS\u00c1GOK A BEDNAR VET\u0150G\u00c9PEK \u00c9S TART\u00c1LYOK TER\u00dcLET\u00c9N"},"content":{"rendered":"","protected":false},"excerpt":{"rendered":"<p>A vet\u0151g\u00e9p-portf\u00f3li\u00f3 r\u00e9g\u00f3ta a BEDNAR egyik kulcsfontoss\u00e1g\u00fa szegmense. Az eddigi hagyom\u00e1nyos, direkt vagy s\u00e1vos vet\u00e9sre szolg\u00e1l\u00f3 term\u00e9kei mellett egy \u00faj vet\u0151kombin\u00e1ci\u00f3val b\u0151v\u00edti portf\u00f3li\u00f3j\u00e1t a v\u00e1llalat. A CORSA CN vet\u0151gerendely \u00faj felszerelts\u00e9gi lehet\u0151s\u00e9geket k\u00edn\u00e1l, valamint a tart\u00e1lyok \u00e9s tart\u00e1lykocsik is innov\u00e1ci\u00f3n estek \u00e1t.<\/p>\n","protected":false},"author":9,"featured_media":583989,"comment_status":"closed","ping_status":"closed","sticky":false,"template":"","format":"standard","meta":{"_acf_changed":false,"footnotes":""},"categories":[156,555,1208,1608,1868],"tags":[],"class_list":["post-584067","post","type-post","status-publish","format-standard","has-post-thumbnail","hentry","category-uncategorized-hu","category-corsa-cn-5","category-ferti-box-fb_f-hu","category-directo-no-en-hu","category-ferti-cart-hu"],"acf":{"item-bg":false,"item-bg_kop\u00edrovat":false,"item-bg-mobile":false,"item-youtube":"","item-title":"","fixed-title":"","item-desc":"","item-mach-desc":"","item-mach-config":"","item-mach-down":"","item-align":false,"item-code":"","google-map":"","disable-header":false,"main-content":[{"acf_fc_layout":"section-news-cols","item-cols":[{"item-title":"","item-title-h":"h3","item-photo":"https:\/\/www.bednar.com\/wp-content\/uploads\/produkty\/katara-kn_s\/8.jpg","item-content":"","item-photo-align":false,"item-content-color":false}]},{"acf_fc_layout":"section-news-title","item-title":"KATARA KN_S \u2013 prec\u00edz mag\u00e1gyk\u00e9sz\u00edt\u00e9s \u00e9s vet\u00e9s egy menetben","item-content":"<p>A hagyom\u00e1nyos vet\u0151kombin\u00e1ci\u00f3k vil\u00e1gpiacon, \u00edgy p\u00e9ld\u00e1ul Olaszorsz\u00e1gban, Franciaorsz\u00e1gban, Lengyelorsz\u00e1gban \u00e9s Angli\u00e1ban tapasztalt n\u00e9pszer\u0171s\u00e9ge \u00faj g\u00e9p kifejleszt\u00e9s\u00e9re sarkalta a BEDNAR v\u00e1llalatot. A KATARA KN_S modellcsal\u00e1d, amely fokozatosan tov\u00e1bbi munkasz\u00e9less\u00e9gekkel b\u0151v\u00fcl majd, jelenleg a KN 6000 S modellt, azaz a 6 m munkasz\u00e9less\u00e9g\u0171 g\u00e9pet k\u00edn\u00e1lja.<\/p>\n<p>A KATARA KN_S k\u00e9t g\u00e9p \u00f6sszekapcsol\u00e1s\u00e1t jelenti \u2013 a KATOR KN  forg\u00f3borona, valamint egy speci\u00e1lisan ehhez a g\u00e9pt\u00edpushoz kifejlesztett vet\u0151gerendely kombin\u00e1ci\u00f3ja. A KATOR KN forg\u00f3borona k\u00e9pezi az alapj\u00e1t, amely olyan megb\u00edzhat\u00f3 m\u0171szaki el\u0151ny\u00f6ket k\u00edn\u00e1l, mint a meger\u0151s\u00edtett g\u00e9pv\u00e1z, rotorok k\u00f6z\u00f6tti kis t\u00e1vols\u00e1g, illetve a rotoronk\u00e9nti h\u00e1rom csap\u00e1gy.<\/p>\n"},{"acf_fc_layout":"section-news-title","item-title":"A legapr\u00f3bb r\u00e9szletekig megtervezett vet\u0151gerendely","item-content":"<p>A vet\u0151gerendely a k\u00f6zponti eloszt\u00f3fejjel a forg\u00f3borona v\u00e1z\u00e1ra van felf\u00fcggesztve. Mivel az eloszt\u00f3fej a vet\u0151gerendely r\u00e9sz\u00e9t k\u00e9pezi, \u00edgy lecsatlakoztat\u00e1s eset\u00e9n nem kell ut\u00f3lagosan leszerelni. A KATARA KN_S a g\u00e9p f\u00e9l munkasz\u00e9less\u00e9g\u00e9nek kikapcsol\u00e1sa \u00e9rdek\u00e9ben k\u00e9t eloszt\u00f3fejjel is ell\u00e1that\u00f3.<\/p>\n<p>A vet\u0151csoroszly\u00e1k elemei rendk\u00edv\u00fcl robusztusak, az OMEGA vet\u0151g\u00e9pekn\u00e9l haszn\u00e1lt alkatr\u00e9szek alapj\u00e1n k\u00e9sz\u00fcltek. A vet\u0151csoroszly\u00e1k sort\u00e1vols\u00e1ga 12,5 vagy 16,7 cm. Sz\u00fcks\u00e9g eset\u00e9n a vet\u0151csoroszly\u00e1k kb. 15 cm-t megemelve azonnal kiiktathat\u00f3k a munk\u00e1b\u00f3l, \u00edgy csak a forg\u00f3borona dolgozik tov\u00e1bb. A vet\u0151gerendely parkol\u00f3l\u00e1bak \u00e9s gyorskapcsol\u00f3 \u00fctk\u00f6z\u0151k seg\u00edts\u00e9g\u00e9vel t\u00f6rt\u00e9n\u0151 k\u00f6nny\u0171 lecsatlakoztat\u00e1sa mag\u00e1t\u00f3l \u00e9rtet\u0151d\u0151. Minden k\u00e1belk\u00f6teg, hidraulikat\u00f6ml\u0151 fel-\u00e9s lecsatlakoztat\u00e1sa egy helyen t\u00f6rt\u00e9nik.<\/p>\n"},{"acf_fc_layout":"section-news-title","item-title":"CORSA CN 6000 \u2013 magasabb szint\u0171 sokoldal\u00fas\u00e1g","item-content":"<p>A CORSA CN 6000 egy 6 m fog\u00e1ssz\u00e9less\u00e9g\u0171 univerz\u00e1lis vet\u0151gerendely, amely az el\u00fcls\u0151 tart\u00e1llyal egy\u00fctt a traktor h\u00e1rompontos felf\u00fcggeszt\u00e9s\u00e9re csatlakoztathat\u00f3. Tov\u00e1bb\u00e1 lehet\u0151v\u00e9 teszi a vontatott tart\u00e1lykocsival val\u00f3 \u00f6sszekapcsol\u00e1st, illetve a MATADOR MO vet\u0151g\u00e9ppel t\u00f6rt\u00e9n\u0151 k\u00f6zvetlen agreg\u00e1l\u00e1st.<\/p>\n"},{"acf_fc_layout":"section-news-cols","item-cols":[{"item-title":"","item-title-h":"h3","item-photo":false,"item-content":"<p>A vet\u0151gerendely mostant\u00f3l el\u00fcls\u0151 m\u0171vel\u0151egys\u00e9gekkel is felszerelhet\u0151. T\u00f6bb v\u00e1ltozat is rendelkez\u00e9sre \u00e1ll \u2013 hidraulikusan \u00e1ll\u00edthat\u00f3 Crushbar sim\u00edt\u00f3, pneumatikus t\u00f6m\u00f6r\u00edt\u0151, illetve a k\u00f6zkedvelt PROFI \/ TURBO csoroszly\u00e1k.<\/p>\n","item-photo-align":false,"item-content-color":false}]},{"acf_fc_layout":"section-news-title","item-title":"\u00dajonnan a g\u00e9p f\u00e9l munkasz\u00e9less\u00e9g\u00e9nek kikapcsol\u00e1si lehet\u0151s\u00e9g\u00e9vel","item-content":"<p>A vet\u00e9s m\u00e9g nagyobb pontoss\u00e1ga \u00e9rdek\u00e9ben a CORSA CN k\u00e9t eloszt\u00f3fejjel is ell\u00e1that\u00f3, amely lehet\u0151v\u00e9 teszi a f\u00e9l munkasz\u00e9less\u00e9g kikapcsol\u00e1s\u00e1t. A m\u0171tr\u00e1gya, vet\u0151mag vagy mikrogranul\u00e1tum egyidej\u0171 kijuttat\u00e1s\u00e1hoz a CORSA CN olyan kijuttat\u00f3 t\u00e1rcs\u00e1kkal felszerelhet\u0151, amelyek a vet\u0151csoroszly\u00e1k k\u00f6z\u00f6tt osztj\u00e1k el a talajfelsz\u00ednen az adott anyagot.<\/p>\n<p>A traktor\/tart\u00e1lykocsi ut\u00e1ni nyomok prec\u00edz fellaz\u00edt\u00e1s\u00e1r\u00f3l \u00e9s a mag\u00e1gy egyenletes megm\u0171vel\u00e9s\u00e9r\u0151l a nyomlaz\u00edt\u00f3k gondoskodnak. Azonban a nyomlaz\u00edt\u00f3k most m\u00e1r az oldalv\u00e1zak t\u00e1mkerekei m\u00f6g\u00e9 is felszerelhet\u0151k.<\/p>\n"},{"acf_fc_layout":"section-news-title","item-title":"DIRECTO NO \u2013 most 8 m-es munkasz\u00e9less\u00e9ggel ","item-content":"<p>A DIRECTO NO modellcsal\u00e1d b\u0151v\u00edt\u00e9s\u00e9nek keret\u00e9n bel\u00fcl a BEDNAR egy \u00faj, 8 m munkasz\u00e9less\u00e9g\u0171 no-till vet\u0151g\u00e9pet jelentet meg. A DIRECTO NO 8000 ugyanazokat a felszerelts\u00e9gi elemeket k\u00edn\u00e1lja, mint a NO 6000-es kisebb modell. Ez els\u0151sorban a g\u00e9p hidraulikusan \u00e1ll\u00edthat\u00f3 m\u0171tr\u00e1gy\u00e1z\u00f3 t\u00e1rcs\u00e1kkal t\u00f6rt\u00e9n\u0151 felszerelhet\u0151s\u00e9g\u00e9t jelenti. A vet\u0151g\u00e9p a n\u00f6v\u00e9nyzet m\u0171tr\u00e1gy\u00e1val vagy m\u00e1s vet\u0151maggal egy\u00fctt t\u00f6rt\u00e9n\u0151 teljes ter\u00fclet\u0171 \u00e9s minden m\u00e1sodik sorba t\u00f6rt\u00e9n\u0151 vet\u00e9s\u00e9re is k\u00e9pes. A v\u00e1lasztott v\u00e1ltozatnak megfelel\u0151en ak\u00e1r a g\u00e9p f\u00e9l munkasz\u00e9less\u00e9ge is kikapcsolhat\u00f3.<\/p>\n"},{"acf_fc_layout":"section-news-cols","item-cols":[{"item-title":"","item-title-h":"h3","item-photo":"https:\/\/www.bednar.com\/wp-content\/uploads\/produkty\/katara-kn_s\/9.jpg","item-content":"","item-photo-align":false,"item-content-color":false}]},{"acf_fc_layout":"section-news-title","item-title":"Tart\u00e1lyok \u00e9s tart\u00e1lykocsik teljes portf\u00f3li\u00f3ja","item-content":"<p>A BEDNAR term\u00e9kk\u00edn\u00e1lat\u00e1ban a k\u00fcl\u00f6nb\u00f6z\u0151 m\u00e9ret\u0171 gazdas\u00e1gok sz\u00e1m\u00e1ra megfelel\u0151, valamint a k\u00fcl\u00f6nb\u00f6z\u0151 BEDNAR g\u00e9pekkel vagy a konkurens gy\u00e1rt\u00f3k g\u00e9peivel t\u00f6rt\u00e9n\u0151 haszn\u00e1latra alkalmasa el\u00fcls\u0151 vagy h\u00e1ts\u00f3 f\u00fcggesztett tart\u00e1lyok \u00e9s tart\u00e1lykocsik k\u00fcl\u00f6nb\u00f6z\u0151 v\u00e1ltozatai is megtal\u00e1lhat\u00f3k.<\/p>\n"},{"acf_fc_layout":"section-news-title","item-title":"Saj\u00e1t BEDNAR EASY CONTROL vez\u00e9rl\u0151szoftver","item-content":"<p>A legfontosabb v\u00e1ltoz\u00e1s minden FERTI-BOX FB_F, FB_F Dual, FB, FERTI-CART FC vagy COMBO SYSTEM CS g\u00e9pn\u00e9l a BEDNAR EASY CONTROL vez\u00e9rl\u0151szoftver integr\u00e1l\u00e1sa. A v\u00e1llalat saj\u00e1t szoftverm\u00e9rn\u00f6keinek a munk\u00e1ja. A vez\u00e9rl\u0151szoftver lehet\u0151v\u00e9 teszi az egyszer\u0171, \u00e1tl\u00e1that\u00f3 \u00e9s intuit\u00edv g\u00e9pbe\u00e1ll\u00edt\u00e1st. A traktorral val\u00f3 kapcsolat az ISOBUS technol\u00f3gi\u00e1val, illetve a BEDNAR saj\u00e1t ISOBUS monitorj\u00e1n kereszt\u00fcl t\u00f6rt\u00e9n\u0151 vez\u00e9rl\u00e9s alapfelszerelts\u00e9g.<\/p>\n"},{"acf_fc_layout":"section-news-title","item-title":"FARM LINK mobilalkalmaz\u00e1ssal t\u00f6rt\u00e9n\u0151 egyszer\u0171 kalibr\u00e1l\u00e1s","item-content":"<p>A FARM LINK mobilalkalmaz\u00e1ssal minden tart\u00e1lyon \u00e9s tart\u00e1lykocsin elv\u00e9gezhet\u0151 a kalibr\u00e1l\u00e1s. Lehet\u0151v\u00e9 teszi a g\u00e9p mobiltelefonr\u00f3l t\u00f6rt\u00e9n\u0151 k\u00f6nny\u0171 \u00e9s egyszer\u0171 kalibr\u00e1l\u00e1s\u00e1t an\u00e9lk\u00fcl, hogy be kellene sz\u00e1llni traktor kabinj\u00e1ba. A mobilalkalmaz\u00e1shoz egy \u00fatmutat\u00f3 is tartozik, amely a vet\u0151mag\/m\u0171tr\u00e1gya fajt\u00e1ja, a munkasebess\u00e9g \u00e9s az alkalmazott mennyis\u00e9g alapj\u00e1n seg\u00edti a megfelel\u0151 adagol\u00f3henger kiv\u00e1laszt\u00e1s\u00e1t.<\/p>\n"},{"acf_fc_layout":"section-news-title","item-title":"FERTI-CART FC \u00e9s FERTI-BOX FB_F \u00faj felszerel\u00e9si lehet\u0151s\u00e9gekkel","item-content":"<p>A FERTI-CART FC 3 500 l \u0171rtartalm\u00fa, egykamr\u00e1s vontatott tart\u00e1lykocsi mostant\u00f3l 2\u00d7140 mm kivezet\u00e9s t\u00edpussal is ell\u00e1that\u00f3. Ez lehet\u0151v\u00e9 teszi p\u00e9ld\u00e1ul a f\u00e9l munkasz\u00e9less\u00e9g kikapcsol\u00e1s\u00e1t (CORSA CN vet\u0151gerendellyel t\u00f6rt\u00e9n\u0151 \u00f6sszekapcsol\u00e1shoz alkalmas). V\u00e1laszthat\u00f3 felszerel\u00e9sek keret\u00e9n bel\u00fcl a tart\u00e1lykocsi 2\u00d73 kivitelben k\u00e9toldali v\u00e9s\u0151vel ell\u00e1tott traktornyomlaz\u00edt\u00f3val is felszerelhet\u0151. A g\u00e9p egyszer\u0171 leparkol\u00e1sa \u00e9rdek\u00e9ben alapfelszerel\u00e9sk\u00e9nt hidraulikus parkol\u00f3l\u00e1b is be\u00e9p\u00edt\u00e9sre ker\u00fclt.<\/p>\n"},{"acf_fc_layout":"section-news-cols","item-cols":[{"item-title":"","item-title-h":"h3","item-photo":"https:\/\/www.bednar.com\/wp-content\/uploads\/produkty\/ferti-cart-fc\/ferti-cart_fc_3500_od_verze_da_zakladni.jpg","item-content":"<p>A FERTI-BOX FB_F (1 900 l \u0171rtartalom) mells\u0151 f\u00fcggesztett tart\u00e1ly a jobb vari\u00e1lhat\u00f3s\u00e1g \u00e9rdek\u00e9ben 2\u00d7140 mm t\u00edpus\u00fa kivezet\u00e9ssel is kib\u0151v\u00edt\u00e9sre ker\u00fclt. A tart\u00e1ly, f\u0151leg a nagyobb biztons\u00e1g miatt, kamerarendszerrel is felszerelhet\u0151. A k\u00e9t kamera a tart\u00e1ly jobb \u00e9s bal oldal\u00e1n (a sz\u00e1ll\u00edt\u00e1si kivil\u00e1g\u00edt\u00e1s alatt) ker\u00fcl elhelyez\u00e9sre. Ebben az esetben a kamer\u00e1k \u201eszemk\u00e9nt\u201d m\u0171k\u00f6dnek, \u00e9s kiv\u00e1l\u00f3 r\u00e1l\u00e1t\u00e1st biztos\u00edtanak a tart\u00e1ly oldal\u00e1ra \u00e9s el\u00e9, amit p\u00e9ld\u00e1ul a nehezen \u00e1tl\u00e1that\u00f3 f\u00f6ldutakr\u00f3l t\u00f6rt\u00e9n\u0151 kihajt\u00e1s sor\u00e1n minden kezel\u0151 nagyra \u00e9rt\u00e9kel.<\/p>\n","item-photo-align":false,"item-content-color":false}]},{"acf_fc_layout":"section-news-cols","item-cols":[{"item-title":"","item-title-h":"h3","item-photo":"https:\/\/www.bednar.com\/wp-content\/uploads\/aktuality\/2-4.jpg","item-content":"<p>A kamerarendszer felszerel\u00e9s\u00e9nek lehet\u0151s\u00e9ge az \u00f6sszess\u00e9g\u00e9ben 2 200 l t\u00e1rol\u00f3kapacit\u00e1s\u00fa k\u00e9tkamr\u00e1s FERTI-BOX FB_F Dual modelln\u00e9l is el\u00e9rhet\u0151.<\/p>\n","item-photo-align":false,"item-content-color":false}]},{"acf_fc_layout":"section-news-title","item-title":"","item-content":"<p style=\"text-align: right;\">JOY OF FARMING<br \/>\n<a href=\"mailto:marketing@bednar.com\" target=\"_blank\" rel=\"noopener\">marketing@bednar.com<\/a><br \/>\nBEDNAR FMT s.r.o.<\/p>\n"}],"nav-main-cat":false,"nav-sub-cat":false,"_aviaLayoutBuilderCleanData":"","page-type":"other","pageGroup":"","post-new-website":true},"_links":{"self":[{"href":"https:\/\/www.bednar.com\/hu\/wp-json\/wp\/v2\/posts\/584067","targetHints":{"allow":["GET"]}}],"collection":[{"href":"https:\/\/www.bednar.com\/hu\/wp-json\/wp\/v2\/posts"}],"about":[{"href":"https:\/\/www.bednar.com\/hu\/wp-json\/wp\/v2\/types\/post"}],"author":[{"embeddable":true,"href":"https:\/\/www.bednar.com\/hu\/wp-json\/wp\/v2\/users\/9"}],"replies":[{"embeddable":true,"href":"https:\/\/www.bednar.com\/hu\/wp-json\/wp\/v2\/comments?post=584067"}],"version-history":[{"count":2,"href":"https:\/\/www.bednar.com\/hu\/wp-json\/wp\/v2\/posts\/584067\/revisions"}],"predecessor-version":[{"id":584082,"href":"https:\/\/www.bednar.com\/hu\/wp-json\/wp\/v2\/posts\/584067\/revisions\/584082"}],"wp:featuredmedia":[{"embeddable":true,"href":"https:\/\/www.bednar.com\/hu\/wp-json\/wp\/v2\/media\/583989"}],"wp:attachment":[{"href":"https:\/\/www.bednar.com\/hu\/wp-json\/wp\/v2\/media?parent=584067"}],"wp:term":[{"taxonomy":"category","embeddable":true,"href":"https:\/\/www.bednar.com\/hu\/wp-json\/wp\/v2\/categories?post=584067"},{"taxonomy":"post_tag","embeddable":true,"href":"https:\/\/www.bednar.com\/hu\/wp-json\/wp\/v2\/tags?post=584067"}],"curies":[{"name":"wp","href":"https:\/\/api.w.org\/{rel}","templated":true}]}}