{"id":544257,"date":"2024-01-16T07:00:59","date_gmt":"2024-01-16T06:00:59","guid":{"rendered":"https:\/\/www.bednar.com\/hu\/blog\/bednar-in-the-starting-blocks-for-agromashexpo\/"},"modified":"2024-01-09T14:45:35","modified_gmt":"2024-01-09T13:45:35","slug":"bednar-in-the-starting-blocks-for-agromashexpo","status":"publish","type":"post","link":"https:\/\/www.bednar.com\/hu\/blog\/a-bednar-az-agromashexpo-rajtracsan\/","title":{"rendered":"A BEDNAR az AGROmashEXPO rajtr\u00e1cs\u00e1n"},"content":{"rendered":"","protected":false},"excerpt":{"rendered":"<p>Ahhoz, hogy az \u00e9vet j\u00f3l kezdj\u00fck, a BEDNAR m\u00e1rka jelen lesz az AGROmashEXPO ki\u00e1ll\u00edt\u00e1son, amelyet janu\u00e1r 24. \u00e9s 27. k\u00f6z\u00f6tt rendeznek meg Budapesten. \u00daj partner\u00fcnk, az AgroVario standj\u00e1n v\u00e1rjuk a kedves \u00e9rdekl\u0151d\u0151ket \u00e9s l\u00e1togat\u00f3kat. <\/p>\n","protected":false},"author":14,"featured_media":544245,"comment_status":"open","ping_status":"open","sticky":false,"template":"","format":"standard","meta":{"_acf_changed":false,"footnotes":""},"categories":[156,493,545,822],"tags":[],"class_list":["post-544257","post","type-post","status-publish","format-standard","has-post-thumbnail","hentry","category-uncategorized-hu","category-kiallitasok","category-rolunk","category-tolunk"],"acf":{"item-bg":false,"item-bg_kop\u00edrovat":false,"item-bg-mobile":false,"item-youtube":"","item-title":"","fixed-title":"","item-desc":"","item-mach-desc":"","item-mach-config":"","item-mach-down":"","item-align":false,"item-code":"","google-map":"","disable-header":false,"main-content":[{"acf_fc_layout":"section-news-cols","item-cols":[{"item-title":"","item-title-h":"h3","item-photo":"https:\/\/www.bednar.com\/wp-content\/uploads\/aktuality\/2024\/hu\/agro_mash_expo_2024_1030x600px.jpg","item-content":"","item-photo-align":false,"item-content-color":false}]},{"acf_fc_layout":"section-news-title","item-title":"","item-content":"<p>Ezen a rendezv\u00e9nyen a BEDNAR k\u00edn\u00e1lat\u00e1b\u00f3l hat g\u00e9pet tekinthetnek meg, \u00e9s besz\u00e9lgethetnek az AgroVario csapat\u00e1val vagy magyarorsz\u00e1gi kereskedelmi k\u00e9pvisel\u0151nkkel, Pribelszki P\u00e9terrel. Az eg\u00e9sz csapat \u00f6r\u00f6mmel fogadja \u00d6nt a standon, hogy megbesz\u00e9lj\u00e9k \u00e9s a legjobb inform\u00e1ci\u00f3kkal l\u00e1ss\u00e1k el, hogy biztosan a megfelel\u0151 d\u00f6nt\u00e9st hozhassa meg.  <\/p>\n"},{"acf_fc_layout":"section-news-title","item-title":"Mi v\u00e1rja \u00d6nt az AgroVario standj\u00e1n;","item-content":"<p>Id\u00e9n hat BEDNAR g\u00e9pet mutatnak be a ki\u00e1ll\u00edt\u00e1son. L\u00e1that\u00f3 lesz a j\u00f3l ismert SWIFTER SO 6000 PROFI mag\u00e1gyk\u00e9sz\u00edt\u0151 kompaktor, a ROW-MASTER RN 4800 sork\u00f6zm\u0171vel\u0151 kultiv\u00e1tor, a FERTI-BOX FB 2000F el\u00fcls\u0151 tart\u00e1ly, az ACTROS RO 3000 kombin\u00e1lt kultiv\u00e1tor, a FENIX FN 3000 L f\u00fcggesztett kultiv\u00e1tor \u00e9s a h\u00edres OMEGA OO 6000L vet\u0151g\u00e9p. <\/p>\n"},{"acf_fc_layout":"section-news-cols","item-cols":[{"item-title":"","item-title-h":"h3","item-photo":"https:\/\/www.bednar.com\/wp-content\/uploads\/aktuality\/2024\/seedbed-cultivator-so-profi-at-agromashexpo.jpg","item-content":"<p>A SWIFTER SO_PROFI ak\u00e1r 8 m\u0171veletet is k\u00e9pes egy menetben kombin\u00e1lni, hogy a talajnedvess\u00e9g meg\u0151rz\u00e9se mellett t\u00f6k\u00e9letes mag\u00e1gyat alak\u00edtson ki.<\/p>\n","item-photo-align":false,"item-content-color":false},{"item-title":"","item-title-h":"h3","item-photo":"https:\/\/www.bednar.com\/wp-content\/uploads\/aktuality\/2024\/universal-cultivator-row-master-rn-at-agromashexpo.jpg","item-content":"<p>A 80 cm-es v\u00e1zmagass\u00e1g a ROW-MASTER RN sokoldal\u00fas\u00e1ga r\u00e9v\u00e9n lehet\u0151v\u00e9 teszi az el\u0151rehaladott n\u00f6veked\u00e9si szakaszban l\u00e9v\u0151 n\u00f6v\u00e9nyek gyomirt\u00e1s\u00e1t.<\/p>\n","item-photo-align":false,"item-content-color":false}]},{"acf_fc_layout":"section-news-cols","item-cols":[{"item-title":"","item-title-h":"h3","item-photo":"https:\/\/www.bednar.com\/wp-content\/uploads\/aktuality\/2024\/mounted-hopper-fertibox-at-agromashexpo.jpg","item-content":"<p>A FERTI-BOX FB2000F el\u00fcls\u0151 f\u00fcggesztett tart\u00e1ly a m\u0171tr\u00e1gya vagy vet\u0151magok nagy pontoss\u00e1g\u00fa kijuttat\u00e1s\u00e1t biztos\u00edtja a t\u00falnyom\u00e1sos tart\u00e1ly\u00e1nak \u00e9s a pontos adagol\u00f3rendszer\u00e9nek k\u00f6sz\u00f6nhet\u0151en.<\/p>\n","item-photo-align":false,"item-content-color":false},{"item-title":"","item-title-h":"h3","item-photo":"https:\/\/www.bednar.com\/wp-content\/uploads\/aktuality\/2024\/combined-cultivator-actros-ro-at-agromashexpo.jpg","item-content":"<p>A nagy \u00e1tm\u00e9r\u0151j\u0171 t\u00e1rcs\u00e1kkal, a nagy v\u00e1zmagass\u00e1ggal \u00e9s a k\u00e9t sorban elhelyezett m\u0171vel\u0151k\u00e9sekkel az ACTROS RO a legjobb g\u00e9p a neh\u00e9z k\u00f6r\u00fclm\u00e9nyek k\u00f6z\u00f6tt t\u00f6rt\u00e9n\u0151 munkav\u00e9gz\u00e9shez.<\/p>\n","item-photo-align":false,"item-content-color":false}]},{"acf_fc_layout":"section-news-cols","item-cols":[{"item-title":"","item-title-h":"h3","item-photo":"https:\/\/www.bednar.com\/wp-content\/uploads\/aktuality\/2024\/mounted-deep-cultivator-fenix-fn_l-at-agromashexpo.jpg","item-content":"<p>H\u00e1rom sorban elhelyezett kap\u00e1k, ny\u00edrocsavaros k\u00e9sbiztos\u00edt\u00e1s, amely minden k\u00f6r\u00fclm\u00e9nyhez illeszkedik, k\u00f6nny\u0171 \u00e9s robusztus v\u00e1z, \u00edgy hat\u00e1rozhatjuk meg a FENIX FN_L univerz\u00e1lis kultiv\u00e1tort.<\/p>\n","item-photo-align":false,"item-content-color":false},{"item-title":"","item-title-h":"h3","item-photo":"https:\/\/www.bednar.com\/wp-content\/uploads\/aktuality\/2024\/universal-seed-drill-omega-oo_l-at-agromashexpo.jpg","item-content":"<p>Az OMEGA OO_L egy univerz\u00e1lis vet\u0151g\u00e9p, amely k\u00e9pes kombin\u00e1lni egy el\u00fcls\u0151 munkaszekci\u00f3t, h\u00e1rom sor t\u00e1rcs\u00e1t \u00e9s paralelogramma felf\u00fcggeszt\u00e9s\u0171 vet\u0151csoroszly\u00e1kat, hogy a legjobb n\u00f6veked\u00e9si eredm\u00e9nyeket \u00e9rje el a vet\u0151magokb\u00f3l.<\/p>\n","item-photo-align":false,"item-content-color":false}]},{"acf_fc_layout":"section-news-title","item-title":"V\u00e1rjuk \u00d6n\u00f6ket a G csarnokban, a 304-es standon.","item-content":""},{"acf_fc_layout":"section-news-title","item-title":"","item-content":"<p style=\"text-align: right;\">A GAZD\u00c1LKOD\u00c1S \u00d6R\u00d6ME<br \/>\n<a href=\"mailto:marketing@bednar.com\" target=\"_blank\" rel=\"noopener\">marketing@bednar.com<\/a><br \/>\nBEDNAR FMT s.r.o.<\/p>\n"},{"acf_fc_layout":"section-gallery","videos":false,"photos":[{"ID":544245,"id":544245,"title":"AGRO_mash_EXPO_2024_1030x600px","filename":"agro_mash_expo_2024_1030x600px.jpg","filesize":121452,"url":"https:\/\/www.bednar.com\/wp-content\/uploads\/aktuality\/2024\/hu\/agro_mash_expo_2024_1030x600px.jpg","link":"https:\/\/www.bednar.com\/hu\/blog\/a-bednar-az-agromashexpo-rajtracsan\/agro_mash_expo_2024_1030x600px-2\/","alt":"AGRO_mash_EXPO_2024_1030x600px","author":"14","description":"","caption":"","name":"agro_mash_expo_2024_1030x600px-2","status":"inherit","uploaded_to":544257,"date":"2024-01-09 13:18:11","modified":"2024-01-09 13:18:24","menu_order":0,"mime_type":"image\/jpeg","type":"image","subtype":"jpeg","icon":"https:\/\/www.bednar.com\/wp-includes\/images\/media\/default.png","width":1030,"height":600,"sizes":{"thumbnail":"https:\/\/www.bednar.com\/wp-content\/uploads\/aktuality\/2024\/hu\/agro_mash_expo_2024_1030x600px-280x185.jpg","thumbnail-width":280,"thumbnail-height":185,"medium":"https:\/\/www.bednar.com\/wp-content\/uploads\/aktuality\/2024\/hu\/agro_mash_expo_2024_1030x600px-300x175.jpg","medium-width":300,"medium-height":175,"medium_large":"https:\/\/www.bednar.com\/wp-content\/uploads\/aktuality\/2024\/hu\/agro_mash_expo_2024_1030x600px-768x447.jpg","medium_large-width":768,"medium_large-height":447,"large":"https:\/\/www.bednar.com\/wp-content\/uploads\/aktuality\/2024\/hu\/agro_mash_expo_2024_1030x600px-1024x597.jpg","large-width":1024,"large-height":597,"1536x1536":"https:\/\/www.bednar.com\/wp-content\/uploads\/aktuality\/2024\/hu\/agro_mash_expo_2024_1030x600px.jpg","1536x1536-width":1030,"1536x1536-height":600,"2048x2048":"https:\/\/www.bednar.com\/wp-content\/uploads\/aktuality\/2024\/hu\/agro_mash_expo_2024_1030x600px.jpg","2048x2048-width":1030,"2048x2048-height":600,"header-thumb":"https:\/\/www.bednar.com\/wp-content\/uploads\/aktuality\/2024\/hu\/agro_mash_expo_2024_1030x600px.jpg","header-thumb-width":1030,"header-thumb-height":600,"section-thumb":"https:\/\/www.bednar.com\/wp-content\/uploads\/aktuality\/2024\/hu\/agro_mash_expo_2024_1030x600px-860x480.jpg","section-thumb-width":860,"section-thumb-height":480,"news-thumb":"https:\/\/www.bednar.com\/wp-content\/uploads\/aktuality\/2024\/hu\/agro_mash_expo_2024_1030x600px-390x315.jpg","news-thumb-width":390,"news-thumb-height":315,"wpcf7-post-image":"https:\/\/www.bednar.com\/wp-content\/uploads\/aktuality\/2024\/hu\/agro_mash_expo_2024_1030x600px-80x80.jpg","wpcf7-post-image-width":80,"wpcf7-post-image-height":80}},{"ID":544228,"id":544228,"title":"Universal Seed Drill OMEGA OO_L at AGROmashEXPO","filename":"universal-seed-drill-omega-oo_l-at-agromashexpo.jpg","filesize":54158,"url":"https:\/\/www.bednar.com\/wp-content\/uploads\/aktuality\/2024\/universal-seed-drill-omega-oo_l-at-agromashexpo.jpg","link":"https:\/\/www.bednar.com\/hu\/blog\/a-bednar-az-agromashexpo-rajtracsan\/universal-seed-drill-omega-oo_l-at-agromashexpo-2\/","alt":"Universal Seed Drill OMEGA OO_L at AGROmashEXPO","author":"14","description":"","caption":"","name":"universal-seed-drill-omega-oo_l-at-agromashexpo-2","status":"inherit","uploaded_to":544257,"date":"2024-01-09 13:14:32","modified":"2024-01-09 13:24:45","menu_order":0,"mime_type":"image\/jpeg","type":"image","subtype":"jpeg","icon":"https:\/\/www.bednar.com\/wp-includes\/images\/media\/default.png","width":800,"height":533,"sizes":{"thumbnail":"https:\/\/www.bednar.com\/wp-content\/uploads\/aktuality\/2024\/universal-seed-drill-omega-oo_l-at-agromashexpo-280x185.jpg","thumbnail-width":280,"thumbnail-height":185,"medium":"https:\/\/www.bednar.com\/wp-content\/uploads\/aktuality\/2024\/universal-seed-drill-omega-oo_l-at-agromashexpo-300x200.jpg","medium-width":300,"medium-height":200,"medium_large":"https:\/\/www.bednar.com\/wp-content\/uploads\/aktuality\/2024\/universal-seed-drill-omega-oo_l-at-agromashexpo-768x512.jpg","medium_large-width":768,"medium_large-height":512,"large":"https:\/\/www.bednar.com\/wp-content\/uploads\/aktuality\/2024\/universal-seed-drill-omega-oo_l-at-agromashexpo.jpg","large-width":800,"large-height":533,"1536x1536":"https:\/\/www.bednar.com\/wp-content\/uploads\/aktuality\/2024\/universal-seed-drill-omega-oo_l-at-agromashexpo.jpg","1536x1536-width":800,"1536x1536-height":533,"2048x2048":"https:\/\/www.bednar.com\/wp-content\/uploads\/aktuality\/2024\/universal-seed-drill-omega-oo_l-at-agromashexpo.jpg","2048x2048-width":800,"2048x2048-height":533,"header-thumb":"https:\/\/www.bednar.com\/wp-content\/uploads\/aktuality\/2024\/universal-seed-drill-omega-oo_l-at-agromashexpo.jpg","header-thumb-width":800,"header-thumb-height":533,"section-thumb":"https:\/\/www.bednar.com\/wp-content\/uploads\/aktuality\/2024\/universal-seed-drill-omega-oo_l-at-agromashexpo-800x480.jpg","section-thumb-width":800,"section-thumb-height":480,"news-thumb":"https:\/\/www.bednar.com\/wp-content\/uploads\/aktuality\/2024\/universal-seed-drill-omega-oo_l-at-agromashexpo-390x315.jpg","news-thumb-width":390,"news-thumb-height":315,"wpcf7-post-image":"https:\/\/www.bednar.com\/wp-content\/uploads\/aktuality\/2024\/universal-seed-drill-omega-oo_l-at-agromashexpo-80x80.jpg","wpcf7-post-image-width":80,"wpcf7-post-image-height":80}},{"ID":544211,"id":544211,"title":"Universal Cultivator ROW MASTER RN at AGROmashEXPO","filename":"universal-cultivator-row-master-rn-at-agromashexpo.jpg","filesize":69380,"url":"https:\/\/www.bednar.com\/wp-content\/uploads\/aktuality\/2024\/universal-cultivator-row-master-rn-at-agromashexpo.jpg","link":"https:\/\/www.bednar.com\/hu\/blog\/a-bednar-az-agromashexpo-rajtracsan\/universal-cultivator-row-master-rn-at-agromashexpo-2\/","alt":"Universal Cultivator ROW MASTER RN at AGROmashEXPO","author":"14","description":"","caption":"","name":"universal-cultivator-row-master-rn-at-agromashexpo-2","status":"inherit","uploaded_to":544257,"date":"2024-01-09 13:14:28","modified":"2024-01-09 13:22:03","menu_order":0,"mime_type":"image\/jpeg","type":"image","subtype":"jpeg","icon":"https:\/\/www.bednar.com\/wp-includes\/images\/media\/default.png","width":800,"height":533,"sizes":{"thumbnail":"https:\/\/www.bednar.com\/wp-content\/uploads\/aktuality\/2024\/universal-cultivator-row-master-rn-at-agromashexpo-280x185.jpg","thumbnail-width":280,"thumbnail-height":185,"medium":"https:\/\/www.bednar.com\/wp-content\/uploads\/aktuality\/2024\/universal-cultivator-row-master-rn-at-agromashexpo-300x200.jpg","medium-width":300,"medium-height":200,"medium_large":"https:\/\/www.bednar.com\/wp-content\/uploads\/aktuality\/2024\/universal-cultivator-row-master-rn-at-agromashexpo-768x512.jpg","medium_large-width":768,"medium_large-height":512,"large":"https:\/\/www.bednar.com\/wp-content\/uploads\/aktuality\/2024\/universal-cultivator-row-master-rn-at-agromashexpo.jpg","large-width":800,"large-height":533,"1536x1536":"https:\/\/www.bednar.com\/wp-content\/uploads\/aktuality\/2024\/universal-cultivator-row-master-rn-at-agromashexpo.jpg","1536x1536-width":800,"1536x1536-height":533,"2048x2048":"https:\/\/www.bednar.com\/wp-content\/uploads\/aktuality\/2024\/universal-cultivator-row-master-rn-at-agromashexpo.jpg","2048x2048-width":800,"2048x2048-height":533,"header-thumb":"https:\/\/www.bednar.com\/wp-content\/uploads\/aktuality\/2024\/universal-cultivator-row-master-rn-at-agromashexpo.jpg","header-thumb-width":800,"header-thumb-height":533,"section-thumb":"https:\/\/www.bednar.com\/wp-content\/uploads\/aktuality\/2024\/universal-cultivator-row-master-rn-at-agromashexpo-800x480.jpg","section-thumb-width":800,"section-thumb-height":480,"news-thumb":"https:\/\/www.bednar.com\/wp-content\/uploads\/aktuality\/2024\/universal-cultivator-row-master-rn-at-agromashexpo-390x315.jpg","news-thumb-width":390,"news-thumb-height":315,"wpcf7-post-image":"https:\/\/www.bednar.com\/wp-content\/uploads\/aktuality\/2024\/universal-cultivator-row-master-rn-at-agromashexpo-80x80.jpg","wpcf7-post-image-width":80,"wpcf7-post-image-height":80}},{"ID":544194,"id":544194,"title":"Seedbed Cultivator SO PROFI at AGROmashEXPO","filename":"seedbed-cultivator-so-profi-at-agromashexpo.jpg","filesize":76831,"url":"https:\/\/www.bednar.com\/wp-content\/uploads\/aktuality\/2024\/seedbed-cultivator-so-profi-at-agromashexpo.jpg","link":"https:\/\/www.bednar.com\/hu\/blog\/a-bednar-az-agromashexpo-rajtracsan\/seedbed-cultivator-so-profi-at-agromashexpo-2\/","alt":"Seedbed Cultivator SO PROFI at AGROmashEXPO","author":"14","description":"","caption":"","name":"seedbed-cultivator-so-profi-at-agromashexpo-2","status":"inherit","uploaded_to":544257,"date":"2024-01-09 13:14:25","modified":"2024-01-09 13:19:36","menu_order":0,"mime_type":"image\/jpeg","type":"image","subtype":"jpeg","icon":"https:\/\/www.bednar.com\/wp-includes\/images\/media\/default.png","width":800,"height":533,"sizes":{"thumbnail":"https:\/\/www.bednar.com\/wp-content\/uploads\/aktuality\/2024\/seedbed-cultivator-so-profi-at-agromashexpo-280x185.jpg","thumbnail-width":280,"thumbnail-height":185,"medium":"https:\/\/www.bednar.com\/wp-content\/uploads\/aktuality\/2024\/seedbed-cultivator-so-profi-at-agromashexpo-300x200.jpg","medium-width":300,"medium-height":200,"medium_large":"https:\/\/www.bednar.com\/wp-content\/uploads\/aktuality\/2024\/seedbed-cultivator-so-profi-at-agromashexpo-768x512.jpg","medium_large-width":768,"medium_large-height":512,"large":"https:\/\/www.bednar.com\/wp-content\/uploads\/aktuality\/2024\/seedbed-cultivator-so-profi-at-agromashexpo.jpg","large-width":800,"large-height":533,"1536x1536":"https:\/\/www.bednar.com\/wp-content\/uploads\/aktuality\/2024\/seedbed-cultivator-so-profi-at-agromashexpo.jpg","1536x1536-width":800,"1536x1536-height":533,"2048x2048":"https:\/\/www.bednar.com\/wp-content\/uploads\/aktuality\/2024\/seedbed-cultivator-so-profi-at-agromashexpo.jpg","2048x2048-width":800,"2048x2048-height":533,"header-thumb":"https:\/\/www.bednar.com\/wp-content\/uploads\/aktuality\/2024\/seedbed-cultivator-so-profi-at-agromashexpo.jpg","header-thumb-width":800,"header-thumb-height":533,"section-thumb":"https:\/\/www.bednar.com\/wp-content\/uploads\/aktuality\/2024\/seedbed-cultivator-so-profi-at-agromashexpo-800x480.jpg","section-thumb-width":800,"section-thumb-height":480,"news-thumb":"https:\/\/www.bednar.com\/wp-content\/uploads\/aktuality\/2024\/seedbed-cultivator-so-profi-at-agromashexpo-390x315.jpg","news-thumb-width":390,"news-thumb-height":315,"wpcf7-post-image":"https:\/\/www.bednar.com\/wp-content\/uploads\/aktuality\/2024\/seedbed-cultivator-so-profi-at-agromashexpo-80x80.jpg","wpcf7-post-image-width":80,"wpcf7-post-image-height":80}},{"ID":544177,"id":544177,"title":"Mounted Hopper fertibox at AGROmashEXPO","filename":"mounted-hopper-fertibox-at-agromashexpo.jpg","filesize":160032,"url":"https:\/\/www.bednar.com\/wp-content\/uploads\/aktuality\/2024\/mounted-hopper-fertibox-at-agromashexpo.jpg","link":"https:\/\/www.bednar.com\/hu\/blog\/a-bednar-az-agromashexpo-rajtracsan\/mounted-hopper-fertibox-at-agromashexpo-2\/","alt":"Mounted Hopper fertibox at AGROmashEXPO","author":"14","description":"","caption":"","name":"mounted-hopper-fertibox-at-agromashexpo-2","status":"inherit","uploaded_to":544257,"date":"2024-01-09 13:14:20","modified":"2024-01-09 13:29:31","menu_order":0,"mime_type":"image\/jpeg","type":"image","subtype":"jpeg","icon":"https:\/\/www.bednar.com\/wp-includes\/images\/media\/default.png","width":800,"height":533,"sizes":{"thumbnail":"https:\/\/www.bednar.com\/wp-content\/uploads\/aktuality\/2024\/mounted-hopper-fertibox-at-agromashexpo-280x185.jpg","thumbnail-width":280,"thumbnail-height":185,"medium":"https:\/\/www.bednar.com\/wp-content\/uploads\/aktuality\/2024\/mounted-hopper-fertibox-at-agromashexpo-300x200.jpg","medium-width":300,"medium-height":200,"medium_large":"https:\/\/www.bednar.com\/wp-content\/uploads\/aktuality\/2024\/mounted-hopper-fertibox-at-agromashexpo-768x512.jpg","medium_large-width":768,"medium_large-height":512,"large":"https:\/\/www.bednar.com\/wp-content\/uploads\/aktuality\/2024\/mounted-hopper-fertibox-at-agromashexpo.jpg","large-width":800,"large-height":533,"1536x1536":"https:\/\/www.bednar.com\/wp-content\/uploads\/aktuality\/2024\/mounted-hopper-fertibox-at-agromashexpo.jpg","1536x1536-width":800,"1536x1536-height":533,"2048x2048":"https:\/\/www.bednar.com\/wp-content\/uploads\/aktuality\/2024\/mounted-hopper-fertibox-at-agromashexpo.jpg","2048x2048-width":800,"2048x2048-height":533,"header-thumb":"https:\/\/www.bednar.com\/wp-content\/uploads\/aktuality\/2024\/mounted-hopper-fertibox-at-agromashexpo.jpg","header-thumb-width":800,"header-thumb-height":533,"section-thumb":"https:\/\/www.bednar.com\/wp-content\/uploads\/aktuality\/2024\/mounted-hopper-fertibox-at-agromashexpo-800x480.jpg","section-thumb-width":800,"section-thumb-height":480,"news-thumb":"https:\/\/www.bednar.com\/wp-content\/uploads\/aktuality\/2024\/mounted-hopper-fertibox-at-agromashexpo-390x315.jpg","news-thumb-width":390,"news-thumb-height":315,"wpcf7-post-image":"https:\/\/www.bednar.com\/wp-content\/uploads\/aktuality\/2024\/mounted-hopper-fertibox-at-agromashexpo-80x80.jpg","wpcf7-post-image-width":80,"wpcf7-post-image-height":80}},{"ID":544160,"id":544160,"title":"Mounted Deep Cultivator FENIX FN_L at AGROmashEXPO","filename":"mounted-deep-cultivator-fenix-fn_l-at-agromashexpo.jpg","filesize":122030,"url":"https:\/\/www.bednar.com\/wp-content\/uploads\/aktuality\/2024\/mounted-deep-cultivator-fenix-fn_l-at-agromashexpo.jpg","link":"https:\/\/www.bednar.com\/hu\/blog\/a-bednar-az-agromashexpo-rajtracsan\/mounted-deep-cultivator-fenix-fn_l-at-agromashexpo-2\/","alt":"Mounted Deep Cultivator FENIX FN_L at AGROmashEXPO","author":"14","description":"","caption":"","name":"mounted-deep-cultivator-fenix-fn_l-at-agromashexpo-2","status":"inherit","uploaded_to":544257,"date":"2024-01-09 13:14:16","modified":"2024-01-09 13:25:00","menu_order":0,"mime_type":"image\/jpeg","type":"image","subtype":"jpeg","icon":"https:\/\/www.bednar.com\/wp-includes\/images\/media\/default.png","width":800,"height":533,"sizes":{"thumbnail":"https:\/\/www.bednar.com\/wp-content\/uploads\/aktuality\/2024\/mounted-deep-cultivator-fenix-fn_l-at-agromashexpo-280x185.jpg","thumbnail-width":280,"thumbnail-height":185,"medium":"https:\/\/www.bednar.com\/wp-content\/uploads\/aktuality\/2024\/mounted-deep-cultivator-fenix-fn_l-at-agromashexpo-300x200.jpg","medium-width":300,"medium-height":200,"medium_large":"https:\/\/www.bednar.com\/wp-content\/uploads\/aktuality\/2024\/mounted-deep-cultivator-fenix-fn_l-at-agromashexpo-768x512.jpg","medium_large-width":768,"medium_large-height":512,"large":"https:\/\/www.bednar.com\/wp-content\/uploads\/aktuality\/2024\/mounted-deep-cultivator-fenix-fn_l-at-agromashexpo.jpg","large-width":800,"large-height":533,"1536x1536":"https:\/\/www.bednar.com\/wp-content\/uploads\/aktuality\/2024\/mounted-deep-cultivator-fenix-fn_l-at-agromashexpo.jpg","1536x1536-width":800,"1536x1536-height":533,"2048x2048":"https:\/\/www.bednar.com\/wp-content\/uploads\/aktuality\/2024\/mounted-deep-cultivator-fenix-fn_l-at-agromashexpo.jpg","2048x2048-width":800,"2048x2048-height":533,"header-thumb":"https:\/\/www.bednar.com\/wp-content\/uploads\/aktuality\/2024\/mounted-deep-cultivator-fenix-fn_l-at-agromashexpo.jpg","header-thumb-width":800,"header-thumb-height":533,"section-thumb":"https:\/\/www.bednar.com\/wp-content\/uploads\/aktuality\/2024\/mounted-deep-cultivator-fenix-fn_l-at-agromashexpo-800x480.jpg","section-thumb-width":800,"section-thumb-height":480,"news-thumb":"https:\/\/www.bednar.com\/wp-content\/uploads\/aktuality\/2024\/mounted-deep-cultivator-fenix-fn_l-at-agromashexpo-390x315.jpg","news-thumb-width":390,"news-thumb-height":315,"wpcf7-post-image":"https:\/\/www.bednar.com\/wp-content\/uploads\/aktuality\/2024\/mounted-deep-cultivator-fenix-fn_l-at-agromashexpo-80x80.jpg","wpcf7-post-image-width":80,"wpcf7-post-image-height":80}},{"ID":544143,"id":544143,"title":"Combined Cultivator ACTROS RO at AGROmashEXPO","filename":"combined-cultivator-actros-ro-at-agromashexpo.jpg","filesize":166224,"url":"https:\/\/www.bednar.com\/wp-content\/uploads\/aktuality\/2024\/combined-cultivator-actros-ro-at-agromashexpo.jpg","link":"https:\/\/www.bednar.com\/hu\/blog\/a-bednar-az-agromashexpo-rajtracsan\/combined-cultivator-actros-ro-at-agromashexpo-2\/","alt":"Combined Cultivator ACTROS RO at AGROmashEXPO","author":"14","description":"","caption":"","name":"combined-cultivator-actros-ro-at-agromashexpo-2","status":"inherit","uploaded_to":544257,"date":"2024-01-09 13:14:11","modified":"2024-01-09 13:36:34","menu_order":0,"mime_type":"image\/jpeg","type":"image","subtype":"jpeg","icon":"https:\/\/www.bednar.com\/wp-includes\/images\/media\/default.png","width":800,"height":533,"sizes":{"thumbnail":"https:\/\/www.bednar.com\/wp-content\/uploads\/aktuality\/2024\/combined-cultivator-actros-ro-at-agromashexpo-280x185.jpg","thumbnail-width":280,"thumbnail-height":185,"medium":"https:\/\/www.bednar.com\/wp-content\/uploads\/aktuality\/2024\/combined-cultivator-actros-ro-at-agromashexpo-300x200.jpg","medium-width":300,"medium-height":200,"medium_large":"https:\/\/www.bednar.com\/wp-content\/uploads\/aktuality\/2024\/combined-cultivator-actros-ro-at-agromashexpo-768x512.jpg","medium_large-width":768,"medium_large-height":512,"large":"https:\/\/www.bednar.com\/wp-content\/uploads\/aktuality\/2024\/combined-cultivator-actros-ro-at-agromashexpo.jpg","large-width":800,"large-height":533,"1536x1536":"https:\/\/www.bednar.com\/wp-content\/uploads\/aktuality\/2024\/combined-cultivator-actros-ro-at-agromashexpo.jpg","1536x1536-width":800,"1536x1536-height":533,"2048x2048":"https:\/\/www.bednar.com\/wp-content\/uploads\/aktuality\/2024\/combined-cultivator-actros-ro-at-agromashexpo.jpg","2048x2048-width":800,"2048x2048-height":533,"header-thumb":"https:\/\/www.bednar.com\/wp-content\/uploads\/aktuality\/2024\/combined-cultivator-actros-ro-at-agromashexpo.jpg","header-thumb-width":800,"header-thumb-height":533,"section-thumb":"https:\/\/www.bednar.com\/wp-content\/uploads\/aktuality\/2024\/combined-cultivator-actros-ro-at-agromashexpo-800x480.jpg","section-thumb-width":800,"section-thumb-height":480,"news-thumb":"https:\/\/www.bednar.com\/wp-content\/uploads\/aktuality\/2024\/combined-cultivator-actros-ro-at-agromashexpo-390x315.jpg","news-thumb-width":390,"news-thumb-height":315,"wpcf7-post-image":"https:\/\/www.bednar.com\/wp-content\/uploads\/aktuality\/2024\/combined-cultivator-actros-ro-at-agromashexpo-80x80.jpg","wpcf7-post-image-width":80,"wpcf7-post-image-height":80}}]}],"nav-main-cat":false,"nav-sub-cat":false,"_aviaLayoutBuilderCleanData":"","page-type":"other","pageGroup":"","post-new-website":true},"_links":{"self":[{"href":"https:\/\/www.bednar.com\/hu\/wp-json\/wp\/v2\/posts\/544257","targetHints":{"allow":["GET"]}}],"collection":[{"href":"https:\/\/www.bednar.com\/hu\/wp-json\/wp\/v2\/posts"}],"about":[{"href":"https:\/\/www.bednar.com\/hu\/wp-json\/wp\/v2\/types\/post"}],"author":[{"embeddable":true,"href":"https:\/\/www.bednar.com\/hu\/wp-json\/wp\/v2\/users\/14"}],"replies":[{"embeddable":true,"href":"https:\/\/www.bednar.com\/hu\/wp-json\/wp\/v2\/comments?post=544257"}],"version-history":[{"count":2,"href":"https:\/\/www.bednar.com\/hu\/wp-json\/wp\/v2\/posts\/544257\/revisions"}],"predecessor-version":[{"id":544259,"href":"https:\/\/www.bednar.com\/hu\/wp-json\/wp\/v2\/posts\/544257\/revisions\/544259"}],"wp:featuredmedia":[{"embeddable":true,"href":"https:\/\/www.bednar.com\/hu\/wp-json\/wp\/v2\/media\/544245"}],"wp:attachment":[{"href":"https:\/\/www.bednar.com\/hu\/wp-json\/wp\/v2\/media?parent=544257"}],"wp:term":[{"taxonomy":"category","embeddable":true,"href":"https:\/\/www.bednar.com\/hu\/wp-json\/wp\/v2\/categories?post=544257"},{"taxonomy":"post_tag","embeddable":true,"href":"https:\/\/www.bednar.com\/hu\/wp-json\/wp\/v2\/tags?post=544257"}],"curies":[{"name":"wp","href":"https:\/\/api.w.org\/{rel}","templated":true}]}}