{"id":538332,"date":"2023-11-02T08:12:12","date_gmt":"2023-11-02T07:12:12","guid":{"rendered":"https:\/\/www.bednar.com\/hu\/blog\/"},"modified":"2023-11-02T08:12:12","modified_gmt":"2023-11-02T07:12:12","slug":"a-bednar-az-agritechnica-kiallitason-nagyszeru-stilusban-fog-megjelenni","status":"publish","type":"post","link":"https:\/\/www.bednar.com\/hu\/blog\/a-bednar-az-agritechnica-kiallitason-nagyszeru-stilusban-fog-megjelenni\/","title":{"rendered":"A BEDNAR az AGRITECHNICA ki\u00e1ll\u00edt\u00e1son nagyszer\u0171 st\u00edlusban fog megjelenni"},"content":{"rendered":"","protected":false},"excerpt":{"rendered":"<p>AGRITECHNICA. A nemzetk\u00f6zileg elismert mez\u0151gazdas\u00e1gi technol\u00f3giai ki\u00e1ll\u00edt\u00e1s n\u00e9gy \u00e9v ut\u00e1n ism\u00e9t visszat\u00e9r a n\u00e9metorsz\u00e1gi Hannoverbe, a tervek szerint 2023. november 12-18. k\u00f6z\u00f6tt. Az idei mott\u00f3 a &#8222;Mez\u0151gazdas\u00e1gi \u00fatt\u00f6r\u0151k otthona&#8221;. A dinamikus fejl\u0151d\u00e9s, az innovat\u00edv technol\u00f3gi\u00e1k \u00e9s a modern agron\u00f3miai megk\u00f6zel\u00edt\u00e9sek, amelyeket a BEDNAR FMT strat\u00e9gi\u00e1ja t\u00fckr\u00f6z, igen k\u00f6zel \u00e1llnak ehhez a mott\u00f3hoz. Mivel az AGRITECHNICA a glob\u00e1lis gy\u00e1rt\u00f3k bemutatkoz\u00e1si helysz\u00edne, a BEDNAR nem hagyhatja ki a ki\u00e1ll\u00edt\u00e1st.<\/p>\n","protected":false},"author":14,"featured_media":538678,"comment_status":"open","ping_status":"open","sticky":false,"template":"","format":"standard","meta":{"_acf_changed":false,"footnotes":""},"categories":[156,493,822],"tags":[],"class_list":["post-538332","post","type-post","status-publish","format-standard","has-post-thumbnail","hentry","category-uncategorized-hu","category-kiallitasok","category-tolunk"],"acf":{"item-bg":false,"item-bg_kop\u00edrovat":false,"item-bg-mobile":false,"item-youtube":"","item-title":"","fixed-title":"","item-desc":"","item-mach-desc":"","item-mach-config":"","item-mach-down":"","item-align":false,"item-code":"","google-map":"","disable-header":false,"main-content":[{"acf_fc_layout":"section-news-cols","item-cols":[{"item-title":"","item-title-h":"h3","item-photo":"https:\/\/www.bednar.com\/wp-content\/uploads\/aktuality\/2023\/cz\/agritechnika_2023_web_article.jpg","item-content":"","item-photo-align":false,"item-content-color":false}]},{"acf_fc_layout":"section-news-title","item-title":"","item-content":"<p>A BEDNAR tizenegy s\u00e1rga g\u00e9pet mutat be a 12-es csarnokban (B24-es ter\u00fclet) a k\u00f6zel 1000 m2-es ki\u00e1ll\u00edt\u00e1si ter\u00fcleten. A l\u00e1togat\u00f3k a j\u00f3l ismert term\u00e9kek bemutat\u00f3it, valamint egy sor \u00fajdons\u00e1g vil\u00e1gpremierj\u00e9t v\u00e1rhatj\u00e1k, amelyeket a BEDNAR 2024-ben vezet be a piacra.<\/p>\n"},{"acf_fc_layout":"section-news-title","item-title":"NAGY HANGS\u00daLYT FEKTET\u00dcNK A VET\u0150G\u00c9PEKRE","item-content":"<p>A v\u00e1llalat jelent\u0151sen b\u0151v\u00edti vet\u0151g\u00e9pportf\u00f3li\u00f3j\u00e1t \u00faj modellsorozatokkal \u00e9s vet\u0151g\u00e9pekkel, reag\u00e1lva a mez\u0151gazdas\u00e1gban jelenleg uralkod\u00f3 trendekre, mint p\u00e9ld\u00e1ul a direktvet\u00e9s vagy a s\u00e1vos vet\u00e9si technol\u00f3gi\u00e1k. Az AGRITECHNICA lesz a forg\u00f3boron\u00e1val \u00e9s el\u00fcls\u0151 vet\u0151magtart\u00e1llyal ell\u00e1tott vet\u00e9s kombin\u00e1ci\u00f3 koncepci\u00f3j\u00e1nak premierj\u00e9nek helysz\u00edne is.<\/p>\n"},{"acf_fc_layout":"section-news-cols","item-cols":[{"item-title":"","item-title-h":"h3","item-photo":"https:\/\/www.bednar.com\/wp-content\/uploads\/aktuality\/2023\/cz\/matador-mo.jpg","item-content":"<p>A MATADOR MO a s\u00e1vos n\u00f6v\u00e9nytermeszt\u00e9sre szolg\u00e1l\u00f3 vet\u0151g\u00e9pek \u00faj modellsorozat\u00e1t k\u00e9pviseli.<\/p>\n","item-photo-align":false,"item-content-color":false},{"item-title":"","item-title-h":"h3","item-photo":"https:\/\/www.bednar.com\/wp-content\/uploads\/aktuality\/2023\/cz\/directo-no.jpg","item-content":"<p>A DIRECTO NO egy direktvet\u00e9sre alkalmas vet\u0151g\u00e9p, amely egy \u00e9rdekes komponenst k\u00edn\u00e1l a m\u0171tr\u00e1gy\u00e1z\u00f3 t\u00e1rcs\u00e1k form\u00e1j\u00e1ban.<\/p>\n","item-photo-align":false,"item-content-color":false}]},{"acf_fc_layout":"section-news-cols","item-cols":[{"item-title":"","item-title-h":"h3","item-photo":"https:\/\/www.bednar.com\/wp-content\/uploads\/aktuality\/2023\/cz\/efecta-cm.jpg","item-content":"<p>Az EFECTA CM egy \u00faj, nagy kapacit\u00e1s\u00fa t\u00e1rol\u00f3tart\u00e1llyal rendelkez\u0151, nagy munkasz\u00e9less\u00e9g\u0171 vet\u0151g\u00e9ppel b\u0151v\u00edti portf\u00f3li\u00f3j\u00e1t.<\/p>\n","item-photo-align":false,"item-content-color":false},{"item-title":"","item-title-h":"h3","item-photo":"https:\/\/www.bednar.com\/wp-content\/uploads\/aktuality\/2023\/cz\/dsc03087-800x470-1.jpg","item-content":"<p>Az OMEGA vet\u0151g\u00e9pek mostant\u00f3l lehet\u0151v\u00e9 teszik a t\u00e1vkalibr\u00e1l\u00e1st a FARM LINK alkalmaz\u00e1son kereszt\u00fcl<\/p>\n","item-photo-align":false,"item-content-color":false}]},{"acf_fc_layout":"section-news-title","item-title":"\u00daJ TERVEZ\u00c9S\u0170 STAND","item-content":"<p><em>Szeretn\u00e9k megh\u00edvni minden gazd\u00e1lkod\u00f3t, valamint \u00fczleti \u00e9s szolg\u00e1ltat\u00f3 partner\u00fcnket az idei AGRITECHNICA-ra. A BEDNAR g\u00e9peket egy vadonat\u00faj standon fogjuk bemutatni, amelyet eddig m\u00e9g egyetlen ki\u00e1ll\u00edt\u00e1son sem l\u00e1thattak. Ezen t\u00falmen\u0151en j\u00f3 h\u00edrekkel szolg\u00e1lunk rajong\u00f3ink sz\u00e1m\u00e1ra. A ki\u00e1ll\u00edt\u00e1son helyet kap a BEDNAR FAN SHOP, ahol a web\u00e1ruh\u00e1zunkb\u00f3l v\u00e1s\u00e1rolhat term\u00e9keket. Az AGRITECHNICA egy olyan hely, amely megh\u00edvja \u00d6nt, hogy tal\u00e1lkozzon \u00e9s besz\u00e9lgessen a sz\u00e1nt\u00f3f\u00f6ldek szak\u00e9rt\u0151ivel. Ha hozz\u00e1adott \u00e9rt\u00e9kkel rendelkez\u0151, k\u00f6nnyen kezelhet\u0151, a gazd\u00e1lkod\u00f3k ig\u00e9nyei \u00e9s az aktu\u00e1lis trendek alapj\u00e1n tervezett g\u00e9peket keres, ne habozzon, l\u00e1togasson el a BEDNAR ki\u00e1ll\u00edt\u00e1si ter\u00fclet\u00e9re, ahol sz\u00edvesen bemutatjuk \u00d6nnek az egyes \u00fajdons\u00e1gokat.<\/em> Ing. David Ry\u010dl, a Marketing igazgat\u00f3.<\/p>\n"},{"acf_fc_layout":"section-news-title","item-title":"V\u00e1rjuk \u00d6nt.","item-content":""},{"acf_fc_layout":"section-news-title","item-title":"","item-content":"<p style=\"text-align: right;\">A gazd\u00e1lkod\u00e1s \u00f6r\u00f6m vel\u00fcnk.<br \/>\n<a href=\"mailto:marketing@bednar.com\" target=\"_blank\" rel=\"noopener\">marketing@bednar.com<\/a><br \/>\nBEDNAR FMT s.r.o.<\/p>\n"},{"acf_fc_layout":"section-gallery","videos":false,"photos":false},{"acf_fc_layout":"section-news-slider-inpost","post-id":false,"disable-slider":false}],"nav-main-cat":false,"nav-sub-cat":false,"_aviaLayoutBuilderCleanData":"","page-type":"other","pageGroup":"","post-new-website":true},"_links":{"self":[{"href":"https:\/\/www.bednar.com\/hu\/wp-json\/wp\/v2\/posts\/538332","targetHints":{"allow":["GET"]}}],"collection":[{"href":"https:\/\/www.bednar.com\/hu\/wp-json\/wp\/v2\/posts"}],"about":[{"href":"https:\/\/www.bednar.com\/hu\/wp-json\/wp\/v2\/types\/post"}],"author":[{"embeddable":true,"href":"https:\/\/www.bednar.com\/hu\/wp-json\/wp\/v2\/users\/14"}],"replies":[{"embeddable":true,"href":"https:\/\/www.bednar.com\/hu\/wp-json\/wp\/v2\/comments?post=538332"}],"version-history":[{"count":2,"href":"https:\/\/www.bednar.com\/hu\/wp-json\/wp\/v2\/posts\/538332\/revisions"}],"predecessor-version":[{"id":538340,"href":"https:\/\/www.bednar.com\/hu\/wp-json\/wp\/v2\/posts\/538332\/revisions\/538340"}],"wp:featuredmedia":[{"embeddable":true,"href":"https:\/\/www.bednar.com\/hu\/wp-json\/wp\/v2\/media\/538678"}],"wp:attachment":[{"href":"https:\/\/www.bednar.com\/hu\/wp-json\/wp\/v2\/media?parent=538332"}],"wp:term":[{"taxonomy":"category","embeddable":true,"href":"https:\/\/www.bednar.com\/hu\/wp-json\/wp\/v2\/categories?post=538332"},{"taxonomy":"post_tag","embeddable":true,"href":"https:\/\/www.bednar.com\/hu\/wp-json\/wp\/v2\/tags?post=538332"}],"curies":[{"name":"wp","href":"https:\/\/api.w.org\/{rel}","templated":true}]}}