{"id":453884,"date":"2022-03-03T08:27:41","date_gmt":"2022-03-03T07:27:41","guid":{"rendered":"https:\/\/www.bednar.com\/hu\/blog\/prvni-efecta-ce-12000-pracuje-od-roku-2021-v-podniku-kombinat-rolny-kietrz\/"},"modified":"2022-03-03T09:11:28","modified_gmt":"2022-03-03T08:11:28","slug":"prvni-efecta-ce-12000-pracuje-od-roku-2021-v-podniku-kombinat-rolny-kietrz","status":"publish","type":"post","link":"https:\/\/www.bednar.com\/hu\/blog\/az-elso-efecta-ce-12000-2021-ota-a-kombinat-rolny-kietrznel-dolgozik\/","title":{"rendered":"Az els\u0151 EFECTA CE 12000 2021 \u00f3ta a Kombinat Rolny Kietrzn\u00e9l dolgozik"},"content":{"rendered":"","protected":false},"excerpt":{"rendered":"<p>Az EFECTA CE 12000 nagy munkasz\u00e9less\u00e9g\u0171 vet\u0151g\u00e9pet 2020 \u0151sz\u00e9n helyezte forgalomba a BEDNAR m\u00e1rka. Ennek a vet\u0151g\u00e9pnek az els\u0151 felhaszn\u00e1l\u00f3ja a Kombinat Rolny Kietrz volt, Lengyelorsz\u00e1g egyik legnagyobb \u00e9s legkiemelked\u0151bb mez\u0151gazdas\u00e1gi v\u00e1llalata, amely nem kevesebb mint 8500 hekt\u00e1r mez\u0151gazdas\u00e1gi ter\u00fcletet m\u0171vel meg.<\/p>\n","protected":false},"author":2,"featured_media":453825,"comment_status":"open","ping_status":"open","sticky":false,"template":"","format":"standard","meta":{"_acf_changed":false,"footnotes":""},"categories":[156,822,848,1194],"tags":[],"class_list":["post-453884","post","type-post","status-publish","format-standard","has-post-thumbnail","hentry","category-uncategorized-hu","category-tolunk","category-erdekes-tenyek","category-efecta-ce-hu"],"acf":{"item-bg":false,"item-bg_kop\u00edrovat":false,"item-bg-mobile":false,"item-youtube":"","item-title":"","fixed-title":"","item-desc":"","item-mach-desc":"","item-mach-config":"","item-mach-down":"","item-align":false,"item-code":"","google-map":"","disable-header":false,"main-content":[{"acf_fc_layout":"section-news-cols","item-cols":[{"item-title":"","item-title-h":"h3","item-photo":"https:\/\/www.bednar.com\/wp-content\/uploads\/aktuality\/2021\/cz\/dji_0770-3.jpg","item-content":"<p><em>Az intenz\u00edv teszt alapj\u00e1n az els\u0151 sorozatgy\u00e1rt\u00e1s\u00fa EFECTA CE-t eladt\u00e1k egy nagy lengyel c\u00e9gnek a cseh hat\u00e1rhoz k\u00f6zel.<\/em><\/p>\n","item-photo-align":false,"item-content-color":false}]},{"acf_fc_layout":"section-news-title","item-title":"","item-content":"<p>A Kombinat Rolny Kietrz egy \u00e1llami mez\u0151gazdas\u00e1gi v\u00e1llalat. Az egyik legnagyobb cukorr\u00e9pa termel\u0151, amelyet 1500 hekt\u00e1ron termel. Ezen a fontos n\u00f6v\u00e9nyen k\u00edv\u00fcl megtal\u00e1lhat\u00f3 az \u0151szi b\u00faza, az \u0151szi k\u00e1posztarepce, a kukorica \u00e9s egy\u00e9b n\u00f6v\u00e9nyek. A n\u00f6v\u00e9nytermeszt\u00e9s mellett az \u00e1llatteny\u00e9szt\u00e9s is nagyon fontos szerepet j\u00e1tszik. A t\u00e1rsas\u00e1g 9000 szarvasmarh\u00e1t tart, ebb\u0151l 3700 tejel\u0151 tehenet. \u00c9vente 39 000 000 liter tejet \u00e1ll\u00edt el\u0151 a c\u00e9g. 2020 \u0151sz\u00e9n a c\u00e9g elkezdte fontol\u00f3ra venni egy \u00faj, nagy munkasz\u00e9less\u00e9g\u0171 vet\u0151g\u00e9p cser\u00e9j\u00e9t \u00e9s beszerz\u00e9s\u00e9t. Az \u00f6sszes konkurens vet\u0151g\u00e9p intenz\u00edv tesztel\u00e9se \u00e9s mag\u00e1nak az <a href=\"https:\/\/www.bednar.com\/hu\/blog\/znacka-bednar-se-pripravuje-na-mezinarodni-vystavy\/efecta-ce\/\" target=\"_blank\" rel=\"noopener\">EFECTA CE 12000<\/a> vet\u0151g\u00e9pnek a tesztel\u00e9se alapj\u00e1n a v\u00e1llalat \u00fagy d\u00f6nt\u00f6tt, hogy megv\u00e1s\u00e1rol egy BEDNAR vet\u0151g\u00e9pet.<\/p>\n"},{"acf_fc_layout":"section-news-cols","item-cols":[{"item-title":"","item-title-h":"h3","item-photo":"https:\/\/www.bednar.com\/wp-content\/uploads\/aktuality\/2021\/cz\/im-betrieb-wird-die-drillmaschine-efecta-ce-von-einem-traktor-john-deere-8rx-410-geschleppt.jpg","item-content":"<p><em>Az EFECTA CE vet\u0151g\u00e9p a JOHN DEERE 8RX 410 traktorral van m\u0171k\u00f6dtetve a c\u00e9gn\u00e9l.<\/em><\/p>\n","item-photo-align":false,"item-content-color":false},{"item-title":"","item-title-h":"h3","item-photo":"https:\/\/www.bednar.com\/wp-content\/uploads\/aktuality\/2021\/cz\/the-four-distribution-heads-also-offer-a-seciton-control-function-for-each-3m-working-width.jpg","item-content":"<p><em>A 4 el\u00f3szt\u00f3fej 3 m\u00e9terenk\u00e9nti section-control funkci\u00f3t k\u00edn\u00e1l.<\/em><\/p>\n","item-photo-align":false,"item-content-color":false}]},{"acf_fc_layout":"section-news-title","item-title":"","item-content":"<p>Megk\u00e9rdezt\u00fck Rafa\u0142 Kleniewski urat, prec\u00edzi\u00f3s mez\u0151gazdas\u00e1gi szakembert \u00e9s Bogus\u0142aw Grzywn\u00e1t, a c\u00e9g vezet\u0151 agron\u00f3mus\u00e1t, hogy mi\u00e9rt v\u00e1lasztotta a c\u00e9g a BEDNAR m\u00e1rk\u00e1j\u00fa vet\u0151g\u00e9pet \u00e9s mi a tapasztalatuk vele? \u201eAz <a href=\"https:\/\/www.bednar.com\/hu\/blog\/znacka-bednar-se-pripravuje-na-mezinarodni-vystavy\/efecta-ce\/\" target=\"_blank\" rel=\"noopener\">EFECTA CE<\/a> vet\u0151g\u00e9p mindenekel\u0151tt robusztus fel\u00e9p\u00edt\u00e9s\u00e9vel ny\u0171g\u00f6z\u00f6tt le minket a t\u00f6bbi vet\u0151g\u00e9phez k\u00e9pest. Hossz\u00fa \u00e9lettartamot \u00e9s nagy tart\u00f3ss\u00e1got v\u00e1runk el. M\u00e1sik ok, ami\u00e9rt ezt a vet\u0151g\u00e9pet v\u00e1lasztottuk, a talajel\u0151k\u00e9sz\u00edt\u0151 r\u00e9sz volt, a PROFI csoroszly\u00e1s v\u00e1ltozatot v\u00e1lasztottuk. A c\u00e9gn\u00e9l prec\u00edzi\u00f3s mez\u0151gazdas\u00e1got folytatunk, \u00edgy az egyik krit\u00e9rium sz\u00e1munkra a szakaszvez\u00e9rl\u0151 funkci\u00f3 volt, amely k\u00f6lts\u00e9get takar\u00edt meg a vet\u0151mag eset\u00e9ben. A ny\u00e1ri vet\u00e9st\u0151l az \u0151szi \u0151szi vet\u00e9sig a vet\u0151g\u00e9ppel mintegy 4000 hekt\u00e1rt vetett\u00fcnk el, a napi teljes\u00edtm\u00e9ny a k\u00f6r\u00fclm\u00e9nyekt\u0151l f\u00fcgg. A legt\u00f6bb 127 hekt\u00e1rt egy 12 \u00f3r\u00e1s m\u0171szakban vetett\u00fck el.&#8221;<\/p>\n"},{"acf_fc_layout":"section-news-cols","item-cols":[{"item-title":"","item-title-h":"h3","item-photo":"https:\/\/www.bednar.com\/wp-content\/uploads\/aktuality\/2021\/cz\/boguslaw-grzywna-the-company-chief-agronomist-and-rafal-kleniewski-a-precision-agriculture-specialist.jpg","item-content":"<p>Bogus\u0142aw Grzywna, a c\u00e9g vezet\u0151 agron\u00f3musa \u00e9s Rafa\u0142 Kleniewski, prec\u00edzi\u00f3s mez\u0151gazdas\u00e1gi szakember<\/p>\n","item-photo-align":false,"item-content-color":false}]},{"acf_fc_layout":"section-news-title","item-title":"","item-content":"<p>A Kombinat Rolny Kietrz c\u00e9gn\u00e9l az al\u00e1bbi specifik\u00e1ci\u00f3j\u00fa EFECTA CE vet\u0151g\u00e9pet v\u00e1lasztott\u00e1k &#8211; vet\u0151csoroszly\u00e1k 12,5 cm-es sort\u00e1vols\u00e1ggal, m\u0171tr\u00e1gya kijuttat\u00e1s a vet\u0151maghoz, el\u00fcls\u0151 PROFI csoroszlya szakasz a talaj el\u0151k\u00e9sz\u00edt\u00e9s\u00e9hez, traktor nyomlaz\u00edt\u00f3 \u00e9s \u00e1ll\u00edthat\u00f3 nyomlaz\u00edt\u00f3 a vet\u0151g\u00e9p sz\u00e1ll\u00edt\u00f3tengely\u00e9hez, kel\u00e9s el\u0151tti nyomjelz\u0151k.<\/p>\n"},{"acf_fc_layout":"section-news-title","item-title":"","item-content":"<p style=\"text-align: right;\">A gazd\u00e1lkod\u00e1s \u00f6r\u00f6m vel\u00fcnk.<br \/>\n<a href=\"mailto:marketing@bednar.com\" target=\"_blank\" rel=\"noopener\">marketing@bednar.com<\/a><br \/>\nBEDNAR FMT s.r.o.<\/p>\n"},{"acf_fc_layout":"section-news-gallery","news-videos":false,"news-photos":[{"ID":453870,"id":453870,"title":"Az intenz\u00edv teszt alapj\u00e1n az els\u0151 sorozatgy\u00e1rt\u00e1s\u00fa EFECTA CE-t eladt\u00e1k egy nagy lengyel c\u00e9gnek a cseh hat\u00e1rhoz k\u00f6zel.","filename":"dji_0770-3.jpg","filesize":138878,"url":"https:\/\/www.bednar.com\/wp-content\/uploads\/aktuality\/2021\/cz\/dji_0770-3.jpg","link":"https:\/\/www.bednar.com\/hu\/blog\/az-elso-efecta-ce-12000-2021-ota-a-kombinat-rolny-kietrznel-dolgozik\/dji_0770-5-2\/","alt":"Az intenz\u00edv teszt alapj\u00e1n az els\u0151 sorozatgy\u00e1rt\u00e1s\u00fa EFECTA CE-t eladt\u00e1k egy nagy lengyel c\u00e9gnek a cseh hat\u00e1rhoz k\u00f6zel.","author":"2","description":"","caption":"","name":"dji_0770-5-2","status":"inherit","uploaded_to":453884,"date":"2022-03-02 11:26:37","modified":"2022-03-03 07:51:42","menu_order":0,"mime_type":"image\/jpeg","type":"image","subtype":"jpeg","icon":"https:\/\/www.bednar.com\/wp-includes\/images\/media\/default.png","width":1030,"height":500,"sizes":{"thumbnail":"https:\/\/www.bednar.com\/wp-content\/uploads\/aktuality\/2021\/cz\/dji_0770-3-280x185.jpg","thumbnail-width":280,"thumbnail-height":185,"medium":"https:\/\/www.bednar.com\/wp-content\/uploads\/aktuality\/2021\/cz\/dji_0770-3-300x146.jpg","medium-width":300,"medium-height":146,"medium_large":"https:\/\/www.bednar.com\/wp-content\/uploads\/aktuality\/2021\/cz\/dji_0770-3-768x373.jpg","medium_large-width":768,"medium_large-height":373,"large":"https:\/\/www.bednar.com\/wp-content\/uploads\/aktuality\/2021\/cz\/dji_0770-3-1024x497.jpg","large-width":1024,"large-height":497,"1536x1536":"https:\/\/www.bednar.com\/wp-content\/uploads\/aktuality\/2021\/cz\/dji_0770-3.jpg","1536x1536-width":1030,"1536x1536-height":500,"2048x2048":"https:\/\/www.bednar.com\/wp-content\/uploads\/aktuality\/2021\/cz\/dji_0770-3.jpg","2048x2048-width":1030,"2048x2048-height":500,"header-thumb":"https:\/\/www.bednar.com\/wp-content\/uploads\/aktuality\/2021\/cz\/dji_0770-3.jpg","header-thumb-width":1030,"header-thumb-height":500,"section-thumb":"https:\/\/www.bednar.com\/wp-content\/uploads\/aktuality\/2021\/cz\/dji_0770-3-860x480.jpg","section-thumb-width":860,"section-thumb-height":480,"news-thumb":"https:\/\/www.bednar.com\/wp-content\/uploads\/aktuality\/2021\/cz\/dji_0770-3-390x315.jpg","news-thumb-width":390,"news-thumb-height":315,"wpcf7-post-image":"https:\/\/www.bednar.com\/wp-content\/uploads\/aktuality\/2021\/cz\/dji_0770-3-80x80.jpg","wpcf7-post-image-width":80,"wpcf7-post-image-height":80}},{"ID":453797,"id":453797,"title":"Az EFECTA CE vet\u0151g\u00e9p a JOHN DEERE 8RX 410 traktorral van m\u0171k\u00f6dtetve a c\u00e9gn\u00e9l.","filename":"im-betrieb-wird-die-drillmaschine-efecta-ce-von-einem-traktor-john-deere-8rx-410-geschleppt.jpg","filesize":73013,"url":"https:\/\/www.bednar.com\/wp-content\/uploads\/aktuality\/2021\/cz\/im-betrieb-wird-die-drillmaschine-efecta-ce-von-einem-traktor-john-deere-8rx-410-geschleppt.jpg","link":"https:\/\/www.bednar.com\/hu\/blog\/az-elso-efecta-ce-12000-2021-ota-a-kombinat-rolny-kietrznel-dolgozik\/efecta-ce-12000_pl-2020-kietrz_j-deer_dji_0014_120a175pct-2\/","alt":"Az EFECTA CE vet\u0151g\u00e9p a JOHN DEERE 8RX 410 traktorral van m\u0171k\u00f6dtetve a c\u00e9gn\u00e9l.","author":"2","description":"","caption":"","name":"efecta-ce-12000_pl-2020-kietrz_j-deer_dji_0014_120a175pct-2","status":"inherit","uploaded_to":453884,"date":"2022-03-02 11:15:22","modified":"2022-03-02 13:36:52","menu_order":0,"mime_type":"image\/jpeg","type":"image","subtype":"jpeg","icon":"https:\/\/www.bednar.com\/wp-includes\/images\/media\/default.png","width":800,"height":533,"sizes":{"thumbnail":"https:\/\/www.bednar.com\/wp-content\/uploads\/aktuality\/2021\/cz\/im-betrieb-wird-die-drillmaschine-efecta-ce-von-einem-traktor-john-deere-8rx-410-geschleppt-280x185.jpg","thumbnail-width":280,"thumbnail-height":185,"medium":"https:\/\/www.bednar.com\/wp-content\/uploads\/aktuality\/2021\/cz\/im-betrieb-wird-die-drillmaschine-efecta-ce-von-einem-traktor-john-deere-8rx-410-geschleppt-300x200.jpg","medium-width":300,"medium-height":200,"medium_large":"https:\/\/www.bednar.com\/wp-content\/uploads\/aktuality\/2021\/cz\/im-betrieb-wird-die-drillmaschine-efecta-ce-von-einem-traktor-john-deere-8rx-410-geschleppt-768x512.jpg","medium_large-width":768,"medium_large-height":512,"large":"https:\/\/www.bednar.com\/wp-content\/uploads\/aktuality\/2021\/cz\/im-betrieb-wird-die-drillmaschine-efecta-ce-von-einem-traktor-john-deere-8rx-410-geschleppt.jpg","large-width":800,"large-height":533,"1536x1536":"https:\/\/www.bednar.com\/wp-content\/uploads\/aktuality\/2021\/cz\/im-betrieb-wird-die-drillmaschine-efecta-ce-von-einem-traktor-john-deere-8rx-410-geschleppt.jpg","1536x1536-width":800,"1536x1536-height":533,"2048x2048":"https:\/\/www.bednar.com\/wp-content\/uploads\/aktuality\/2021\/cz\/im-betrieb-wird-die-drillmaschine-efecta-ce-von-einem-traktor-john-deere-8rx-410-geschleppt.jpg","2048x2048-width":800,"2048x2048-height":533,"header-thumb":"https:\/\/www.bednar.com\/wp-content\/uploads\/aktuality\/2021\/cz\/im-betrieb-wird-die-drillmaschine-efecta-ce-von-einem-traktor-john-deere-8rx-410-geschleppt.jpg","header-thumb-width":800,"header-thumb-height":533,"section-thumb":"https:\/\/www.bednar.com\/wp-content\/uploads\/aktuality\/2021\/cz\/im-betrieb-wird-die-drillmaschine-efecta-ce-von-einem-traktor-john-deere-8rx-410-geschleppt-800x480.jpg","section-thumb-width":800,"section-thumb-height":480,"news-thumb":"https:\/\/www.bednar.com\/wp-content\/uploads\/aktuality\/2021\/cz\/im-betrieb-wird-die-drillmaschine-efecta-ce-von-einem-traktor-john-deere-8rx-410-geschleppt-390x315.jpg","news-thumb-width":390,"news-thumb-height":315,"wpcf7-post-image":"https:\/\/www.bednar.com\/wp-content\/uploads\/aktuality\/2021\/cz\/im-betrieb-wird-die-drillmaschine-efecta-ce-von-einem-traktor-john-deere-8rx-410-geschleppt-80x80.jpg","wpcf7-post-image-width":80,"wpcf7-post-image-height":80}},{"ID":453811,"id":453811,"title":"A 4 el\u00f3szt\u00f3fej 3 m\u00e9terenk\u00e9nti section-control funkci\u00f3t k\u00edn\u00e1l.","filename":"the-four-distribution-heads-also-offer-a-seciton-control-function-for-each-3m-working-width.jpg","filesize":93709,"url":"https:\/\/www.bednar.com\/wp-content\/uploads\/aktuality\/2021\/cz\/the-four-distribution-heads-also-offer-a-seciton-control-function-for-each-3m-working-width.jpg","link":"https:\/\/www.bednar.com\/hu\/blog\/az-elso-efecta-ce-12000-2021-ota-a-kombinat-rolny-kietrznel-dolgozik\/efecta-ce-12000_pl-2020-kietrz_j-deer_dji_0035_new_115pct-3\/","alt":"A 4 el\u00f3szt\u00f3fej 3 m\u00e9terenk\u00e9nti section-control funkci\u00f3t k\u00edn\u00e1l.","author":"2","description":"","caption":"","name":"efecta-ce-12000_pl-2020-kietrz_j-deer_dji_0035_new_115pct-3","status":"inherit","uploaded_to":453884,"date":"2022-03-02 11:15:40","modified":"2022-03-02 13:37:14","menu_order":0,"mime_type":"image\/jpeg","type":"image","subtype":"jpeg","icon":"https:\/\/www.bednar.com\/wp-includes\/images\/media\/default.png","width":800,"height":533,"sizes":{"thumbnail":"https:\/\/www.bednar.com\/wp-content\/uploads\/aktuality\/2021\/cz\/the-four-distribution-heads-also-offer-a-seciton-control-function-for-each-3m-working-width-280x185.jpg","thumbnail-width":280,"thumbnail-height":185,"medium":"https:\/\/www.bednar.com\/wp-content\/uploads\/aktuality\/2021\/cz\/the-four-distribution-heads-also-offer-a-seciton-control-function-for-each-3m-working-width-300x200.jpg","medium-width":300,"medium-height":200,"medium_large":"https:\/\/www.bednar.com\/wp-content\/uploads\/aktuality\/2021\/cz\/the-four-distribution-heads-also-offer-a-seciton-control-function-for-each-3m-working-width-768x512.jpg","medium_large-width":768,"medium_large-height":512,"large":"https:\/\/www.bednar.com\/wp-content\/uploads\/aktuality\/2021\/cz\/the-four-distribution-heads-also-offer-a-seciton-control-function-for-each-3m-working-width.jpg","large-width":800,"large-height":533,"1536x1536":"https:\/\/www.bednar.com\/wp-content\/uploads\/aktuality\/2021\/cz\/the-four-distribution-heads-also-offer-a-seciton-control-function-for-each-3m-working-width.jpg","1536x1536-width":800,"1536x1536-height":533,"2048x2048":"https:\/\/www.bednar.com\/wp-content\/uploads\/aktuality\/2021\/cz\/the-four-distribution-heads-also-offer-a-seciton-control-function-for-each-3m-working-width.jpg","2048x2048-width":800,"2048x2048-height":533,"header-thumb":"https:\/\/www.bednar.com\/wp-content\/uploads\/aktuality\/2021\/cz\/the-four-distribution-heads-also-offer-a-seciton-control-function-for-each-3m-working-width.jpg","header-thumb-width":800,"header-thumb-height":533,"section-thumb":"https:\/\/www.bednar.com\/wp-content\/uploads\/aktuality\/2021\/cz\/the-four-distribution-heads-also-offer-a-seciton-control-function-for-each-3m-working-width-800x480.jpg","section-thumb-width":800,"section-thumb-height":480,"news-thumb":"https:\/\/www.bednar.com\/wp-content\/uploads\/aktuality\/2021\/cz\/the-four-distribution-heads-also-offer-a-seciton-control-function-for-each-3m-working-width-390x315.jpg","news-thumb-width":390,"news-thumb-height":315,"wpcf7-post-image":"https:\/\/www.bednar.com\/wp-content\/uploads\/aktuality\/2021\/cz\/the-four-distribution-heads-also-offer-a-seciton-control-function-for-each-3m-working-width-80x80.jpg","wpcf7-post-image-width":80,"wpcf7-post-image-height":80}},{"ID":453825,"id":453825,"title":"Bogus\u0142aw Grzywna, a c\u00e9g vezet\u0151 agron\u00f3musa \u00e9s Rafa\u0142 Kleniewski, prec\u00edzi\u00f3s mez\u0151gazdas\u00e1gi szakember","filename":"boguslaw-grzywna-the-company-chief-agronomist-and-rafal-kleniewski-a-precision-agriculture-specialist.jpg","filesize":142073,"url":"https:\/\/www.bednar.com\/wp-content\/uploads\/aktuality\/2021\/cz\/boguslaw-grzywna-the-company-chief-agronomist-and-rafal-kleniewski-a-precision-agriculture-specialist.jpg","link":"https:\/\/www.bednar.com\/hu\/blog\/az-elso-efecta-ce-12000-2021-ota-a-kombinat-rolny-kietrznel-dolgozik\/img_0432-2-2\/","alt":"Bogus\u0142aw Grzywna, a c\u00e9g vezet\u0151 agron\u00f3musa \u00e9s Rafa\u0142 Kleniewski, prec\u00edzi\u00f3s mez\u0151gazdas\u00e1gi szakember","author":"2","description":"","caption":"","name":"img_0432-2-2","status":"inherit","uploaded_to":453884,"date":"2022-03-02 11:15:58","modified":"2022-03-02 13:38:12","menu_order":0,"mime_type":"image\/jpeg","type":"image","subtype":"jpeg","icon":"https:\/\/www.bednar.com\/wp-includes\/images\/media\/default.png","width":1030,"height":700,"sizes":{"thumbnail":"https:\/\/www.bednar.com\/wp-content\/uploads\/aktuality\/2021\/cz\/boguslaw-grzywna-the-company-chief-agronomist-and-rafal-kleniewski-a-precision-agriculture-specialist-280x185.jpg","thumbnail-width":280,"thumbnail-height":185,"medium":"https:\/\/www.bednar.com\/wp-content\/uploads\/aktuality\/2021\/cz\/boguslaw-grzywna-the-company-chief-agronomist-and-rafal-kleniewski-a-precision-agriculture-specialist-300x204.jpg","medium-width":300,"medium-height":204,"medium_large":"https:\/\/www.bednar.com\/wp-content\/uploads\/aktuality\/2021\/cz\/boguslaw-grzywna-the-company-chief-agronomist-and-rafal-kleniewski-a-precision-agriculture-specialist-768x522.jpg","medium_large-width":768,"medium_large-height":522,"large":"https:\/\/www.bednar.com\/wp-content\/uploads\/aktuality\/2021\/cz\/boguslaw-grzywna-the-company-chief-agronomist-and-rafal-kleniewski-a-precision-agriculture-specialist-1024x696.jpg","large-width":1024,"large-height":696,"1536x1536":"https:\/\/www.bednar.com\/wp-content\/uploads\/aktuality\/2021\/cz\/boguslaw-grzywna-the-company-chief-agronomist-and-rafal-kleniewski-a-precision-agriculture-specialist.jpg","1536x1536-width":1030,"1536x1536-height":700,"2048x2048":"https:\/\/www.bednar.com\/wp-content\/uploads\/aktuality\/2021\/cz\/boguslaw-grzywna-the-company-chief-agronomist-and-rafal-kleniewski-a-precision-agriculture-specialist.jpg","2048x2048-width":1030,"2048x2048-height":700,"header-thumb":"https:\/\/www.bednar.com\/wp-content\/uploads\/aktuality\/2021\/cz\/boguslaw-grzywna-the-company-chief-agronomist-and-rafal-kleniewski-a-precision-agriculture-specialist.jpg","header-thumb-width":1030,"header-thumb-height":700,"section-thumb":"https:\/\/www.bednar.com\/wp-content\/uploads\/aktuality\/2021\/cz\/boguslaw-grzywna-the-company-chief-agronomist-and-rafal-kleniewski-a-precision-agriculture-specialist-860x480.jpg","section-thumb-width":860,"section-thumb-height":480,"news-thumb":"https:\/\/www.bednar.com\/wp-content\/uploads\/aktuality\/2021\/cz\/boguslaw-grzywna-the-company-chief-agronomist-and-rafal-kleniewski-a-precision-agriculture-specialist-390x315.jpg","news-thumb-width":390,"news-thumb-height":315,"wpcf7-post-image":"https:\/\/www.bednar.com\/wp-content\/uploads\/aktuality\/2021\/cz\/boguslaw-grzywna-the-company-chief-agronomist-and-rafal-kleniewski-a-precision-agriculture-specialist-80x80.jpg","wpcf7-post-image-width":80,"wpcf7-post-image-height":80}}]},{"acf_fc_layout":"section-news-slider-inpost","post-id":false,"disable-slider":false}],"nav-main-cat":false,"nav-sub-cat":false,"_aviaLayoutBuilderCleanData":"","page-type":"other","pageGroup":"","post-new-website":true},"_links":{"self":[{"href":"https:\/\/www.bednar.com\/hu\/wp-json\/wp\/v2\/posts\/453884","targetHints":{"allow":["GET"]}}],"collection":[{"href":"https:\/\/www.bednar.com\/hu\/wp-json\/wp\/v2\/posts"}],"about":[{"href":"https:\/\/www.bednar.com\/hu\/wp-json\/wp\/v2\/types\/post"}],"author":[{"embeddable":true,"href":"https:\/\/www.bednar.com\/hu\/wp-json\/wp\/v2\/users\/2"}],"replies":[{"embeddable":true,"href":"https:\/\/www.bednar.com\/hu\/wp-json\/wp\/v2\/comments?post=453884"}],"version-history":[{"count":3,"href":"https:\/\/www.bednar.com\/hu\/wp-json\/wp\/v2\/posts\/453884\/revisions"}],"predecessor-version":[{"id":453915,"href":"https:\/\/www.bednar.com\/hu\/wp-json\/wp\/v2\/posts\/453884\/revisions\/453915"}],"wp:featuredmedia":[{"embeddable":true,"href":"https:\/\/www.bednar.com\/hu\/wp-json\/wp\/v2\/media\/453825"}],"wp:attachment":[{"href":"https:\/\/www.bednar.com\/hu\/wp-json\/wp\/v2\/media?parent=453884"}],"wp:term":[{"taxonomy":"category","embeddable":true,"href":"https:\/\/www.bednar.com\/hu\/wp-json\/wp\/v2\/categories?post=453884"},{"taxonomy":"post_tag","embeddable":true,"href":"https:\/\/www.bednar.com\/hu\/wp-json\/wp\/v2\/tags?post=453884"}],"curies":[{"name":"wp","href":"https:\/\/api.w.org\/{rel}","templated":true}]}}