{"id":379252,"date":"2015-02-16T00:00:00","date_gmt":"2015-02-15T23:00:00","guid":{"rendered":"https:\/\/www.bednar.com\/blog\/kukorica-talajelokeszitese-bednar-technologiaval"},"modified":"2022-02-02T08:36:25","modified_gmt":"2022-02-02T07:36:25","slug":"kukorica-talajelokeszitese-bednar-technologiaval","status":"publish","type":"post","link":"https:\/\/www.bednar.com\/hu\/blog\/kukorica-talajelokeszitese-bednar-technologiaval\/","title":{"rendered":"Kukorica talajel\u0151k\u00e9sz\u00edt\u00e9se BEDNAR technol\u00f3gi\u00e1val"},"content":{"rendered":"<section id=\"content\" class=\"detail-new stejneobr\">\n<div class=\"head clearfix\">\n<h1 style=\"text-align: left;\">Kukorica talajel\u0151k\u00e9sz\u00edt\u00e9se BEDNAR technol\u00f3gi\u00e1val<\/h1>\n<p>A BEDNAR FMT munkag\u00e9pgy\u00e1rt\u00f3 sok\u00e9ves tapasztalattal rendelkezik a cs\u00f6kkentett menetsz\u00e1m\u00fa, talajk\u00edm\u00e9l\u0151 \u00e9s k\u00f6lts\u00e9ghat\u00e9kony technol\u00f3gi\u00e1k fejleszt\u00e9se \u00e9s gy\u00e1rt\u00e1sa ter\u00e9n. A v\u00e1llalat nagy hangs\u00falyt fektet a kukorica modern m\u0171vel\u00e9si rendszerekben v\u00e9gzett talajel\u0151k\u00e9sz\u00edt\u00e9s\u00e9re is, a tarl\u00f3m\u0171vel\u00e9st\u0151l a mag\u00e1gyk\u00e9sz\u00edt\u00e9sig a legoptim\u00e1lisabb megold\u00e1st biztos\u00edtja a gazd\u00e1k sz\u00e1m\u00e1ra.<\/p>\n<\/div>\n<div class=\"content\">\n<p>A kukorica a talajjal szemben ig\u00e9nyes n\u00f6v\u00e9ny, a j\u00f3 v\u00edz- \u00e9s h\u0151gazd\u00e1lkod\u00e1s\u00fa, j\u00f3 t\u00e1panyagszolg\u00e1ltat\u00f3-k\u00e9pess\u00e9g\u0171, m\u00e9ly term\u0151r\u00e9teg\u0171 talajokat kedveli. A megfelel\u0151 talajm\u0171vel\u00e9si technol\u00f3gia kiv\u00e1laszt\u00e1s\u00e1nal szem el\u0151tt kell tartani m\u00e9lyre hatol\u00f3, terjedelmes gy\u00f6k\u00e9rzet\u00e9t \u00e9s nagy sz\u00e1razanyag t\u00f6meg\u00e9t. A talaj m\u0171vel\u00e9se sor\u00e1n ez\u00e9rt els\u0151sorban a nedvess\u00e9g meg\u0151rz\u00e9s\u00e9re \u00e9s a megfelel\u0151 t\u00e1panyagell\u00e1t\u00e1s felt\u00e9teleinek bebiztos\u00edt\u00e1s\u00e1ra kell t\u00f6rekedni.<\/p>\n<h2 style=\"text-align: left;\">Tarl\u00f3m\u0171vel\u00e9s<\/h2>\n<p>A betakar\u00edt\u00e1s ut\u00e1n visszamarad\u00f3 nagy mennyis\u00e9g\u0171 n\u00f6v\u00e9nyi r\u00e9szek apr\u00edt\u00e1sa \u00e9s prec\u00edz talajba juttat\u00e1sa rendk\u00edv\u00fcl fontos el\u0151felt\u00e9tele a t\u00f6k\u00e9letes mag\u00e1gy el\u0151k\u00e9sz\u00edt\u00e9s\u00e9nek, valamint agritechnikai szempontb\u00f3l alapvet\u0151 int\u00e9zked\u00e9s a kukoricamoly elleni v\u00e9dekez\u00e9sben.<br \/>\nA betakar\u00edt\u00e1s ut\u00e1n visszamarad\u00f3 n\u00f6v\u00e9nyi r\u00e9szek gyors elboml\u00e1s\u00e1t, az el\u0151z\u0151 betakar\u00edt\u00e1s sor\u00e1n kipergett szemek n\u00f6veked\u00e9s\u00e9t, valamint a k\u00f6vetkez\u0151 term\u00e9nyek sz\u00e1m\u00e1ra k\u00e9sz\u00fcl\u0151 t\u00f6k\u00e9letes mag\u00e1gy kialak\u00edt\u00e1s\u00e1t el\u0151seg\u00edt\u0151 min\u0151s\u00e9gi tarl\u00f3h\u00e1nt\u00e1s \u00e9rdek\u00e9ben fontos elv\u00e9gezni a visszamaradt n\u00f6v\u00e9nyi r\u00e9szek min\u0151s\u00e9gi sz\u00e1rz\u00faz\u00e1s\u00e1t. A f\u00fcgg\u0151leges forg\u00f3tengely\u0171 BEDNAR Mulcher sz\u00e1rz\u00faz\u00f3 kis \u00fczemanyagig\u00e9ny \u00e9s nagy teljes\u00edtm\u00e9ny mellett 3-5 cm hossz\u00fas\u00e1g\u00fara apr\u00edtja a sz\u00e1rmaradv\u00e1nyokat, majd egyenletesen sz\u00e9tter\u00edti azokat. A k\u00e9t s\u00edkban elhelyezked\u0151 f\u00fcles \u00e9s egyenes k\u00e9sek az ellen\u00e9llel \u00e9s a soregyenget\u0151 lemezzel kombin\u00e1lva t\u00f6k\u00e9letes z\u00faz\u00f3hat\u00e1st biztos\u00edtanak. Az \u00edgy felapr\u00edtott sz\u00e1rmaradv\u00e1nyok gyorsabban bomlanak el, \u00e9s ez\u00e1ltal minden k\u00f6vetkez\u0151 munkam\u0171velet k\u00f6nnyebb \u00e9s jobb min\u0151s\u00e9g\u0171, ami alacsonyabb k\u00f6lts\u00e9geket \u00e9s nagyobb hozamokat jelent. A s\u00e9r\u00fcl\u00e9ssel szemben a MULCHER sz\u00e1rz\u00faz\u00f3t d\u00f6rzst\u00e1rcs\u00e1s tengelykapcsol\u00f3, szabadonfut\u00f3 tengelykapcsol\u00f3, rotor burkolatok \u00e9s cser\u00e9lhet\u0151 p\u00e1nc\u00e9llemezek v\u00e9dik. A Mulcher sz\u00e1rz\u00faz\u00f3 2,25 m-es, 4,5 m-es, 6 m-es \u00e9s 7 m-es kivitelben kaphat\u00f3.<\/p>\n<div style=\"width: 395px; margin-right: 10px; float: left; clear: left; background-color: #eaeaea;\">\n<div style=\"width: 100%; background-color: #252525;\"><a title=\"BEDNAR Mulcher sz\u00e1rz\u00faz\u00f3\" href=\"https:\/\/www.bednar.com\/wp-content\/uploads\/aktuality\/foto1.jpg\" target=\"_lightbox\" rel=\"lightbox_group noopener\"><img decoding=\"async\" style=\"display: block; width: 350px; height: 233px; margin: 0px auto;\" src=\"https:\/\/www.bednar.com\/wp-content\/uploads\/aktuality\/foto1.jpg\" alt=\"\"><\/a><\/div>\n<p style=\"padding: 1em 1.382em 1.382em 1em; margin: 0;\">BEDNAR Mulcher sz\u00e1rz\u00faz\u00f3<\/p>\n<\/div>\n<hr style=\"clear: left; visibility: hidden; margin: 0; padding: 0; height: 0;\" \/>\n<p>A betakar\u00edt\u00e1s ut\u00e1n egyb\u0151l elv\u00e9gzett tarl\u00f3h\u00e1nt\u00e1s \u00e9s talajlez\u00e1r\u00e1s a nedvess\u00e9g meg\u0151rz\u00e9se szempontj\u00e1b\u00f3l a legfontosabb m\u0171velet. Kukoricatarl\u00f3 eset\u00e9n egy robusztus szerkezeti kialak\u00edt\u00e1s\u00fa, nagy t\u00e1rcsalev\u00e9l \u00e1tm\u00e9r\u0151j\u0171, neh\u00e9z tarl\u00f3h\u00e1nt\u00f3 eszk\u00f6zre van sz\u00fcks\u00e9g\u00fcnk. A BEDNAR Atlas HO mindezen ig\u00e9nyeket kiel\u00e9g\u00edti. A p\u00e1rban felfogatott (Twin-Disc rendszer) 660 mm \u00e1tm\u00e9r\u0151j\u0171 csipk\u00e9zett t\u00e1rcsalevelek k\u00f6nnyed\u00e9n apr\u00edtj\u00e1k fel \u00e9s keverik a talajba a tarl\u00f3maradv\u00e1nyokat. A zavartalan anyag\u00e1raml\u00e1st a t\u00e1rcsalevelek 30 cm-es oszt\u00e1sa \u00e9s a 77 cm-es keretmagass\u00e1g teszi lehet\u0151v\u00e9. Az integr\u00e1lt fut\u00f3m\u0171nek \u00e9s az osztott h\u00e1ts\u00f3 hengernek k\u00f6sz\u00f6nhet\u0151en a g\u00e9p 15 km\/\u00f3r\u00e1t meghalad\u00f3 munkatemp\u00f3n\u00e1l is meg\u0151rzi stabilit\u00e1s\u00e1t \u00e9s egyenletes talajfelsz\u00ednt hoz l\u00e9tre, ami megk\u00f6nny\u00edti az olyan m\u0171veletek elv\u00e9gz\u00e9s\u00e9t mint a permetez\u00e9s, m\u0171tr\u00e1gyasz\u00f3r\u00e1s \u00e9s a vet\u00e9s. A t\u00e1rcsaszekci\u00f3k \u201eX\u201c alak\u00fa elrendez\u00e9se pedig kiegyenl\u00edti a keletkez\u0151 er\u0151hat\u00e1sokat \u00e9s az optim\u00e1lis nyomvonalon tartja az eszk\u00f6zt. Az Atlas HO 18 cm-es m\u0171vel\u00e9si m\u00e9lys\u00e9ge ist\u00e1ll\u00f3tr\u00e1gy\u00e1k megfelel\u0151 m\u00e9lys\u00e9gbe t\u00f6rt\u00e9n\u0151 bedolgoz\u00e1s\u00e1t is lehet\u0151v\u00e9 teszi. A g\u00e9pcsal\u00e1d 4-8 m-es fog\u00e1ssz\u00e9less\u00e9gekben kaphat\u00f3.<\/p>\n<div style=\"width: 395px; margin-right: 10px; float: left; clear: left; background-color: #eaeaea;\">\n<div style=\"width: 100%; background-color: #252525;\"><a title=\"BEDNAR Atlas HO neh\u00e9zt\u00e1rcsa\" href=\"https:\/\/www.bednar.com\/wp-content\/uploads\/aktuality\/foto2.jpg\" target=\"_lightbox\" rel=\"lightbox_group noopener\"><img decoding=\"async\" style=\"display: block; width: 350px; height: 233px; margin: 0px auto;\" src=\"https:\/\/www.bednar.com\/wp-content\/uploads\/aktuality\/foto2.jpg\" alt=\"\"><\/a><\/div>\n<p style=\"padding: 1em 1.382em 1.382em 1em; margin: 0;\">BEDNAR Atlas HO neh\u00e9zt\u00e1rcsa<\/p>\n<\/div>\n<hr style=\"clear: left; visibility: hidden; margin: 0; padding: 0; height: 0;\" \/>\n<h2 style=\"text-align: left;\">Alapm\u0171vel\u00e9s<\/h2>\n<p>A kukorica azon sz\u00e1nt\u00f3f\u00f6ldi n\u00f6v\u00e9nyek k\u00f6z\u00e9 tartozik, amelyek ig\u00e9nylik a min. 30 cm-es alapm\u0171vel\u00e9st, ugyanis nagyon \u00e9rz\u00e9keny a talaj v\u00edz- \u00e9s l\u00e9gj\u00e1rhat\u00f3s\u00e1g\u00e1ra. Mivel a tarl\u00f3maradv\u00e1nyokat \u00e9s az ist\u00e1ll\u00f3tr\u00e1gy\u00e1t m\u00e1r megfelel\u0151 m\u00e9lys\u00e9gbe forgattuk a neh\u00e9zt\u00e1rcs\u00e1val, ez\u00e9rt a forgat\u00e1s n\u00e9lk\u00fcli alapm\u0171vel\u00e9s aj\u00e1nlott. A sz\u00e1nt\u00e1s ugyanis a talaj nedvess\u00e9gk\u00e9szlet\u00e9nek nagym\u00e9rt\u00e9k\u0171 \u00e9s gyors cs\u00f6kken\u00e9s\u00e9t eredm\u00e9nyezi, valamint az \u00e9vek folyam\u00e1n eketalpat hoz l\u00e9tre. A megold\u00e1st a BEDNAR Terraland k\u00f6z\u00e9pm\u00e9lylaz\u00edt\u00f3 jelenti, amely megbontja a t\u00f6m\u00f6r\u00f6d\u00f6tt talajr\u00e9tegeket, lehet\u0151v\u00e9 teszi a talajv\u00edz k\u00f6nny\u0171 eljut\u00e1s\u00e1t a n\u00f6v\u00e9nyek gy\u00f6k\u00e9rzet\u00e9ig \u00e9s t\u00f6bb leveg\u0151t juttat a talajba. \u00a0A Terraland 3 sz\u00f6gben megt\u00f6rt m\u0171vel\u0151sz\u00e1ra biztos\u00edtja, hogy a t\u00e1panyagokban szeg\u00e9ny als\u00f3 talajr\u00e9tegek ne keveredjenek a fels\u0151bb r\u00e9tegekkel, a tarl\u00f3maradv\u00e1nyok megfelel\u0151en elegyedjenek a talajjal \u00e9s v\u00e9g\u00fcl lez\u00e1rhassuk a talajt. A BEDNAR k\u00f6z\u00e9pm\u00e9lylaz\u00edt\u00f3i f\u00fcggesztett \u00e9s f\u00e9lig f\u00fcggesztett v\u00e1ltozatokban kaphat\u00f3k. A Terraland DO szem\u00e9ly\u00e9ben pedig egy olyan kombin\u00e1lt talajlaz\u00edt\u00f3 \u00e9rhet\u0151 el, amely az els\u0151 t\u00e1rcsaszekci\u00f3nak k\u00f6sz\u00f6nhet\u0151en a tarl\u00f3h\u00e1nt\u00e1st, a h\u00e1ts\u00f3 hengernek k\u00f6sz\u00f6nhet\u0151en pedig a m\u0171velet lez\u00e1r\u00e1s\u00e1t is elv\u00e9gzi. A laz\u00edt\u00f3hoz csatlakoztathat\u00f3 az \u00fan. Ferti-Box m\u0171tr\u00e1gyaadagol\u00f3 egys\u00e9g, amely ak\u00e1r 2 k\u00fcl\u00f6nb\u00f6z\u0151 m\u00e9lys\u00e9gbe is k\u00e9pes m\u0171tr\u00e1gy\u00e1t kijuttatni.<\/p>\n<div style=\"width: 395px; margin-right: 10px; float: left; clear: left; background-color: #eaeaea;\">\n<div style=\"width: 100%; background-color: #252525;\"><a title=\"Terraland DO kombin\u00e1lt talajlaz\u00edt\u00f3 \" href=\"https:\/\/www.bednar.com\/wp-content\/uploads\/aktuality\/foto3.jpg\" target=\"_lightbox\" rel=\"lightbox_group noopener\"><img decoding=\"async\" style=\"display: block; width: 350px; height: 233px; margin: 0px auto;\" src=\"https:\/\/www.bednar.com\/wp-content\/uploads\/aktuality\/foto3.jpg\" alt=\"\"><\/a><\/div>\n<p style=\"padding: 1em 1.382em 1.382em 1em; margin: 0;\">Terraland DO kombin\u00e1lt talajlaz\u00edt\u00f3<\/p>\n<\/div>\n<hr style=\"clear: left; visibility: hidden; margin: 0; padding: 0; height: 0;\" \/>\n<h2 style=\"text-align: left;\">Mag\u00e1gyk\u00e9sz\u00edt\u00e9s<\/h2>\n<p>Kukorica al\u00e1 k\u00e9sz\u00edtett mag\u00e1gy ide\u00e1lis m\u00e9lys\u00e9ge 7-9 cm (a talaj nedvess\u00e9gtartalm\u00e1t\u00f3l f\u00fcgg\u0151en). A min\u0151s\u00e9gi mag\u00e1gy tov\u00e1bbi ism\u00e9rve a let\u00f6m\u00f6r\u00f6d\u00f6tt alap \u00e9s a fels\u0151 porhany\u00f3s laza r\u00e9teg, amely gyorsan felmelegszik. A BEDNAR Swifter kombin\u00e1tor magas munkav\u00e9gz\u00e9si sebess\u00e9g \u00e9s minim\u00e1lis k\u00f6lts\u00e9gek mellett is k\u00e9pes egyetlen menetben prec\u00edz mag\u00e1gyat k\u00e9sz\u00edteni. A cser\u00e9lhet\u0151 munkaszekci\u00f3knak k\u00f6sz\u00f6nhet\u0151en a g\u00e9p k\u00f6nnyen alkalmazkodik k\u00fcl\u00f6nb\u00f6z\u0151 talajadotts\u00e1gokhoz \u00e9s haszonn\u00f6v\u00e9nyekhez egyar\u00e1nt. A tavaszi mag\u00e1gyk\u00e9sz\u00edt\u00e9shez kifejlesztett 4 soros rug\u00f3s Gamma-kap\u00e1s \u00e9s SB-kap\u00e1s szekci\u00f3 a talaj f\u00fcgg\u0151leges \u00f6sszekever\u00e9se n\u00e9lk\u00fcl biztos\u00edtja a talajprofil al\u00e1v\u00e1g\u00e1s\u00e1t \u00e9s a talaj nedvess\u00e9gtartalm\u00e1nak meg\u0151rz\u00e9s\u00e9t. Az egyes szekci\u00f3k lapr\u00fag\u00f3k seg\u00edts\u00e9g\u00e9vel rug\u00f3znak \u00e9s k\u00f6nnyed\u00e9n k\u00f6vetik a talaj egyenetlens\u00e9geit. A g\u00e9p lelk\u00e9t a mells\u0151 p\u00e1lc\u00e1s henger \u00e9s a h\u00e1ts\u00f3 crosskill hengerek k\u00e9pezik, amelyek a talajfelsz\u00edn egyenget\u00e9s\u00e9\u00e9rt \u00e9s a r\u00f6g\u00f6k apr\u00edt\u00e1s\u00e1\u00e9rt felelnek. A prec\u00edzebb munka \u00e9rdek\u00e9ben a g\u00e9p kieg\u00e9sz\u00edthet\u0151 hidraulikus mells\u0151 sim\u00edt\u00f3val \u00e9s lez\u00e1r\u00f3 finish hengerrel. A BEDNAR mag\u00e1gyk\u00e9sz\u00edt\u0151k fog\u00e1ssz\u00e9less\u00e9ge 3 m\u00e9tern\u00e9l kezd\u0151dik \u00e9s figyelemrem\u00e9lt\u00f3 18 m\u00e9tern\u00e9l v\u00e9gz\u0151dik.<\/p>\n<div style=\"width: 395px; margin-right: 10px; float: left; clear: left; background-color: #eaeaea;\">\n<div style=\"width: 100%; background-color: #252525;\"><a title=\"BEDNAR Swifter mag\u00e1gyk\u00e9sz\u00edt\u0151\" href=\"https:\/\/www.bednar.com\/wp-content\/uploads\/aktuality\/foto4.jpg\" target=\"_lightbox\" rel=\"lightbox_group noopener\"><img decoding=\"async\" style=\"display: block; width: 350px; height: 233px; margin: 0px auto;\" src=\"https:\/\/www.bednar.com\/wp-content\/uploads\/aktuality\/foto4.jpg\" alt=\"\"><\/a><\/div>\n<p style=\"padding: 1em 1.382em 1.382em 1em; margin: 0;\">BEDNAR Swifter mag\u00e1gyk\u00e9sz\u00edt\u0151<\/p>\n<\/div>\n<hr style=\"clear: left; visibility: hidden; margin: 0; padding: 0; height: 0;\" \/>\n<p>Szab\u00f3 Attila<br \/>\n<span style=\"color: #808080;\">\u00c9rt\u00e9kes\u00edt\u00e9si vezet\u0151<br \/>\n<a href=\"mailto:%61%74%74%69%6c%61.%73%7a%61%62%6f@%62%65%64%6e%61%72%66%6d%74.%63%6f%6d\">attila.szabo@bednarfmt.com<\/a><br \/>\n+420 702 210 944<\/span><\/p>\n<div class=\"gallery\">\n<h2 style=\"text-align: left;\">K\u00e9pgal\u00e9ria<\/h2>\n<p><a class=\"fancybox\" style=\"float: left; margin: 15px 0 0 15px; width: 240px;\" title=\"BEDNAR Mulcher sz\u00e1rz\u00faz\u00f3\" href=\"https:\/\/www.bednar.com\/wp-content\/uploads\/aktuality\/foto1.jpg\" rel=\"gall\"> <img decoding=\"async\" src=\"https:\/\/www.bednar.com\/wp-content\/uploads\/aktuality\/foto1.jpg\" alt=\"Kukorica talajel\u0151k\u00e9sz\u00edt\u00e9se BEDNAR technol\u00f3gi\u00e1val\" \/> <\/a> <a class=\"fancybox\" style=\"float: left; margin: 15px 0 0 15px; width: 240px;\" title=\"BEDNAR Atlas HO neh\u00e9zt\u00e1rcsa\" href=\"https:\/\/www.bednar.com\/wp-content\/uploads\/aktuality\/foto2.jpg\" rel=\"gall\"> <img decoding=\"async\" src=\"https:\/\/www.bednar.com\/wp-content\/uploads\/aktuality\/foto2.jpg\" alt=\"Kukorica talajel\u0151k\u00e9sz\u00edt\u00e9se BEDNAR technol\u00f3gi\u00e1val\" \/> <\/a> <a class=\"fancybox\" style=\"float: left; margin: 15px 0 0 15px; width: 240px;\" title=\"Terraland DO kombin\u00e1lt talajlaz\u00edt\u00f3\" href=\"https:\/\/www.bednar.com\/wp-content\/uploads\/aktuality\/foto3.jpg\" rel=\"gall\"> <img decoding=\"async\" src=\"https:\/\/www.bednar.com\/wp-content\/uploads\/aktuality\/foto3.jpg\" alt=\"Kukorica talajel\u0151k\u00e9sz\u00edt\u00e9se BEDNAR technol\u00f3gi\u00e1val\" \/> <\/a> <a class=\"fancybox\" style=\"float: left; margin: 15px 0 0 15px; width: 240px;\" title=\"BEDNAR Swifter mag\u00e1gyk\u00e9sz\u00edt\u0151\" href=\"https:\/\/www.bednar.com\/wp-content\/uploads\/aktuality\/foto4.jpg\" rel=\"gall\"> <img decoding=\"async\" src=\"https:\/\/www.bednar.com\/wp-content\/uploads\/aktuality\/foto4.jpg\" alt=\"Kukorica talajel\u0151k\u00e9sz\u00edt\u00e9se BEDNAR technol\u00f3gi\u00e1val\" \/> <\/a><\/p>\n<\/div>\n<\/div>\n<div class=\"clear\"><\/div>\n<\/section>\n","protected":false},"excerpt":{"rendered":"<p>Kukorica talajel\u0151k\u00e9sz\u00edt\u00e9se BEDNAR technol\u00f3gi\u00e1val A BEDNAR FMT munkag\u00e9pgy\u00e1rt\u00f3 sok\u00e9ves tapasztalattal rendelkezik a cs\u00f6kkentett menetsz\u00e1m\u00fa, talajk\u00edm\u00e9l\u0151 \u00e9s k\u00f6lts\u00e9ghat\u00e9kony technol\u00f3gi\u00e1k fejleszt\u00e9se \u00e9s&#8230;<\/p>\n","protected":false},"author":1,"featured_media":394708,"comment_status":"open","ping_status":"open","sticky":false,"template":"","format":"standard","meta":{"_acf_changed":false,"footnotes":""},"categories":[156,405,459,1050],"tags":[],"class_list":["post-379252","post","type-post","status-publish","format-standard","has-post-thumbnail","hentry","category-uncategorized-hu","category-swifter-se-3-hu","category-terraland-do-hu","category-mulcher-mz-hu"],"acf":{"item-bg":false,"item-bg_kop\u00edrovat":false,"item-bg-mobile":false,"item-youtube":"","item-title":"","fixed-title":"","item-desc":"","item-mach-desc":"","item-mach-config":"","item-mach-down":"","item-align":false,"item-code":"","google-map":"","disable-header":false,"main-content":false,"nav-main-cat":false,"nav-sub-cat":false,"_aviaLayoutBuilderCleanData":"","page-type":"other","pageGroup":"","post-new-website":false},"_links":{"self":[{"href":"https:\/\/www.bednar.com\/hu\/wp-json\/wp\/v2\/posts\/379252","targetHints":{"allow":["GET"]}}],"collection":[{"href":"https:\/\/www.bednar.com\/hu\/wp-json\/wp\/v2\/posts"}],"about":[{"href":"https:\/\/www.bednar.com\/hu\/wp-json\/wp\/v2\/types\/post"}],"author":[{"embeddable":true,"href":"https:\/\/www.bednar.com\/hu\/wp-json\/wp\/v2\/users\/1"}],"replies":[{"embeddable":true,"href":"https:\/\/www.bednar.com\/hu\/wp-json\/wp\/v2\/comments?post=379252"}],"version-history":[{"count":7,"href":"https:\/\/www.bednar.com\/hu\/wp-json\/wp\/v2\/posts\/379252\/revisions"}],"predecessor-version":[{"id":445263,"href":"https:\/\/www.bednar.com\/hu\/wp-json\/wp\/v2\/posts\/379252\/revisions\/445263"}],"wp:featuredmedia":[{"embeddable":true,"href":"https:\/\/www.bednar.com\/hu\/wp-json\/wp\/v2\/media\/394708"}],"wp:attachment":[{"href":"https:\/\/www.bednar.com\/hu\/wp-json\/wp\/v2\/media?parent=379252"}],"wp:term":[{"taxonomy":"category","embeddable":true,"href":"https:\/\/www.bednar.com\/hu\/wp-json\/wp\/v2\/categories?post=379252"},{"taxonomy":"post_tag","embeddable":true,"href":"https:\/\/www.bednar.com\/hu\/wp-json\/wp\/v2\/tags?post=379252"}],"curies":[{"name":"wp","href":"https:\/\/api.w.org\/{rel}","templated":true}]}}