{"id":538324,"date":"2023-11-02T08:11:05","date_gmt":"2023-11-02T07:11:05","guid":{"rendered":"https:\/\/www.bednar.com\/fr\/blog\/"},"modified":"2023-11-02T08:11:05","modified_gmt":"2023-11-02T07:11:05","slug":"bednar-voit-les-choses-en-grand-pour-lagritechnica","status":"publish","type":"post","link":"https:\/\/www.bednar.com\/fr\/blog\/bednar-voit-les-choses-en-grand-pour-l-agritechnica\/","title":{"rendered":"BEDNAR voit les choses en grand pour l\u2019AGRITECHNICA."},"content":{"rendered":"","protected":false},"excerpt":{"rendered":"<p>AGRITECHNICA. Apr\u00e8s quatre ans d\u2019absence, le plus grand \u00e9v\u00e8nement du machinisme agricole d\u2019Europe ouvrira ses portes du 12 au 18 novembre 2023 \u00e0 Hanovre, en Allemagne. Avec pour devise \u00ab Home of Farming Pioneers \u00bb (le maison des pionniers de l\u2019agriculture), l\u2019accent de cette \u00e9dition est mis sur le d\u00e9veloppement des nouvelles technologies et les approches agronomiques modernes. La soci\u00e9t\u00e9 BEDNAR FMT se devait donc de participer \u00e0 cet \u00e9v\u00e8nement et respectera cette devise \u00e0 la lettre. L\u2019AGRITECHNICA \u00e9tant \u00e9galement le lieu de rencontre de tous les constructeurs mondiaux il \u00e9tait du devoir de BEDNAR d\u2019y participer. <\/p>\n","protected":false},"author":14,"featured_media":538676,"comment_status":"open","ping_status":"open","sticky":false,"template":"","format":"standard","meta":{"_acf_changed":false,"footnotes":""},"categories":[79,491,820],"tags":[],"class_list":["post-538324","post","type-post","status-publish","format-standard","has-post-thumbnail","hentry","category-non-classifiee","category-des-expositions","category-de-notre-part"],"acf":{"item-bg":false,"item-bg_kop\u00edrovat":false,"item-bg-mobile":false,"item-youtube":"","item-title":"","fixed-title":"","item-desc":"","item-mach-desc":"","item-mach-config":"","item-mach-down":"","item-align":false,"item-code":"","google-map":"","disable-header":false,"main-content":[{"acf_fc_layout":"section-news-cols","item-cols":[{"item-title":"","item-title-h":"h3","item-photo":"https:\/\/www.bednar.com\/wp-content\/uploads\/aktuality\/2023\/cz\/agritechnika_2023_web_article.jpg","item-content":"","item-photo-align":false,"item-content-color":false}]},{"acf_fc_layout":"section-news-title","item-title":"","item-content":"<p>Sur un stand de pr\u00e8s de 1000 m2 situ\u00e9 dans le hall n\u00b0 12 (stand B24), la soci\u00e9t\u00e9 BEDNAR ne pr\u00e9sentera pas moins de 11 machines jaunes. Sur cette surface d\u2019exposition, les visiteurs pourront non seulement admirer des produits d\u00e9j\u00e0 connus, mais ils pourront aussi assister \u00e0 la premi\u00e8re mondiale de nombreuses nouveaut\u00e9s que la soci\u00e9t\u00e9 BEDNAR met sur le march\u00e9 pour la saison 2024 \u00e0 venir. <\/p>\n"},{"acf_fc_layout":"section-news-title","item-title":"L\u2019ACCENT EST MIS SUR LES SEMOIRS","item-content":"<p>Pour l\u2019AGRITECHNICA, BEDNAR \u00e9largit sa gamme de semoirs et propose de nouveaux mod\u00e8les r\u00e9pondant aux derni\u00e8res tendances agronomiques, comme le semis direct ou le strip-till. Ce salon vous permettra \u00e9galement de d\u00e9couvrir, pour la toute premi\u00e8re fois, notre premier concept de combin\u00e9 de semis, associ\u00e9 \u00e0 une tr\u00e9mie frontale.<\/p>\n"},{"acf_fc_layout":"section-news-cols","item-cols":[{"item-title":"","item-title-h":"h3","item-photo":"https:\/\/www.bednar.com\/wp-content\/uploads\/aktuality\/2023\/cz\/matador-mo.jpg","item-content":"<p>MATADOR MO, une nouvelle gamme de semoirs destin\u00e9s au Strip-Till<\/p>\n","item-photo-align":false,"item-content-color":false},{"item-title":"","item-title-h":"h3","item-photo":"https:\/\/www.bednar.com\/wp-content\/uploads\/aktuality\/2023\/cz\/directo-no.jpg","item-content":"<p>Le DIRECTO NO est un semoir de semis direct, qui propose un \u00e9quipement innovant, sous forme de disque de fertilisation.<\/p>\n","item-photo-align":false,"item-content-color":false}]},{"acf_fc_layout":"section-news-cols","item-cols":[{"item-title":"","item-title-h":"h3","item-photo":"https:\/\/www.bednar.com\/wp-content\/uploads\/aktuality\/2023\/cz\/efecta-cm.jpg","item-content":"<p>L\u2019EFECTA CM vient compl\u00e9ter notre offre en proposant un semoir de grande largeur, associ\u00e9 \u00e0 une tr\u00e9mie de grande capacit\u00e9.  <\/p>\n","item-photo-align":false,"item-content-color":false},{"item-title":"","item-title-h":"h3","item-photo":"https:\/\/www.bednar.com\/wp-content\/uploads\/aktuality\/2023\/cz\/dsc03087-800x470-1.jpg","item-content":"<p>Les semoirs OMEGA offrent d\u00e9sormais la possibilit\u00e9 de r\u00e9aliser la calibration, \u00e0 distance, via l\u2019application mobile Farm Link.<\/p>\n","item-photo-align":false,"item-content-color":false}]},{"acf_fc_layout":"section-news-title","item-title":"UN STAND ENTI\u00c8REMENT RENOUVEL\u00c9","item-content":"<p><em>\u00ab Permettez-moi d\u2019inviter tous les agriculteurs et tous nos partenaires commerciaux, qu\u2019ils soient vendeurs ou au service apr\u00e8s-vente, \u00e0 venir nous rencontrer, cette ann\u00e9e, \u00e0 l\u2019occasion de l\u2019AGRITECHNICA. Les machines BEDNAR y seront en effet pr\u00e9sent\u00e9es sur un tout nouveau stand. De plus, pour tous nos fans et nos followers, notre stand abritera \u00e9galement un BEDNAR FAN SHOP o\u00f9 il sera possible d\u2019acheter tous les produits propos\u00e9s sur notre e-shop. Le salon AGRITECHNICA est un endroit privil\u00e9gi\u00e9 pour rencontrer et discuter avec les sp\u00e9cialistes du secteur. Si vous \u00eates \u00e0 la recherche de machines faciles \u00e0 utiliser, con\u00e7ues sur la base des exigences des agriculteurs et qui r\u00e9pondent aux tendances actuelles, n\u2019h\u00e9sitez pas \u00e0 vous rendre sur le stand BEDNAR o\u00f9 nous nous ferons un plaisir de vous accueillir et de vous pr\u00e9senter nos nouveaut\u00e9s \u00bb<\/em> indique M. David Ry\u010dl, Directeur marketing de BEDNAR.<\/p>\n"},{"acf_fc_layout":"section-news-title","item-title":"Nous sommes impatients de vous y rencontrer !","item-content":""},{"acf_fc_layout":"section-news-title","item-title":"","item-content":"<p style=\"text-align: right;\">JOY of Farming<br \/>\n<a href=\"mailto:marketing@bednar.com\" target=\"_blank\" rel=\"noopener\">marketing@bednar.com<\/a><br \/>\nBEDNAR FMT s.r.o.<\/p>\n"},{"acf_fc_layout":"section-gallery","videos":false,"photos":false},{"acf_fc_layout":"section-news-slider-inpost","post-id":false,"disable-slider":false}],"nav-main-cat":false,"nav-sub-cat":false,"_aviaLayoutBuilderCleanData":"","page-type":"other","pageGroup":"","post-new-website":true},"_links":{"self":[{"href":"https:\/\/www.bednar.com\/fr\/wp-json\/wp\/v2\/posts\/538324","targetHints":{"allow":["GET"]}}],"collection":[{"href":"https:\/\/www.bednar.com\/fr\/wp-json\/wp\/v2\/posts"}],"about":[{"href":"https:\/\/www.bednar.com\/fr\/wp-json\/wp\/v2\/types\/post"}],"author":[{"embeddable":true,"href":"https:\/\/www.bednar.com\/fr\/wp-json\/wp\/v2\/users\/14"}],"replies":[{"embeddable":true,"href":"https:\/\/www.bednar.com\/fr\/wp-json\/wp\/v2\/comments?post=538324"}],"version-history":[{"count":2,"href":"https:\/\/www.bednar.com\/fr\/wp-json\/wp\/v2\/posts\/538324\/revisions"}],"predecessor-version":[{"id":538326,"href":"https:\/\/www.bednar.com\/fr\/wp-json\/wp\/v2\/posts\/538324\/revisions\/538326"}],"wp:featuredmedia":[{"embeddable":true,"href":"https:\/\/www.bednar.com\/fr\/wp-json\/wp\/v2\/media\/538676"}],"wp:attachment":[{"href":"https:\/\/www.bednar.com\/fr\/wp-json\/wp\/v2\/media?parent=538324"}],"wp:term":[{"taxonomy":"category","embeddable":true,"href":"https:\/\/www.bednar.com\/fr\/wp-json\/wp\/v2\/categories?post=538324"},{"taxonomy":"post_tag","embeddable":true,"href":"https:\/\/www.bednar.com\/fr\/wp-json\/wp\/v2\/tags?post=538324"}],"curies":[{"name":"wp","href":"https:\/\/api.w.org\/{rel}","templated":true}]}}