{"id":536429,"date":"2023-10-24T15:00:55","date_gmt":"2023-10-24T13:00:55","guid":{"rendered":"https:\/\/www.bednar.com\/fr\/blog\/"},"modified":"2023-10-24T14:59:40","modified_gmt":"2023-10-24T12:59:40","slug":"bednar-predstavuje-nove-produkty-a-modely-stroju-pro-rok-2024","status":"publish","type":"post","link":"https:\/\/www.bednar.com\/fr\/blog\/presentation-des-nouveaux-produits-bednar-pour-la-saison-2024\/","title":{"rendered":"PR\u00c9SENTATION DES NOUVEAUX PRODUITS BEDNAR POUR LA SAISON 2024"},"content":{"rendered":"","protected":false},"excerpt":{"rendered":"<p>Avec la fin de l\u2019ann\u00e9e qui approche et l\u2019AGRITECHNICA qui va bient\u00f4t ouvrir ses portes, la soci\u00e9t\u00e9 BEDNAR lance de nouveaux produits, que ce soit pour \u00e9largir sa gamme ou son panel de largeur, et pr\u00e9sente les derni\u00e8res innovations r\u00e9alis\u00e9es sur les produits existants. Venez les d\u00e9couvrir avec nous.<\/p>\n","protected":false},"author":14,"featured_media":536375,"comment_status":"closed","ping_status":"closed","sticky":false,"template":"","format":"standard","meta":{"_acf_changed":false,"footnotes":""},"categories":[820,79,359,491,543],"tags":[],"class_list":["post-536429","post","type-post","status-publish","format-standard","has-post-thumbnail","hentry","category-de-notre-part","category-non-classifiee","category-communiques-de-presse","category-des-expositions","category-a-propos-de-nous"],"acf":{"item-bg":false,"item-bg_kop\u00edrovat":false,"item-bg-mobile":false,"item-youtube":"","item-title":"","fixed-title":"","item-desc":"","item-mach-desc":"","item-mach-config":"","item-mach-down":"","item-align":false,"item-code":"","google-map":"","disable-header":false,"main-content":[{"acf_fc_layout":"section-news-cols","item-cols":[{"item-title":"MATADOR MO, UN NOUVEAU SEMOIR DESTIN\u00c9 AU STRIP-TILL","item-title-h":"h3","item-photo":false,"item-content":"<ul>\n<li>Une section de dents agenc\u00e9es sur deux rang\u00e9es et \u00e9quip\u00e9es d\u2019une s\u00e9curit\u00e9 hydraulique (force de rupture de 870 kg, d\u00e9battement maximum de 30 cm) de s\u00e9rie.<\/li>\n<li>Un rouleau \u00e0 pneumatiques, agenc\u00e9 sur deux rang\u00e9es pour faciliter le remplacement des roues en cas de crevaison et \u00e9viter la formation de vagues devant le rouleau, en conditions humides.<\/li>\n<li>Une grande polyvalence de semis : semis sur toute la surface du champ, semis en doubles rangs (\u00e9troits ou larges), semis en simples rangs larges, attelage \u00e0 des semoirs de pr\u00e9cision.<\/li>\n<\/ul>\n","item-photo-align":false,"item-content-color":true},{"item-title":"","item-title-h":"h3","item-photo":"https:\/\/www.bednar.com\/wp-content\/uploads\/aktuality\/2023\/cz\/dscf0481-800x533-1.jpg","item-content":"","item-photo-align":false,"item-content-color":false}]},{"acf_fc_layout":"sections-buttons-list","sections-buttons-title":false,"item-title":"","buttons":[{"item-button-name":"En savoir plus sur le semoir MATADOR MO","item-button-url":"","item-button-url-int":531704,"item-button-icon":false,"item-button-target":true,"item-button-scroll":false}]},{"acf_fc_layout":"section-news-title","item-title":"","item-content":"<hr \/>\n"},{"acf_fc_layout":"section-news-cols","item-cols":[{"item-title":"","item-title-h":"h3","item-photo":"https:\/\/www.bednar.com\/wp-content\/uploads\/aktuality\/2023\/cz\/dji_0821-800x533-1.jpg","item-content":"","item-photo-align":false,"item-content-color":false},{"item-title":"LE SEMOIR DIRECTO NO CON\u00c7U POUR LE SEMIS DIRECT","item-title-h":"h3","item-photo":false,"item-content":"<ul>\n<li>Pression hydraulique des \u00e9l\u00e9ments semeurs, avec une pression garantie de 250 kg\/\u00e9l\u00e9ment.<\/li>\n<li>Une tr\u00e9mie en surpression \u00e9prouv\u00e9e, \u00e0 deux compartiments, pour un dosage pr\u00e9cis des semences et des engrais.<\/li>\n<li>Possibilit\u00e9 d\u2019\u00e9quiper cette machine d\u2019un disque d\u2019amendement qui d\u00e9pose l\u2019engrais \u00e0 une profondeur plus importante que la graine, et l\u00e9g\u00e8rement sur le c\u00f4t\u00e9.<\/li>\n<\/ul>\n","item-photo-align":true,"item-content-color":true}]},{"acf_fc_layout":"sections-buttons-list","sections-buttons-title":false,"item-title":"","buttons":[{"item-button-name":"En savoir plus sur le semoir DIRECTO NO","item-button-url":"","item-button-url-int":531677,"item-button-icon":false,"item-button-target":true,"item-button-scroll":false}]},{"acf_fc_layout":"section-news-title","item-title":"","item-content":"<hr \/>\n"},{"acf_fc_layout":"section-news-cols","item-cols":[{"item-title":"LE SEMOIR DE GRANDE LARGEUR EFECTA CM AVEC SA TR\u00c9MIE DE GRANDE CAPACIT\u00c9","item-title-h":"h3","item-photo":false,"item-content":"<ul>\n<li>La tr\u00e9mie de grande capacit\u00e9 est en surpression et comporte deux compartiments, pour un volume total de 12 000 litres. Ces compartiments sont r\u00e9partis selon un rapport de 50:50.<\/li>\n<li>Une solution \u00e9prouv\u00e9e sous forme d\u2019\u00e9l\u00e9ment sur double parall\u00e9logramme (parall\u00e9logramme des \u00e9l\u00e9ments semeurs + parall\u00e9logramme de la section de semis).<\/li>\n<li>Un semoir de 12 m\u00e8tres de largeur, qui peut \u00eatre \u00e9quip\u00e9 d\u2019une section de pr\u00e9paration de sol, avec des disques PROFI ou TURBO.<\/li>\n<\/ul>\n","item-photo-align":false,"item-content-color":true},{"item-title":"","item-title-h":"h3","item-photo":"https:\/\/www.bednar.com\/wp-content\/uploads\/aktuality\/2023\/cz\/dscf7897-800x533-1.jpg","item-content":"","item-photo-align":false,"item-content-color":false}]},{"acf_fc_layout":"sections-buttons-list","sections-buttons-title":false,"item-title":"","buttons":[{"item-button-name":"En savoir plus sur le semoir EFECTA CM","item-button-url":"","item-button-url-int":534503,"item-button-icon":false,"item-button-target":true,"item-button-scroll":false}]},{"acf_fc_layout":"section-news-title","item-title":"","item-content":"<hr \/>\n"},{"acf_fc_layout":"section-news-cols","item-cols":[{"item-title":"","item-title-h":"h3","item-photo":"https:\/\/www.bednar.com\/wp-content\/uploads\/aktuality\/2023\/cz\/dscf0484-800x533-1.jpg","item-content":"","item-photo-align":false,"item-content-color":false},{"item-title":"UNE NOUVELLE G\u00c9N\u00c9RATION DU CULTIVATEURS \u00c0 DENTS FENIX FN","item-title-h":"h3","item-photo":false,"item-content":"<ul>\n<li>Deux mod\u00e8les, de 3 et 3,5 m\u00e8tres de largeur, \u00e9quip\u00e9s du r\u00e9glage de la profondeur de travail hydraulique, de s\u00e9rie.<\/li>\n<li>Une nouvelle s\u00e9curit\u00e9 horizontale \u00e0 double ressorts, dot\u00e9e d\u2019une force de rupture de 430 kg et d\u2019un d\u00e9battement de 22 cm.<\/li>\n<li>Une section de nivellement (disque ou ressort de nivellement) \u00e0 r\u00e9glage automatique, en fonction de la profondeur de travail.<\/li>\n<\/ul>\n","item-photo-align":true,"item-content-color":true}]},{"acf_fc_layout":"sections-buttons-list","sections-buttons-title":false,"item-title":"","buttons":[{"item-button-name":"En savoir plus sur le cultivateur FENIX FN","item-button-url":"","item-button-url-int":534175,"item-button-icon":false,"item-button-target":true,"item-button-scroll":false}]},{"acf_fc_layout":"section-news-title","item-title":"","item-content":"<hr \/>\n"},{"acf_fc_layout":"section-news-cols","item-cols":[{"item-title":"LE VERSATILL VO_L VIENT \u00c9LARGIR NOTRE OFFRE DE CULTIVATEURS \u00c0 DENTS POLYVALENTS","item-title-h":"h3","item-photo":false,"item-content":"<ul>\n<li>Une gamme de cultivateurs polyvalents l\u00e9gers, de 6 et 7,5 m\u00e8tres de largeur.<\/li>\n<li>Des \u00e9quipements avant en option, tels qu\u2019un rouleau broyeur Trash Cutter ou une bande niveleuse Crushbar.<\/li>\n<li>\u00c0 l\u2019arri\u00e8re, une herse sur trois rang\u00e9es ou un double rouleau permettent d\u2019adapter la machine \u00e0 l\u2019utilisation souhait\u00e9e.<\/li>\n<\/ul>\n","item-photo-align":false,"item-content-color":true},{"item-title":"","item-title-h":"h3","item-photo":"https:\/\/www.bednar.com\/wp-content\/uploads\/aktuality\/2023\/cz\/versatill_vo_6000_light_01-800x533-1.jpg","item-content":"","item-photo-align":false,"item-content-color":false}]},{"acf_fc_layout":"sections-buttons-list","sections-buttons-title":false,"item-title":"","buttons":[{"item-button-name":"En savoir plus sur le cultivateur VERSATILL VO_L","item-button-url":"","item-button-url-int":324972,"item-button-icon":false,"item-button-target":true,"item-button-scroll":false}]},{"acf_fc_layout":"section-news-title","item-title":"","item-content":"<hr \/>\n"},{"acf_fc_layout":"section-news-cols","item-cols":[{"item-title":"","item-title-h":"h3","item-photo":"https:\/\/www.bednar.com\/wp-content\/uploads\/aktuality\/2023\/cz\/0t8a8649-800x533-1.jpg","item-content":"","item-photo-align":false,"item-content-color":true},{"item-title":"LE ROULEAU GALAXY GE ET SA LARGE PALETTE D\u2019\u00c9QUIPEMENTS","item-title-h":"h3","item-photo":false,"item-content":"<ul>\n<li>Une gamme de rouleaux Cambridge de 6 et 8,3 m de largeur.<\/li>\n<li>Des anneaux en fonte de qualit\u00e9, tr\u00e8s r\u00e9sistants, de 500 mm de diam\u00e8tre (lisse) ou 530 mm (cr\u00e9nel\u00e9).<\/li>\n<li>Des \u00e9quipements en option sous forme d\u2019une bande niveleuse avant Crushbar ou d\u2019une unit\u00e9 de semis ALFA DRILL de 800L.<\/li>\n<\/ul>\n","item-photo-align":false,"item-content-color":true}]},{"acf_fc_layout":"sections-buttons-list","sections-buttons-title":false,"item-title":"","buttons":[{"item-button-name":"En savoir plus sur le rouleau GALAXY GE","item-button-url":"","item-button-url-int":529068,"item-button-icon":false,"item-button-target":true,"item-button-scroll":false}]},{"acf_fc_layout":"section-news-title","item-title":"","item-content":"<hr \/>\n"},{"acf_fc_layout":"section-news-cols","item-cols":[{"item-title":"UN NOUVEAU MOD\u00c8LE DANS LA GAMME DE D\u00c9CHAUMEURS \u00c0 DISQUES SWIFTERDISC XN","item-title-h":"h3","item-photo":false,"item-content":"<ul>\n<li>Le d\u00e9chaumeur SWIFTERDISC XN 2000 vient \u00e9largir notre offre avec ses 1,75 m de largeur.<\/li>\n<li>Le r\u00e9glage hydraulique de la profondeur de travail fait partie des \u00e9quipements standards de cette machine.<\/li>\n<li>Des disques de 520&#215;5 mm de diam\u00e8tre, ou de 560&#215;5 en option.<\/li>\n<\/ul>\n","item-photo-align":false,"item-content-color":true},{"item-title":"","item-title-h":"h3","item-photo":"https:\/\/www.bednar.com\/wp-content\/uploads\/aktuality\/2023\/cz\/swifterdisc_xn_2000-800x533-1.jpg","item-content":"","item-photo-align":false,"item-content-color":false}]},{"acf_fc_layout":"sections-buttons-list","sections-buttons-title":false,"item-title":"","buttons":[{"item-button-name":"En savoir plus sur le d\u00e9chaumeur SWIFTERDISC XN","item-button-url":"","item-button-url-int":324824,"item-button-icon":false,"item-button-target":true,"item-button-scroll":false}]},{"acf_fc_layout":"section-news-title","item-title":"","item-content":"<hr \/>\n"},{"acf_fc_layout":"section-news-cols","item-cols":[{"item-title":"","item-title-h":"h3","item-photo":"https:\/\/www.bednar.com\/wp-content\/uploads\/aktuality\/2023\/cz\/dji_0775-2-800x533-1.jpg","item-content":"","item-photo-align":false,"item-content-color":true},{"item-title":"DE NOUVELLES LARGEURS DANS LA GAMME SWIFTERDISC XE_MEGA","item-title-h":"h3","item-photo":false,"item-content":"<ul>\n<li>Un nouveau mod\u00e8le SWIFTERDISC XE 14400 MEGA de 14,4 m\u00e8tres de largeur.<\/li>\n<li>Des dimensions de transport compactes \u2013 la hauteur de transport de la machine ne d\u00e9passe pas 4 m et sa largeur 3 m.<\/li>\n<li>Le syst\u00e8me X-PRECISE \u2013 le d\u00e9chaumeur \u00e0 disques travaille pr\u00e9cis\u00e9ment dans les traces du tracteur et ne d\u00e9rive pas lat\u00e9ralement.<\/li>\n<\/ul>\n","item-photo-align":false,"item-content-color":true}]},{"acf_fc_layout":"sections-buttons-list","sections-buttons-title":false,"item-title":"","buttons":[{"item-button-name":"En savoir plus sur le d\u00e9chaumeur SWIFTERDISC XE_MEGA","item-button-url":"","item-button-url-int":324992,"item-button-icon":false,"item-button-target":true,"item-button-scroll":false}]},{"acf_fc_layout":"section-news-title","item-title":"","item-content":"<hr \/>\n"},{"acf_fc_layout":"section-news-cols","item-cols":[{"item-title":"FARM LINK \u2013 UN SYST\u00c8ME PERMETTANT DE CALIBRER LES SEMOIRS BEDNAR \u00c0 DISTANCE","item-title-h":"h3","item-photo":false,"item-content":"<ul>\n<li>Pour calibrer facilement et simplement votre semoir \u00e0 partir de votre t\u00e9l\u00e9phone portable.<\/li>\n<li>La connexion entre le semoir et le t\u00e9l\u00e9phone portable est r\u00e9alis\u00e9e par un module WiFi.<\/li>\n<li>Cette application int\u00e8gre \u00e9galement un guide qui permet de s\u00e9lectionner le rouleau doseur le plus adapt\u00e9, en fonction de la densit\u00e9 de semis et de la vitesse de travail souhait\u00e9es.<\/li>\n<\/ul>\n","item-photo-align":false,"item-content-color":true},{"item-title":"","item-title-h":"h3","item-photo":"https:\/\/www.bednar.com\/wp-content\/uploads\/aktuality\/2023\/cz\/dsc03087-800x533-1.jpg","item-content":"","item-photo-align":false,"item-content-color":false}]},{"acf_fc_layout":"sections-buttons-list","sections-buttons-title":false,"item-title":"","buttons":[{"item-button-name":"En savoir plus sur les semoirs BEDNAR","item-button-url":"","item-button-url-int":323117,"item-button-icon":false,"item-button-target":true,"item-button-scroll":false}]},{"acf_fc_layout":"section-news-title","item-title":"","item-content":"<h3 style=\"text-align: center;\"><strong>Venez d\u00e9couvrir nos derni\u00e8res nouveaut\u00e9s \u00e0 l\u2019AGRITECHNICA (hall 12, stand B24). Nous sommes impatients de vous y rencontrer !<br \/>\n<\/strong><\/h3>\n"},{"acf_fc_layout":"section-news-title","item-title":"","item-content":"<p style=\"text-align: right;\">JOY OF FARMING.<br \/>\n<a href=\"mailto:marketing@bednar.com\" target=\"_blank\" rel=\"noopener\">marketing@bednar.com<\/a><br \/>\nBEDNAR FMT s.r.o.<\/p>\n"},{"acf_fc_layout":"section-news-gallery","news-videos":false,"news-photos":[{"ID":537001,"id":537001,"title":"0T8A8649 800x533","filename":"0t8a8649-800x533-1.jpg","filesize":60225,"url":"https:\/\/www.bednar.com\/wp-content\/uploads\/aktuality\/2023\/cz\/0t8a8649-800x533-1.jpg","link":"https:\/\/www.bednar.com\/fr\/blog\/presentation-des-nouveaux-produits-bednar-pour-la-saison-2024\/0t8a8649-800x533-2\/","alt":"VERSATILL VO_L 800x533","author":"14","description":"","caption":"","name":"0t8a8649-800x533-2","status":"inherit","uploaded_to":536429,"date":"2023-10-23 14:23:15","modified":"2023-10-24 12:59:41","menu_order":0,"mime_type":"image\/jpeg","type":"image","subtype":"jpeg","icon":"https:\/\/www.bednar.com\/wp-includes\/images\/media\/default.png","width":800,"height":533,"sizes":{"thumbnail":"https:\/\/www.bednar.com\/wp-content\/uploads\/aktuality\/2023\/cz\/0t8a8649-800x533-1-280x185.jpg","thumbnail-width":280,"thumbnail-height":185,"medium":"https:\/\/www.bednar.com\/wp-content\/uploads\/aktuality\/2023\/cz\/0t8a8649-800x533-1-300x200.jpg","medium-width":300,"medium-height":200,"medium_large":"https:\/\/www.bednar.com\/wp-content\/uploads\/aktuality\/2023\/cz\/0t8a8649-800x533-1-768x512.jpg","medium_large-width":768,"medium_large-height":512,"large":"https:\/\/www.bednar.com\/wp-content\/uploads\/aktuality\/2023\/cz\/0t8a8649-800x533-1.jpg","large-width":800,"large-height":533,"1536x1536":"https:\/\/www.bednar.com\/wp-content\/uploads\/aktuality\/2023\/cz\/0t8a8649-800x533-1.jpg","1536x1536-width":800,"1536x1536-height":533,"2048x2048":"https:\/\/www.bednar.com\/wp-content\/uploads\/aktuality\/2023\/cz\/0t8a8649-800x533-1.jpg","2048x2048-width":800,"2048x2048-height":533,"header-thumb":"https:\/\/www.bednar.com\/wp-content\/uploads\/aktuality\/2023\/cz\/0t8a8649-800x533-1.jpg","header-thumb-width":800,"header-thumb-height":533,"section-thumb":"https:\/\/www.bednar.com\/wp-content\/uploads\/aktuality\/2023\/cz\/0t8a8649-800x533-1-800x480.jpg","section-thumb-width":800,"section-thumb-height":480,"news-thumb":"https:\/\/www.bednar.com\/wp-content\/uploads\/aktuality\/2023\/cz\/0t8a8649-800x533-1-390x315.jpg","news-thumb-width":390,"news-thumb-height":315,"wpcf7-post-image":"https:\/\/www.bednar.com\/wp-content\/uploads\/aktuality\/2023\/cz\/0t8a8649-800x533-1-80x80.jpg","wpcf7-post-image-width":80,"wpcf7-post-image-height":80}},{"ID":536984,"id":536984,"title":"DSCF0484 800x533","filename":"dscf0484-800x533-1.jpg","filesize":110969,"url":"https:\/\/www.bednar.com\/wp-content\/uploads\/aktuality\/2023\/cz\/dscf0484-800x533-1.jpg","link":"https:\/\/www.bednar.com\/fr\/blog\/presentation-des-nouveaux-produits-bednar-pour-la-saison-2024\/dscf0484-800x533-2\/","alt":"FENIX 800x533","author":"14","description":"","caption":"","name":"dscf0484-800x533-2","status":"inherit","uploaded_to":536429,"date":"2023-10-23 14:23:08","modified":"2023-10-24 12:59:41","menu_order":0,"mime_type":"image\/jpeg","type":"image","subtype":"jpeg","icon":"https:\/\/www.bednar.com\/wp-includes\/images\/media\/default.png","width":800,"height":533,"sizes":{"thumbnail":"https:\/\/www.bednar.com\/wp-content\/uploads\/aktuality\/2023\/cz\/dscf0484-800x533-1-280x185.jpg","thumbnail-width":280,"thumbnail-height":185,"medium":"https:\/\/www.bednar.com\/wp-content\/uploads\/aktuality\/2023\/cz\/dscf0484-800x533-1-300x200.jpg","medium-width":300,"medium-height":200,"medium_large":"https:\/\/www.bednar.com\/wp-content\/uploads\/aktuality\/2023\/cz\/dscf0484-800x533-1-768x512.jpg","medium_large-width":768,"medium_large-height":512,"large":"https:\/\/www.bednar.com\/wp-content\/uploads\/aktuality\/2023\/cz\/dscf0484-800x533-1.jpg","large-width":800,"large-height":533,"1536x1536":"https:\/\/www.bednar.com\/wp-content\/uploads\/aktuality\/2023\/cz\/dscf0484-800x533-1.jpg","1536x1536-width":800,"1536x1536-height":533,"2048x2048":"https:\/\/www.bednar.com\/wp-content\/uploads\/aktuality\/2023\/cz\/dscf0484-800x533-1.jpg","2048x2048-width":800,"2048x2048-height":533,"header-thumb":"https:\/\/www.bednar.com\/wp-content\/uploads\/aktuality\/2023\/cz\/dscf0484-800x533-1.jpg","header-thumb-width":800,"header-thumb-height":533,"section-thumb":"https:\/\/www.bednar.com\/wp-content\/uploads\/aktuality\/2023\/cz\/dscf0484-800x533-1-800x480.jpg","section-thumb-width":800,"section-thumb-height":480,"news-thumb":"https:\/\/www.bednar.com\/wp-content\/uploads\/aktuality\/2023\/cz\/dscf0484-800x533-1-390x315.jpg","news-thumb-width":390,"news-thumb-height":315,"wpcf7-post-image":"https:\/\/www.bednar.com\/wp-content\/uploads\/aktuality\/2023\/cz\/dscf0484-800x533-1-80x80.jpg","wpcf7-post-image-width":80,"wpcf7-post-image-height":80}},{"ID":536967,"id":536967,"title":"VERSATILL_VO_6000_LIGHT_01 800x533","filename":"versatill_vo_6000_light_01-800x533-1.jpg","filesize":65766,"url":"https:\/\/www.bednar.com\/wp-content\/uploads\/aktuality\/2023\/cz\/versatill_vo_6000_light_01-800x533-1.jpg","link":"https:\/\/www.bednar.com\/fr\/blog\/presentation-des-nouveaux-produits-bednar-pour-la-saison-2024\/versatill_vo_6000_light_01-800x533-2\/","alt":"VERSATILL VO_L 800x533","author":"14","description":"","caption":"","name":"versatill_vo_6000_light_01-800x533-2","status":"inherit","uploaded_to":536429,"date":"2023-10-23 14:23:03","modified":"2023-10-24 12:59:41","menu_order":0,"mime_type":"image\/jpeg","type":"image","subtype":"jpeg","icon":"https:\/\/www.bednar.com\/wp-includes\/images\/media\/default.png","width":800,"height":533,"sizes":{"thumbnail":"https:\/\/www.bednar.com\/wp-content\/uploads\/aktuality\/2023\/cz\/versatill_vo_6000_light_01-800x533-1-280x185.jpg","thumbnail-width":280,"thumbnail-height":185,"medium":"https:\/\/www.bednar.com\/wp-content\/uploads\/aktuality\/2023\/cz\/versatill_vo_6000_light_01-800x533-1-300x200.jpg","medium-width":300,"medium-height":200,"medium_large":"https:\/\/www.bednar.com\/wp-content\/uploads\/aktuality\/2023\/cz\/versatill_vo_6000_light_01-800x533-1-768x512.jpg","medium_large-width":768,"medium_large-height":512,"large":"https:\/\/www.bednar.com\/wp-content\/uploads\/aktuality\/2023\/cz\/versatill_vo_6000_light_01-800x533-1.jpg","large-width":800,"large-height":533,"1536x1536":"https:\/\/www.bednar.com\/wp-content\/uploads\/aktuality\/2023\/cz\/versatill_vo_6000_light_01-800x533-1.jpg","1536x1536-width":800,"1536x1536-height":533,"2048x2048":"https:\/\/www.bednar.com\/wp-content\/uploads\/aktuality\/2023\/cz\/versatill_vo_6000_light_01-800x533-1.jpg","2048x2048-width":800,"2048x2048-height":533,"header-thumb":"https:\/\/www.bednar.com\/wp-content\/uploads\/aktuality\/2023\/cz\/versatill_vo_6000_light_01-800x533-1.jpg","header-thumb-width":800,"header-thumb-height":533,"section-thumb":"https:\/\/www.bednar.com\/wp-content\/uploads\/aktuality\/2023\/cz\/versatill_vo_6000_light_01-800x533-1-800x480.jpg","section-thumb-width":800,"section-thumb-height":480,"news-thumb":"https:\/\/www.bednar.com\/wp-content\/uploads\/aktuality\/2023\/cz\/versatill_vo_6000_light_01-800x533-1-390x315.jpg","news-thumb-width":390,"news-thumb-height":315,"wpcf7-post-image":"https:\/\/www.bednar.com\/wp-content\/uploads\/aktuality\/2023\/cz\/versatill_vo_6000_light_01-800x533-1-80x80.jpg","wpcf7-post-image-width":80,"wpcf7-post-image-height":80}},{"ID":536409,"id":536409,"title":"SWIFTERDISC_XN_2000 800x533","filename":"swifterdisc_xn_2000-800x533-1.jpg","filesize":40561,"url":"https:\/\/www.bednar.com\/wp-content\/uploads\/aktuality\/2023\/cz\/swifterdisc_xn_2000-800x533-1.jpg","link":"https:\/\/www.bednar.com\/fr\/blog\/presentation-des-nouveaux-produits-bednar-pour-la-saison-2024\/swifterdisc_xn_2000-800x533-2\/","alt":"SWIFTERDISC_XN_2000 new machine","author":"14","description":"","caption":"","name":"swifterdisc_xn_2000-800x533-2","status":"inherit","uploaded_to":536429,"date":"2023-10-20 09:18:32","modified":"2023-10-20 09:22:49","menu_order":0,"mime_type":"image\/jpeg","type":"image","subtype":"jpeg","icon":"https:\/\/www.bednar.com\/wp-includes\/images\/media\/default.png","width":800,"height":533,"sizes":{"thumbnail":"https:\/\/www.bednar.com\/wp-content\/uploads\/aktuality\/2023\/cz\/swifterdisc_xn_2000-800x533-1-280x185.jpg","thumbnail-width":280,"thumbnail-height":185,"medium":"https:\/\/www.bednar.com\/wp-content\/uploads\/aktuality\/2023\/cz\/swifterdisc_xn_2000-800x533-1-300x200.jpg","medium-width":300,"medium-height":200,"medium_large":"https:\/\/www.bednar.com\/wp-content\/uploads\/aktuality\/2023\/cz\/swifterdisc_xn_2000-800x533-1-768x512.jpg","medium_large-width":768,"medium_large-height":512,"large":"https:\/\/www.bednar.com\/wp-content\/uploads\/aktuality\/2023\/cz\/swifterdisc_xn_2000-800x533-1.jpg","large-width":800,"large-height":533,"1536x1536":"https:\/\/www.bednar.com\/wp-content\/uploads\/aktuality\/2023\/cz\/swifterdisc_xn_2000-800x533-1.jpg","1536x1536-width":800,"1536x1536-height":533,"2048x2048":"https:\/\/www.bednar.com\/wp-content\/uploads\/aktuality\/2023\/cz\/swifterdisc_xn_2000-800x533-1.jpg","2048x2048-width":800,"2048x2048-height":533,"header-thumb":"https:\/\/www.bednar.com\/wp-content\/uploads\/aktuality\/2023\/cz\/swifterdisc_xn_2000-800x533-1.jpg","header-thumb-width":800,"header-thumb-height":533,"section-thumb":"https:\/\/www.bednar.com\/wp-content\/uploads\/aktuality\/2023\/cz\/swifterdisc_xn_2000-800x533-1-800x480.jpg","section-thumb-width":800,"section-thumb-height":480,"news-thumb":"https:\/\/www.bednar.com\/wp-content\/uploads\/aktuality\/2023\/cz\/swifterdisc_xn_2000-800x533-1-390x315.jpg","news-thumb-width":390,"news-thumb-height":315,"wpcf7-post-image":"https:\/\/www.bednar.com\/wp-content\/uploads\/aktuality\/2023\/cz\/swifterdisc_xn_2000-800x533-1-80x80.jpg","wpcf7-post-image-width":80,"wpcf7-post-image-height":80}},{"ID":536392,"id":536392,"title":"DSCF7897 800x533","filename":"dscf7897-800x533-1.jpg","filesize":69294,"url":"https:\/\/www.bednar.com\/wp-content\/uploads\/aktuality\/2023\/cz\/dscf7897-800x533-1.jpg","link":"https:\/\/www.bednar.com\/fr\/blog\/presentation-des-nouveaux-produits-bednar-pour-la-saison-2024\/dscf7897-800x533-2\/","alt":"EFECTA new machine","author":"14","description":"","caption":"","name":"dscf7897-800x533-2","status":"inherit","uploaded_to":536429,"date":"2023-10-20 09:18:27","modified":"2023-10-20 09:20:57","menu_order":0,"mime_type":"image\/jpeg","type":"image","subtype":"jpeg","icon":"https:\/\/www.bednar.com\/wp-includes\/images\/media\/default.png","width":800,"height":533,"sizes":{"thumbnail":"https:\/\/www.bednar.com\/wp-content\/uploads\/aktuality\/2023\/cz\/dscf7897-800x533-1-280x185.jpg","thumbnail-width":280,"thumbnail-height":185,"medium":"https:\/\/www.bednar.com\/wp-content\/uploads\/aktuality\/2023\/cz\/dscf7897-800x533-1-300x200.jpg","medium-width":300,"medium-height":200,"medium_large":"https:\/\/www.bednar.com\/wp-content\/uploads\/aktuality\/2023\/cz\/dscf7897-800x533-1-768x512.jpg","medium_large-width":768,"medium_large-height":512,"large":"https:\/\/www.bednar.com\/wp-content\/uploads\/aktuality\/2023\/cz\/dscf7897-800x533-1.jpg","large-width":800,"large-height":533,"1536x1536":"https:\/\/www.bednar.com\/wp-content\/uploads\/aktuality\/2023\/cz\/dscf7897-800x533-1.jpg","1536x1536-width":800,"1536x1536-height":533,"2048x2048":"https:\/\/www.bednar.com\/wp-content\/uploads\/aktuality\/2023\/cz\/dscf7897-800x533-1.jpg","2048x2048-width":800,"2048x2048-height":533,"header-thumb":"https:\/\/www.bednar.com\/wp-content\/uploads\/aktuality\/2023\/cz\/dscf7897-800x533-1.jpg","header-thumb-width":800,"header-thumb-height":533,"section-thumb":"https:\/\/www.bednar.com\/wp-content\/uploads\/aktuality\/2023\/cz\/dscf7897-800x533-1-800x480.jpg","section-thumb-width":800,"section-thumb-height":480,"news-thumb":"https:\/\/www.bednar.com\/wp-content\/uploads\/aktuality\/2023\/cz\/dscf7897-800x533-1-390x315.jpg","news-thumb-width":390,"news-thumb-height":315,"wpcf7-post-image":"https:\/\/www.bednar.com\/wp-content\/uploads\/aktuality\/2023\/cz\/dscf7897-800x533-1-80x80.jpg","wpcf7-post-image-width":80,"wpcf7-post-image-height":80}},{"ID":536375,"id":536375,"title":"MATADOR new machine","filename":"dscf0481-800x533-1.jpg","filesize":123199,"url":"https:\/\/www.bednar.com\/wp-content\/uploads\/aktuality\/2023\/cz\/dscf0481-800x533-1.jpg","link":"https:\/\/www.bednar.com\/fr\/blog\/presentation-des-nouveaux-produits-bednar-pour-la-saison-2024\/dscf0481-800x533-2\/","alt":"MATADOR new machine","author":"14","description":"","caption":"","name":"dscf0481-800x533-2","status":"inherit","uploaded_to":536429,"date":"2023-10-20 09:18:24","modified":"2024-10-15 10:46:41","menu_order":0,"mime_type":"image\/jpeg","type":"image","subtype":"jpeg","icon":"https:\/\/www.bednar.com\/wp-includes\/images\/media\/default.png","width":800,"height":533,"sizes":{"thumbnail":"https:\/\/www.bednar.com\/wp-content\/uploads\/aktuality\/2023\/cz\/dscf0481-800x533-1-280x185.jpg","thumbnail-width":280,"thumbnail-height":185,"medium":"https:\/\/www.bednar.com\/wp-content\/uploads\/aktuality\/2023\/cz\/dscf0481-800x533-1-300x200.jpg","medium-width":300,"medium-height":200,"medium_large":"https:\/\/www.bednar.com\/wp-content\/uploads\/aktuality\/2023\/cz\/dscf0481-800x533-1-768x512.jpg","medium_large-width":768,"medium_large-height":512,"large":"https:\/\/www.bednar.com\/wp-content\/uploads\/aktuality\/2023\/cz\/dscf0481-800x533-1.jpg","large-width":800,"large-height":533,"1536x1536":"https:\/\/www.bednar.com\/wp-content\/uploads\/aktuality\/2023\/cz\/dscf0481-800x533-1.jpg","1536x1536-width":800,"1536x1536-height":533,"2048x2048":"https:\/\/www.bednar.com\/wp-content\/uploads\/aktuality\/2023\/cz\/dscf0481-800x533-1.jpg","2048x2048-width":800,"2048x2048-height":533,"header-thumb":"https:\/\/www.bednar.com\/wp-content\/uploads\/aktuality\/2023\/cz\/dscf0481-800x533-1.jpg","header-thumb-width":800,"header-thumb-height":533,"section-thumb":"https:\/\/www.bednar.com\/wp-content\/uploads\/aktuality\/2023\/cz\/dscf0481-800x533-1-800x480.jpg","section-thumb-width":800,"section-thumb-height":480,"news-thumb":"https:\/\/www.bednar.com\/wp-content\/uploads\/aktuality\/2023\/cz\/dscf0481-800x533-1-390x315.jpg","news-thumb-width":390,"news-thumb-height":315,"wpcf7-post-image":"https:\/\/www.bednar.com\/wp-content\/uploads\/aktuality\/2023\/cz\/dscf0481-800x533-1-80x80.jpg","wpcf7-post-image-width":80,"wpcf7-post-image-height":80}},{"ID":536358,"id":536358,"title":"DJI_0821 800x533","filename":"dji_0821-800x533-1.jpg","filesize":121403,"url":"https:\/\/www.bednar.com\/wp-content\/uploads\/aktuality\/2023\/cz\/dji_0821-800x533-1.jpg","link":"https:\/\/www.bednar.com\/fr\/blog\/presentation-des-nouveaux-produits-bednar-pour-la-saison-2024\/dji_0821-800x533-2\/","alt":"DIRECTO new machine","author":"14","description":"","caption":"","name":"dji_0821-800x533-2","status":"inherit","uploaded_to":536429,"date":"2023-10-20 09:18:20","modified":"2023-10-20 09:20:25","menu_order":0,"mime_type":"image\/jpeg","type":"image","subtype":"jpeg","icon":"https:\/\/www.bednar.com\/wp-includes\/images\/media\/default.png","width":800,"height":475,"sizes":{"thumbnail":"https:\/\/www.bednar.com\/wp-content\/uploads\/aktuality\/2023\/cz\/dji_0821-800x533-1-280x185.jpg","thumbnail-width":280,"thumbnail-height":185,"medium":"https:\/\/www.bednar.com\/wp-content\/uploads\/aktuality\/2023\/cz\/dji_0821-800x533-1-300x178.jpg","medium-width":300,"medium-height":178,"medium_large":"https:\/\/www.bednar.com\/wp-content\/uploads\/aktuality\/2023\/cz\/dji_0821-800x533-1-768x456.jpg","medium_large-width":768,"medium_large-height":456,"large":"https:\/\/www.bednar.com\/wp-content\/uploads\/aktuality\/2023\/cz\/dji_0821-800x533-1.jpg","large-width":800,"large-height":475,"1536x1536":"https:\/\/www.bednar.com\/wp-content\/uploads\/aktuality\/2023\/cz\/dji_0821-800x533-1.jpg","1536x1536-width":800,"1536x1536-height":475,"2048x2048":"https:\/\/www.bednar.com\/wp-content\/uploads\/aktuality\/2023\/cz\/dji_0821-800x533-1.jpg","2048x2048-width":800,"2048x2048-height":475,"header-thumb":"https:\/\/www.bednar.com\/wp-content\/uploads\/aktuality\/2023\/cz\/dji_0821-800x533-1.jpg","header-thumb-width":800,"header-thumb-height":475,"section-thumb":"https:\/\/www.bednar.com\/wp-content\/uploads\/aktuality\/2023\/cz\/dji_0821-800x533-1.jpg","section-thumb-width":800,"section-thumb-height":475,"news-thumb":"https:\/\/www.bednar.com\/wp-content\/uploads\/aktuality\/2023\/cz\/dji_0821-800x533-1-390x315.jpg","news-thumb-width":390,"news-thumb-height":315,"wpcf7-post-image":"https:\/\/www.bednar.com\/wp-content\/uploads\/aktuality\/2023\/cz\/dji_0821-800x533-1-80x80.jpg","wpcf7-post-image-width":80,"wpcf7-post-image-height":80}},{"ID":536341,"id":536341,"title":"DJI_0775-2 800x533","filename":"dji_0775-2-800x533-1.jpg","filesize":147644,"url":"https:\/\/www.bednar.com\/wp-content\/uploads\/aktuality\/2023\/cz\/dji_0775-2-800x533-1.jpg","link":"https:\/\/www.bednar.com\/fr\/blog\/presentation-des-nouveaux-produits-bednar-pour-la-saison-2024\/dji_0775-2-800x533-2\/","alt":"SWIFTERDISC XE MEGA new machine","author":"14","description":"","caption":"","name":"dji_0775-2-800x533-2","status":"inherit","uploaded_to":536429,"date":"2023-10-20 09:18:17","modified":"2023-10-20 09:23:32","menu_order":0,"mime_type":"image\/jpeg","type":"image","subtype":"jpeg","icon":"https:\/\/www.bednar.com\/wp-includes\/images\/media\/default.png","width":800,"height":533,"sizes":{"thumbnail":"https:\/\/www.bednar.com\/wp-content\/uploads\/aktuality\/2023\/cz\/dji_0775-2-800x533-1-280x185.jpg","thumbnail-width":280,"thumbnail-height":185,"medium":"https:\/\/www.bednar.com\/wp-content\/uploads\/aktuality\/2023\/cz\/dji_0775-2-800x533-1-300x200.jpg","medium-width":300,"medium-height":200,"medium_large":"https:\/\/www.bednar.com\/wp-content\/uploads\/aktuality\/2023\/cz\/dji_0775-2-800x533-1-768x512.jpg","medium_large-width":768,"medium_large-height":512,"large":"https:\/\/www.bednar.com\/wp-content\/uploads\/aktuality\/2023\/cz\/dji_0775-2-800x533-1.jpg","large-width":800,"large-height":533,"1536x1536":"https:\/\/www.bednar.com\/wp-content\/uploads\/aktuality\/2023\/cz\/dji_0775-2-800x533-1.jpg","1536x1536-width":800,"1536x1536-height":533,"2048x2048":"https:\/\/www.bednar.com\/wp-content\/uploads\/aktuality\/2023\/cz\/dji_0775-2-800x533-1.jpg","2048x2048-width":800,"2048x2048-height":533,"header-thumb":"https:\/\/www.bednar.com\/wp-content\/uploads\/aktuality\/2023\/cz\/dji_0775-2-800x533-1.jpg","header-thumb-width":800,"header-thumb-height":533,"section-thumb":"https:\/\/www.bednar.com\/wp-content\/uploads\/aktuality\/2023\/cz\/dji_0775-2-800x533-1-800x480.jpg","section-thumb-width":800,"section-thumb-height":480,"news-thumb":"https:\/\/www.bednar.com\/wp-content\/uploads\/aktuality\/2023\/cz\/dji_0775-2-800x533-1-390x315.jpg","news-thumb-width":390,"news-thumb-height":315,"wpcf7-post-image":"https:\/\/www.bednar.com\/wp-content\/uploads\/aktuality\/2023\/cz\/dji_0775-2-800x533-1-80x80.jpg","wpcf7-post-image-width":80,"wpcf7-post-image-height":80}},{"ID":537223,"id":537223,"title":"DSC03087 800x533","filename":"dsc03087-800x533-1.jpg","filesize":35979,"url":"https:\/\/www.bednar.com\/wp-content\/uploads\/aktuality\/2023\/cz\/dsc03087-800x533-1.jpg","link":"https:\/\/www.bednar.com\/fr\/blog\/presentation-des-nouveaux-produits-bednar-pour-la-saison-2024\/dsc03087-800x533-2\/","alt":"farm link app","author":"14","description":"","caption":"","name":"dsc03087-800x533-2","status":"inherit","uploaded_to":536429,"date":"2023-10-24 06:25:19","modified":"2024-10-07 12:22:46","menu_order":0,"mime_type":"image\/jpeg","type":"image","subtype":"jpeg","icon":"https:\/\/www.bednar.com\/wp-includes\/images\/media\/default.png","width":800,"height":533,"sizes":{"thumbnail":"https:\/\/www.bednar.com\/wp-content\/uploads\/aktuality\/2023\/cz\/dsc03087-800x533-1-280x185.jpg","thumbnail-width":280,"thumbnail-height":185,"medium":"https:\/\/www.bednar.com\/wp-content\/uploads\/aktuality\/2023\/cz\/dsc03087-800x533-1-300x200.jpg","medium-width":300,"medium-height":200,"medium_large":"https:\/\/www.bednar.com\/wp-content\/uploads\/aktuality\/2023\/cz\/dsc03087-800x533-1-768x512.jpg","medium_large-width":768,"medium_large-height":512,"large":"https:\/\/www.bednar.com\/wp-content\/uploads\/aktuality\/2023\/cz\/dsc03087-800x533-1.jpg","large-width":800,"large-height":533,"1536x1536":"https:\/\/www.bednar.com\/wp-content\/uploads\/aktuality\/2023\/cz\/dsc03087-800x533-1.jpg","1536x1536-width":800,"1536x1536-height":533,"2048x2048":"https:\/\/www.bednar.com\/wp-content\/uploads\/aktuality\/2023\/cz\/dsc03087-800x533-1.jpg","2048x2048-width":800,"2048x2048-height":533,"header-thumb":"https:\/\/www.bednar.com\/wp-content\/uploads\/aktuality\/2023\/cz\/dsc03087-800x533-1.jpg","header-thumb-width":800,"header-thumb-height":533,"section-thumb":"https:\/\/www.bednar.com\/wp-content\/uploads\/aktuality\/2023\/cz\/dsc03087-800x533-1-800x480.jpg","section-thumb-width":800,"section-thumb-height":480,"news-thumb":"https:\/\/www.bednar.com\/wp-content\/uploads\/aktuality\/2023\/cz\/dsc03087-800x533-1-390x315.jpg","news-thumb-width":390,"news-thumb-height":315,"wpcf7-post-image":"https:\/\/www.bednar.com\/wp-content\/uploads\/aktuality\/2023\/cz\/dsc03087-800x533-1-80x80.jpg","wpcf7-post-image-width":80,"wpcf7-post-image-height":80}}]},{"acf_fc_layout":"section-news-slider-inpost","post-id":false,"disable-slider":false}],"nav-main-cat":false,"nav-sub-cat":false,"_aviaLayoutBuilderCleanData":"","page-type":"other","pageGroup":"","post-new-website":true},"_links":{"self":[{"href":"https:\/\/www.bednar.com\/fr\/wp-json\/wp\/v2\/posts\/536429","targetHints":{"allow":["GET"]}}],"collection":[{"href":"https:\/\/www.bednar.com\/fr\/wp-json\/wp\/v2\/posts"}],"about":[{"href":"https:\/\/www.bednar.com\/fr\/wp-json\/wp\/v2\/types\/post"}],"author":[{"embeddable":true,"href":"https:\/\/www.bednar.com\/fr\/wp-json\/wp\/v2\/users\/14"}],"replies":[{"embeddable":true,"href":"https:\/\/www.bednar.com\/fr\/wp-json\/wp\/v2\/comments?post=536429"}],"version-history":[{"count":3,"href":"https:\/\/www.bednar.com\/fr\/wp-json\/wp\/v2\/posts\/536429\/revisions"}],"predecessor-version":[{"id":536451,"href":"https:\/\/www.bednar.com\/fr\/wp-json\/wp\/v2\/posts\/536429\/revisions\/536451"}],"wp:featuredmedia":[{"embeddable":true,"href":"https:\/\/www.bednar.com\/fr\/wp-json\/wp\/v2\/media\/536375"}],"wp:attachment":[{"href":"https:\/\/www.bednar.com\/fr\/wp-json\/wp\/v2\/media?parent=536429"}],"wp:term":[{"taxonomy":"category","embeddable":true,"href":"https:\/\/www.bednar.com\/fr\/wp-json\/wp\/v2\/categories?post=536429"},{"taxonomy":"post_tag","embeddable":true,"href":"https:\/\/www.bednar.com\/fr\/wp-json\/wp\/v2\/tags?post=536429"}],"curies":[{"name":"wp","href":"https:\/\/api.w.org\/{rel}","templated":true}]}}