{"id":531514,"date":"2023-09-21T08:29:34","date_gmt":"2023-09-21T06:29:34","guid":{"rendered":"https:\/\/www.bednar.com\/fr\/blog\/"},"modified":"2023-09-21T08:29:34","modified_gmt":"2023-09-21T06:29:34","slug":"retour-sur-les-salons-de-debut-septembre","status":"publish","type":"post","link":"https:\/\/www.bednar.com\/fr\/blog\/retour-sur-les-salons-de-debut-septembre\/","title":{"rendered":"Retour sur les salons de d\u00e9but septembre"},"content":{"rendered":"","protected":false},"excerpt":{"rendered":"<p>Lors de ce mois de septembre, nous nous sommes rendus sur deux gros salons fran\u00e7ais : INNOV\u2019AGRI, qui s\u2019est tenu du 5 au 7 septembre 2023, \u00e0 Outarville et le SPACE, \u00e0 Rennes qui s\u2019est d\u00e9roul\u00e9 la semaine suivante. Ces \u00e9v\u00e8nements nous ont permis d\u2019exposer quelques nouveaut\u00e9s et de vous retrouver autour d\u2019une petite collation. <\/p>\n","protected":false},"author":14,"featured_media":531566,"comment_status":"open","ping_status":"open","sticky":false,"template":"","format":"standard","meta":{"_acf_changed":false,"footnotes":""},"categories":[79,349,491,820,846],"tags":[],"class_list":["post-531514","post","type-post","status-publish","format-standard","has-post-thumbnail","hentry","category-non-classifiee","category-company-events-fr-2","category-des-expositions","category-de-notre-part","category-faits-interessants"],"acf":{"item-bg":false,"item-bg_kop\u00edrovat":false,"item-bg-mobile":false,"item-youtube":"","item-title":"","fixed-title":"","item-desc":"","item-mach-desc":"","item-mach-config":"","item-mach-down":"","item-align":false,"item-code":"","google-map":"","disable-header":false,"main-content":[{"acf_fc_layout":"section-news-cols","item-cols":[{"item-title":"","item-title-h":"h3","item-photo":"https:\/\/www.bednar.com\/wp-content\/uploads\/aktuality\/2023\/fr\/french-exhibitions-8.jpg","item-content":"","item-photo-align":false,"item-content-color":false},{"item-title":"","item-title-h":"h3","item-photo":"https:\/\/www.bednar.com\/wp-content\/uploads\/aktuality\/2023\/fr\/french-exhibitions-4.jpg","item-content":"","item-photo-align":false,"item-content-color":false}]},{"acf_fc_layout":"section-news-title","item-title":"Une premi\u00e8re semaine sous le soleil d\u2019Outarville","item-content":"<p>Comme chaque ann\u00e9e, les agriculteurs font aussi leur rentr\u00e9e, avec INNOV\u2019AGRI, qui se tient \u00e0 Outarville, une ann\u00e9e sur deux. Cet \u00e9v\u00e8nement est une excellente occasion pour voir les derni\u00e8res nouveaut\u00e9s de chaque constructeur, en fixe ou en d\u00e9monstration, et de rencontrer les repr\u00e9sentants de chaque marque. <\/p>\n<p>Pour cette \u00e9dition, plac\u00e9e sous le soleil et des temp\u00e9ratures estivales, nous avons amen\u00e9 toutes nos derni\u00e8res nouveaut\u00e9s. Le SWIFTERDISC XO7500 PROFI, le TERRALAND TN 4000 HD9 repliable, le FENIX FO 5004 PROFI et la derni\u00e8re \u00e9volution de l\u2019OMEGA OO 6000FL \u00e9taient de la partie. Comme chaque ann\u00e9e, notre \u00e9quipe a fait de son mieux pour vous accueillir et vous renseigner autour d\u2019une petite collation. Nous esp\u00e9rons que cette \u00e9dition vous aura plu et aspirons \u00e0 vous revoir, dans deux ans, \u00e0 l\u2019occasion de la prochaine \u00e9dition ! <\/p>\n"},{"acf_fc_layout":"section-news-cols","item-cols":[{"item-title":"","item-title-h":"h3","item-photo":"https:\/\/www.bednar.com\/wp-content\/uploads\/aktuality\/2023\/fr\/french-exhibitions-3.jpg","item-content":"","item-photo-align":false,"item-content-color":false},{"item-title":"","item-title-h":"h3","item-photo":"https:\/\/www.bednar.com\/wp-content\/uploads\/aktuality\/2023\/fr\/french-exhibitions-5.jpg","item-content":"","item-photo-align":false,"item-content-color":false}]},{"acf_fc_layout":"section-news-cols","item-cols":[{"item-title":"","item-title-h":"h3","item-photo":"https:\/\/www.bednar.com\/wp-content\/uploads\/aktuality\/2023\/fr\/french-exhibitions-6.jpg","item-content":"","item-photo-align":false,"item-content-color":false},{"item-title":"","item-title-h":"h3","item-photo":"https:\/\/www.bednar.com\/wp-content\/uploads\/aktuality\/2023\/fr\/french-exhibitions-7.jpg","item-content":"","item-photo-align":false,"item-content-color":false}]},{"acf_fc_layout":"section-news-title","item-title":"Apr\u00e8s INNOV\u2019AGRI, en route pour la Bretagne, \u00e0 l\u2019occasion du SPACE","item-content":"<p>INNOV\u2019AGRI \u00e0 peine termin\u00e9, nous voici \u00e0 Rennes, pour repr\u00e9senter la marque BEDNAR au SPACE. Gr\u00e2ce \u00e0 notre partenaire BRETAGRI, nous avons pu pr\u00e9senter le TERRALAND TN 3000, le SWIFTERDISC XO6000F et le MULCHER MZ4500, des machines tr\u00e8s appr\u00e9ci\u00e9es par les agriculteurs de la r\u00e9gion. L\u2019\u00e9quipe BEDNAR France \u00e9tait toujours aussi motiv\u00e9e pour vous accueillir et vous donner toutes les informations n\u00e9cessaires sur la marque et sur notre gamme de mat\u00e9riel. <\/p>\n"},{"acf_fc_layout":"section-news-cols","item-cols":[{"item-title":"","item-title-h":"h3","item-photo":"https:\/\/www.bednar.com\/wp-content\/uploads\/aktuality\/2023\/fr\/french-exhibitions-2.jpg","item-content":"","item-photo-align":false,"item-content-color":false},{"item-title":"","item-title-h":"h3","item-photo":"https:\/\/www.bednar.com\/wp-content\/uploads\/aktuality\/2023\/fr\/french-exhibitions-1.jpg","item-content":"","item-photo-align":false,"item-content-color":false}]},{"acf_fc_layout":"section-news-title","item-title":"","item-content":"<p>Nous appr\u00e9cions \u00eatre \u00e0 vos c\u00f4t\u00e9s lors de ces salons. Vos questions et vos retours nous sont \u00e9galement tr\u00e8s utiles pour faire \u00e9voluer la marque. Toute l\u2019\u00e9quipe attend avec h\u00e2te de vous retrouver, d\u00e9but octobre, \u00e0 Clermont-Ferrand, pour le Sommet de l\u2019\u00c9levage. \u00c0 bient\u00f4t !<\/p>\n"},{"acf_fc_layout":"section-news-title","item-title":"","item-content":"<p style=\"text-align: right;\">JOY OF FARMING<br \/>\n<a href=\"mailto:marketing@bednar.com\" target=\"_blank\" rel=\"noopener\">marketing@bednar.com<\/a><br \/>\nBEDNAR FMT s.r.o.<\/p>\n"},{"acf_fc_layout":"section-news-gallery","news-videos":false,"news-photos":[{"ID":531651,"id":531651,"title":"french exhibitions (2)","filename":"french-exhibitions-2.jpg","filesize":69420,"url":"https:\/\/www.bednar.com\/wp-content\/uploads\/aktuality\/2023\/fr\/french-exhibitions-2.jpg","link":"https:\/\/www.bednar.com\/fr\/blog\/retour-sur-les-salons-de-debut-septembre\/french-exhibitions-2\/","alt":"french exhibitions (2)","author":"14","description":"","caption":"","name":"french-exhibitions-2","status":"inherit","uploaded_to":531514,"date":"2023-09-21 06:23:09","modified":"2023-09-21 06:28:29","menu_order":0,"mime_type":"image\/jpeg","type":"image","subtype":"jpeg","icon":"https:\/\/www.bednar.com\/wp-includes\/images\/media\/default.png","width":800,"height":451,"sizes":{"thumbnail":"https:\/\/www.bednar.com\/wp-content\/uploads\/aktuality\/2023\/fr\/french-exhibitions-2-280x185.jpg","thumbnail-width":280,"thumbnail-height":185,"medium":"https:\/\/www.bednar.com\/wp-content\/uploads\/aktuality\/2023\/fr\/french-exhibitions-2-300x169.jpg","medium-width":300,"medium-height":169,"medium_large":"https:\/\/www.bednar.com\/wp-content\/uploads\/aktuality\/2023\/fr\/french-exhibitions-2-768x433.jpg","medium_large-width":768,"medium_large-height":433,"large":"https:\/\/www.bednar.com\/wp-content\/uploads\/aktuality\/2023\/fr\/french-exhibitions-2.jpg","large-width":800,"large-height":451,"1536x1536":"https:\/\/www.bednar.com\/wp-content\/uploads\/aktuality\/2023\/fr\/french-exhibitions-2.jpg","1536x1536-width":800,"1536x1536-height":451,"2048x2048":"https:\/\/www.bednar.com\/wp-content\/uploads\/aktuality\/2023\/fr\/french-exhibitions-2.jpg","2048x2048-width":800,"2048x2048-height":451,"header-thumb":"https:\/\/www.bednar.com\/wp-content\/uploads\/aktuality\/2023\/fr\/french-exhibitions-2.jpg","header-thumb-width":800,"header-thumb-height":451,"section-thumb":"https:\/\/www.bednar.com\/wp-content\/uploads\/aktuality\/2023\/fr\/french-exhibitions-2.jpg","section-thumb-width":800,"section-thumb-height":451,"news-thumb":"https:\/\/www.bednar.com\/wp-content\/uploads\/aktuality\/2023\/fr\/french-exhibitions-2-390x315.jpg","news-thumb-width":390,"news-thumb-height":315,"wpcf7-post-image":"https:\/\/www.bednar.com\/wp-content\/uploads\/aktuality\/2023\/fr\/french-exhibitions-2-80x80.jpg","wpcf7-post-image-width":80,"wpcf7-post-image-height":80}},{"ID":531634,"id":531634,"title":"french exhibitions (1)","filename":"french-exhibitions-1.jpg","filesize":70195,"url":"https:\/\/www.bednar.com\/wp-content\/uploads\/aktuality\/2023\/fr\/french-exhibitions-1.jpg","link":"https:\/\/www.bednar.com\/fr\/blog\/retour-sur-les-salons-de-debut-septembre\/french-exhibitions-1\/","alt":"french exhibitions (1)","author":"14","description":"","caption":"","name":"french-exhibitions-1","status":"inherit","uploaded_to":531514,"date":"2023-09-21 06:23:06","modified":"2023-09-21 06:28:29","menu_order":0,"mime_type":"image\/jpeg","type":"image","subtype":"jpeg","icon":"https:\/\/www.bednar.com\/wp-includes\/images\/media\/default.png","width":800,"height":451,"sizes":{"thumbnail":"https:\/\/www.bednar.com\/wp-content\/uploads\/aktuality\/2023\/fr\/french-exhibitions-1-280x185.jpg","thumbnail-width":280,"thumbnail-height":185,"medium":"https:\/\/www.bednar.com\/wp-content\/uploads\/aktuality\/2023\/fr\/french-exhibitions-1-300x169.jpg","medium-width":300,"medium-height":169,"medium_large":"https:\/\/www.bednar.com\/wp-content\/uploads\/aktuality\/2023\/fr\/french-exhibitions-1-768x433.jpg","medium_large-width":768,"medium_large-height":433,"large":"https:\/\/www.bednar.com\/wp-content\/uploads\/aktuality\/2023\/fr\/french-exhibitions-1.jpg","large-width":800,"large-height":451,"1536x1536":"https:\/\/www.bednar.com\/wp-content\/uploads\/aktuality\/2023\/fr\/french-exhibitions-1.jpg","1536x1536-width":800,"1536x1536-height":451,"2048x2048":"https:\/\/www.bednar.com\/wp-content\/uploads\/aktuality\/2023\/fr\/french-exhibitions-1.jpg","2048x2048-width":800,"2048x2048-height":451,"header-thumb":"https:\/\/www.bednar.com\/wp-content\/uploads\/aktuality\/2023\/fr\/french-exhibitions-1.jpg","header-thumb-width":800,"header-thumb-height":451,"section-thumb":"https:\/\/www.bednar.com\/wp-content\/uploads\/aktuality\/2023\/fr\/french-exhibitions-1.jpg","section-thumb-width":800,"section-thumb-height":451,"news-thumb":"https:\/\/www.bednar.com\/wp-content\/uploads\/aktuality\/2023\/fr\/french-exhibitions-1-390x315.jpg","news-thumb-width":390,"news-thumb-height":315,"wpcf7-post-image":"https:\/\/www.bednar.com\/wp-content\/uploads\/aktuality\/2023\/fr\/french-exhibitions-1-80x80.jpg","wpcf7-post-image-width":80,"wpcf7-post-image-height":80}},{"ID":531600,"id":531600,"title":"french exhibitions (8)","filename":"french-exhibitions-8.jpg","filesize":204976,"url":"https:\/\/www.bednar.com\/wp-content\/uploads\/aktuality\/2023\/fr\/french-exhibitions-8.jpg","link":"https:\/\/www.bednar.com\/fr\/blog\/retour-sur-les-salons-de-debut-septembre\/french-exhibitions-8\/","alt":"","author":"14","description":"","caption":"","name":"french-exhibitions-8","status":"inherit","uploaded_to":531514,"date":"2023-09-21 06:22:59","modified":"2023-09-21 06:28:29","menu_order":0,"mime_type":"image\/jpeg","type":"image","subtype":"jpeg","icon":"https:\/\/www.bednar.com\/wp-includes\/images\/media\/default.png","width":800,"height":600,"sizes":{"thumbnail":"https:\/\/www.bednar.com\/wp-content\/uploads\/aktuality\/2023\/fr\/french-exhibitions-8-280x185.jpg","thumbnail-width":280,"thumbnail-height":185,"medium":"https:\/\/www.bednar.com\/wp-content\/uploads\/aktuality\/2023\/fr\/french-exhibitions-8-300x225.jpg","medium-width":300,"medium-height":225,"medium_large":"https:\/\/www.bednar.com\/wp-content\/uploads\/aktuality\/2023\/fr\/french-exhibitions-8-768x576.jpg","medium_large-width":768,"medium_large-height":576,"large":"https:\/\/www.bednar.com\/wp-content\/uploads\/aktuality\/2023\/fr\/french-exhibitions-8.jpg","large-width":800,"large-height":600,"1536x1536":"https:\/\/www.bednar.com\/wp-content\/uploads\/aktuality\/2023\/fr\/french-exhibitions-8.jpg","1536x1536-width":800,"1536x1536-height":600,"2048x2048":"https:\/\/www.bednar.com\/wp-content\/uploads\/aktuality\/2023\/fr\/french-exhibitions-8.jpg","2048x2048-width":800,"2048x2048-height":600,"header-thumb":"https:\/\/www.bednar.com\/wp-content\/uploads\/aktuality\/2023\/fr\/french-exhibitions-8.jpg","header-thumb-width":800,"header-thumb-height":600,"section-thumb":"https:\/\/www.bednar.com\/wp-content\/uploads\/aktuality\/2023\/fr\/french-exhibitions-8-800x480.jpg","section-thumb-width":800,"section-thumb-height":480,"news-thumb":"https:\/\/www.bednar.com\/wp-content\/uploads\/aktuality\/2023\/fr\/french-exhibitions-8-390x315.jpg","news-thumb-width":390,"news-thumb-height":315,"wpcf7-post-image":"https:\/\/www.bednar.com\/wp-content\/uploads\/aktuality\/2023\/fr\/french-exhibitions-8-80x80.jpg","wpcf7-post-image-width":80,"wpcf7-post-image-height":80}},{"ID":531583,"id":531583,"title":"french exhibitions INNOV\u2019AGRI","filename":"french-exhibitions-7.jpg","filesize":214334,"url":"https:\/\/www.bednar.com\/wp-content\/uploads\/aktuality\/2023\/fr\/french-exhibitions-7.jpg","link":"https:\/\/www.bednar.com\/fr\/blog\/retour-sur-les-salons-de-debut-septembre\/french-exhibitions-7\/","alt":"french exhibitions INNOV\u2019AGRI","author":"14","description":"","caption":"","name":"french-exhibitions-7","status":"inherit","uploaded_to":531514,"date":"2023-09-21 06:22:56","modified":"2023-09-21 06:28:29","menu_order":0,"mime_type":"image\/jpeg","type":"image","subtype":"jpeg","icon":"https:\/\/www.bednar.com\/wp-includes\/images\/media\/default.png","width":800,"height":600,"sizes":{"thumbnail":"https:\/\/www.bednar.com\/wp-content\/uploads\/aktuality\/2023\/fr\/french-exhibitions-7-280x185.jpg","thumbnail-width":280,"thumbnail-height":185,"medium":"https:\/\/www.bednar.com\/wp-content\/uploads\/aktuality\/2023\/fr\/french-exhibitions-7-300x225.jpg","medium-width":300,"medium-height":225,"medium_large":"https:\/\/www.bednar.com\/wp-content\/uploads\/aktuality\/2023\/fr\/french-exhibitions-7-768x576.jpg","medium_large-width":768,"medium_large-height":576,"large":"https:\/\/www.bednar.com\/wp-content\/uploads\/aktuality\/2023\/fr\/french-exhibitions-7.jpg","large-width":800,"large-height":600,"1536x1536":"https:\/\/www.bednar.com\/wp-content\/uploads\/aktuality\/2023\/fr\/french-exhibitions-7.jpg","1536x1536-width":800,"1536x1536-height":600,"2048x2048":"https:\/\/www.bednar.com\/wp-content\/uploads\/aktuality\/2023\/fr\/french-exhibitions-7.jpg","2048x2048-width":800,"2048x2048-height":600,"header-thumb":"https:\/\/www.bednar.com\/wp-content\/uploads\/aktuality\/2023\/fr\/french-exhibitions-7.jpg","header-thumb-width":800,"header-thumb-height":600,"section-thumb":"https:\/\/www.bednar.com\/wp-content\/uploads\/aktuality\/2023\/fr\/french-exhibitions-7-800x480.jpg","section-thumb-width":800,"section-thumb-height":480,"news-thumb":"https:\/\/www.bednar.com\/wp-content\/uploads\/aktuality\/2023\/fr\/french-exhibitions-7-390x315.jpg","news-thumb-width":390,"news-thumb-height":315,"wpcf7-post-image":"https:\/\/www.bednar.com\/wp-content\/uploads\/aktuality\/2023\/fr\/french-exhibitions-7-80x80.jpg","wpcf7-post-image-width":80,"wpcf7-post-image-height":80}},{"ID":531566,"id":531566,"title":"french exhibitions INNOV\u2019AGRI 2","filename":"french-exhibitions-6.jpg","filesize":203180,"url":"https:\/\/www.bednar.com\/wp-content\/uploads\/aktuality\/2023\/fr\/french-exhibitions-6.jpg","link":"https:\/\/www.bednar.com\/fr\/blog\/retour-sur-les-salons-de-debut-septembre\/french-exhibitions-6\/","alt":"french exhibitions INNOV\u2019AGRI 2","author":"14","description":"","caption":"","name":"french-exhibitions-6","status":"inherit","uploaded_to":531514,"date":"2023-09-21 06:22:53","modified":"2023-09-21 06:28:29","menu_order":0,"mime_type":"image\/jpeg","type":"image","subtype":"jpeg","icon":"https:\/\/www.bednar.com\/wp-includes\/images\/media\/default.png","width":800,"height":600,"sizes":{"thumbnail":"https:\/\/www.bednar.com\/wp-content\/uploads\/aktuality\/2023\/fr\/french-exhibitions-6-280x185.jpg","thumbnail-width":280,"thumbnail-height":185,"medium":"https:\/\/www.bednar.com\/wp-content\/uploads\/aktuality\/2023\/fr\/french-exhibitions-6-300x225.jpg","medium-width":300,"medium-height":225,"medium_large":"https:\/\/www.bednar.com\/wp-content\/uploads\/aktuality\/2023\/fr\/french-exhibitions-6-768x576.jpg","medium_large-width":768,"medium_large-height":576,"large":"https:\/\/www.bednar.com\/wp-content\/uploads\/aktuality\/2023\/fr\/french-exhibitions-6.jpg","large-width":800,"large-height":600,"1536x1536":"https:\/\/www.bednar.com\/wp-content\/uploads\/aktuality\/2023\/fr\/french-exhibitions-6.jpg","1536x1536-width":800,"1536x1536-height":600,"2048x2048":"https:\/\/www.bednar.com\/wp-content\/uploads\/aktuality\/2023\/fr\/french-exhibitions-6.jpg","2048x2048-width":800,"2048x2048-height":600,"header-thumb":"https:\/\/www.bednar.com\/wp-content\/uploads\/aktuality\/2023\/fr\/french-exhibitions-6.jpg","header-thumb-width":800,"header-thumb-height":600,"section-thumb":"https:\/\/www.bednar.com\/wp-content\/uploads\/aktuality\/2023\/fr\/french-exhibitions-6-800x480.jpg","section-thumb-width":800,"section-thumb-height":480,"news-thumb":"https:\/\/www.bednar.com\/wp-content\/uploads\/aktuality\/2023\/fr\/french-exhibitions-6-390x315.jpg","news-thumb-width":390,"news-thumb-height":315,"wpcf7-post-image":"https:\/\/www.bednar.com\/wp-content\/uploads\/aktuality\/2023\/fr\/french-exhibitions-6-80x80.jpg","wpcf7-post-image-width":80,"wpcf7-post-image-height":80}},{"ID":531549,"id":531549,"title":"french exhibitions INNOV\u2019AGRI 3","filename":"french-exhibitions-5.jpg","filesize":194861,"url":"https:\/\/www.bednar.com\/wp-content\/uploads\/aktuality\/2023\/fr\/french-exhibitions-5.jpg","link":"https:\/\/www.bednar.com\/fr\/blog\/retour-sur-les-salons-de-debut-septembre\/french-exhibitions-5\/","alt":"french exhibitions INNOV\u2019AGRI 3","author":"14","description":"","caption":"","name":"french-exhibitions-5","status":"inherit","uploaded_to":531514,"date":"2023-09-21 06:22:49","modified":"2023-09-21 06:28:29","menu_order":0,"mime_type":"image\/jpeg","type":"image","subtype":"jpeg","icon":"https:\/\/www.bednar.com\/wp-includes\/images\/media\/default.png","width":800,"height":600,"sizes":{"thumbnail":"https:\/\/www.bednar.com\/wp-content\/uploads\/aktuality\/2023\/fr\/french-exhibitions-5-280x185.jpg","thumbnail-width":280,"thumbnail-height":185,"medium":"https:\/\/www.bednar.com\/wp-content\/uploads\/aktuality\/2023\/fr\/french-exhibitions-5-300x225.jpg","medium-width":300,"medium-height":225,"medium_large":"https:\/\/www.bednar.com\/wp-content\/uploads\/aktuality\/2023\/fr\/french-exhibitions-5-768x576.jpg","medium_large-width":768,"medium_large-height":576,"large":"https:\/\/www.bednar.com\/wp-content\/uploads\/aktuality\/2023\/fr\/french-exhibitions-5.jpg","large-width":800,"large-height":600,"1536x1536":"https:\/\/www.bednar.com\/wp-content\/uploads\/aktuality\/2023\/fr\/french-exhibitions-5.jpg","1536x1536-width":800,"1536x1536-height":600,"2048x2048":"https:\/\/www.bednar.com\/wp-content\/uploads\/aktuality\/2023\/fr\/french-exhibitions-5.jpg","2048x2048-width":800,"2048x2048-height":600,"header-thumb":"https:\/\/www.bednar.com\/wp-content\/uploads\/aktuality\/2023\/fr\/french-exhibitions-5.jpg","header-thumb-width":800,"header-thumb-height":600,"section-thumb":"https:\/\/www.bednar.com\/wp-content\/uploads\/aktuality\/2023\/fr\/french-exhibitions-5-800x480.jpg","section-thumb-width":800,"section-thumb-height":480,"news-thumb":"https:\/\/www.bednar.com\/wp-content\/uploads\/aktuality\/2023\/fr\/french-exhibitions-5-390x315.jpg","news-thumb-width":390,"news-thumb-height":315,"wpcf7-post-image":"https:\/\/www.bednar.com\/wp-content\/uploads\/aktuality\/2023\/fr\/french-exhibitions-5-80x80.jpg","wpcf7-post-image-width":80,"wpcf7-post-image-height":80}},{"ID":531532,"id":531532,"title":"french exhibitions (4)","filename":"french-exhibitions-4.jpg","filesize":201888,"url":"https:\/\/www.bednar.com\/wp-content\/uploads\/aktuality\/2023\/fr\/french-exhibitions-4.jpg","link":"https:\/\/www.bednar.com\/fr\/blog\/retour-sur-les-salons-de-debut-septembre\/french-exhibitions-4\/","alt":"","author":"14","description":"","caption":"","name":"french-exhibitions-4","status":"inherit","uploaded_to":531514,"date":"2023-09-21 06:22:46","modified":"2023-09-21 06:28:29","menu_order":0,"mime_type":"image\/jpeg","type":"image","subtype":"jpeg","icon":"https:\/\/www.bednar.com\/wp-includes\/images\/media\/default.png","width":800,"height":600,"sizes":{"thumbnail":"https:\/\/www.bednar.com\/wp-content\/uploads\/aktuality\/2023\/fr\/french-exhibitions-4-280x185.jpg","thumbnail-width":280,"thumbnail-height":185,"medium":"https:\/\/www.bednar.com\/wp-content\/uploads\/aktuality\/2023\/fr\/french-exhibitions-4-300x225.jpg","medium-width":300,"medium-height":225,"medium_large":"https:\/\/www.bednar.com\/wp-content\/uploads\/aktuality\/2023\/fr\/french-exhibitions-4-768x576.jpg","medium_large-width":768,"medium_large-height":576,"large":"https:\/\/www.bednar.com\/wp-content\/uploads\/aktuality\/2023\/fr\/french-exhibitions-4.jpg","large-width":800,"large-height":600,"1536x1536":"https:\/\/www.bednar.com\/wp-content\/uploads\/aktuality\/2023\/fr\/french-exhibitions-4.jpg","1536x1536-width":800,"1536x1536-height":600,"2048x2048":"https:\/\/www.bednar.com\/wp-content\/uploads\/aktuality\/2023\/fr\/french-exhibitions-4.jpg","2048x2048-width":800,"2048x2048-height":600,"header-thumb":"https:\/\/www.bednar.com\/wp-content\/uploads\/aktuality\/2023\/fr\/french-exhibitions-4.jpg","header-thumb-width":800,"header-thumb-height":600,"section-thumb":"https:\/\/www.bednar.com\/wp-content\/uploads\/aktuality\/2023\/fr\/french-exhibitions-4-800x480.jpg","section-thumb-width":800,"section-thumb-height":480,"news-thumb":"https:\/\/www.bednar.com\/wp-content\/uploads\/aktuality\/2023\/fr\/french-exhibitions-4-390x315.jpg","news-thumb-width":390,"news-thumb-height":315,"wpcf7-post-image":"https:\/\/www.bednar.com\/wp-content\/uploads\/aktuality\/2023\/fr\/french-exhibitions-4-80x80.jpg","wpcf7-post-image-width":80,"wpcf7-post-image-height":80}},{"ID":531515,"id":531515,"title":"french exhibitions INNOV\u2019AGRI 4","filename":"french-exhibitions-3.jpg","filesize":208473,"url":"https:\/\/www.bednar.com\/wp-content\/uploads\/aktuality\/2023\/fr\/french-exhibitions-3.jpg","link":"https:\/\/www.bednar.com\/fr\/blog\/retour-sur-les-salons-de-debut-septembre\/french-exhibitions-3\/","alt":"french exhibitions INNOV\u2019AGRI 4","author":"14","description":"","caption":"","name":"french-exhibitions-3","status":"inherit","uploaded_to":531514,"date":"2023-09-21 06:22:43","modified":"2023-09-21 06:28:29","menu_order":0,"mime_type":"image\/jpeg","type":"image","subtype":"jpeg","icon":"https:\/\/www.bednar.com\/wp-includes\/images\/media\/default.png","width":800,"height":600,"sizes":{"thumbnail":"https:\/\/www.bednar.com\/wp-content\/uploads\/aktuality\/2023\/fr\/french-exhibitions-3-280x185.jpg","thumbnail-width":280,"thumbnail-height":185,"medium":"https:\/\/www.bednar.com\/wp-content\/uploads\/aktuality\/2023\/fr\/french-exhibitions-3-300x225.jpg","medium-width":300,"medium-height":225,"medium_large":"https:\/\/www.bednar.com\/wp-content\/uploads\/aktuality\/2023\/fr\/french-exhibitions-3-768x576.jpg","medium_large-width":768,"medium_large-height":576,"large":"https:\/\/www.bednar.com\/wp-content\/uploads\/aktuality\/2023\/fr\/french-exhibitions-3.jpg","large-width":800,"large-height":600,"1536x1536":"https:\/\/www.bednar.com\/wp-content\/uploads\/aktuality\/2023\/fr\/french-exhibitions-3.jpg","1536x1536-width":800,"1536x1536-height":600,"2048x2048":"https:\/\/www.bednar.com\/wp-content\/uploads\/aktuality\/2023\/fr\/french-exhibitions-3.jpg","2048x2048-width":800,"2048x2048-height":600,"header-thumb":"https:\/\/www.bednar.com\/wp-content\/uploads\/aktuality\/2023\/fr\/french-exhibitions-3.jpg","header-thumb-width":800,"header-thumb-height":600,"section-thumb":"https:\/\/www.bednar.com\/wp-content\/uploads\/aktuality\/2023\/fr\/french-exhibitions-3-800x480.jpg","section-thumb-width":800,"section-thumb-height":480,"news-thumb":"https:\/\/www.bednar.com\/wp-content\/uploads\/aktuality\/2023\/fr\/french-exhibitions-3-390x315.jpg","news-thumb-width":390,"news-thumb-height":315,"wpcf7-post-image":"https:\/\/www.bednar.com\/wp-content\/uploads\/aktuality\/2023\/fr\/french-exhibitions-3-80x80.jpg","wpcf7-post-image-width":80,"wpcf7-post-image-height":80}}]}],"nav-main-cat":false,"nav-sub-cat":false,"_aviaLayoutBuilderCleanData":"","page-type":"other","pageGroup":"","post-new-website":true},"_links":{"self":[{"href":"https:\/\/www.bednar.com\/fr\/wp-json\/wp\/v2\/posts\/531514","targetHints":{"allow":["GET"]}}],"collection":[{"href":"https:\/\/www.bednar.com\/fr\/wp-json\/wp\/v2\/posts"}],"about":[{"href":"https:\/\/www.bednar.com\/fr\/wp-json\/wp\/v2\/types\/post"}],"author":[{"embeddable":true,"href":"https:\/\/www.bednar.com\/fr\/wp-json\/wp\/v2\/users\/14"}],"replies":[{"embeddable":true,"href":"https:\/\/www.bednar.com\/fr\/wp-json\/wp\/v2\/comments?post=531514"}],"version-history":[{"count":1,"href":"https:\/\/www.bednar.com\/fr\/wp-json\/wp\/v2\/posts\/531514\/revisions"}],"predecessor-version":[{"id":531668,"href":"https:\/\/www.bednar.com\/fr\/wp-json\/wp\/v2\/posts\/531514\/revisions\/531668"}],"wp:featuredmedia":[{"embeddable":true,"href":"https:\/\/www.bednar.com\/fr\/wp-json\/wp\/v2\/media\/531566"}],"wp:attachment":[{"href":"https:\/\/www.bednar.com\/fr\/wp-json\/wp\/v2\/media?parent=531514"}],"wp:term":[{"taxonomy":"category","embeddable":true,"href":"https:\/\/www.bednar.com\/fr\/wp-json\/wp\/v2\/categories?post=531514"},{"taxonomy":"post_tag","embeddable":true,"href":"https:\/\/www.bednar.com\/fr\/wp-json\/wp\/v2\/tags?post=531514"}],"curies":[{"name":"wp","href":"https:\/\/api.w.org\/{rel}","templated":true}]}}