{"id":514371,"date":"2023-03-23T08:00:36","date_gmt":"2023-03-23T07:00:36","guid":{"rendered":"https:\/\/www.bednar.com\/fr\/blog\/zemedelci-a-obchodni-partneri-navstivili-vyrobni-zavod-bednar\/"},"modified":"2023-03-22T10:25:45","modified_gmt":"2023-03-22T09:25:45","slug":"zemedelci-a-obchodni-partneri-navstivili-vyrobni-zavod-bednar","status":"publish","type":"post","link":"https:\/\/www.bednar.com\/fr\/blog\/des-agriculteurs-et-des-partenaires-commerciaux-ont-visite-l%E2%80%99usine-de-production-bednar\/","title":{"rendered":"Des agriculteurs et des partenaires commerciaux ont visit\u00e9 l\u2019usine de production BEDNAR"},"content":{"rendered":"","protected":false},"excerpt":{"rendered":"<p>Nous sommes heureux qu\u2019apr\u00e8s une relativement longue p\u00e9riode d\u2019impossibilit\u00e9s et d\u2019autres limitations diverses, nous puissions enfin proposer \u00e0 nos clients et \u00e0 nos partenaires commerciaux de venir visiter notre usine de production et faire ce que nous appelons le BEDNAR Factory tour. Le premier grand groupe de revendeurs et concessionnaires s\u2019est pr\u00e9sent\u00e9 \u00e0 nos portes au d\u00e9but de l\u2019\u00e9t\u00e9, dans le cadre de la pr\u00e9-saison BEDNAR. Depuis la fin du salon SIMA, notre usine de R\u00e9publique tch\u00e8que a accueilli la visite d\u2019au moins un groupe de visiteurs chaque semaine.<\/p>\n","protected":false},"author":3,"featured_media":513360,"comment_status":"open","ping_status":"open","sticky":false,"template":"","format":"standard","meta":{"_acf_changed":false,"footnotes":""},"categories":[79,543,820,846],"tags":[],"class_list":["post-514371","post","type-post","status-publish","format-standard","has-post-thumbnail","hentry","category-non-classifiee","category-a-propos-de-nous","category-de-notre-part","category-faits-interessants"],"acf":{"item-bg":false,"item-bg_kop\u00edrovat":false,"item-bg-mobile":false,"item-youtube":"","item-title":"","fixed-title":"","item-desc":"","item-mach-desc":"","item-mach-config":"","item-mach-down":"","item-align":false,"item-code":"","google-map":"","disable-header":false,"main-content":[{"acf_fc_layout":"section-news-cols","item-cols":[{"item-title":"","item-title-h":"h3","item-photo":"https:\/\/www.bednar.com\/wp-content\/uploads\/aktuality\/2023\/cz\/chorvatsko_ft.jpeg","item-content":"<p>Visite de la soci\u00e9t\u00e9 AGROTREND Hru\u0161ky et des clients de notre concessionnaire croate Novocommerce International Ltd.<\/p>\n","item-photo-align":false,"item-content-color":false},{"item-title":"","item-title-h":"h3","item-photo":"https:\/\/www.bednar.com\/wp-content\/uploads\/aktuality\/2023\/cz\/de_ft.jpeg","item-content":"<p>Des clients de notre partenaire allemand Mager &#038; Wedemeyer sont, eux aussi, venus en visite \u00e0 Rychnov nad Kn\u011b\u017enou<\/p>\n","item-photo-align":false,"item-content-color":false}]},{"acf_fc_layout":"section-news-title","item-title":"Les clients appr\u00e9cient le fait de pouvoir visiter notre usine de production ","item-content":"<p>Les visites guid\u00e9es durant lesquelles les clients peuvent voir les diff\u00e9rentes \u00e9tapes de fabrication d\u2019une machine sont principalement int\u00e9ressantes pour les propri\u00e9taires de machines de la marque BEDNAR. Nous sommes heureux que ces clients appr\u00e9cient la modernit\u00e9 de notre usine de production, la propret\u00e9 g\u00e9n\u00e9rale et l\u2019organisation de la production. Pour les acheteurs potentiels, ces visites sont l\u2019occasion d\u2019avoir une vue g\u00e9n\u00e9rale sur le processus de fabrication avant d\u2019acheter une nouvelle machine BEDNAR et de s\u2019assurer aussi que l\u2019argent qu\u2019ils investissent dans leur machine neuve sont un gage de qualit\u00e9.<\/p>\n"},{"acf_fc_layout":"section-news-cols","item-cols":[{"item-title":"","item-title-h":"h3","item-photo":"https:\/\/www.bednar.com\/wp-content\/uploads\/aktuality\/2023\/cz\/fr_ft.jpeg","item-content":"<p>Un groupe de commerciaux fran\u00e7ais employ\u00e9s dans les soci\u00e9t\u00e9s TERREA SAS et CASA SERVICE MACHINE<\/p>\n","item-photo-align":false,"item-content-color":false},{"item-title":"","item-title-h":"h3","item-photo":"https:\/\/www.bednar.com\/wp-content\/uploads\/aktuality\/2023\/cz\/lt_ft.jpeg","item-content":"<p>Visite de l\u2019\u00e9quipe de notre partenaire lituanien UAB \u00ab Agrokoncerno technika \u00bb qui a obtenu le titre de \u00ab Meilleur concessionnaire marketing \u00bb et \u00ab Meilleur revendeur de machines SWIFTERDISC XE_PROFI \u00bb pour la saison 2021\/2022<\/p>\n","item-photo-align":false,"item-content-color":false}]},{"acf_fc_layout":"section-news-cols","item-cols":[{"item-title":"","item-title-h":"h3","item-photo":"https:\/\/www.bednar.com\/wp-content\/uploads\/aktuality\/2023\/cz\/ro_ft.jpeg","item-content":"<p>Un grand groupe de clients de notre importateur roumain, la soci\u00e9t\u00e9 IPSO Agricultur\u0103<\/p>\n","item-photo-align":false,"item-content-color":false},{"item-title":"","item-title-h":"h3","item-photo":"https:\/\/www.bednar.com\/wp-content\/uploads\/hu_ft_farma.jpeg","item-content":"<p>Des clients de Hongrie qui sont venus sur invitation de notre importateur AGRI CS Magyarorsz\u00e1g \u2013 photo prise sur les terres de la soci\u00e9t\u00e9 AGRO Slatiny<\/p>\n","item-photo-align":false,"item-content-color":false}]},{"acf_fc_layout":"section-news-title","item-title":"","item-content":"<p>Tous les BEDNAR Factory tour commencent dans la salle de pr\u00e9sentation o\u00f9 les visiteurs peuvent prendre connaissance de l\u2019historique de la soci\u00e9t\u00e9 BEDNAR et lire d\u2019int\u00e9ressantes informations li\u00e9es \u00e0 la production. Il s\u2019en suit une courte pr\u00e9sentation traitant des principaux jalons de la soci\u00e9t\u00e9, du portefeuille de produits et de faits int\u00e9ressants sur le monde BEDNAR.<\/p>\n"},{"acf_fc_layout":"section-news-title","item-title":"L\u2019agriculture tch\u00e8que int\u00e9resse les visiteurs \u00e9trangers","item-content":"<p>Pour les partenaires commerciaux \u00e9trangers, le BEDNAR Factory tour est \u00e9galement une occasion de d\u00e9couvrir l\u2019agriculture tch\u00e8que ou par exemple, de voir des machines qui ne sont actuellement pas pr\u00e9sentes sur leurs march\u00e9s. C\u2019est aussi la raison pour laquelle nous profitons de ces visites pour les emmener dans des entreprises agricoles tch\u00e8ques qui ont mis\u00e9 sur la marque BEDNAR pour leurs \u00e9quipements de travail du sol et de semis.<\/p>\n"},{"acf_fc_layout":"section-news-cols","item-cols":[{"item-title":"","item-title-h":"h3","item-photo":"https:\/\/www.bednar.com\/wp-content\/uploads\/aktuality\/2023\/cz\/uk_ft.jpeg","item-content":"<p>Les machines BEDNAR sont tr\u00e8s populaires aupr\u00e8s des clients de Grande-Bretagne<\/p>\n","item-photo-align":false,"item-content-color":false},{"item-title":"","item-title-h":"h3","item-photo":"https:\/\/www.bednar.com\/wp-content\/uploads\/aktuality\/2023\/cz\/it_ft.jpeg","item-content":"<p>Le Factory tour de l\u2019\u00e9quipe d\u2019AGRICAM, le distributeur italien de machines BEDNAR<\/p>\n","item-photo-align":false,"item-content-color":false}]},{"acf_fc_layout":"section-news-cols","item-cols":[{"item-title":"","item-title-h":"h3","item-photo":"https:\/\/www.bednar.com\/wp-content\/uploads\/aktuality\/2023\/cz\/cz_ft_i.jpeg","item-content":"<p>Nous sommes heureux que ces visites int\u00e9ressent aussi les clients tch\u00e8ques de la soci\u00e9t\u00e9 STROM Praha &#8230;<\/p>\n","item-photo-align":false,"item-content-color":false},{"item-title":"","item-title-h":"h3","item-photo":"https:\/\/www.bednar.com\/wp-content\/uploads\/aktuality\/2023\/cz\/cz_ft_ii.jpeg","item-content":"<p>&#8230; durant ces derniers mois, nous en avons accueilli plusieurs centaines \u00e0 Rychnov.<\/p>\n","item-photo-align":false,"item-content-color":false}]},{"acf_fc_layout":"section-news-title","item-title":"","item-content":"<p style=\"text-align: center;\">Nous tenions \u00e0 remercier tous les clients et partenaires commerciaux pour le temps que nous avons pu passer ensemble. Et nous esp\u00e9rons que la prochaine fois, c\u2019est vous que nous aurons le plaisir d\u2019accueillir dans nos locaux.<\/p>\n"},{"acf_fc_layout":"section-news-title","item-title":"","item-content":"<p style=\"text-align: right;\">JOY OF FARMING<br \/>\n<a href=\"mailto:marketing@bednar.com\" target=\"_blank\" rel=\"noopener\">marketing@bednar.com<\/a><br \/>\nBEDNAR FMT s.r.o.<\/p>\n"},{"acf_fc_layout":"section-news-gallery","news-videos":false,"news-photos":[{"ID":513377,"id":513377,"title":"Visite de la soci\u00e9t\u00e9 AGROTREND Hru\u0161ky et des clients de notre concessionnaire croate Novocommerce International Ltd.","filename":"chorvatsko_ft.jpeg","filesize":67239,"url":"https:\/\/www.bednar.com\/wp-content\/uploads\/aktuality\/2023\/cz\/chorvatsko_ft.jpeg","link":"https:\/\/www.bednar.com\/fr\/blog\/des-agriculteurs-et-des-partenaires-commerciaux-ont-visite-l%E2%80%99usine-de-production-bednar\/chorvatsko_ft-2\/","alt":"Visite de la soci\u00e9t\u00e9 AGROTREND Hru\u0161ky et des clients de notre concessionnaire croate Novocommerce International Ltd.","author":"3","description":"","caption":"","name":"chorvatsko_ft-2","status":"inherit","uploaded_to":514371,"date":"2023-03-15 10:00:50","modified":"2023-03-22 09:27:50","menu_order":0,"mime_type":"image\/jpeg","type":"image","subtype":"jpeg","icon":"https:\/\/www.bednar.com\/wp-includes\/images\/media\/default.png","width":800,"height":533,"sizes":{"thumbnail":"https:\/\/www.bednar.com\/wp-content\/uploads\/aktuality\/2023\/cz\/chorvatsko_ft-280x185.jpeg","thumbnail-width":280,"thumbnail-height":185,"medium":"https:\/\/www.bednar.com\/wp-content\/uploads\/aktuality\/2023\/cz\/chorvatsko_ft-300x200.jpeg","medium-width":300,"medium-height":200,"medium_large":"https:\/\/www.bednar.com\/wp-content\/uploads\/aktuality\/2023\/cz\/chorvatsko_ft-768x512.jpeg","medium_large-width":768,"medium_large-height":512,"large":"https:\/\/www.bednar.com\/wp-content\/uploads\/aktuality\/2023\/cz\/chorvatsko_ft.jpeg","large-width":800,"large-height":533,"1536x1536":"https:\/\/www.bednar.com\/wp-content\/uploads\/aktuality\/2023\/cz\/chorvatsko_ft.jpeg","1536x1536-width":800,"1536x1536-height":533,"2048x2048":"https:\/\/www.bednar.com\/wp-content\/uploads\/aktuality\/2023\/cz\/chorvatsko_ft.jpeg","2048x2048-width":800,"2048x2048-height":533,"header-thumb":"https:\/\/www.bednar.com\/wp-content\/uploads\/aktuality\/2023\/cz\/chorvatsko_ft.jpeg","header-thumb-width":800,"header-thumb-height":533,"section-thumb":"https:\/\/www.bednar.com\/wp-content\/uploads\/aktuality\/2023\/cz\/chorvatsko_ft-800x480.jpeg","section-thumb-width":800,"section-thumb-height":480,"news-thumb":"https:\/\/www.bednar.com\/wp-content\/uploads\/aktuality\/2023\/cz\/chorvatsko_ft-390x315.jpeg","news-thumb-width":390,"news-thumb-height":315,"wpcf7-post-image":"https:\/\/www.bednar.com\/wp-content\/uploads\/aktuality\/2023\/cz\/chorvatsko_ft-80x80.jpeg","wpcf7-post-image-width":80,"wpcf7-post-image-height":80}},{"ID":513326,"id":513326,"title":"Des clients de notre partenaire allemand Mager & Wedemeyer sont, eux aussi, venus en visite \u00e0 Rychnov nad Kn\u011b\u017enou","filename":"de_ft.jpeg","filesize":80463,"url":"https:\/\/www.bednar.com\/wp-content\/uploads\/aktuality\/2023\/cz\/de_ft.jpeg","link":"https:\/\/www.bednar.com\/fr\/blog\/des-agriculteurs-et-des-partenaires-commerciaux-ont-visite-l%E2%80%99usine-de-production-bednar\/de_ft-2\/","alt":"Des clients de notre partenaire allemand Mager & Wedemeyer sont, eux aussi, venus en visite \u00e0 Rychnov nad Kn\u011b\u017enou","author":"3","description":"","caption":"","name":"de_ft-2","status":"inherit","uploaded_to":514371,"date":"2023-03-15 10:00:40","modified":"2023-03-22 09:28:03","menu_order":0,"mime_type":"image\/jpeg","type":"image","subtype":"jpeg","icon":"https:\/\/www.bednar.com\/wp-includes\/images\/media\/default.png","width":800,"height":533,"sizes":{"thumbnail":"https:\/\/www.bednar.com\/wp-content\/uploads\/aktuality\/2023\/cz\/de_ft-280x185.jpeg","thumbnail-width":280,"thumbnail-height":185,"medium":"https:\/\/www.bednar.com\/wp-content\/uploads\/aktuality\/2023\/cz\/de_ft-300x200.jpeg","medium-width":300,"medium-height":200,"medium_large":"https:\/\/www.bednar.com\/wp-content\/uploads\/aktuality\/2023\/cz\/de_ft-768x512.jpeg","medium_large-width":768,"medium_large-height":512,"large":"https:\/\/www.bednar.com\/wp-content\/uploads\/aktuality\/2023\/cz\/de_ft.jpeg","large-width":800,"large-height":533,"1536x1536":"https:\/\/www.bednar.com\/wp-content\/uploads\/aktuality\/2023\/cz\/de_ft.jpeg","1536x1536-width":800,"1536x1536-height":533,"2048x2048":"https:\/\/www.bednar.com\/wp-content\/uploads\/aktuality\/2023\/cz\/de_ft.jpeg","2048x2048-width":800,"2048x2048-height":533,"header-thumb":"https:\/\/www.bednar.com\/wp-content\/uploads\/aktuality\/2023\/cz\/de_ft.jpeg","header-thumb-width":800,"header-thumb-height":533,"section-thumb":"https:\/\/www.bednar.com\/wp-content\/uploads\/aktuality\/2023\/cz\/de_ft-800x480.jpeg","section-thumb-width":800,"section-thumb-height":480,"news-thumb":"https:\/\/www.bednar.com\/wp-content\/uploads\/aktuality\/2023\/cz\/de_ft-390x315.jpeg","news-thumb-width":390,"news-thumb-height":315,"wpcf7-post-image":"https:\/\/www.bednar.com\/wp-content\/uploads\/aktuality\/2023\/cz\/de_ft-80x80.jpeg","wpcf7-post-image-width":80,"wpcf7-post-image-height":80}},{"ID":513343,"id":513343,"title":"Un groupe de commerciaux fran\u00e7ais employ\u00e9s dans les soci\u00e9t\u00e9s TERREA SAS et CASA SERVICE MACHINE","filename":"fr_ft.jpeg","filesize":110886,"url":"https:\/\/www.bednar.com\/wp-content\/uploads\/aktuality\/2023\/cz\/fr_ft.jpeg","link":"https:\/\/www.bednar.com\/fr\/blog\/des-agriculteurs-et-des-partenaires-commerciaux-ont-visite-l%E2%80%99usine-de-production-bednar\/fr_ft-2\/","alt":"Un groupe de commerciaux fran\u00e7ais employ\u00e9s dans les soci\u00e9t\u00e9s TERREA SAS et CASA SERVICE MACHINE","author":"3","description":"","caption":"","name":"fr_ft-2","status":"inherit","uploaded_to":514371,"date":"2023-03-15 10:00:43","modified":"2023-03-22 09:28:25","menu_order":0,"mime_type":"image\/jpeg","type":"image","subtype":"jpeg","icon":"https:\/\/www.bednar.com\/wp-includes\/images\/media\/default.png","width":800,"height":533,"sizes":{"thumbnail":"https:\/\/www.bednar.com\/wp-content\/uploads\/aktuality\/2023\/cz\/fr_ft-280x185.jpeg","thumbnail-width":280,"thumbnail-height":185,"medium":"https:\/\/www.bednar.com\/wp-content\/uploads\/aktuality\/2023\/cz\/fr_ft-300x200.jpeg","medium-width":300,"medium-height":200,"medium_large":"https:\/\/www.bednar.com\/wp-content\/uploads\/aktuality\/2023\/cz\/fr_ft-768x512.jpeg","medium_large-width":768,"medium_large-height":512,"large":"https:\/\/www.bednar.com\/wp-content\/uploads\/aktuality\/2023\/cz\/fr_ft.jpeg","large-width":800,"large-height":533,"1536x1536":"https:\/\/www.bednar.com\/wp-content\/uploads\/aktuality\/2023\/cz\/fr_ft.jpeg","1536x1536-width":800,"1536x1536-height":533,"2048x2048":"https:\/\/www.bednar.com\/wp-content\/uploads\/aktuality\/2023\/cz\/fr_ft.jpeg","2048x2048-width":800,"2048x2048-height":533,"header-thumb":"https:\/\/www.bednar.com\/wp-content\/uploads\/aktuality\/2023\/cz\/fr_ft.jpeg","header-thumb-width":800,"header-thumb-height":533,"section-thumb":"https:\/\/www.bednar.com\/wp-content\/uploads\/aktuality\/2023\/cz\/fr_ft-800x480.jpeg","section-thumb-width":800,"section-thumb-height":480,"news-thumb":"https:\/\/www.bednar.com\/wp-content\/uploads\/aktuality\/2023\/cz\/fr_ft-390x315.jpeg","news-thumb-width":390,"news-thumb-height":315,"wpcf7-post-image":"https:\/\/www.bednar.com\/wp-content\/uploads\/aktuality\/2023\/cz\/fr_ft-80x80.jpeg","wpcf7-post-image-width":80,"wpcf7-post-image-height":80}},{"ID":513394,"id":513394,"title":"Visite de l\u2019\u00e9quipe de notre partenaire lituanien UAB \u00ab Agrokoncerno technika \u00bb qui a obtenu le titre de \u00ab Meilleur concessionnaire marketing \u00bb et \u00ab Meilleur revendeur de machines SWIFTERDISC XE_PROFI \u00bb pour la saison 2021\/2022","filename":"lt_ft.jpeg","filesize":73650,"url":"https:\/\/www.bednar.com\/wp-content\/uploads\/aktuality\/2023\/cz\/lt_ft.jpeg","link":"https:\/\/www.bednar.com\/fr\/blog\/des-agriculteurs-et-des-partenaires-commerciaux-ont-visite-l%E2%80%99usine-de-production-bednar\/lt_ft-2\/","alt":"Visite de l\u2019\u00e9quipe de notre partenaire lituanien UAB \u00ab Agrokoncerno technika \u00bb qui a obtenu le titre de \u00ab Meilleur concessionnaire marketing \u00bb et \u00ab Meilleur revendeur de machines SWIFTERDISC XE_PROFI \u00bb pour la saison 2021\/2022","author":"3","description":"","caption":"","name":"lt_ft-2","status":"inherit","uploaded_to":514371,"date":"2023-03-15 10:00:53","modified":"2023-03-22 09:28:37","menu_order":0,"mime_type":"image\/jpeg","type":"image","subtype":"jpeg","icon":"https:\/\/www.bednar.com\/wp-includes\/images\/media\/default.png","width":800,"height":533,"sizes":{"thumbnail":"https:\/\/www.bednar.com\/wp-content\/uploads\/aktuality\/2023\/cz\/lt_ft-280x185.jpeg","thumbnail-width":280,"thumbnail-height":185,"medium":"https:\/\/www.bednar.com\/wp-content\/uploads\/aktuality\/2023\/cz\/lt_ft-300x200.jpeg","medium-width":300,"medium-height":200,"medium_large":"https:\/\/www.bednar.com\/wp-content\/uploads\/aktuality\/2023\/cz\/lt_ft-768x512.jpeg","medium_large-width":768,"medium_large-height":512,"large":"https:\/\/www.bednar.com\/wp-content\/uploads\/aktuality\/2023\/cz\/lt_ft.jpeg","large-width":800,"large-height":533,"1536x1536":"https:\/\/www.bednar.com\/wp-content\/uploads\/aktuality\/2023\/cz\/lt_ft.jpeg","1536x1536-width":800,"1536x1536-height":533,"2048x2048":"https:\/\/www.bednar.com\/wp-content\/uploads\/aktuality\/2023\/cz\/lt_ft.jpeg","2048x2048-width":800,"2048x2048-height":533,"header-thumb":"https:\/\/www.bednar.com\/wp-content\/uploads\/aktuality\/2023\/cz\/lt_ft.jpeg","header-thumb-width":800,"header-thumb-height":533,"section-thumb":"https:\/\/www.bednar.com\/wp-content\/uploads\/aktuality\/2023\/cz\/lt_ft-800x480.jpeg","section-thumb-width":800,"section-thumb-height":480,"news-thumb":"https:\/\/www.bednar.com\/wp-content\/uploads\/aktuality\/2023\/cz\/lt_ft-390x315.jpeg","news-thumb-width":390,"news-thumb-height":315,"wpcf7-post-image":"https:\/\/www.bednar.com\/wp-content\/uploads\/aktuality\/2023\/cz\/lt_ft-80x80.jpeg","wpcf7-post-image-width":80,"wpcf7-post-image-height":80}},{"ID":513411,"id":513411,"title":"Un grand groupe de clients de notre importateur roumain, la soci\u00e9t\u00e9 IPSO Agricultur\u0103","filename":"ro_ft.jpeg","filesize":76086,"url":"https:\/\/www.bednar.com\/wp-content\/uploads\/aktuality\/2023\/cz\/ro_ft.jpeg","link":"https:\/\/www.bednar.com\/fr\/blog\/des-agriculteurs-et-des-partenaires-commerciaux-ont-visite-l%E2%80%99usine-de-production-bednar\/ro_ft-2\/","alt":"Un grand groupe de clients de notre importateur roumain, la soci\u00e9t\u00e9 IPSO Agricultur\u0103","author":"3","description":"","caption":"","name":"ro_ft-2","status":"inherit","uploaded_to":514371,"date":"2023-03-15 10:00:57","modified":"2023-03-22 09:28:49","menu_order":0,"mime_type":"image\/jpeg","type":"image","subtype":"jpeg","icon":"https:\/\/www.bednar.com\/wp-includes\/images\/media\/default.png","width":800,"height":533,"sizes":{"thumbnail":"https:\/\/www.bednar.com\/wp-content\/uploads\/aktuality\/2023\/cz\/ro_ft-280x185.jpeg","thumbnail-width":280,"thumbnail-height":185,"medium":"https:\/\/www.bednar.com\/wp-content\/uploads\/aktuality\/2023\/cz\/ro_ft-300x200.jpeg","medium-width":300,"medium-height":200,"medium_large":"https:\/\/www.bednar.com\/wp-content\/uploads\/aktuality\/2023\/cz\/ro_ft-768x512.jpeg","medium_large-width":768,"medium_large-height":512,"large":"https:\/\/www.bednar.com\/wp-content\/uploads\/aktuality\/2023\/cz\/ro_ft.jpeg","large-width":800,"large-height":533,"1536x1536":"https:\/\/www.bednar.com\/wp-content\/uploads\/aktuality\/2023\/cz\/ro_ft.jpeg","1536x1536-width":800,"1536x1536-height":533,"2048x2048":"https:\/\/www.bednar.com\/wp-content\/uploads\/aktuality\/2023\/cz\/ro_ft.jpeg","2048x2048-width":800,"2048x2048-height":533,"header-thumb":"https:\/\/www.bednar.com\/wp-content\/uploads\/aktuality\/2023\/cz\/ro_ft.jpeg","header-thumb-width":800,"header-thumb-height":533,"section-thumb":"https:\/\/www.bednar.com\/wp-content\/uploads\/aktuality\/2023\/cz\/ro_ft-800x480.jpeg","section-thumb-width":800,"section-thumb-height":480,"news-thumb":"https:\/\/www.bednar.com\/wp-content\/uploads\/aktuality\/2023\/cz\/ro_ft-390x315.jpeg","news-thumb-width":390,"news-thumb-height":315,"wpcf7-post-image":"https:\/\/www.bednar.com\/wp-content\/uploads\/aktuality\/2023\/cz\/ro_ft-80x80.jpeg","wpcf7-post-image-width":80,"wpcf7-post-image-height":80}},{"ID":514339,"id":514339,"title":"Des clients de Hongrie qui sont venus sur invitation de notre importateur AGRI CS Magyarorsz\u00e1g \u2013 photo prise sur les terres de la soci\u00e9t\u00e9 AGRO Slatiny","filename":"hu_ft_farma.jpeg","filesize":113114,"url":"https:\/\/www.bednar.com\/wp-content\/uploads\/hu_ft_farma.jpeg","link":"https:\/\/www.bednar.com\/fr\/blog\/des-agriculteurs-et-des-partenaires-commerciaux-ont-visite-l%E2%80%99usine-de-production-bednar\/hu_ft_farma-2\/","alt":"Des clients de Hongrie qui sont venus sur invitation de notre importateur AGRI CS Magyarorsz\u00e1g \u2013 photo prise sur les terres de la soci\u00e9t\u00e9 AGRO Slatiny","author":"3","description":"","caption":"","name":"hu_ft_farma-2","status":"inherit","uploaded_to":514371,"date":"2023-03-22 07:24:04","modified":"2023-03-22 09:28:58","menu_order":0,"mime_type":"image\/jpeg","type":"image","subtype":"jpeg","icon":"https:\/\/www.bednar.com\/wp-includes\/images\/media\/default.png","width":800,"height":533,"sizes":{"thumbnail":"https:\/\/www.bednar.com\/wp-content\/uploads\/hu_ft_farma-280x185.jpeg","thumbnail-width":280,"thumbnail-height":185,"medium":"https:\/\/www.bednar.com\/wp-content\/uploads\/hu_ft_farma-300x200.jpeg","medium-width":300,"medium-height":200,"medium_large":"https:\/\/www.bednar.com\/wp-content\/uploads\/hu_ft_farma-768x512.jpeg","medium_large-width":768,"medium_large-height":512,"large":"https:\/\/www.bednar.com\/wp-content\/uploads\/hu_ft_farma.jpeg","large-width":800,"large-height":533,"1536x1536":"https:\/\/www.bednar.com\/wp-content\/uploads\/hu_ft_farma.jpeg","1536x1536-width":800,"1536x1536-height":533,"2048x2048":"https:\/\/www.bednar.com\/wp-content\/uploads\/hu_ft_farma.jpeg","2048x2048-width":800,"2048x2048-height":533,"header-thumb":"https:\/\/www.bednar.com\/wp-content\/uploads\/hu_ft_farma.jpeg","header-thumb-width":800,"header-thumb-height":533,"section-thumb":"https:\/\/www.bednar.com\/wp-content\/uploads\/hu_ft_farma-800x480.jpeg","section-thumb-width":800,"section-thumb-height":480,"news-thumb":"https:\/\/www.bednar.com\/wp-content\/uploads\/hu_ft_farma-390x315.jpeg","news-thumb-width":390,"news-thumb-height":315,"wpcf7-post-image":"https:\/\/www.bednar.com\/wp-content\/uploads\/hu_ft_farma-80x80.jpeg","wpcf7-post-image-width":80,"wpcf7-post-image-height":80}},{"ID":513551,"id":513551,"title":"Le Factory tour de l\u2019\u00e9quipe d\u2019AGRICAM, le distributeur italien de machines BEDNAR","filename":"it_ft.jpeg","filesize":90552,"url":"https:\/\/www.bednar.com\/wp-content\/uploads\/aktuality\/2023\/cz\/it_ft.jpeg","link":"https:\/\/www.bednar.com\/fr\/blog\/des-agriculteurs-et-des-partenaires-commerciaux-ont-visite-l%E2%80%99usine-de-production-bednar\/it_ft-2\/","alt":"Le Factory tour de l\u2019\u00e9quipe d\u2019AGRICAM, le distributeur italien de machines BEDNAR","author":"3","description":"","caption":"","name":"it_ft-2","status":"inherit","uploaded_to":514371,"date":"2023-03-16 07:01:03","modified":"2023-03-22 09:29:42","menu_order":0,"mime_type":"image\/jpeg","type":"image","subtype":"jpeg","icon":"https:\/\/www.bednar.com\/wp-includes\/images\/media\/default.png","width":800,"height":533,"sizes":{"thumbnail":"https:\/\/www.bednar.com\/wp-content\/uploads\/aktuality\/2023\/cz\/it_ft-280x185.jpeg","thumbnail-width":280,"thumbnail-height":185,"medium":"https:\/\/www.bednar.com\/wp-content\/uploads\/aktuality\/2023\/cz\/it_ft-300x200.jpeg","medium-width":300,"medium-height":200,"medium_large":"https:\/\/www.bednar.com\/wp-content\/uploads\/aktuality\/2023\/cz\/it_ft-768x512.jpeg","medium_large-width":768,"medium_large-height":512,"large":"https:\/\/www.bednar.com\/wp-content\/uploads\/aktuality\/2023\/cz\/it_ft.jpeg","large-width":800,"large-height":533,"1536x1536":"https:\/\/www.bednar.com\/wp-content\/uploads\/aktuality\/2023\/cz\/it_ft.jpeg","1536x1536-width":800,"1536x1536-height":533,"2048x2048":"https:\/\/www.bednar.com\/wp-content\/uploads\/aktuality\/2023\/cz\/it_ft.jpeg","2048x2048-width":800,"2048x2048-height":533,"header-thumb":"https:\/\/www.bednar.com\/wp-content\/uploads\/aktuality\/2023\/cz\/it_ft.jpeg","header-thumb-width":800,"header-thumb-height":533,"section-thumb":"https:\/\/www.bednar.com\/wp-content\/uploads\/aktuality\/2023\/cz\/it_ft-800x480.jpeg","section-thumb-width":800,"section-thumb-height":480,"news-thumb":"https:\/\/www.bednar.com\/wp-content\/uploads\/aktuality\/2023\/cz\/it_ft-390x315.jpeg","news-thumb-width":390,"news-thumb-height":315,"wpcf7-post-image":"https:\/\/www.bednar.com\/wp-content\/uploads\/aktuality\/2023\/cz\/it_ft-80x80.jpeg","wpcf7-post-image-width":80,"wpcf7-post-image-height":80}},{"ID":513428,"id":513428,"title":"Les machines BEDNAR sont tr\u00e8s populaires aupr\u00e8s des clients de Grande-Bretagne","filename":"uk_ft.jpeg","filesize":91021,"url":"https:\/\/www.bednar.com\/wp-content\/uploads\/aktuality\/2023\/cz\/uk_ft.jpeg","link":"https:\/\/www.bednar.com\/fr\/blog\/des-agriculteurs-et-des-partenaires-commerciaux-ont-visite-l%E2%80%99usine-de-production-bednar\/uk_ft-2\/","alt":"Les machines BEDNAR sont tr\u00e8s populaires aupr\u00e8s des clients de Grande-Bretagne","author":"3","description":"","caption":"","name":"uk_ft-2","status":"inherit","uploaded_to":514371,"date":"2023-03-15 10:01:00","modified":"2023-03-22 09:29:31","menu_order":0,"mime_type":"image\/jpeg","type":"image","subtype":"jpeg","icon":"https:\/\/www.bednar.com\/wp-includes\/images\/media\/default.png","width":800,"height":533,"sizes":{"thumbnail":"https:\/\/www.bednar.com\/wp-content\/uploads\/aktuality\/2023\/cz\/uk_ft-280x185.jpeg","thumbnail-width":280,"thumbnail-height":185,"medium":"https:\/\/www.bednar.com\/wp-content\/uploads\/aktuality\/2023\/cz\/uk_ft-300x200.jpeg","medium-width":300,"medium-height":200,"medium_large":"https:\/\/www.bednar.com\/wp-content\/uploads\/aktuality\/2023\/cz\/uk_ft-768x512.jpeg","medium_large-width":768,"medium_large-height":512,"large":"https:\/\/www.bednar.com\/wp-content\/uploads\/aktuality\/2023\/cz\/uk_ft.jpeg","large-width":800,"large-height":533,"1536x1536":"https:\/\/www.bednar.com\/wp-content\/uploads\/aktuality\/2023\/cz\/uk_ft.jpeg","1536x1536-width":800,"1536x1536-height":533,"2048x2048":"https:\/\/www.bednar.com\/wp-content\/uploads\/aktuality\/2023\/cz\/uk_ft.jpeg","2048x2048-width":800,"2048x2048-height":533,"header-thumb":"https:\/\/www.bednar.com\/wp-content\/uploads\/aktuality\/2023\/cz\/uk_ft.jpeg","header-thumb-width":800,"header-thumb-height":533,"section-thumb":"https:\/\/www.bednar.com\/wp-content\/uploads\/aktuality\/2023\/cz\/uk_ft-800x480.jpeg","section-thumb-width":800,"section-thumb-height":480,"news-thumb":"https:\/\/www.bednar.com\/wp-content\/uploads\/aktuality\/2023\/cz\/uk_ft-390x315.jpeg","news-thumb-width":390,"news-thumb-height":315,"wpcf7-post-image":"https:\/\/www.bednar.com\/wp-content\/uploads\/aktuality\/2023\/cz\/uk_ft-80x80.jpeg","wpcf7-post-image-width":80,"wpcf7-post-image-height":80}},{"ID":513309,"id":513309,"title":"Nous sommes heureux que ces visites int\u00e9ressent aussi les clients tch\u00e8ques de la soci\u00e9t\u00e9 STROM Praha ...","filename":"cz_ft_i.jpeg","filesize":103271,"url":"https:\/\/www.bednar.com\/wp-content\/uploads\/aktuality\/2023\/cz\/cz_ft_i.jpeg","link":"https:\/\/www.bednar.com\/fr\/blog\/des-agriculteurs-et-des-partenaires-commerciaux-ont-visite-l%E2%80%99usine-de-production-bednar\/cz_ft_i-2\/","alt":"Nous sommes heureux que ces visites int\u00e9ressent aussi les clients tch\u00e8ques de la soci\u00e9t\u00e9 STROM Praha ...","author":"3","description":"","caption":"","name":"cz_ft_i-2","status":"inherit","uploaded_to":514371,"date":"2023-03-15 10:00:37","modified":"2023-03-22 09:29:54","menu_order":0,"mime_type":"image\/jpeg","type":"image","subtype":"jpeg","icon":"https:\/\/www.bednar.com\/wp-includes\/images\/media\/default.png","width":800,"height":533,"sizes":{"thumbnail":"https:\/\/www.bednar.com\/wp-content\/uploads\/aktuality\/2023\/cz\/cz_ft_i-280x185.jpeg","thumbnail-width":280,"thumbnail-height":185,"medium":"https:\/\/www.bednar.com\/wp-content\/uploads\/aktuality\/2023\/cz\/cz_ft_i-300x200.jpeg","medium-width":300,"medium-height":200,"medium_large":"https:\/\/www.bednar.com\/wp-content\/uploads\/aktuality\/2023\/cz\/cz_ft_i-768x512.jpeg","medium_large-width":768,"medium_large-height":512,"large":"https:\/\/www.bednar.com\/wp-content\/uploads\/aktuality\/2023\/cz\/cz_ft_i.jpeg","large-width":800,"large-height":533,"1536x1536":"https:\/\/www.bednar.com\/wp-content\/uploads\/aktuality\/2023\/cz\/cz_ft_i.jpeg","1536x1536-width":800,"1536x1536-height":533,"2048x2048":"https:\/\/www.bednar.com\/wp-content\/uploads\/aktuality\/2023\/cz\/cz_ft_i.jpeg","2048x2048-width":800,"2048x2048-height":533,"header-thumb":"https:\/\/www.bednar.com\/wp-content\/uploads\/aktuality\/2023\/cz\/cz_ft_i.jpeg","header-thumb-width":800,"header-thumb-height":533,"section-thumb":"https:\/\/www.bednar.com\/wp-content\/uploads\/aktuality\/2023\/cz\/cz_ft_i-800x480.jpeg","section-thumb-width":800,"section-thumb-height":480,"news-thumb":"https:\/\/www.bednar.com\/wp-content\/uploads\/aktuality\/2023\/cz\/cz_ft_i-390x315.jpeg","news-thumb-width":390,"news-thumb-height":315,"wpcf7-post-image":"https:\/\/www.bednar.com\/wp-content\/uploads\/aktuality\/2023\/cz\/cz_ft_i-80x80.jpeg","wpcf7-post-image-width":80,"wpcf7-post-image-height":80}},{"ID":513568,"id":513568,"title":"... durant ces derniers mois, nous en avons accueilli plusieurs centaines \u00e0 Rychnov.","filename":"cz_ft_ii.jpeg","filesize":82287,"url":"https:\/\/www.bednar.com\/wp-content\/uploads\/aktuality\/2023\/cz\/cz_ft_ii.jpeg","link":"https:\/\/www.bednar.com\/fr\/blog\/des-agriculteurs-et-des-partenaires-commerciaux-ont-visite-l%E2%80%99usine-de-production-bednar\/cz_ft_ii-2\/","alt":"... durant ces derniers mois, nous en avons accueilli plusieurs centaines \u00e0 Rychnov.","author":"3","description":"","caption":"","name":"cz_ft_ii-2","status":"inherit","uploaded_to":514371,"date":"2023-03-16 07:01:07","modified":"2023-03-22 09:30:07","menu_order":0,"mime_type":"image\/jpeg","type":"image","subtype":"jpeg","icon":"https:\/\/www.bednar.com\/wp-includes\/images\/media\/default.png","width":800,"height":533,"sizes":{"thumbnail":"https:\/\/www.bednar.com\/wp-content\/uploads\/aktuality\/2023\/cz\/cz_ft_ii-280x185.jpeg","thumbnail-width":280,"thumbnail-height":185,"medium":"https:\/\/www.bednar.com\/wp-content\/uploads\/aktuality\/2023\/cz\/cz_ft_ii-300x200.jpeg","medium-width":300,"medium-height":200,"medium_large":"https:\/\/www.bednar.com\/wp-content\/uploads\/aktuality\/2023\/cz\/cz_ft_ii-768x512.jpeg","medium_large-width":768,"medium_large-height":512,"large":"https:\/\/www.bednar.com\/wp-content\/uploads\/aktuality\/2023\/cz\/cz_ft_ii.jpeg","large-width":800,"large-height":533,"1536x1536":"https:\/\/www.bednar.com\/wp-content\/uploads\/aktuality\/2023\/cz\/cz_ft_ii.jpeg","1536x1536-width":800,"1536x1536-height":533,"2048x2048":"https:\/\/www.bednar.com\/wp-content\/uploads\/aktuality\/2023\/cz\/cz_ft_ii.jpeg","2048x2048-width":800,"2048x2048-height":533,"header-thumb":"https:\/\/www.bednar.com\/wp-content\/uploads\/aktuality\/2023\/cz\/cz_ft_ii.jpeg","header-thumb-width":800,"header-thumb-height":533,"section-thumb":"https:\/\/www.bednar.com\/wp-content\/uploads\/aktuality\/2023\/cz\/cz_ft_ii-800x480.jpeg","section-thumb-width":800,"section-thumb-height":480,"news-thumb":"https:\/\/www.bednar.com\/wp-content\/uploads\/aktuality\/2023\/cz\/cz_ft_ii-390x315.jpeg","news-thumb-width":390,"news-thumb-height":315,"wpcf7-post-image":"https:\/\/www.bednar.com\/wp-content\/uploads\/aktuality\/2023\/cz\/cz_ft_ii-80x80.jpeg","wpcf7-post-image-width":80,"wpcf7-post-image-height":80}},{"ID":513360,"id":513360,"title":"HU_FT","filename":"hu_ft.jpeg","filesize":79340,"url":"https:\/\/www.bednar.com\/wp-content\/uploads\/aktuality\/2023\/cz\/hu_ft.jpeg","link":"https:\/\/www.bednar.com\/fr\/blog\/des-agriculteurs-et-des-partenaires-commerciaux-ont-visite-l%E2%80%99usine-de-production-bednar\/hu_ft-2\/","alt":"Z\u00e1kazn\u00edci z Ma\u010farska, kte\u0159\u00ed p\u0159ijeli na pozv\u00e1n\u00ed na\u0161eho import\u00e9ra AGRI CS Magyarorsz\u00e1g, ve spole\u010dnosti AGRO Slatiny","author":"3","description":"","caption":"","name":"hu_ft-2","status":"inherit","uploaded_to":514371,"date":"2023-03-15 10:00:46","modified":"2023-03-22 07:24:58","menu_order":0,"mime_type":"image\/jpeg","type":"image","subtype":"jpeg","icon":"https:\/\/www.bednar.com\/wp-includes\/images\/media\/default.png","width":800,"height":533,"sizes":{"thumbnail":"https:\/\/www.bednar.com\/wp-content\/uploads\/aktuality\/2023\/cz\/hu_ft-280x185.jpeg","thumbnail-width":280,"thumbnail-height":185,"medium":"https:\/\/www.bednar.com\/wp-content\/uploads\/aktuality\/2023\/cz\/hu_ft-300x200.jpeg","medium-width":300,"medium-height":200,"medium_large":"https:\/\/www.bednar.com\/wp-content\/uploads\/aktuality\/2023\/cz\/hu_ft-768x512.jpeg","medium_large-width":768,"medium_large-height":512,"large":"https:\/\/www.bednar.com\/wp-content\/uploads\/aktuality\/2023\/cz\/hu_ft.jpeg","large-width":800,"large-height":533,"1536x1536":"https:\/\/www.bednar.com\/wp-content\/uploads\/aktuality\/2023\/cz\/hu_ft.jpeg","1536x1536-width":800,"1536x1536-height":533,"2048x2048":"https:\/\/www.bednar.com\/wp-content\/uploads\/aktuality\/2023\/cz\/hu_ft.jpeg","2048x2048-width":800,"2048x2048-height":533,"header-thumb":"https:\/\/www.bednar.com\/wp-content\/uploads\/aktuality\/2023\/cz\/hu_ft.jpeg","header-thumb-width":800,"header-thumb-height":533,"section-thumb":"https:\/\/www.bednar.com\/wp-content\/uploads\/aktuality\/2023\/cz\/hu_ft-800x480.jpeg","section-thumb-width":800,"section-thumb-height":480,"news-thumb":"https:\/\/www.bednar.com\/wp-content\/uploads\/aktuality\/2023\/cz\/hu_ft-390x315.jpeg","news-thumb-width":390,"news-thumb-height":315,"wpcf7-post-image":"https:\/\/www.bednar.com\/wp-content\/uploads\/aktuality\/2023\/cz\/hu_ft-80x80.jpeg","wpcf7-post-image-width":80,"wpcf7-post-image-height":80}}]},{"acf_fc_layout":"section-news-slider-inpost","post-id":false,"disable-slider":false}],"nav-main-cat":false,"nav-sub-cat":false,"_aviaLayoutBuilderCleanData":"","page-type":"other","pageGroup":"","post-new-website":true},"_links":{"self":[{"href":"https:\/\/www.bednar.com\/fr\/wp-json\/wp\/v2\/posts\/514371","targetHints":{"allow":["GET"]}}],"collection":[{"href":"https:\/\/www.bednar.com\/fr\/wp-json\/wp\/v2\/posts"}],"about":[{"href":"https:\/\/www.bednar.com\/fr\/wp-json\/wp\/v2\/types\/post"}],"author":[{"embeddable":true,"href":"https:\/\/www.bednar.com\/fr\/wp-json\/wp\/v2\/users\/3"}],"replies":[{"embeddable":true,"href":"https:\/\/www.bednar.com\/fr\/wp-json\/wp\/v2\/comments?post=514371"}],"version-history":[{"count":2,"href":"https:\/\/www.bednar.com\/fr\/wp-json\/wp\/v2\/posts\/514371\/revisions"}],"predecessor-version":[{"id":514374,"href":"https:\/\/www.bednar.com\/fr\/wp-json\/wp\/v2\/posts\/514371\/revisions\/514374"}],"wp:featuredmedia":[{"embeddable":true,"href":"https:\/\/www.bednar.com\/fr\/wp-json\/wp\/v2\/media\/513360"}],"wp:attachment":[{"href":"https:\/\/www.bednar.com\/fr\/wp-json\/wp\/v2\/media?parent=514371"}],"wp:term":[{"taxonomy":"category","embeddable":true,"href":"https:\/\/www.bednar.com\/fr\/wp-json\/wp\/v2\/categories?post=514371"},{"taxonomy":"post_tag","embeddable":true,"href":"https:\/\/www.bednar.com\/fr\/wp-json\/wp\/v2\/tags?post=514371"}],"curies":[{"name":"wp","href":"https:\/\/api.w.org\/{rel}","templated":true}]}}