{"id":499395,"date":"2022-12-01T08:00:37","date_gmt":"2022-12-01T07:00:37","guid":{"rendered":"https:\/\/www.bednar.com\/fr\/blog\/i-soukromi-zemedelci-vsazi-na-seci-stroje-bednar-omega\/"},"modified":"2022-11-30T15:55:46","modified_gmt":"2022-11-30T14:55:46","slug":"i-soukromi-zemedelci-vsazi-na-seci-stroje-bednar-omega","status":"publish","type":"post","link":"https:\/\/www.bednar.com\/fr\/blog\/les-agriculteurs-independants-misent-eux-aussi-sur-les-semoirs-bednar-omega\/","title":{"rendered":"Les agriculteurs ind\u00e9pendants misent, eux aussi, sur les semoirs BEDNAR OMEGA"},"content":{"rendered":"","protected":false},"excerpt":{"rendered":"<p>Monsieur Zden\u011bk Vrana g\u00e8re 50 hectares de terres agricoles et sur 40 autres hectares, il preste des services agricoles au profit d&rsquo;agriculteurs locaux. Monsieur Vrana est un des agriculteurs ind\u00e9pendants qui ont achet\u00e9 un nouveau semoir OMEGA de la marque BEDNAR en 2021.<\/p>\n","protected":false},"author":3,"featured_media":499378,"comment_status":"open","ping_status":"open","sticky":false,"template":"","format":"standard","meta":{"_acf_changed":false,"footnotes":""},"categories":[79,525,820,834,846],"tags":[],"class_list":["post-499395","post","type-post","status-publish","format-standard","has-post-thumbnail","hentry","category-non-classifiee","category-omega_oo_l","category-de-notre-part","category-de-vos-champs","category-faits-interessants"],"acf":{"item-bg":false,"item-bg_kop\u00edrovat":false,"item-bg-mobile":false,"item-youtube":"","item-title":"","fixed-title":"","item-desc":"","item-mach-desc":"","item-mach-config":"","item-mach-down":"","item-align":false,"item-code":"","google-map":"","disable-header":false,"main-content":[{"acf_fc_layout":"section-news-cols","item-cols":[{"item-title":"","item-title-h":"h3","item-photo":"https:\/\/www.bednar.com\/wp-content\/uploads\/aktuality\/2022\/img_1607.jpg","item-content":"<p>Le semoir OMEGA OO 3000L a une tr\u00e9mie d&rsquo;un volume de 2 800 litres et comme sur les mod\u00e8les plus grands, il peut \u00eatre \u00e9quip\u00e9 d&rsquo;une large palette d&rsquo;accessoires en option<\/p>\n","item-photo-align":false,"item-content-color":false}]},{"acf_fc_layout":"section-news-title","item-title":"Les recommandations d'un op\u00e9rateur satisfait ont contribu\u00e9 \u00e0 la d\u00e9cision d'acheter","item-content":"<p>Monsieur Vrana a progressivement repris les activit\u00e9s de son p\u00e8re. Il g\u00e8re actuellement 50 hectares sur lesquels il cultive des plantes du march\u00e9 classiques \u2013 du colza, du bl\u00e9, du soja et de l&rsquo;orge. \u00ab Cette ann\u00e9e, j&rsquo;ai r\u00e9ussi \u00e0 atteindre de tr\u00e8s bons rendements. J&rsquo;ai moissonn\u00e9 le colza avec un rendement moyen de 3,2 t\/ha et pour le bl\u00e9, j&rsquo;ai eu un rendement de 7 t\/ha, \u00bb indique Monsieur Vrana pour analyser les moissons de cette ann\u00e9e.<\/p>\n"},{"acf_fc_layout":"section-news-cols","item-cols":[{"item-title":"","item-title-h":"h3","item-photo":"https:\/\/www.bednar.com\/wp-content\/uploads\/aktuality\/2022\/img_1681.jpg","item-content":"<p>Monsieur Zden\u011bk Vrana est \u00e0 la fois le propri\u00e9taire et l&rsquo;op\u00e9rateur du semoir<\/p>\n","item-photo-align":false,"item-content-color":false},{"item-title":"","item-title-h":"h3","item-photo":"https:\/\/www.bednar.com\/wp-content\/uploads\/aktuality\/2022\/img_1640.jpg","item-content":"<p>Le semoir est attel\u00e9 \u00e0 un tracteur JOHN DEERE d&rsquo;une puissance de 143 chevaux<\/p>\n","item-photo-align":false,"item-content-color":false}]},{"acf_fc_layout":"section-news-title","item-title":"","item-content":"<p>Dans le cadre de sa technologie de travail du sol, Monsieur Vrana utilise un mode de travail classique \u00e0 l&rsquo;aide d&rsquo;une charrue. Il laboure sous toutes les plantes et ensuite, avant de semer, il travaille le sol avec un compacteur avant les semis. <\/p>\n<p>\u00ab Lorsque je me suis un jour rendu \u00e0 l&rsquo;entretien avec mon tracteur, j&rsquo;ai vu un semoir <a href=\"https:\/\/www.bednar.com\/fr\/omega-oo_l\/\" target=\"_blank\">OMEGA OO 3000L<\/a> dans le centre du concessionnaire de la marque BEDNAR. Nous avons discut\u00e9 de ce semoir avec le revendeur et lorsque je suis revenu rechercher mon tracteur, le semoir y \u00e9tait attel\u00e9. J&rsquo;ai test\u00e9 le semoir et il est ensuite rest\u00e9 chez moi. Ce qui me pla\u00eet sur cette machine, c&rsquo;est sa grande tr\u00e9mie. C&rsquo;est important pour moi parce que je vais chercher mes graines dans la cour durant les semis. J\u2019appr\u00e9cie la finition g\u00e9n\u00e9rale du semoir et la qualit\u00e9 du d\u00e9p\u00f4t des graines. Par rapport \u00e0 mon semoir pr\u00e9c\u00e9dent, la diff\u00e9rence est plus que marquante, \u00bb ajoute encore Monsieur Vrana.<\/p>\n"},{"acf_fc_layout":"section-news-cols","item-cols":[{"item-title":"","item-title-h":"h3","item-photo":"https:\/\/www.bednar.com\/wp-content\/uploads\/aktuality\/2022\/img_1678.jpg","item-content":"<p>Combin\u00e9es \u00e0 des disques PROFI, les deux rang\u00e9es de disques agressifs pr\u00e9parent parfaitement le sol<\/p>\n","item-photo-align":false,"item-content-color":false},{"item-title":"","item-title-h":"h3","item-photo":"https:\/\/www.bednar.com\/wp-content\/uploads\/aktuality\/2022\/img_1647.jpg","item-content":"<p>Le semoir est \u00e9quip\u00e9 de capteurs de d\u00e9bit des graines qui contribuent \u00e0 la qualit\u00e9 des semis <\/p>\n","item-photo-align":false,"item-content-color":false}]},{"acf_fc_layout":"section-news-title","item-title":"Un petit semoir avec des \u00e9quipements PROFI","item-content":"<p>Le semoir OMEGA OO 3000L qui travaille chez Monsieur Vrana est dans une version PROFI qui inclut un r\u00e9glage hydraulique int\u00e9gral des diff\u00e9rentes sections de la machine (sections de disques, sections de coulters PROFI ou pression exerc\u00e9e par les \u00e9l\u00e9ments de semis). Parmi les \u00e9quipements pr\u00e9sents sur cette machine, on trouvera encore un niveleur en bandes avant Crushbar, des cultivateurs des traces du tracteur ou des disques de 460 x 5 mm de diam\u00e8tre dans une version agressive qui se d\u00e9marque par un meilleur effet broyeur. Le semoir OMEGA est \u00e9quip\u00e9 de capteurs de d\u00e9bit des graines.<\/p>\n"},{"acf_fc_layout":"section-news-title","item-title":"","item-content":"<p style=\"text-align: right;\">JOY OF FARMING<br \/>\n<a href=\"mailto:marketing@bednar.com\" target=\"_blank\" rel=\"noopener\">marketing@bednar.com<\/a><br \/>\nBEDNAR FMT s.r.o.<\/p>\n"},{"acf_fc_layout":"section-news-gallery","news-videos":false,"news-photos":[{"ID":499298,"id":499298,"title":"Le semoir OMEGA OO 3000L a une tr\u00e9mie d'un volume de 2 800 litres et comme sur les mod\u00e8les plus grands, il peut \u00eatre \u00e9quip\u00e9 d'une large palette d'accessoires en option","filename":"img_1607.jpg","filesize":107035,"url":"https:\/\/www.bednar.com\/wp-content\/uploads\/aktuality\/2022\/img_1607.jpg","link":"https:\/\/www.bednar.com\/fr\/blog\/les-agriculteurs-independants-misent-eux-aussi-sur-les-semoirs-bednar-omega\/img_1607-2\/","alt":"Le semoir OMEGA OO 3000L a une tr\u00e9mie d'un volume de 2 800 litres et comme sur les mod\u00e8les plus grands, il peut \u00eatre \u00e9quip\u00e9 d'une large palette d'accessoires en option","author":"3","description":"","caption":"","name":"img_1607-2","status":"inherit","uploaded_to":499395,"date":"2022-11-30 13:52:09","modified":"2023-01-06 07:55:45","menu_order":0,"mime_type":"image\/jpeg","type":"image","subtype":"jpeg","icon":"https:\/\/www.bednar.com\/wp-includes\/images\/media\/default.png","width":1030,"height":500,"sizes":{"thumbnail":"https:\/\/www.bednar.com\/wp-content\/uploads\/aktuality\/2022\/img_1607-280x185.jpg","thumbnail-width":280,"thumbnail-height":185,"medium":"https:\/\/www.bednar.com\/wp-content\/uploads\/aktuality\/2022\/img_1607-300x146.jpg","medium-width":300,"medium-height":146,"medium_large":"https:\/\/www.bednar.com\/wp-content\/uploads\/aktuality\/2022\/img_1607-768x373.jpg","medium_large-width":768,"medium_large-height":373,"large":"https:\/\/www.bednar.com\/wp-content\/uploads\/aktuality\/2022\/img_1607-1024x497.jpg","large-width":1024,"large-height":497,"1536x1536":"https:\/\/www.bednar.com\/wp-content\/uploads\/aktuality\/2022\/img_1607.jpg","1536x1536-width":1030,"1536x1536-height":500,"2048x2048":"https:\/\/www.bednar.com\/wp-content\/uploads\/aktuality\/2022\/img_1607.jpg","2048x2048-width":1030,"2048x2048-height":500,"header-thumb":"https:\/\/www.bednar.com\/wp-content\/uploads\/aktuality\/2022\/img_1607.jpg","header-thumb-width":1030,"header-thumb-height":500,"section-thumb":"https:\/\/www.bednar.com\/wp-content\/uploads\/aktuality\/2022\/img_1607-860x480.jpg","section-thumb-width":860,"section-thumb-height":480,"news-thumb":"https:\/\/www.bednar.com\/wp-content\/uploads\/aktuality\/2022\/img_1607-390x315.jpg","news-thumb-width":390,"news-thumb-height":315,"wpcf7-post-image":"https:\/\/www.bednar.com\/wp-content\/uploads\/aktuality\/2022\/img_1607-80x80.jpg","wpcf7-post-image-width":80,"wpcf7-post-image-height":80}},{"ID":499378,"id":499378,"title":"Monsieur Zden\u011bk Vrana est \u00e0 la fois le propri\u00e9taire et l'op\u00e9rateur du semoir","filename":"img_1681.jpg","filesize":92232,"url":"https:\/\/www.bednar.com\/wp-content\/uploads\/aktuality\/2022\/img_1681.jpg","link":"https:\/\/www.bednar.com\/fr\/blog\/les-agriculteurs-independants-misent-eux-aussi-sur-les-semoirs-bednar-omega\/img_1681-2\/","alt":"Monsieur Zden\u011bk Vrana est \u00e0 la fois le propri\u00e9taire et l'op\u00e9rateur du semoir","author":"3","description":"","caption":"","name":"img_1681-2","status":"inherit","uploaded_to":499395,"date":"2022-11-30 13:52:24","modified":"2023-01-06 07:56:20","menu_order":0,"mime_type":"image\/jpeg","type":"image","subtype":"jpeg","icon":"https:\/\/www.bednar.com\/wp-includes\/images\/media\/default.png","width":800,"height":533,"sizes":{"thumbnail":"https:\/\/www.bednar.com\/wp-content\/uploads\/aktuality\/2022\/img_1681-280x185.jpg","thumbnail-width":280,"thumbnail-height":185,"medium":"https:\/\/www.bednar.com\/wp-content\/uploads\/aktuality\/2022\/img_1681-300x200.jpg","medium-width":300,"medium-height":200,"medium_large":"https:\/\/www.bednar.com\/wp-content\/uploads\/aktuality\/2022\/img_1681-768x512.jpg","medium_large-width":768,"medium_large-height":512,"large":"https:\/\/www.bednar.com\/wp-content\/uploads\/aktuality\/2022\/img_1681.jpg","large-width":800,"large-height":533,"1536x1536":"https:\/\/www.bednar.com\/wp-content\/uploads\/aktuality\/2022\/img_1681.jpg","1536x1536-width":800,"1536x1536-height":533,"2048x2048":"https:\/\/www.bednar.com\/wp-content\/uploads\/aktuality\/2022\/img_1681.jpg","2048x2048-width":800,"2048x2048-height":533,"header-thumb":"https:\/\/www.bednar.com\/wp-content\/uploads\/aktuality\/2022\/img_1681.jpg","header-thumb-width":800,"header-thumb-height":533,"section-thumb":"https:\/\/www.bednar.com\/wp-content\/uploads\/aktuality\/2022\/img_1681-800x480.jpg","section-thumb-width":800,"section-thumb-height":480,"news-thumb":"https:\/\/www.bednar.com\/wp-content\/uploads\/aktuality\/2022\/img_1681-390x315.jpg","news-thumb-width":390,"news-thumb-height":315,"wpcf7-post-image":"https:\/\/www.bednar.com\/wp-content\/uploads\/aktuality\/2022\/img_1681-80x80.jpg","wpcf7-post-image-width":80,"wpcf7-post-image-height":80}},{"ID":499314,"id":499314,"title":"Le semoir est attel\u00e9 \u00e0 un tracteur JOHN DEERE d'une puissance de 143 chevaux","filename":"img_1640.jpg","filesize":63800,"url":"https:\/\/www.bednar.com\/wp-content\/uploads\/aktuality\/2022\/img_1640.jpg","link":"https:\/\/www.bednar.com\/fr\/blog\/les-agriculteurs-independants-misent-eux-aussi-sur-les-semoirs-bednar-omega\/img_1640-2\/","alt":"Le semoir est attel\u00e9 \u00e0 un tracteur JOHN DEERE d'une puissance de 143 chevaux","author":"3","description":"","caption":"","name":"img_1640-2","status":"inherit","uploaded_to":499395,"date":"2022-11-30 13:52:12","modified":"2023-01-06 07:56:43","menu_order":0,"mime_type":"image\/jpeg","type":"image","subtype":"jpeg","icon":"https:\/\/www.bednar.com\/wp-includes\/images\/media\/default.png","width":800,"height":533,"sizes":{"thumbnail":"https:\/\/www.bednar.com\/wp-content\/uploads\/aktuality\/2022\/img_1640-280x185.jpg","thumbnail-width":280,"thumbnail-height":185,"medium":"https:\/\/www.bednar.com\/wp-content\/uploads\/aktuality\/2022\/img_1640-300x200.jpg","medium-width":300,"medium-height":200,"medium_large":"https:\/\/www.bednar.com\/wp-content\/uploads\/aktuality\/2022\/img_1640-768x512.jpg","medium_large-width":768,"medium_large-height":512,"large":"https:\/\/www.bednar.com\/wp-content\/uploads\/aktuality\/2022\/img_1640.jpg","large-width":800,"large-height":533,"1536x1536":"https:\/\/www.bednar.com\/wp-content\/uploads\/aktuality\/2022\/img_1640.jpg","1536x1536-width":800,"1536x1536-height":533,"2048x2048":"https:\/\/www.bednar.com\/wp-content\/uploads\/aktuality\/2022\/img_1640.jpg","2048x2048-width":800,"2048x2048-height":533,"header-thumb":"https:\/\/www.bednar.com\/wp-content\/uploads\/aktuality\/2022\/img_1640.jpg","header-thumb-width":800,"header-thumb-height":533,"section-thumb":"https:\/\/www.bednar.com\/wp-content\/uploads\/aktuality\/2022\/img_1640-800x480.jpg","section-thumb-width":800,"section-thumb-height":480,"news-thumb":"https:\/\/www.bednar.com\/wp-content\/uploads\/aktuality\/2022\/img_1640-390x315.jpg","news-thumb-width":390,"news-thumb-height":315,"wpcf7-post-image":"https:\/\/www.bednar.com\/wp-content\/uploads\/aktuality\/2022\/img_1640-80x80.jpg","wpcf7-post-image-width":80,"wpcf7-post-image-height":80}},{"ID":499362,"id":499362,"title":"Combin\u00e9es \u00e0 des disques PROFI, les deux rang\u00e9es de disques agressifs pr\u00e9parent parfaitement le sol","filename":"img_1678.jpg","filesize":86717,"url":"https:\/\/www.bednar.com\/wp-content\/uploads\/aktuality\/2022\/img_1678.jpg","link":"https:\/\/www.bednar.com\/fr\/blog\/les-agriculteurs-independants-misent-eux-aussi-sur-les-semoirs-bednar-omega\/img_1678-2\/","alt":"Combin\u00e9es \u00e0 des disques PROFI, les deux rang\u00e9es de disques agressifs pr\u00e9parent parfaitement le sol","author":"3","description":"","caption":"","name":"img_1678-2","status":"inherit","uploaded_to":499395,"date":"2022-11-30 13:52:21","modified":"2023-01-06 07:57:58","menu_order":0,"mime_type":"image\/jpeg","type":"image","subtype":"jpeg","icon":"https:\/\/www.bednar.com\/wp-includes\/images\/media\/default.png","width":800,"height":533,"sizes":{"thumbnail":"https:\/\/www.bednar.com\/wp-content\/uploads\/aktuality\/2022\/img_1678-280x185.jpg","thumbnail-width":280,"thumbnail-height":185,"medium":"https:\/\/www.bednar.com\/wp-content\/uploads\/aktuality\/2022\/img_1678-300x200.jpg","medium-width":300,"medium-height":200,"medium_large":"https:\/\/www.bednar.com\/wp-content\/uploads\/aktuality\/2022\/img_1678-768x512.jpg","medium_large-width":768,"medium_large-height":512,"large":"https:\/\/www.bednar.com\/wp-content\/uploads\/aktuality\/2022\/img_1678.jpg","large-width":800,"large-height":533,"1536x1536":"https:\/\/www.bednar.com\/wp-content\/uploads\/aktuality\/2022\/img_1678.jpg","1536x1536-width":800,"1536x1536-height":533,"2048x2048":"https:\/\/www.bednar.com\/wp-content\/uploads\/aktuality\/2022\/img_1678.jpg","2048x2048-width":800,"2048x2048-height":533,"header-thumb":"https:\/\/www.bednar.com\/wp-content\/uploads\/aktuality\/2022\/img_1678.jpg","header-thumb-width":800,"header-thumb-height":533,"section-thumb":"https:\/\/www.bednar.com\/wp-content\/uploads\/aktuality\/2022\/img_1678-800x480.jpg","section-thumb-width":800,"section-thumb-height":480,"news-thumb":"https:\/\/www.bednar.com\/wp-content\/uploads\/aktuality\/2022\/img_1678-390x315.jpg","news-thumb-width":390,"news-thumb-height":315,"wpcf7-post-image":"https:\/\/www.bednar.com\/wp-content\/uploads\/aktuality\/2022\/img_1678-80x80.jpg","wpcf7-post-image-width":80,"wpcf7-post-image-height":80}},{"ID":499330,"id":499330,"title":"Le semoir est \u00e9quip\u00e9 de capteurs de d\u00e9bit des graines qui contribuent \u00e0 la qualit\u00e9 des semis","filename":"img_1647.jpg","filesize":84162,"url":"https:\/\/www.bednar.com\/wp-content\/uploads\/aktuality\/2022\/img_1647.jpg","link":"https:\/\/www.bednar.com\/fr\/blog\/les-agriculteurs-independants-misent-eux-aussi-sur-les-semoirs-bednar-omega\/img_1647-2\/","alt":"Le semoir est \u00e9quip\u00e9 de capteurs de d\u00e9bit des graines qui contribuent \u00e0 la qualit\u00e9 des semis","author":"3","description":"","caption":"","name":"img_1647-2","status":"inherit","uploaded_to":499395,"date":"2022-11-30 13:52:15","modified":"2023-01-06 07:58:09","menu_order":0,"mime_type":"image\/jpeg","type":"image","subtype":"jpeg","icon":"https:\/\/www.bednar.com\/wp-includes\/images\/media\/default.png","width":800,"height":533,"sizes":{"thumbnail":"https:\/\/www.bednar.com\/wp-content\/uploads\/aktuality\/2022\/img_1647-280x185.jpg","thumbnail-width":280,"thumbnail-height":185,"medium":"https:\/\/www.bednar.com\/wp-content\/uploads\/aktuality\/2022\/img_1647-300x200.jpg","medium-width":300,"medium-height":200,"medium_large":"https:\/\/www.bednar.com\/wp-content\/uploads\/aktuality\/2022\/img_1647-768x512.jpg","medium_large-width":768,"medium_large-height":512,"large":"https:\/\/www.bednar.com\/wp-content\/uploads\/aktuality\/2022\/img_1647.jpg","large-width":800,"large-height":533,"1536x1536":"https:\/\/www.bednar.com\/wp-content\/uploads\/aktuality\/2022\/img_1647.jpg","1536x1536-width":800,"1536x1536-height":533,"2048x2048":"https:\/\/www.bednar.com\/wp-content\/uploads\/aktuality\/2022\/img_1647.jpg","2048x2048-width":800,"2048x2048-height":533,"header-thumb":"https:\/\/www.bednar.com\/wp-content\/uploads\/aktuality\/2022\/img_1647.jpg","header-thumb-width":800,"header-thumb-height":533,"section-thumb":"https:\/\/www.bednar.com\/wp-content\/uploads\/aktuality\/2022\/img_1647-800x480.jpg","section-thumb-width":800,"section-thumb-height":480,"news-thumb":"https:\/\/www.bednar.com\/wp-content\/uploads\/aktuality\/2022\/img_1647-390x315.jpg","news-thumb-width":390,"news-thumb-height":315,"wpcf7-post-image":"https:\/\/www.bednar.com\/wp-content\/uploads\/aktuality\/2022\/img_1647-80x80.jpg","wpcf7-post-image-width":80,"wpcf7-post-image-height":80}},{"ID":499346,"id":499346,"title":"IMG_1670","filename":"img_1670.jpg","filesize":50757,"url":"https:\/\/www.bednar.com\/wp-content\/uploads\/aktuality\/2022\/img_1670.jpg","link":"https:\/\/www.bednar.com\/fr\/blog\/les-agriculteurs-independants-misent-eux-aussi-sur-les-semoirs-bednar-omega\/img_1670-2\/","alt":"I soukrom\u00ed zem\u011bd\u011blci vs\u00e1z\u00ed na sec\u00ed stroje BEDNAR OMEGA","author":"3","description":"","caption":"","name":"img_1670-2","status":"inherit","uploaded_to":499395,"date":"2022-11-30 13:52:18","modified":"2022-11-30 14:26:42","menu_order":0,"mime_type":"image\/jpeg","type":"image","subtype":"jpeg","icon":"https:\/\/www.bednar.com\/wp-includes\/images\/media\/default.png","width":800,"height":533,"sizes":{"thumbnail":"https:\/\/www.bednar.com\/wp-content\/uploads\/aktuality\/2022\/img_1670-280x185.jpg","thumbnail-width":280,"thumbnail-height":185,"medium":"https:\/\/www.bednar.com\/wp-content\/uploads\/aktuality\/2022\/img_1670-300x200.jpg","medium-width":300,"medium-height":200,"medium_large":"https:\/\/www.bednar.com\/wp-content\/uploads\/aktuality\/2022\/img_1670-768x512.jpg","medium_large-width":768,"medium_large-height":512,"large":"https:\/\/www.bednar.com\/wp-content\/uploads\/aktuality\/2022\/img_1670.jpg","large-width":800,"large-height":533,"1536x1536":"https:\/\/www.bednar.com\/wp-content\/uploads\/aktuality\/2022\/img_1670.jpg","1536x1536-width":800,"1536x1536-height":533,"2048x2048":"https:\/\/www.bednar.com\/wp-content\/uploads\/aktuality\/2022\/img_1670.jpg","2048x2048-width":800,"2048x2048-height":533,"header-thumb":"https:\/\/www.bednar.com\/wp-content\/uploads\/aktuality\/2022\/img_1670.jpg","header-thumb-width":800,"header-thumb-height":533,"section-thumb":"https:\/\/www.bednar.com\/wp-content\/uploads\/aktuality\/2022\/img_1670-800x480.jpg","section-thumb-width":800,"section-thumb-height":480,"news-thumb":"https:\/\/www.bednar.com\/wp-content\/uploads\/aktuality\/2022\/img_1670-390x315.jpg","news-thumb-width":390,"news-thumb-height":315,"wpcf7-post-image":"https:\/\/www.bednar.com\/wp-content\/uploads\/aktuality\/2022\/img_1670-80x80.jpg","wpcf7-post-image-width":80,"wpcf7-post-image-height":80}}]},{"acf_fc_layout":"section-news-slider-inpost","post-id":false,"disable-slider":false}],"nav-main-cat":false,"nav-sub-cat":false,"_aviaLayoutBuilderCleanData":"","page-type":"other","pageGroup":"","post-new-website":true},"_links":{"self":[{"href":"https:\/\/www.bednar.com\/fr\/wp-json\/wp\/v2\/posts\/499395","targetHints":{"allow":["GET"]}}],"collection":[{"href":"https:\/\/www.bednar.com\/fr\/wp-json\/wp\/v2\/posts"}],"about":[{"href":"https:\/\/www.bednar.com\/fr\/wp-json\/wp\/v2\/types\/post"}],"author":[{"embeddable":true,"href":"https:\/\/www.bednar.com\/fr\/wp-json\/wp\/v2\/users\/3"}],"replies":[{"embeddable":true,"href":"https:\/\/www.bednar.com\/fr\/wp-json\/wp\/v2\/comments?post=499395"}],"version-history":[{"count":2,"href":"https:\/\/www.bednar.com\/fr\/wp-json\/wp\/v2\/posts\/499395\/revisions"}],"predecessor-version":[{"id":499404,"href":"https:\/\/www.bednar.com\/fr\/wp-json\/wp\/v2\/posts\/499395\/revisions\/499404"}],"wp:featuredmedia":[{"embeddable":true,"href":"https:\/\/www.bednar.com\/fr\/wp-json\/wp\/v2\/media\/499378"}],"wp:attachment":[{"href":"https:\/\/www.bednar.com\/fr\/wp-json\/wp\/v2\/media?parent=499395"}],"wp:term":[{"taxonomy":"category","embeddable":true,"href":"https:\/\/www.bednar.com\/fr\/wp-json\/wp\/v2\/categories?post=499395"},{"taxonomy":"post_tag","embeddable":true,"href":"https:\/\/www.bednar.com\/fr\/wp-json\/wp\/v2\/tags?post=499395"}],"curies":[{"name":"wp","href":"https:\/\/api.w.org\/{rel}","templated":true}]}}