{"id":494458,"date":"2022-10-20T09:47:23","date_gmt":"2022-10-20T07:47:23","guid":{"rendered":"https:\/\/www.bednar.com\/fr\/blog\/"},"modified":"2022-10-20T09:48:35","modified_gmt":"2022-10-20T07:48:35","slug":"rendez-vous-au-stand-bednar-a-loccasion-du-salon-sima","status":"publish","type":"post","link":"https:\/\/www.bednar.com\/fr\/blog\/rendez-vous-au-stand-bednar-a-loccasion-du-salon-sima\/","title":{"rendered":"Rendez-vous au stand BEDNAR \u00e0 l\u2019occasion du salon SIMA !"},"content":{"rendered":"","protected":false},"excerpt":{"rendered":"<p>Le salon international SIMA rouvrira ses portes dans quelques jours et les machines du fabricant tch\u00e8que BEDNAR qui a beaucoup de succ\u00e8s sur le march\u00e9 fran\u00e7ais y seront bien entendu pr\u00e9sentes. Venez d\u00e9couvrir nos machines \u00e9prouv\u00e9es et les nombreuses nouveaut\u00e9s que nous vous avons pr\u00e9par\u00e9es pour ce salon de Paris. Nous serons heureux de vous accueillir du 6 au 10 novembre 2022 sur notre stand H092, dans le hall 5A.<\/p>\n","protected":false},"author":3,"featured_media":494459,"comment_status":"open","ping_status":"open","sticky":false,"template":"","format":"standard","meta":{"_acf_changed":false,"footnotes":""},"categories":[79,491,543,820],"tags":[],"class_list":["post-494458","post","type-post","status-publish","format-standard","has-post-thumbnail","hentry","category-non-classifiee","category-des-expositions","category-a-propos-de-nous","category-de-notre-part"],"acf":{"item-bg":false,"item-bg_kop\u00edrovat":false,"item-bg-mobile":false,"item-youtube":"","item-title":"","fixed-title":"","item-desc":"","item-mach-desc":"","item-mach-config":"","item-mach-down":"","item-align":false,"item-code":"","google-map":"","disable-header":false,"main-content":[{"acf_fc_layout":"section-news-cols","item-cols":[{"item-title":"","item-title-h":"h3","item-photo":"https:\/\/www.bednar.com\/wp-content\/uploads\/aktuality\/2022\/fr\/19l4279_fb.jpg","item-content":"","item-photo-align":false,"item-content-color":false},{"item-title":"","item-title-h":"h3","item-photo":"https:\/\/www.bednar.com\/wp-content\/uploads\/aktuality\/2022\/fr\/19l4272_fb.jpg","item-content":"","item-photo-align":false,"item-content-color":false}]},{"acf_fc_layout":"section-news-title","item-title":"Quelles sont les machines qui seront pr\u00e9sent\u00e9es sur le stand BEDNAR ?","item-content":"<p>\u00c0 l\u2019occasion du salon SIMA, le stand de la marque BEDNAR pr\u00e9sentera un total de onze machines jaunes. Vous pourrez y voir les machines BEDNAR qui sont populaires sur le march\u00e9 fran\u00e7ais, des attelages int\u00e9ressants et les nombreuses nouveaut\u00e9s que nous mettons en vente pour la saison 2023.<\/p>\n"},{"acf_fc_layout":"section-news-cols","item-cols":[{"item-title":"","item-title-h":"h3","item-photo":"https:\/\/www.bednar.com\/wp-content\/uploads\/corsa-cn.png","item-content":"<p>Une barre de semis CORSA CN 6000 attel\u00e9e \u00e0 une tr\u00e9mie avant forment une combinaison int\u00e9ressante pour la mise en place des couverts dans des syst\u00e8mes o\u00f9 le sol a \u00e9t\u00e9 pr\u00e9alablement pr\u00e9par\u00e9.<\/p>\n","item-photo-align":false,"item-content-color":false},{"item-title":"","item-title-h":"h3","item-photo":"https:\/\/www.bednar.com\/wp-content\/uploads\/aktuality\/2022\/cz\/kator-kn.png","item-content":"<p>La herse rotative KATOR KN 6000Q est un des produits que la soci\u00e9t\u00e9 a int\u00e9gr\u00e9 dans son portefeuille sur la base de demandes issues des clients fran\u00e7ais.<\/p>\n","item-photo-align":false,"item-content-color":false}]},{"acf_fc_layout":"section-news-cols","item-cols":[{"item-title":"","item-title-h":"h3","item-photo":"https:\/\/www.bednar.com\/wp-content\/uploads\/aktuality\/2022\/cz\/versatill-vn_l.jpg","item-content":"<p>Le l\u00e9ger cultivateur port\u00e9 VERSATILL VN 4000L est une machine universelle que vous utiliserez pour d\u00e9chaumer, pr\u00e9parer vos sols avant les semis et liquider m\u00e9caniquement les adventices et les mauvaises herbes.<\/p>\n","item-photo-align":false,"item-content-color":false},{"item-title":"","item-title-h":"h3","item-photo":"https:\/\/www.bednar.com\/wp-content\/uploads\/aktuality\/2022\/cz\/row-master-rn_profi.jpg","item-content":"<p>La nouvelle bineuse inter-rangs ROW-MASTER RN_PROFI attirera votre attention avec son syst\u00e8me de contr\u00f4le par section ROW-UNIT CONTROL et la garde au sol de son ch\u00e2ssis qui a \u00e9t\u00e9 augment\u00e9e pour atteindre 90 cm.<\/p>\n","item-photo-align":false,"item-content-color":false}]},{"acf_fc_layout":"section-news-cols","item-cols":[{"item-title":"","item-title-h":"h3","item-photo":"https:\/\/www.bednar.com\/wp-content\/uploads\/aktuality\/2022\/cz\/fenix-fo_profi.jpg","item-content":"<p>La nouvelle g\u00e9n\u00e9ration du cultivateur universel FENIX FO_PROFI ne peut pas ne pas \u00eatre pr\u00e9sente. En nouveaut\u00e9, cette machine peut dor\u00e9navant \u00eatre \u00e9quip\u00e9e d\u2019une protection des bras qui est hydraulique.<\/p>\n","item-photo-align":false,"item-content-color":false},{"item-title":"","item-title-h":"h3","item-photo":"https:\/\/www.bednar.com\/wp-content\/uploads\/aktuality\/2022\/cz\/terraland-tn_hd.jpg","item-content":"<p>Vous pourrez \u00e9galement admirer le nouveau mod\u00e8le du d\u00e9compacteur \u00e0 dents TERRALAND TN 4000HD9. Il s\u2019agit d\u2019une nouvelle version de cette machine repliable et ayant une largeur de transport inf\u00e9rieure \u00e0 3 m.<\/p>\n","item-photo-align":false,"item-content-color":false}]},{"acf_fc_layout":"section-news-cols","item-cols":[{"item-title":"","item-title-h":"h3","item-photo":"https:\/\/www.bednar.com\/wp-content\/uploads\/aktuality\/2022\/cz\/efecta-ce.jpg","item-content":"<p>Dans sa cat\u00e9gorie, le semoir EFECTA CE est la machine la plus universelle du march\u00e9 et les clients fran\u00e7ais lui ont, eux aussi, donn\u00e9 d\u2019excellentes r\u00e9f\u00e9rences.<\/p>\n","item-photo-align":false,"item-content-color":false},{"item-title":"","item-title-h":"h3","item-photo":"https:\/\/www.bednar.com\/wp-content\/uploads\/omega-oo_fl-1.jpg","item-content":"<p>Le semoir OMEGA OO_FL permet une mise en place des couverts variable. Pour la saison 2023, nous lui avons donn\u00e9 un nouveau logiciel de commande et de nombreuses innovations techniques.<\/p>\n","item-photo-align":false,"item-content-color":false}]},{"acf_fc_layout":"section-news-title","item-title":"","item-content":"<p style=\"text-align: center;\"><strong>Nous attendons votre visite dans le hall 5A, sur le stand H092.<\/strong><\/p>\n"},{"acf_fc_layout":"section-news-title","item-title":"","item-content":"<p style=\"text-align: right;\">JOY OF FARMING<br \/>\n<a href=\"mailto:marketing@bednar.com\" target=\"_blank\" rel=\"noopener\">marketing@bednar.com<\/a><br \/>\nBEDNAR FMT s.r.o.<\/p>\n"},{"acf_fc_layout":"section-news-gallery","news-videos":false,"news-photos":[{"ID":494475,"id":494475,"title":"Rendez-vous au stand BEDNAR \u00e0 l\u2019occasion du salon SIMA !","filename":"19l4279_fb.jpg","filesize":77136,"url":"https:\/\/www.bednar.com\/wp-content\/uploads\/aktuality\/2022\/fr\/19l4279_fb.jpg","link":"https:\/\/www.bednar.com\/fr\/blog\/rendez-vous-au-stand-bednar-a-loccasion-du-salon-sima\/_19l4279_fb\/","alt":"Rendez-vous au stand BEDNAR \u00e0 l\u2019occasion du salon SIMA !","author":"3","description":"","caption":"","name":"_19l4279_fb","status":"inherit","uploaded_to":494458,"date":"2022-10-20 07:30:10","modified":"2022-10-20 07:30:25","menu_order":0,"mime_type":"image\/jpeg","type":"image","subtype":"jpeg","icon":"https:\/\/www.bednar.com\/wp-includes\/images\/media\/default.png","width":800,"height":533,"sizes":{"thumbnail":"https:\/\/www.bednar.com\/wp-content\/uploads\/aktuality\/2022\/fr\/19l4279_fb-280x185.jpg","thumbnail-width":280,"thumbnail-height":185,"medium":"https:\/\/www.bednar.com\/wp-content\/uploads\/aktuality\/2022\/fr\/19l4279_fb-300x200.jpg","medium-width":300,"medium-height":200,"medium_large":"https:\/\/www.bednar.com\/wp-content\/uploads\/aktuality\/2022\/fr\/19l4279_fb-768x512.jpg","medium_large-width":768,"medium_large-height":512,"large":"https:\/\/www.bednar.com\/wp-content\/uploads\/aktuality\/2022\/fr\/19l4279_fb.jpg","large-width":800,"large-height":533,"1536x1536":"https:\/\/www.bednar.com\/wp-content\/uploads\/aktuality\/2022\/fr\/19l4279_fb.jpg","1536x1536-width":800,"1536x1536-height":533,"2048x2048":"https:\/\/www.bednar.com\/wp-content\/uploads\/aktuality\/2022\/fr\/19l4279_fb.jpg","2048x2048-width":800,"2048x2048-height":533,"header-thumb":"https:\/\/www.bednar.com\/wp-content\/uploads\/aktuality\/2022\/fr\/19l4279_fb.jpg","header-thumb-width":800,"header-thumb-height":533,"section-thumb":"https:\/\/www.bednar.com\/wp-content\/uploads\/aktuality\/2022\/fr\/19l4279_fb-800x480.jpg","section-thumb-width":800,"section-thumb-height":480,"news-thumb":"https:\/\/www.bednar.com\/wp-content\/uploads\/aktuality\/2022\/fr\/19l4279_fb-390x315.jpg","news-thumb-width":390,"news-thumb-height":315,"wpcf7-post-image":"https:\/\/www.bednar.com\/wp-content\/uploads\/aktuality\/2022\/fr\/19l4279_fb-80x80.jpg","wpcf7-post-image-width":80,"wpcf7-post-image-height":80}},{"ID":494459,"id":494459,"title":"Rendez-vous au stand BEDNAR \u00e0 l\u2019occasion du salon SIMA !","filename":"19l4272_fb.jpg","filesize":87908,"url":"https:\/\/www.bednar.com\/wp-content\/uploads\/aktuality\/2022\/fr\/19l4272_fb.jpg","link":"https:\/\/www.bednar.com\/fr\/blog\/rendez-vous-au-stand-bednar-a-loccasion-du-salon-sima\/_19l4272_fb\/","alt":"Rendez-vous au stand BEDNAR \u00e0 l\u2019occasion du salon SIMA !","author":"3","description":"","caption":"","name":"_19l4272_fb","status":"inherit","uploaded_to":494458,"date":"2022-10-20 07:30:07","modified":"2022-10-20 07:30:31","menu_order":0,"mime_type":"image\/jpeg","type":"image","subtype":"jpeg","icon":"https:\/\/www.bednar.com\/wp-includes\/images\/media\/default.png","width":800,"height":533,"sizes":{"thumbnail":"https:\/\/www.bednar.com\/wp-content\/uploads\/aktuality\/2022\/fr\/19l4272_fb-280x185.jpg","thumbnail-width":280,"thumbnail-height":185,"medium":"https:\/\/www.bednar.com\/wp-content\/uploads\/aktuality\/2022\/fr\/19l4272_fb-300x200.jpg","medium-width":300,"medium-height":200,"medium_large":"https:\/\/www.bednar.com\/wp-content\/uploads\/aktuality\/2022\/fr\/19l4272_fb-768x512.jpg","medium_large-width":768,"medium_large-height":512,"large":"https:\/\/www.bednar.com\/wp-content\/uploads\/aktuality\/2022\/fr\/19l4272_fb.jpg","large-width":800,"large-height":533,"1536x1536":"https:\/\/www.bednar.com\/wp-content\/uploads\/aktuality\/2022\/fr\/19l4272_fb.jpg","1536x1536-width":800,"1536x1536-height":533,"2048x2048":"https:\/\/www.bednar.com\/wp-content\/uploads\/aktuality\/2022\/fr\/19l4272_fb.jpg","2048x2048-width":800,"2048x2048-height":533,"header-thumb":"https:\/\/www.bednar.com\/wp-content\/uploads\/aktuality\/2022\/fr\/19l4272_fb.jpg","header-thumb-width":800,"header-thumb-height":533,"section-thumb":"https:\/\/www.bednar.com\/wp-content\/uploads\/aktuality\/2022\/fr\/19l4272_fb-800x480.jpg","section-thumb-width":800,"section-thumb-height":480,"news-thumb":"https:\/\/www.bednar.com\/wp-content\/uploads\/aktuality\/2022\/fr\/19l4272_fb-390x315.jpg","news-thumb-width":390,"news-thumb-height":315,"wpcf7-post-image":"https:\/\/www.bednar.com\/wp-content\/uploads\/aktuality\/2022\/fr\/19l4272_fb-80x80.jpg","wpcf7-post-image-width":80,"wpcf7-post-image-height":80}},{"ID":494491,"id":494491,"title":"Une barre de semis CORSA CN 6000 attel\u00e9e \u00e0 une tr\u00e9mie avant forment une combinaison int\u00e9ressante pour la mise en place des couverts dans des syst\u00e8mes o\u00f9 le sol a \u00e9t\u00e9 pr\u00e9alablement pr\u00e9par\u00e9.","filename":"corsa-cn.png","filesize":197102,"url":"https:\/\/www.bednar.com\/wp-content\/uploads\/corsa-cn.png","link":"https:\/\/www.bednar.com\/fr\/blog\/rendez-vous-au-stand-bednar-a-loccasion-du-salon-sima\/corsa-cn\/","alt":"Une barre de semis CORSA CN 6000 attel\u00e9e \u00e0 une tr\u00e9mie avant forment une combinaison int\u00e9ressante pour la mise en place des couverts dans des syst\u00e8mes o\u00f9 le sol a \u00e9t\u00e9 pr\u00e9alablement pr\u00e9par\u00e9.","author":"3","description":"","caption":"","name":"corsa-cn","status":"inherit","uploaded_to":494458,"date":"2022-10-20 07:40:13","modified":"2022-10-20 07:43:28","menu_order":0,"mime_type":"image\/png","type":"image","subtype":"png","icon":"https:\/\/www.bednar.com\/wp-includes\/images\/media\/default.png","width":800,"height":533,"sizes":{"thumbnail":"https:\/\/www.bednar.com\/wp-content\/uploads\/corsa-cn-280x185.png","thumbnail-width":280,"thumbnail-height":185,"medium":"https:\/\/www.bednar.com\/wp-content\/uploads\/corsa-cn-300x200.png","medium-width":300,"medium-height":200,"medium_large":"https:\/\/www.bednar.com\/wp-content\/uploads\/corsa-cn-768x512.png","medium_large-width":768,"medium_large-height":512,"large":"https:\/\/www.bednar.com\/wp-content\/uploads\/corsa-cn.png","large-width":800,"large-height":533,"1536x1536":"https:\/\/www.bednar.com\/wp-content\/uploads\/corsa-cn.png","1536x1536-width":800,"1536x1536-height":533,"2048x2048":"https:\/\/www.bednar.com\/wp-content\/uploads\/corsa-cn.png","2048x2048-width":800,"2048x2048-height":533,"header-thumb":"https:\/\/www.bednar.com\/wp-content\/uploads\/corsa-cn.png","header-thumb-width":800,"header-thumb-height":533,"section-thumb":"https:\/\/www.bednar.com\/wp-content\/uploads\/corsa-cn-800x480.png","section-thumb-width":800,"section-thumb-height":480,"news-thumb":"https:\/\/www.bednar.com\/wp-content\/uploads\/corsa-cn-390x315.png","news-thumb-width":390,"news-thumb-height":315,"wpcf7-post-image":"https:\/\/www.bednar.com\/wp-content\/uploads\/corsa-cn-80x80.png","wpcf7-post-image-width":80,"wpcf7-post-image-height":80}},{"ID":494356,"id":494356,"title":"La herse rotative KATOR KN 6000Q est un des produits que la soci\u00e9t\u00e9 a int\u00e9gr\u00e9 dans son portefeuille sur la base de demandes issues des clients fran\u00e7ais.","filename":"kator-kn.png","filesize":161907,"url":"https:\/\/www.bednar.com\/wp-content\/uploads\/aktuality\/2022\/cz\/kator-kn.png","link":"https:\/\/www.bednar.com\/fr\/blog\/rendez-vous-au-stand-bednar-a-loccasion-du-salon-sima\/kator-kn-2-2-2\/","alt":"La herse rotative KATOR KN 6000Q est un des produits que la soci\u00e9t\u00e9 a int\u00e9gr\u00e9 dans son portefeuille sur la base de demandes issues des clients fran\u00e7ais.","author":"3","description":"","caption":"","name":"kator-kn-2-2-2","status":"inherit","uploaded_to":494458,"date":"2022-10-20 06:24:59","modified":"2022-10-20 07:47:24","menu_order":0,"mime_type":"image\/png","type":"image","subtype":"png","icon":"https:\/\/www.bednar.com\/wp-includes\/images\/media\/default.png","width":800,"height":533,"sizes":{"thumbnail":"https:\/\/www.bednar.com\/wp-content\/uploads\/aktuality\/2022\/cz\/kator-kn-280x185.png","thumbnail-width":280,"thumbnail-height":185,"medium":"https:\/\/www.bednar.com\/wp-content\/uploads\/aktuality\/2022\/cz\/kator-kn-300x200.png","medium-width":300,"medium-height":200,"medium_large":"https:\/\/www.bednar.com\/wp-content\/uploads\/aktuality\/2022\/cz\/kator-kn-768x512.png","medium_large-width":768,"medium_large-height":512,"large":"https:\/\/www.bednar.com\/wp-content\/uploads\/aktuality\/2022\/cz\/kator-kn.png","large-width":800,"large-height":533,"1536x1536":"https:\/\/www.bednar.com\/wp-content\/uploads\/aktuality\/2022\/cz\/kator-kn.png","1536x1536-width":800,"1536x1536-height":533,"2048x2048":"https:\/\/www.bednar.com\/wp-content\/uploads\/aktuality\/2022\/cz\/kator-kn.png","2048x2048-width":800,"2048x2048-height":533,"header-thumb":"https:\/\/www.bednar.com\/wp-content\/uploads\/aktuality\/2022\/cz\/kator-kn.png","header-thumb-width":800,"header-thumb-height":533,"section-thumb":"https:\/\/www.bednar.com\/wp-content\/uploads\/aktuality\/2022\/cz\/kator-kn-800x480.png","section-thumb-width":800,"section-thumb-height":480,"news-thumb":"https:\/\/www.bednar.com\/wp-content\/uploads\/aktuality\/2022\/cz\/kator-kn-390x315.png","news-thumb-width":390,"news-thumb-height":315,"wpcf7-post-image":"https:\/\/www.bednar.com\/wp-content\/uploads\/aktuality\/2022\/cz\/kator-kn-80x80.png","wpcf7-post-image-width":80,"wpcf7-post-image-height":80}},{"ID":494436,"id":494436,"title":"Le l\u00e9ger cultivateur port\u00e9 VERSATILL VN 4000L est une machine universelle que vous utiliserez pour d\u00e9chaumer, pr\u00e9parer vos sols avant les semis et liquider m\u00e9caniquement les adventices et les mauvaises herbes.","filename":"versatill-vn_l.jpg","filesize":87595,"url":"https:\/\/www.bednar.com\/wp-content\/uploads\/aktuality\/2022\/cz\/versatill-vn_l.jpg","link":"https:\/\/www.bednar.com\/fr\/blog\/rendez-vous-au-stand-bednar-a-loccasion-du-salon-sima\/versatill-vn_l-2\/","alt":"Le l\u00e9ger cultivateur port\u00e9 VERSATILL VN 4000L est une machine universelle que vous utiliserez pour d\u00e9chaumer, pr\u00e9parer vos sols avant les semis et liquider m\u00e9caniquement les adventices et les mauvaises herbes.","author":"3","description":"","caption":"","name":"versatill-vn_l-2","status":"inherit","uploaded_to":494458,"date":"2022-10-20 06:25:20","modified":"2022-10-20 07:47:24","menu_order":0,"mime_type":"image\/jpeg","type":"image","subtype":"jpeg","icon":"https:\/\/www.bednar.com\/wp-includes\/images\/media\/default.png","width":800,"height":533,"sizes":{"thumbnail":"https:\/\/www.bednar.com\/wp-content\/uploads\/aktuality\/2022\/cz\/versatill-vn_l-280x185.jpg","thumbnail-width":280,"thumbnail-height":185,"medium":"https:\/\/www.bednar.com\/wp-content\/uploads\/aktuality\/2022\/cz\/versatill-vn_l-300x200.jpg","medium-width":300,"medium-height":200,"medium_large":"https:\/\/www.bednar.com\/wp-content\/uploads\/aktuality\/2022\/cz\/versatill-vn_l-768x512.jpg","medium_large-width":768,"medium_large-height":512,"large":"https:\/\/www.bednar.com\/wp-content\/uploads\/aktuality\/2022\/cz\/versatill-vn_l.jpg","large-width":800,"large-height":533,"1536x1536":"https:\/\/www.bednar.com\/wp-content\/uploads\/aktuality\/2022\/cz\/versatill-vn_l.jpg","1536x1536-width":800,"1536x1536-height":533,"2048x2048":"https:\/\/www.bednar.com\/wp-content\/uploads\/aktuality\/2022\/cz\/versatill-vn_l.jpg","2048x2048-width":800,"2048x2048-height":533,"header-thumb":"https:\/\/www.bednar.com\/wp-content\/uploads\/aktuality\/2022\/cz\/versatill-vn_l.jpg","header-thumb-width":800,"header-thumb-height":533,"section-thumb":"https:\/\/www.bednar.com\/wp-content\/uploads\/aktuality\/2022\/cz\/versatill-vn_l-800x480.jpg","section-thumb-width":800,"section-thumb-height":480,"news-thumb":"https:\/\/www.bednar.com\/wp-content\/uploads\/aktuality\/2022\/cz\/versatill-vn_l-390x315.jpg","news-thumb-width":390,"news-thumb-height":315,"wpcf7-post-image":"https:\/\/www.bednar.com\/wp-content\/uploads\/aktuality\/2022\/cz\/versatill-vn_l-80x80.jpg","wpcf7-post-image-width":80,"wpcf7-post-image-height":80}},{"ID":494372,"id":494372,"title":"La nouvelle bineuse inter-rangs ROW-MASTER RN_PROFI attirera votre attention avec son syst\u00e8me de contr\u00f4le par section ROW-UNIT CONTROL et la garde au sol de son ch\u00e2ssis qui a \u00e9t\u00e9 augment\u00e9e pour atteindre 90 cm.","filename":"row-master-rn_profi.jpg","filesize":109440,"url":"https:\/\/www.bednar.com\/wp-content\/uploads\/aktuality\/2022\/cz\/row-master-rn_profi.jpg","link":"https:\/\/www.bednar.com\/fr\/blog\/rendez-vous-au-stand-bednar-a-loccasion-du-salon-sima\/row-master-rn_profi-2\/","alt":"La nouvelle bineuse inter-rangs ROW-MASTER RN_PROFI attirera votre attention avec son syst\u00e8me de contr\u00f4le par section ROW-UNIT CONTROL et la garde au sol de son ch\u00e2ssis qui a \u00e9t\u00e9 augment\u00e9e pour atteindre 90 cm.","author":"3","description":"","caption":"","name":"row-master-rn_profi-2","status":"inherit","uploaded_to":494458,"date":"2022-10-20 06:25:03","modified":"2022-10-20 07:47:24","menu_order":0,"mime_type":"image\/jpeg","type":"image","subtype":"jpeg","icon":"https:\/\/www.bednar.com\/wp-includes\/images\/media\/default.png","width":800,"height":533,"sizes":{"thumbnail":"https:\/\/www.bednar.com\/wp-content\/uploads\/aktuality\/2022\/cz\/row-master-rn_profi-280x185.jpg","thumbnail-width":280,"thumbnail-height":185,"medium":"https:\/\/www.bednar.com\/wp-content\/uploads\/aktuality\/2022\/cz\/row-master-rn_profi-300x200.jpg","medium-width":300,"medium-height":200,"medium_large":"https:\/\/www.bednar.com\/wp-content\/uploads\/aktuality\/2022\/cz\/row-master-rn_profi-768x512.jpg","medium_large-width":768,"medium_large-height":512,"large":"https:\/\/www.bednar.com\/wp-content\/uploads\/aktuality\/2022\/cz\/row-master-rn_profi.jpg","large-width":800,"large-height":533,"1536x1536":"https:\/\/www.bednar.com\/wp-content\/uploads\/aktuality\/2022\/cz\/row-master-rn_profi.jpg","1536x1536-width":800,"1536x1536-height":533,"2048x2048":"https:\/\/www.bednar.com\/wp-content\/uploads\/aktuality\/2022\/cz\/row-master-rn_profi.jpg","2048x2048-width":800,"2048x2048-height":533,"header-thumb":"https:\/\/www.bednar.com\/wp-content\/uploads\/aktuality\/2022\/cz\/row-master-rn_profi.jpg","header-thumb-width":800,"header-thumb-height":533,"section-thumb":"https:\/\/www.bednar.com\/wp-content\/uploads\/aktuality\/2022\/cz\/row-master-rn_profi-800x480.jpg","section-thumb-width":800,"section-thumb-height":480,"news-thumb":"https:\/\/www.bednar.com\/wp-content\/uploads\/aktuality\/2022\/cz\/row-master-rn_profi-390x315.jpg","news-thumb-width":390,"news-thumb-height":315,"wpcf7-post-image":"https:\/\/www.bednar.com\/wp-content\/uploads\/aktuality\/2022\/cz\/row-master-rn_profi-80x80.jpg","wpcf7-post-image-width":80,"wpcf7-post-image-height":80}},{"ID":494340,"id":494340,"title":"La nouvelle g\u00e9n\u00e9ration du cultivateur universel FENIX FO_PROFI ne peut pas ne pas \u00eatre pr\u00e9sente. En nouveaut\u00e9, cette machine peut dor\u00e9navant \u00eatre \u00e9quip\u00e9e d\u2019une protection des bras qui est hydraulique.","filename":"fenix-fo_profi.jpg","filesize":121179,"url":"https:\/\/www.bednar.com\/wp-content\/uploads\/aktuality\/2022\/cz\/fenix-fo_profi.jpg","link":"https:\/\/www.bednar.com\/fr\/blog\/rendez-vous-au-stand-bednar-a-loccasion-du-salon-sima\/fenix-fo_profi-2\/","alt":"La nouvelle g\u00e9n\u00e9ration du cultivateur universel FENIX FO_PROFI ne peut pas ne pas \u00eatre pr\u00e9sente. En nouveaut\u00e9, cette machine peut dor\u00e9navant \u00eatre \u00e9quip\u00e9e d\u2019une protection des bras qui est hydraulique.","author":"3","description":"","caption":"","name":"fenix-fo_profi-2","status":"inherit","uploaded_to":494458,"date":"2022-10-20 06:24:56","modified":"2022-10-20 07:47:24","menu_order":0,"mime_type":"image\/jpeg","type":"image","subtype":"jpeg","icon":"https:\/\/www.bednar.com\/wp-includes\/images\/media\/default.png","width":800,"height":533,"sizes":{"thumbnail":"https:\/\/www.bednar.com\/wp-content\/uploads\/aktuality\/2022\/cz\/fenix-fo_profi-280x185.jpg","thumbnail-width":280,"thumbnail-height":185,"medium":"https:\/\/www.bednar.com\/wp-content\/uploads\/aktuality\/2022\/cz\/fenix-fo_profi-300x200.jpg","medium-width":300,"medium-height":200,"medium_large":"https:\/\/www.bednar.com\/wp-content\/uploads\/aktuality\/2022\/cz\/fenix-fo_profi-768x512.jpg","medium_large-width":768,"medium_large-height":512,"large":"https:\/\/www.bednar.com\/wp-content\/uploads\/aktuality\/2022\/cz\/fenix-fo_profi.jpg","large-width":800,"large-height":533,"1536x1536":"https:\/\/www.bednar.com\/wp-content\/uploads\/aktuality\/2022\/cz\/fenix-fo_profi.jpg","1536x1536-width":800,"1536x1536-height":533,"2048x2048":"https:\/\/www.bednar.com\/wp-content\/uploads\/aktuality\/2022\/cz\/fenix-fo_profi.jpg","2048x2048-width":800,"2048x2048-height":533,"header-thumb":"https:\/\/www.bednar.com\/wp-content\/uploads\/aktuality\/2022\/cz\/fenix-fo_profi.jpg","header-thumb-width":800,"header-thumb-height":533,"section-thumb":"https:\/\/www.bednar.com\/wp-content\/uploads\/aktuality\/2022\/cz\/fenix-fo_profi-800x480.jpg","section-thumb-width":800,"section-thumb-height":480,"news-thumb":"https:\/\/www.bednar.com\/wp-content\/uploads\/aktuality\/2022\/cz\/fenix-fo_profi-390x315.jpg","news-thumb-width":390,"news-thumb-height":315,"wpcf7-post-image":"https:\/\/www.bednar.com\/wp-content\/uploads\/aktuality\/2022\/cz\/fenix-fo_profi-80x80.jpg","wpcf7-post-image-width":80,"wpcf7-post-image-height":80}},{"ID":494420,"id":494420,"title":"Vous pourrez \u00e9galement admirer le nouveau mod\u00e8le du d\u00e9compacteur \u00e0 dents TERRALAND TN 4000HD9. Il s\u2019agit d\u2019une nouvelle version de cette machine repliable et ayant une largeur de transport inf\u00e9rieure \u00e0 3 m.","filename":"terraland-tn_hd.jpg","filesize":86254,"url":"https:\/\/www.bednar.com\/wp-content\/uploads\/aktuality\/2022\/cz\/terraland-tn_hd.jpg","link":"https:\/\/www.bednar.com\/fr\/blog\/rendez-vous-au-stand-bednar-a-loccasion-du-salon-sima\/terraland-tn_hd-2\/","alt":"Vous pourrez \u00e9galement admirer le nouveau mod\u00e8le du d\u00e9compacteur \u00e0 dents TERRALAND TN 4000HD9. Il s\u2019agit d\u2019une nouvelle version de cette machine repliable et ayant une largeur de transport inf\u00e9rieure \u00e0 3 m.","author":"3","description":"","caption":"","name":"terraland-tn_hd-2","status":"inherit","uploaded_to":494458,"date":"2022-10-20 06:25:12","modified":"2022-10-20 07:47:24","menu_order":0,"mime_type":"image\/jpeg","type":"image","subtype":"jpeg","icon":"https:\/\/www.bednar.com\/wp-includes\/images\/media\/default.png","width":800,"height":533,"sizes":{"thumbnail":"https:\/\/www.bednar.com\/wp-content\/uploads\/aktuality\/2022\/cz\/terraland-tn_hd-280x185.jpg","thumbnail-width":280,"thumbnail-height":185,"medium":"https:\/\/www.bednar.com\/wp-content\/uploads\/aktuality\/2022\/cz\/terraland-tn_hd-300x200.jpg","medium-width":300,"medium-height":200,"medium_large":"https:\/\/www.bednar.com\/wp-content\/uploads\/aktuality\/2022\/cz\/terraland-tn_hd-768x512.jpg","medium_large-width":768,"medium_large-height":512,"large":"https:\/\/www.bednar.com\/wp-content\/uploads\/aktuality\/2022\/cz\/terraland-tn_hd.jpg","large-width":800,"large-height":533,"1536x1536":"https:\/\/www.bednar.com\/wp-content\/uploads\/aktuality\/2022\/cz\/terraland-tn_hd.jpg","1536x1536-width":800,"1536x1536-height":533,"2048x2048":"https:\/\/www.bednar.com\/wp-content\/uploads\/aktuality\/2022\/cz\/terraland-tn_hd.jpg","2048x2048-width":800,"2048x2048-height":533,"header-thumb":"https:\/\/www.bednar.com\/wp-content\/uploads\/aktuality\/2022\/cz\/terraland-tn_hd.jpg","header-thumb-width":800,"header-thumb-height":533,"section-thumb":"https:\/\/www.bednar.com\/wp-content\/uploads\/aktuality\/2022\/cz\/terraland-tn_hd-800x480.jpg","section-thumb-width":800,"section-thumb-height":480,"news-thumb":"https:\/\/www.bednar.com\/wp-content\/uploads\/aktuality\/2022\/cz\/terraland-tn_hd-390x315.jpg","news-thumb-width":390,"news-thumb-height":315,"wpcf7-post-image":"https:\/\/www.bednar.com\/wp-content\/uploads\/aktuality\/2022\/cz\/terraland-tn_hd-80x80.jpg","wpcf7-post-image-width":80,"wpcf7-post-image-height":80}},{"ID":494308,"id":494308,"title":"Dans sa cat\u00e9gorie, le semoir EFECTA CE est la machine la plus universelle du march\u00e9 et les clients fran\u00e7ais lui ont, eux aussi, donn\u00e9 d\u2019excellentes r\u00e9f\u00e9rences.","filename":"efecta-ce.jpg","filesize":93401,"url":"https:\/\/www.bednar.com\/wp-content\/uploads\/aktuality\/2022\/cz\/efecta-ce.jpg","link":"https:\/\/www.bednar.com\/fr\/blog\/rendez-vous-au-stand-bednar-a-loccasion-du-salon-sima\/efecta-ce-2\/","alt":"Dans sa cat\u00e9gorie, le semoir EFECTA CE est la machine la plus universelle du march\u00e9 et les clients fran\u00e7ais lui ont, eux aussi, donn\u00e9 d\u2019excellentes r\u00e9f\u00e9rences.","author":"3","description":"","caption":"","name":"efecta-ce-2","status":"inherit","uploaded_to":494458,"date":"2022-10-20 06:24:51","modified":"2022-10-20 07:47:24","menu_order":0,"mime_type":"image\/jpeg","type":"image","subtype":"jpeg","icon":"https:\/\/www.bednar.com\/wp-includes\/images\/media\/default.png","width":800,"height":533,"sizes":{"thumbnail":"https:\/\/www.bednar.com\/wp-content\/uploads\/aktuality\/2022\/cz\/efecta-ce-280x185.jpg","thumbnail-width":280,"thumbnail-height":185,"medium":"https:\/\/www.bednar.com\/wp-content\/uploads\/aktuality\/2022\/cz\/efecta-ce-300x200.jpg","medium-width":300,"medium-height":200,"medium_large":"https:\/\/www.bednar.com\/wp-content\/uploads\/aktuality\/2022\/cz\/efecta-ce-768x512.jpg","medium_large-width":768,"medium_large-height":512,"large":"https:\/\/www.bednar.com\/wp-content\/uploads\/aktuality\/2022\/cz\/efecta-ce.jpg","large-width":800,"large-height":533,"1536x1536":"https:\/\/www.bednar.com\/wp-content\/uploads\/aktuality\/2022\/cz\/efecta-ce.jpg","1536x1536-width":800,"1536x1536-height":533,"2048x2048":"https:\/\/www.bednar.com\/wp-content\/uploads\/aktuality\/2022\/cz\/efecta-ce.jpg","2048x2048-width":800,"2048x2048-height":533,"header-thumb":"https:\/\/www.bednar.com\/wp-content\/uploads\/aktuality\/2022\/cz\/efecta-ce.jpg","header-thumb-width":800,"header-thumb-height":533,"section-thumb":"https:\/\/www.bednar.com\/wp-content\/uploads\/aktuality\/2022\/cz\/efecta-ce-800x480.jpg","section-thumb-width":800,"section-thumb-height":480,"news-thumb":"https:\/\/www.bednar.com\/wp-content\/uploads\/aktuality\/2022\/cz\/efecta-ce-390x315.jpg","news-thumb-width":390,"news-thumb-height":315,"wpcf7-post-image":"https:\/\/www.bednar.com\/wp-content\/uploads\/aktuality\/2022\/cz\/efecta-ce-80x80.jpg","wpcf7-post-image-width":80,"wpcf7-post-image-height":80}},{"ID":494507,"id":494507,"title":"Le semoir OMEGA OO_FL permet une mise en place des couverts variable. Pour la saison 2023, nous lui avons donn\u00e9 un nouveau logiciel de commande et de nombreuses innovations techniques.","filename":"omega-oo_fl-1.jpg","filesize":82952,"url":"https:\/\/www.bednar.com\/wp-content\/uploads\/omega-oo_fl-1.jpg","link":"https:\/\/www.bednar.com\/fr\/blog\/rendez-vous-au-stand-bednar-a-loccasion-du-salon-sima\/omega-oo_fl\/","alt":"Le semoir OMEGA OO_FL permet une mise en place des couverts variable. Pour la saison 2023, nous lui avons donn\u00e9 un nouveau logiciel de commande et de nombreuses innovations techniques.","author":"3","description":"","caption":"","name":"omega-oo_fl","status":"inherit","uploaded_to":494458,"date":"2022-10-20 07:40:16","modified":"2022-10-20 07:45:17","menu_order":0,"mime_type":"image\/jpeg","type":"image","subtype":"jpeg","icon":"https:\/\/www.bednar.com\/wp-includes\/images\/media\/default.png","width":800,"height":533,"sizes":{"thumbnail":"https:\/\/www.bednar.com\/wp-content\/uploads\/omega-oo_fl-1-280x185.jpg","thumbnail-width":280,"thumbnail-height":185,"medium":"https:\/\/www.bednar.com\/wp-content\/uploads\/omega-oo_fl-1-300x200.jpg","medium-width":300,"medium-height":200,"medium_large":"https:\/\/www.bednar.com\/wp-content\/uploads\/omega-oo_fl-1-768x512.jpg","medium_large-width":768,"medium_large-height":512,"large":"https:\/\/www.bednar.com\/wp-content\/uploads\/omega-oo_fl-1.jpg","large-width":800,"large-height":533,"1536x1536":"https:\/\/www.bednar.com\/wp-content\/uploads\/omega-oo_fl-1.jpg","1536x1536-width":800,"1536x1536-height":533,"2048x2048":"https:\/\/www.bednar.com\/wp-content\/uploads\/omega-oo_fl-1.jpg","2048x2048-width":800,"2048x2048-height":533,"header-thumb":"https:\/\/www.bednar.com\/wp-content\/uploads\/omega-oo_fl-1.jpg","header-thumb-width":800,"header-thumb-height":533,"section-thumb":"https:\/\/www.bednar.com\/wp-content\/uploads\/omega-oo_fl-1-800x480.jpg","section-thumb-width":800,"section-thumb-height":480,"news-thumb":"https:\/\/www.bednar.com\/wp-content\/uploads\/omega-oo_fl-1-390x315.jpg","news-thumb-width":390,"news-thumb-height":315,"wpcf7-post-image":"https:\/\/www.bednar.com\/wp-content\/uploads\/omega-oo_fl-1-80x80.jpg","wpcf7-post-image-width":80,"wpcf7-post-image-height":80}}]},{"acf_fc_layout":"section-news-slider-inpost","post-id":false,"disable-slider":false}],"nav-main-cat":false,"nav-sub-cat":false,"_aviaLayoutBuilderCleanData":"","page-type":"other","pageGroup":"","post-new-website":true},"_links":{"self":[{"href":"https:\/\/www.bednar.com\/fr\/wp-json\/wp\/v2\/posts\/494458","targetHints":{"allow":["GET"]}}],"collection":[{"href":"https:\/\/www.bednar.com\/fr\/wp-json\/wp\/v2\/posts"}],"about":[{"href":"https:\/\/www.bednar.com\/fr\/wp-json\/wp\/v2\/types\/post"}],"author":[{"embeddable":true,"href":"https:\/\/www.bednar.com\/fr\/wp-json\/wp\/v2\/users\/3"}],"replies":[{"embeddable":true,"href":"https:\/\/www.bednar.com\/fr\/wp-json\/wp\/v2\/comments?post=494458"}],"version-history":[{"count":1,"href":"https:\/\/www.bednar.com\/fr\/wp-json\/wp\/v2\/posts\/494458\/revisions"}],"predecessor-version":[{"id":494523,"href":"https:\/\/www.bednar.com\/fr\/wp-json\/wp\/v2\/posts\/494458\/revisions\/494523"}],"wp:featuredmedia":[{"embeddable":true,"href":"https:\/\/www.bednar.com\/fr\/wp-json\/wp\/v2\/media\/494459"}],"wp:attachment":[{"href":"https:\/\/www.bednar.com\/fr\/wp-json\/wp\/v2\/media?parent=494458"}],"wp:term":[{"taxonomy":"category","embeddable":true,"href":"https:\/\/www.bednar.com\/fr\/wp-json\/wp\/v2\/categories?post=494458"},{"taxonomy":"post_tag","embeddable":true,"href":"https:\/\/www.bednar.com\/fr\/wp-json\/wp\/v2\/tags?post=494458"}],"curies":[{"name":"wp","href":"https:\/\/api.w.org\/{rel}","templated":true}]}}