{"id":453882,"date":"2022-03-03T08:27:41","date_gmt":"2022-03-03T07:27:41","guid":{"rendered":"https:\/\/www.bednar.com\/fr\/blog\/prvni-efecta-ce-12000-pracuje-od-roku-2021-v-podniku-kombinat-rolny-kietrz\/"},"modified":"2022-03-03T09:11:48","modified_gmt":"2022-03-03T08:11:48","slug":"prvni-efecta-ce-12000-pracuje-od-roku-2021-v-podniku-kombinat-rolny-kietrz","status":"publish","type":"post","link":"https:\/\/www.bednar.com\/fr\/blog\/le-premier-semoir-efecta-ce-12000-travaille-depuis-2021-sur-les-terres-de-l%E2%80%99entreprise-kombinat-rolny-kietrz\/","title":{"rendered":"Le premier semoir EFECTA CE 12000 travaille depuis 2021 sur les terres de l\u2019entreprise Kombinat Rolny Kietrz"},"content":{"rendered":"","protected":false},"excerpt":{"rendered":"<p>La marque BEDNAR a mis son semoir de grande largeur EFECTA CE 12000 en vente \u00e0 l\u2019automne 2020. Le premier client \u00e0 l\u2019avoir achet\u00e9 fut l\u2019entreprise Kombinat Rolny Kietrz, la plus importante et la plus grande entreprise agricole de Pologne, qui g\u00e8re un peu moins de 8 500 hectares de terres agricoles.<\/p>\n","protected":false},"author":2,"featured_media":453823,"comment_status":"open","ping_status":"open","sticky":false,"template":"","format":"standard","meta":{"_acf_changed":false,"footnotes":""},"categories":[79,820,846,1259],"tags":[],"class_list":["post-453882","post","type-post","status-publish","format-standard","has-post-thumbnail","hentry","category-non-classifiee","category-de-notre-part","category-faits-interessants","category-efecta-ce-fr"],"acf":{"item-bg":false,"item-bg_kop\u00edrovat":false,"item-bg-mobile":false,"item-youtube":"","item-title":"","fixed-title":"","item-desc":"","item-mach-desc":"","item-mach-config":"","item-mach-down":"","item-align":false,"item-code":"","google-map":"","disable-header":false,"main-content":[{"acf_fc_layout":"section-news-cols","item-cols":[{"item-title":"","item-title-h":"h3","item-photo":"https:\/\/www.bednar.com\/wp-content\/uploads\/aktuality\/2021\/cz\/dji_0770-3.jpg","item-content":"<p><em>Sur la base d\u2019un appel d\u2019offres, le premier semoir EFECTA CE de s\u00e9rie a r\u00e9ussi \u00e0 s\u2019imposer dans une importante entreprise polonaise situ\u00e9e \u00e0 proximit\u00e9 de la fronti\u00e8re tch\u00e8que.<\/em><\/p>\n","item-photo-align":false,"item-content-color":false}]},{"acf_fc_layout":"section-news-title","item-title":"","item-content":"<p>L\u2019entreprise Kombinat Rolny Kietrz est une entreprise agricole d\u2019\u00e9tat. Elle fait partie des plus grands producteurs de betteraves qu\u2019elle cultive sur 1\u00a0500 hectares. Outre cette plante importante, la rotation des cultures comprend \u00e9galement du bl\u00e9 d\u2019hiver, du colza d\u2019hiver, du ma\u00efs et d\u2019autres plantes. \u00c0 c\u00f4t\u00e9 de la production v\u00e9g\u00e9tale, la production animale joue \u00e9galement un r\u00f4le majeur. L\u2019entreprise \u00e9l\u00e8ve en effet 9\u00a0000 t\u00eates de b\u00e9tail, dont 3\u00a0700 vaches laiti\u00e8res. Tous les ans, l\u2019entreprise produit pr\u00e8s de 39\u00a0000\u00a0000 de litres de lait.<\/p>\n<p>\u00c0 l\u2019automne 2020, l\u2019entreprise a commenc\u00e9 \u00e0 envisager le renouvellement de son parc de machines et l\u2019acquisition d\u2019un nouveau semoir de grande largeur. Sur la base des nombreux tests ayant \u00e9t\u00e9 r\u00e9alis\u00e9s avec tous les semoirs concurrents et sur la base des essais du semoir <a href=\"https:\/\/www.bednar.com\/fr\/blog\/znacka-bednar-se-pripravuje-na-mezinarodni-vystavy\/efecta-ce\/\" target=\"_blank\" rel=\"noopener\">EFECTA CE 12000<\/a>, l\u2019entreprise s\u2019est finalement d\u00e9cid\u00e9e \u00e0 acheter le semoir de la marque BEDNAR.<\/p>\n"},{"acf_fc_layout":"section-news-cols","item-cols":[{"item-title":"","item-title-h":"h3","item-photo":"https:\/\/www.bednar.com\/wp-content\/uploads\/aktuality\/2021\/cz\/im-betrieb-wird-die-drillmaschine-efecta-ce-von-einem-traktor-john-deere-8rx-410-geschleppt.jpg","item-content":"<p><em>Au sein de l\u2019entreprise, le semoir EFECTA CE est accoupl\u00e9 \u00e0 un tracteur JOHN DEERE 8RX 410<\/em><\/p>\n","item-photo-align":false,"item-content-color":false},{"item-title":"","item-title-h":"h3","item-photo":"https:\/\/www.bednar.com\/wp-content\/uploads\/aktuality\/2021\/cz\/the-four-distribution-heads-also-offer-a-seciton-control-function-for-each-3m-working-width.jpg","item-content":"<p><em>Les quatre t\u00eates de distribution permettent un contr\u00f4le par sections de 3 m de largeur<\/em><\/p>\n<p>&nbsp;<\/p>\n","item-photo-align":false,"item-content-color":false}]},{"acf_fc_layout":"section-news-title","item-title":"","item-content":"<p>Nous avons rencontr\u00e9 Monsieur Rafal Kleniewski, sp\u00e9cialiste en agriculture de pr\u00e9cision, et Monsieur Bogus\u0142aw Grzywna, agronome en chef de l\u2019entreprise, et nous leur avons demand\u00e9 quelles \u00e9taient les raisons qui avaient pouss\u00e9 l\u2019entreprise \u00e0 se d\u00e9cider pour le semoir de la marque BEDNAR et quelles \u00e9taient leurs premiers retours d\u2019exp\u00e9rience : <em>\u00ab\u00a0Compar\u00e9 aux autres semoirs, le semoir <a href=\"https:\/\/www.bednar.com\/fr\/blog\/znacka-bednar-se-pripravuje-na-mezinarodni-vystavy\/efecta-ce\/\" target=\"_blank\" rel=\"noopener\">EFECTA CE<\/a> nous a principalement impressionn\u00e9 par la robustesse de sa structure. Nous esp\u00e9rons donc pouvoir l\u2019utiliser durant de longues ann\u00e9es. La pr\u00e9sence d\u2019une section de pr\u00e9paration du sol est une autre des raisons qui ont fait pencher la balance en faveur de ce semoir. Nous avons opt\u00e9 pour une version \u00e9quip\u00e9e de coulters PROFI. Notre entreprise pratique une agriculture de pr\u00e9cision, la possibilit\u00e9 de contr\u00f4le par section, qui permet de r\u00e9duire les frais li\u00e9s aux graines, \u00e9tait aussi un des crit\u00e8res qui devaient \u00eatre satisfaits par le semoir. Entre la mise en place des couverts en \u00e9t\u00e9 et les semis automnaux des c\u00e9r\u00e9ales d\u2019hiver, ce semoir a trait\u00e9 environ 4\u00a0000 hectares. Le rendement varie en fonction du terrain. Notre maximum est 127 hectares dans le cadre d\u2019une \u00e9quipe de 12 heures.\u00a0\u00bb<\/em><\/p>\n"},{"acf_fc_layout":"section-news-cols","item-cols":[{"item-title":"","item-title-h":"h3","item-photo":"https:\/\/www.bednar.com\/wp-content\/uploads\/aktuality\/2021\/cz\/boguslaw-grzywna-the-company-chief-agronomist-and-rafal-kleniewski-a-precision-agriculture-specialist.jpg","item-content":"<p>Monsieur Bogus\u0142aw Grzywna, agronome en chef de l\u2019entreprise, et Monsieur Rafa\u0142 Kleniewski, sp\u00e9cialiste en agriculture de pr\u00e9cision<\/p>\n","item-photo-align":false,"item-content-color":false}]},{"acf_fc_layout":"section-news-title","item-title":"","item-content":"<p>L\u2019entreprise Kombinat Rolny Kietrz a opt\u00e9 pour un semoir EFECTA CE ayant les sp\u00e9cifications suivantes \u2013 des \u00e9l\u00e9ments de semis ayant une distance inter-rangs de 12,5 cm, la possibilit\u00e9 d\u2019appliquer de l\u2019engrais en m\u00eame temps que les graines, une section avant de coulters PROFI pour pouvoir pr\u00e9parer le sol, des cultivateurs des traces du tracteur et des cultivateurs des traces de l\u2019essieu de transport, des marqueurs pr\u00e9\u00e9mergents.<\/p>\n"},{"acf_fc_layout":"section-news-title","item-title":"","item-content":"<p style=\"text-align: right;\">JOY OF FARMING<br \/>\n<a href=\"mailto:marketing@bednar.com\" target=\"_blank\" rel=\"noopener\">marketing@bednar.com<\/a><br \/>\nBEDNAR FMT s.r.o.<\/p>\n"},{"acf_fc_layout":"section-news-gallery","news-videos":false,"news-photos":[{"ID":453868,"id":453868,"title":"Sur la base d\u2019un appel d\u2019offres, le premier semoir EFECTA CE de s\u00e9rie a r\u00e9ussi \u00e0 s\u2019imposer dans une importante entreprise polonaise situ\u00e9e \u00e0 proximit\u00e9 de la fronti\u00e8re tch\u00e8que.","filename":"dji_0770-3.jpg","filesize":138878,"url":"https:\/\/www.bednar.com\/wp-content\/uploads\/aktuality\/2021\/cz\/dji_0770-3.jpg","link":"https:\/\/www.bednar.com\/fr\/blog\/le-premier-semoir-efecta-ce-12000-travaille-depuis-2021-sur-les-terres-de-l%E2%80%99entreprise-kombinat-rolny-kietrz\/dji_0770-5-2\/","alt":"Sur la base d\u2019un appel d\u2019offres, le premier semoir EFECTA CE de s\u00e9rie a r\u00e9ussi \u00e0 s\u2019imposer dans une importante entreprise polonaise situ\u00e9e \u00e0 proximit\u00e9 de la fronti\u00e8re tch\u00e8que.","author":"2","description":"","caption":"","name":"dji_0770-5-2","status":"inherit","uploaded_to":453882,"date":"2022-03-02 11:26:37","modified":"2022-03-03 07:51:42","menu_order":0,"mime_type":"image\/jpeg","type":"image","subtype":"jpeg","icon":"https:\/\/www.bednar.com\/wp-includes\/images\/media\/default.png","width":1030,"height":500,"sizes":{"thumbnail":"https:\/\/www.bednar.com\/wp-content\/uploads\/aktuality\/2021\/cz\/dji_0770-3-280x185.jpg","thumbnail-width":280,"thumbnail-height":185,"medium":"https:\/\/www.bednar.com\/wp-content\/uploads\/aktuality\/2021\/cz\/dji_0770-3-300x146.jpg","medium-width":300,"medium-height":146,"medium_large":"https:\/\/www.bednar.com\/wp-content\/uploads\/aktuality\/2021\/cz\/dji_0770-3-768x373.jpg","medium_large-width":768,"medium_large-height":373,"large":"https:\/\/www.bednar.com\/wp-content\/uploads\/aktuality\/2021\/cz\/dji_0770-3-1024x497.jpg","large-width":1024,"large-height":497,"1536x1536":"https:\/\/www.bednar.com\/wp-content\/uploads\/aktuality\/2021\/cz\/dji_0770-3.jpg","1536x1536-width":1030,"1536x1536-height":500,"2048x2048":"https:\/\/www.bednar.com\/wp-content\/uploads\/aktuality\/2021\/cz\/dji_0770-3.jpg","2048x2048-width":1030,"2048x2048-height":500,"header-thumb":"https:\/\/www.bednar.com\/wp-content\/uploads\/aktuality\/2021\/cz\/dji_0770-3.jpg","header-thumb-width":1030,"header-thumb-height":500,"section-thumb":"https:\/\/www.bednar.com\/wp-content\/uploads\/aktuality\/2021\/cz\/dji_0770-3-860x480.jpg","section-thumb-width":860,"section-thumb-height":480,"news-thumb":"https:\/\/www.bednar.com\/wp-content\/uploads\/aktuality\/2021\/cz\/dji_0770-3-390x315.jpg","news-thumb-width":390,"news-thumb-height":315,"wpcf7-post-image":"https:\/\/www.bednar.com\/wp-content\/uploads\/aktuality\/2021\/cz\/dji_0770-3-80x80.jpg","wpcf7-post-image-width":80,"wpcf7-post-image-height":80}},{"ID":453795,"id":453795,"title":"Au sein de l\u2019entreprise, le semoir EFECTA CE est accoupl\u00e9 \u00e0 un tracteur JOHN DEERE 8RX 410","filename":"im-betrieb-wird-die-drillmaschine-efecta-ce-von-einem-traktor-john-deere-8rx-410-geschleppt.jpg","filesize":73013,"url":"https:\/\/www.bednar.com\/wp-content\/uploads\/aktuality\/2021\/cz\/im-betrieb-wird-die-drillmaschine-efecta-ce-von-einem-traktor-john-deere-8rx-410-geschleppt.jpg","link":"https:\/\/www.bednar.com\/fr\/blog\/le-premier-semoir-efecta-ce-12000-travaille-depuis-2021-sur-les-terres-de-l%E2%80%99entreprise-kombinat-rolny-kietrz\/efecta-ce-12000_pl-2020-kietrz_j-deer_dji_0014_120a175pct-2\/","alt":"Au sein de l\u2019entreprise, le semoir EFECTA CE est accoupl\u00e9 \u00e0 un tracteur JOHN DEERE 8RX 410","author":"2","description":"","caption":"","name":"efecta-ce-12000_pl-2020-kietrz_j-deer_dji_0014_120a175pct-2","status":"inherit","uploaded_to":453882,"date":"2022-03-02 11:15:22","modified":"2022-03-02 13:36:52","menu_order":0,"mime_type":"image\/jpeg","type":"image","subtype":"jpeg","icon":"https:\/\/www.bednar.com\/wp-includes\/images\/media\/default.png","width":800,"height":533,"sizes":{"thumbnail":"https:\/\/www.bednar.com\/wp-content\/uploads\/aktuality\/2021\/cz\/im-betrieb-wird-die-drillmaschine-efecta-ce-von-einem-traktor-john-deere-8rx-410-geschleppt-280x185.jpg","thumbnail-width":280,"thumbnail-height":185,"medium":"https:\/\/www.bednar.com\/wp-content\/uploads\/aktuality\/2021\/cz\/im-betrieb-wird-die-drillmaschine-efecta-ce-von-einem-traktor-john-deere-8rx-410-geschleppt-300x200.jpg","medium-width":300,"medium-height":200,"medium_large":"https:\/\/www.bednar.com\/wp-content\/uploads\/aktuality\/2021\/cz\/im-betrieb-wird-die-drillmaschine-efecta-ce-von-einem-traktor-john-deere-8rx-410-geschleppt-768x512.jpg","medium_large-width":768,"medium_large-height":512,"large":"https:\/\/www.bednar.com\/wp-content\/uploads\/aktuality\/2021\/cz\/im-betrieb-wird-die-drillmaschine-efecta-ce-von-einem-traktor-john-deere-8rx-410-geschleppt.jpg","large-width":800,"large-height":533,"1536x1536":"https:\/\/www.bednar.com\/wp-content\/uploads\/aktuality\/2021\/cz\/im-betrieb-wird-die-drillmaschine-efecta-ce-von-einem-traktor-john-deere-8rx-410-geschleppt.jpg","1536x1536-width":800,"1536x1536-height":533,"2048x2048":"https:\/\/www.bednar.com\/wp-content\/uploads\/aktuality\/2021\/cz\/im-betrieb-wird-die-drillmaschine-efecta-ce-von-einem-traktor-john-deere-8rx-410-geschleppt.jpg","2048x2048-width":800,"2048x2048-height":533,"header-thumb":"https:\/\/www.bednar.com\/wp-content\/uploads\/aktuality\/2021\/cz\/im-betrieb-wird-die-drillmaschine-efecta-ce-von-einem-traktor-john-deere-8rx-410-geschleppt.jpg","header-thumb-width":800,"header-thumb-height":533,"section-thumb":"https:\/\/www.bednar.com\/wp-content\/uploads\/aktuality\/2021\/cz\/im-betrieb-wird-die-drillmaschine-efecta-ce-von-einem-traktor-john-deere-8rx-410-geschleppt-800x480.jpg","section-thumb-width":800,"section-thumb-height":480,"news-thumb":"https:\/\/www.bednar.com\/wp-content\/uploads\/aktuality\/2021\/cz\/im-betrieb-wird-die-drillmaschine-efecta-ce-von-einem-traktor-john-deere-8rx-410-geschleppt-390x315.jpg","news-thumb-width":390,"news-thumb-height":315,"wpcf7-post-image":"https:\/\/www.bednar.com\/wp-content\/uploads\/aktuality\/2021\/cz\/im-betrieb-wird-die-drillmaschine-efecta-ce-von-einem-traktor-john-deere-8rx-410-geschleppt-80x80.jpg","wpcf7-post-image-width":80,"wpcf7-post-image-height":80}},{"ID":453809,"id":453809,"title":"Les quatre t\u00eates de distribution permettent un contr\u00f4le par sections de 3 m de largeur","filename":"the-four-distribution-heads-also-offer-a-seciton-control-function-for-each-3m-working-width.jpg","filesize":93709,"url":"https:\/\/www.bednar.com\/wp-content\/uploads\/aktuality\/2021\/cz\/the-four-distribution-heads-also-offer-a-seciton-control-function-for-each-3m-working-width.jpg","link":"https:\/\/www.bednar.com\/fr\/blog\/le-premier-semoir-efecta-ce-12000-travaille-depuis-2021-sur-les-terres-de-l%E2%80%99entreprise-kombinat-rolny-kietrz\/efecta-ce-12000_pl-2020-kietrz_j-deer_dji_0035_new_115pct-3\/","alt":"Les quatre t\u00eates de distribution permettent un contr\u00f4le par sections de 3 m de largeur","author":"2","description":"","caption":"","name":"efecta-ce-12000_pl-2020-kietrz_j-deer_dji_0035_new_115pct-3","status":"inherit","uploaded_to":453882,"date":"2022-03-02 11:15:40","modified":"2022-03-02 13:37:13","menu_order":0,"mime_type":"image\/jpeg","type":"image","subtype":"jpeg","icon":"https:\/\/www.bednar.com\/wp-includes\/images\/media\/default.png","width":800,"height":533,"sizes":{"thumbnail":"https:\/\/www.bednar.com\/wp-content\/uploads\/aktuality\/2021\/cz\/the-four-distribution-heads-also-offer-a-seciton-control-function-for-each-3m-working-width-280x185.jpg","thumbnail-width":280,"thumbnail-height":185,"medium":"https:\/\/www.bednar.com\/wp-content\/uploads\/aktuality\/2021\/cz\/the-four-distribution-heads-also-offer-a-seciton-control-function-for-each-3m-working-width-300x200.jpg","medium-width":300,"medium-height":200,"medium_large":"https:\/\/www.bednar.com\/wp-content\/uploads\/aktuality\/2021\/cz\/the-four-distribution-heads-also-offer-a-seciton-control-function-for-each-3m-working-width-768x512.jpg","medium_large-width":768,"medium_large-height":512,"large":"https:\/\/www.bednar.com\/wp-content\/uploads\/aktuality\/2021\/cz\/the-four-distribution-heads-also-offer-a-seciton-control-function-for-each-3m-working-width.jpg","large-width":800,"large-height":533,"1536x1536":"https:\/\/www.bednar.com\/wp-content\/uploads\/aktuality\/2021\/cz\/the-four-distribution-heads-also-offer-a-seciton-control-function-for-each-3m-working-width.jpg","1536x1536-width":800,"1536x1536-height":533,"2048x2048":"https:\/\/www.bednar.com\/wp-content\/uploads\/aktuality\/2021\/cz\/the-four-distribution-heads-also-offer-a-seciton-control-function-for-each-3m-working-width.jpg","2048x2048-width":800,"2048x2048-height":533,"header-thumb":"https:\/\/www.bednar.com\/wp-content\/uploads\/aktuality\/2021\/cz\/the-four-distribution-heads-also-offer-a-seciton-control-function-for-each-3m-working-width.jpg","header-thumb-width":800,"header-thumb-height":533,"section-thumb":"https:\/\/www.bednar.com\/wp-content\/uploads\/aktuality\/2021\/cz\/the-four-distribution-heads-also-offer-a-seciton-control-function-for-each-3m-working-width-800x480.jpg","section-thumb-width":800,"section-thumb-height":480,"news-thumb":"https:\/\/www.bednar.com\/wp-content\/uploads\/aktuality\/2021\/cz\/the-four-distribution-heads-also-offer-a-seciton-control-function-for-each-3m-working-width-390x315.jpg","news-thumb-width":390,"news-thumb-height":315,"wpcf7-post-image":"https:\/\/www.bednar.com\/wp-content\/uploads\/aktuality\/2021\/cz\/the-four-distribution-heads-also-offer-a-seciton-control-function-for-each-3m-working-width-80x80.jpg","wpcf7-post-image-width":80,"wpcf7-post-image-height":80}},{"ID":453823,"id":453823,"title":"Les quatre t\u00eates de distribution permettent un contr\u00f4le par sections de 3 m de largeur","filename":"boguslaw-grzywna-the-company-chief-agronomist-and-rafal-kleniewski-a-precision-agriculture-specialist.jpg","filesize":142073,"url":"https:\/\/www.bednar.com\/wp-content\/uploads\/aktuality\/2021\/cz\/boguslaw-grzywna-the-company-chief-agronomist-and-rafal-kleniewski-a-precision-agriculture-specialist.jpg","link":"https:\/\/www.bednar.com\/fr\/blog\/le-premier-semoir-efecta-ce-12000-travaille-depuis-2021-sur-les-terres-de-l%E2%80%99entreprise-kombinat-rolny-kietrz\/img_0432-2-2\/","alt":"Les quatre t\u00eates de distribution permettent un contr\u00f4le par sections de 3 m de largeur","author":"2","description":"","caption":"","name":"img_0432-2-2","status":"inherit","uploaded_to":453882,"date":"2022-03-02 11:15:58","modified":"2022-03-02 13:38:12","menu_order":0,"mime_type":"image\/jpeg","type":"image","subtype":"jpeg","icon":"https:\/\/www.bednar.com\/wp-includes\/images\/media\/default.png","width":1030,"height":700,"sizes":{"thumbnail":"https:\/\/www.bednar.com\/wp-content\/uploads\/aktuality\/2021\/cz\/boguslaw-grzywna-the-company-chief-agronomist-and-rafal-kleniewski-a-precision-agriculture-specialist-280x185.jpg","thumbnail-width":280,"thumbnail-height":185,"medium":"https:\/\/www.bednar.com\/wp-content\/uploads\/aktuality\/2021\/cz\/boguslaw-grzywna-the-company-chief-agronomist-and-rafal-kleniewski-a-precision-agriculture-specialist-300x204.jpg","medium-width":300,"medium-height":204,"medium_large":"https:\/\/www.bednar.com\/wp-content\/uploads\/aktuality\/2021\/cz\/boguslaw-grzywna-the-company-chief-agronomist-and-rafal-kleniewski-a-precision-agriculture-specialist-768x522.jpg","medium_large-width":768,"medium_large-height":522,"large":"https:\/\/www.bednar.com\/wp-content\/uploads\/aktuality\/2021\/cz\/boguslaw-grzywna-the-company-chief-agronomist-and-rafal-kleniewski-a-precision-agriculture-specialist-1024x696.jpg","large-width":1024,"large-height":696,"1536x1536":"https:\/\/www.bednar.com\/wp-content\/uploads\/aktuality\/2021\/cz\/boguslaw-grzywna-the-company-chief-agronomist-and-rafal-kleniewski-a-precision-agriculture-specialist.jpg","1536x1536-width":1030,"1536x1536-height":700,"2048x2048":"https:\/\/www.bednar.com\/wp-content\/uploads\/aktuality\/2021\/cz\/boguslaw-grzywna-the-company-chief-agronomist-and-rafal-kleniewski-a-precision-agriculture-specialist.jpg","2048x2048-width":1030,"2048x2048-height":700,"header-thumb":"https:\/\/www.bednar.com\/wp-content\/uploads\/aktuality\/2021\/cz\/boguslaw-grzywna-the-company-chief-agronomist-and-rafal-kleniewski-a-precision-agriculture-specialist.jpg","header-thumb-width":1030,"header-thumb-height":700,"section-thumb":"https:\/\/www.bednar.com\/wp-content\/uploads\/aktuality\/2021\/cz\/boguslaw-grzywna-the-company-chief-agronomist-and-rafal-kleniewski-a-precision-agriculture-specialist-860x480.jpg","section-thumb-width":860,"section-thumb-height":480,"news-thumb":"https:\/\/www.bednar.com\/wp-content\/uploads\/aktuality\/2021\/cz\/boguslaw-grzywna-the-company-chief-agronomist-and-rafal-kleniewski-a-precision-agriculture-specialist-390x315.jpg","news-thumb-width":390,"news-thumb-height":315,"wpcf7-post-image":"https:\/\/www.bednar.com\/wp-content\/uploads\/aktuality\/2021\/cz\/boguslaw-grzywna-the-company-chief-agronomist-and-rafal-kleniewski-a-precision-agriculture-specialist-80x80.jpg","wpcf7-post-image-width":80,"wpcf7-post-image-height":80}}]},{"acf_fc_layout":"section-news-slider-inpost","post-id":false,"disable-slider":false}],"nav-main-cat":false,"nav-sub-cat":false,"_aviaLayoutBuilderCleanData":"","page-type":"other","pageGroup":"","post-new-website":true},"_links":{"self":[{"href":"https:\/\/www.bednar.com\/fr\/wp-json\/wp\/v2\/posts\/453882","targetHints":{"allow":["GET"]}}],"collection":[{"href":"https:\/\/www.bednar.com\/fr\/wp-json\/wp\/v2\/posts"}],"about":[{"href":"https:\/\/www.bednar.com\/fr\/wp-json\/wp\/v2\/types\/post"}],"author":[{"embeddable":true,"href":"https:\/\/www.bednar.com\/fr\/wp-json\/wp\/v2\/users\/2"}],"replies":[{"embeddable":true,"href":"https:\/\/www.bednar.com\/fr\/wp-json\/wp\/v2\/comments?post=453882"}],"version-history":[{"count":4,"href":"https:\/\/www.bednar.com\/fr\/wp-json\/wp\/v2\/posts\/453882\/revisions"}],"predecessor-version":[{"id":453912,"href":"https:\/\/www.bednar.com\/fr\/wp-json\/wp\/v2\/posts\/453882\/revisions\/453912"}],"wp:featuredmedia":[{"embeddable":true,"href":"https:\/\/www.bednar.com\/fr\/wp-json\/wp\/v2\/media\/453823"}],"wp:attachment":[{"href":"https:\/\/www.bednar.com\/fr\/wp-json\/wp\/v2\/media?parent=453882"}],"wp:term":[{"taxonomy":"category","embeddable":true,"href":"https:\/\/www.bednar.com\/fr\/wp-json\/wp\/v2\/categories?post=453882"},{"taxonomy":"post_tag","embeddable":true,"href":"https:\/\/www.bednar.com\/fr\/wp-json\/wp\/v2\/tags?post=453882"}],"curies":[{"name":"wp","href":"https:\/\/api.w.org\/{rel}","templated":true}]}}