{"id":373245,"date":"2021-05-20T00:00:00","date_gmt":"2021-05-19T22:00:00","guid":{"rendered":"https:\/\/www.bednar.com\/blog\/les-compacteurs-swifter-so_f-sont-les-preferes-des-agriculteurs"},"modified":"2021-11-10T17:05:53","modified_gmt":"2021-11-10T16:05:53","slug":"les-compacteurs-swifter-so_f-sont-les-preferes-des-agriculteurs","status":"publish","type":"post","link":"https:\/\/www.bednar.com\/fr\/blog\/les-compacteurs-swifter-so_f-sont-les-preferes-des-agriculteurs\/","title":{"rendered":"Les compacteurs SWIFTER SO_F sont les pr\u00e9f\u00e9r\u00e9s des agriculteurs"},"content":{"rendered":"\n<div class=\"post-section\" style=\"background-image: url();\"><\/div>\n<div class=\"one-full-section\">\n\n<p><\/div><div class=\"hr-section\"><\/div><\/p>\n<div class=\"post-section\" style=\"background-image: url();\">\n\n<p><\/div><p class=\"awesome-textblock\"><\/p>\n<h2>Les compacteurs avant les semis sont un outil de plus en plus populaire qui est utilis\u00e9 pour parfaitement pr\u00e9parer le lit de semences en un seul passage. Ils sont le plus souvent utilis\u00e9s dans des syst\u00e8mes de production agricole classique o\u00f9 la terre est labour\u00e9e, mais ils trouveront aussi leurs applications dans les syst\u00e8mes minimisants, par exemple apr\u00e8s que le sol aura \u00e9t\u00e9 travaill\u00e9 en profondeur \u00e0 l\u2019aide d\u2019un d\u00e9compacteur \u00e0 dents TERRALAND.<\/h2>\n<p><\/p><\/p>\n<div class=\"hr-section\"><\/div>\n<div class=\"av-video\"><iframe loading=\"lazy\" width=\"100%\" height=\"800\" src=\"https:\/\/www.youtube.com\/embed\/Zw1uX98myic\" title=\"YouTube video player\" frameborder=\"0\" allow=\"accelerometer; autoplay; clipboard-write; encrypted-media; gyroscope; picture-in-picture\" allowfullscreen><\/iframe><\/div>\n<div class=\"hr-section\"><\/div>\n<p class=\"\"><br \/>\nLes compacteurs de la gamme de mod\u00e8les <a href=\"\/?page_id=22111\" target=\"_blank\" rel=\"noopener noreferrer\"><span style=\"text-decoration: underline;\">SWIFTER SO_F<\/span><\/a> sont disponibles dans des largeurs de 4 \u00e0 8\u00a0m\u00e8tres et ce, sous cinq mod\u00e8les diff\u00e9rents. Ils sont populaires aupr\u00e8s des clients en raison de leur robustesse, de leur timon de traction hydraulique propos\u00e9 en standard et de leur syst\u00e8me modulaire qui permet de s\u00e9lectionner parmi diverses variantes des diff\u00e9rents organes de travail de la machine.<br \/>\n<\/p>\n<div class=\"hr-section\"><\/div>\n<h2>Le plus grand mod\u00e8le de la gamme SWIFTER SO_F est utilis\u00e9 par l\u2019entreprise ZOD Agro Dlouh\u00e1 Lou\u010dka<\/h2>\n<p class=\"\"><br \/>\n<em>\u00ab\u00a0Nous achetons des machines de grande largeur car nous manquons de main d\u2019<\/em><em>\u0153<\/em><em>uvre\u00a0\u00bb <\/em>indique Monsieur Miroslav Dibl\u00edk, agronome de l\u2019entreprise ZOD Agro Dlouh\u00e1 Lou\u010dka qui, en 2020, a achet\u00e9 un compacteur avant les semis <a href=\"\/?page_id=22111\" target=\"_blank\" rel=\"noopener noreferrer\"><span style=\"text-decoration: underline;\">SWIFTER SO 8000 F<\/span><\/a> de 8 m\u00e8tres de large. La soci\u00e9t\u00e9 anonyme ZOD Agro Dlouh\u00e1 Lou\u010dka g\u00e8re une superficie de 1305 hectares. Il s\u2019agit d\u2019une entreprise agricole classique qui a une production v\u00e9g\u00e9tale et qui a \u00e9galement une importante production animale puisqu\u2019ils \u00e9l\u00e8vent du b\u00e9tail de race Holstein et qu\u2019ils engraissent des taureaux.<br \/>\n<\/p>\n<div class=\"one-half-section\">\n<img decoding=\"async\" src=\"https:\/\/news.bednar.com\/wp-content\/uploads\/2021\/04\/IMG_7172.jpg\" alt=\"\">\n<div class=\"hr-section\"><\/div>\n<p class=\"text-block-grey text-block-equal-height2\"><br \/>\n<em>Le nouveau compacteur SWIFTER SO 8000 F durant la pr\u00e9paration printani\u00e8re du sol avant les semis d\u2019orge printanier.<\/em><br \/>\n<\/p>\n<p><\/div><div class=\"one-half-section\"><\/p>\n<img decoding=\"async\" src=\"https:\/\/news.bednar.com\/wp-content\/uploads\/2021\/04\/IMG_7151.jpg\" alt=\"\">\n<div class=\"hr-section\"><\/div>\n<p class=\"text-block-grey text-block-equal-height2\"><br \/>\n<em>Dans cette entreprise, ils ont opt\u00e9 pour une solution \u00e9prouv\u00e9e \u2013 un mod\u00e8le SWIFTER SO_F d\u2019une largeur de 8\u00a0m\u00e8tres.<\/em><br \/>\n<\/p>\n<p><\/div><div class=\"hr-section\"><\/div><\/p>\n<p class=\"\"><br \/>\n<em>\u00ab\u00a0Dans le cadre de la production v\u00e9g\u00e9tale, nous nous consacrons \u00e0 la culture des plantes du march\u00e9 \u2013 principalement de l\u2019orge \u00e0 malt, du bl\u00e9 alimentaire, de la betterave et du colza. Nous cultivons aussi du bl\u00e9 d\u2019hiver et de l\u2019orge printanier pour leurs graines que nous fournissons \u00e0 des soci\u00e9t\u00e9s productrices de semences. Pour les besoins de notre production animale, nous cultivons des fourrages volumineux \u2013du ma\u00efs \u00e0 ensiler et de la luzerne. Chez nous, les sols sont tr\u00e8s vari\u00e9s, ils vont des terres sableuses \u00e0 des terres lourdes et argileuses\u00a0\u00bb <\/em>nous explique Monsieur Dibl\u00edk.<br \/>\n<\/p>\n<div class=\"hr-section\"><\/div>\n<h2>Ils ont d\u00fb remplacer leur ancien compacteur<\/h2>\n<p class=\"\"><br \/>\nAu sein de l\u2019entreprise ZOD Agro Dlouh\u00e1 Lou\u010dka, ils se sont d\u00e9cid\u00e9s \u00e0 acheter un compacteur de la marque BEDNAR sur la base d\u2019une d\u00e9monstration ant\u00e9rieure. Ils devaient en effet remplacer leur ancien compacteur qui \u00e9tait moins large et ils ont eu en pr\u00eat un compacteur de la m\u00eame configuration et de la m\u00eame largeur. <em>\u00ab\u00a0Le compacteur a fait un excellent travail, le travail qu\u2019il avait r\u00e9alis\u00e9 nous a plu et il est donc revenu chez nous pour de bon. La pr\u00e9paration du sol est importante pour moi afin que la lev\u00e9e soit bonne et que les couverts soient de bonne qualit\u00e9. Le compacteur nivelle le champ et pr\u00e9pare parfaitement le lit de semences\u00a0\u00bb <\/em>ajoute l\u2019agronome de l\u2019entreprise.<br \/>\n<\/p>\n<div class=\"one-half-section\">\n<img decoding=\"async\" src=\"https:\/\/news.bednar.com\/wp-content\/uploads\/2021\/04\/IMG_7230.jpg\" alt=\"\">\n<div class=\"hr-section\"><\/div>\n<p class=\"text-block-grey text-block-equal-height3\"><br \/>\n<em>Monsieur Zden\u011bk Hor\u00e1k, op\u00e9rateur, appr\u00e9cie principalement la simplicit\u00e9 de la machine et ses faibles exigences en termes de maintenance.<\/em><br \/>\n<\/p>\n<p><\/div><div class=\"one-half-section\"><\/p>\n<img decoding=\"async\" src=\"https:\/\/news.bednar.com\/wp-content\/uploads\/2021\/04\/IMG_7134.jpg\" alt=\"\">\n<div class=\"hr-section\"><\/div>\n<p class=\"text-block-grey text-block-equal-height3\"><br \/>\n<em>Une solution technique int\u00e9ressante sous forme de ressort de compression qui \u00e9limine le jeu entre les diff\u00e9rents segments.<\/em><br \/>\n<\/p>\n<p><\/div><div class=\"hr-section\"><\/div><\/p>\n<h2>Les op\u00e9rateurs appr\u00e9cient de travailler avec ce compacteur<\/h2>\n<p class=\"\"><br \/>\n<em>\u00ab\u00a0Le travail r\u00e9alis\u00e9 par le compacteur est de tr\u00e8s bonne qualit\u00e9. De mon point de vue d\u2019op\u00e9rateur, j\u2019appr\u00e9cie principalement sa simplicit\u00e9, le minimum d\u2019exigences en termes de maintenance et les rendements journaliers tr\u00e8s \u00e9lev\u00e9s\u00a0\u00bb <\/em>indique Monsieur Zden\u011bk Hor\u00e1k en parlant de la machine. Nous avons retrouv\u00e9 notre compacteur SWIFTER attel\u00e9 \u00e0 un nouveau tracteur John Deere 7R 330. En combinaison avec ce tracteur, l\u2019attelage travaille \u00e0 une vitesse de 11,5 km\/heure \u00e0 1850 tours\/min. La consommation moyenne oscille autour de 5,7 l\/ha pour un rendement de 7,8 ha\/heure.<br \/>\n<\/p>\n<div class=\"hr-section\"><\/div>\n<h2>Le mod\u00e8le SO 6000 F pr\u00e9pare le sol pour la coop\u00e9rative Morava Pustim\u011b\u0159<\/h2>\n<p class=\"\"><br \/>\nDans le cadre des visites que nous rendons \u00e0 nos clients, nous sommes all\u00e9s \u00e0 la rencontre du compacteur BEDNAR SWIFTER SO 6000 F de 6 m\u00e8tres utilis\u00e9 par la coop\u00e9rative Morava Pustim\u011b\u0159. Nous y avons rencontr\u00e9 Monsieur Franti\u0161ek \u0160ark\u00f6zi, op\u00e9rateur, qui nous a fait part de son exp\u00e9rience de cette machine.<br \/>\n<\/p>\n<div class=\"hr-section\"><\/div>\n<div class=\"av-video\"><iframe loading=\"lazy\" width=\"100%\" height=\"800\" src=\"https:\/\/www.youtube.com\/embed\/7_4IUokDvuA\" title=\"YouTube video player\" frameborder=\"0\" allow=\"accelerometer; autoplay; clipboard-write; encrypted-media; gyroscope; picture-in-picture\" allowfullscreen><\/iframe><\/div>\n<div class=\"hr-section\"><\/div>\n<p class=\"\"><\/p>\n<p style=\"text-align: right;\">JOY OF FARMING.<br \/>\n<a href=\"mailto:marketing@bednar.com\">marketing@bednar.com<\/a><br \/>\nBEDNAR FMT s.r.o.<br \/>\n<\/p>\n<h2>FOTO<\/h2>\n<div class=\"hr-section\"><\/div>\n\n        <div class=\"gallery\">\n\n            <ul>\n\n                \n                    <li>\n\n                        <a href=\"http:\/\/news.bednar.com\/wp-content\/uploads\/2021\/04\/IMG_7172.jpg\" target=\"_blank\" rel=\"noopener\"><img decoding=\"async\" src=\"http:\/\/news.bednar.com\/wp-content\/uploads\/2021\/04\/IMG_7172.jpg\" alt=\"\"><\/a>\n\n                    <\/li>\n\n                    \n                    <li>\n\n                        <a href=\"http:\/\/news.bednar.com\/wp-content\/uploads\/2021\/04\/IMG_7151.jpg\" target=\"_blank\" rel=\"noopener\"><img decoding=\"async\" src=\"http:\/\/news.bednar.com\/wp-content\/uploads\/2021\/04\/IMG_7151.jpg\" alt=\"\"><\/a>\n\n                    <\/li>\n\n                    \n                    <li>\n\n                        <a href=\"http:\/\/news.bednar.com\/wp-content\/uploads\/2021\/04\/IMG_7230.jpg\" target=\"_blank\" rel=\"noopener\"><img decoding=\"async\" src=\"http:\/\/news.bednar.com\/wp-content\/uploads\/2021\/04\/IMG_7230.jpg\" alt=\"\"><\/a>\n\n                    <\/li>\n\n                    \n                    <li>\n\n                        <a href=\"http:\/\/news.bednar.com\/wp-content\/uploads\/2021\/04\/IMG_7134.jpg\" target=\"_blank\" rel=\"noopener\"><img decoding=\"async\" src=\"http:\/\/news.bednar.com\/wp-content\/uploads\/2021\/04\/IMG_7134.jpg\" alt=\"\"><\/a>\n\n                    <\/li>\n\n                    \n            <\/ul>\n\n        <\/div>\n\n        \n\n<p class=\"\"><br \/>\n<br \/>\n<\/p>\n\n","protected":false},"excerpt":{"rendered":"<p>Les compacteurs avant les semis sont un outil de plus en plus populaire qui est utilis\u00e9 pour parfaitement pr\u00e9parer le lit de semences en un seul passage. Ils sont le plus souvent utilis\u00e9s dans des syst\u00e8mes de production agricole classique o\u00f9 la terre est labour\u00e9e, mais ils trouveront aussi leurs applications dans les syst\u00e8mes minimisants, par exemple apr\u00e8s que le sol aura \u00e9t\u00e9 travaill\u00e9 en profondeur \u00e0 l\u2019aide d\u2019un d\u00e9compacteur \u00e0 dents TERRALAND.<\/p>\n","protected":false},"author":1,"featured_media":350880,"comment_status":"open","ping_status":"open","sticky":false,"template":"","format":"standard","meta":{"_acf_changed":false,"footnotes":""},"categories":[79,526],"tags":[],"class_list":["post-373245","post","type-post","status-publish","format-standard","has-post-thumbnail","hentry","category-non-classifiee","category-swifter-so_f-2"],"acf":{"item-bg":false,"item-bg_kop\u00edrovat":false,"item-bg-mobile":false,"item-youtube":"","item-title":"","fixed-title":"","item-desc":"","item-mach-desc":"","item-mach-config":"","item-mach-down":"","item-align":false,"item-code":"","google-map":"","disable-header":false,"main-content":false,"nav-main-cat":false,"nav-sub-cat":false,"_aviaLayoutBuilderCleanData":"[av_horizontal_gallery ids='322618,322602,322650,322570,322586,322634' height='20' size='gallery' gap='1px' active='' initial='2' control_layout='av-control-minimal' links='no_links' link_dest='' lightbox_text='' lazy_loading='disabled' av-small-hide='aviaTBav-small-hide' av-mini-hide='aviaTBav-mini-hide' id='' custom_class='' template_class='' av_uid='av-jiaer0cm' sc_version='1.0'][\/av_horizontal_gallery]\r\n\r\n[av_section min_height='' min_height_px='500px' padding='default' shadow='no-border-styling' bottom_border='no-border-styling' bottom_border_diagonal_color='#333333' bottom_border_diagonal_direction='' bottom_border_style='' custom_margin='0px' custom_margin_sync='true' custom_arrow_bg='' id='' color='main_color' background='bg_color' custom_bg='' background_gradient_color1='' background_gradient_color2='' background_gradient_direction='vertical' src='' attachment='' attachment_size='' attach='scroll' position='top left' repeat='no-repeat' video='' video_ratio='16:9' overlay_opacity='0.5' overlay_color='' overlay_pattern='' overlay_custom_pattern='' av_element_hidden_in_editor='0' av_uid='av-jpbe7r71' custom_class='no-height'][\/av_section]\r\n\r\n[av_one_full first min_height='av-equal-height-column' vertical_alignment='av-align-middle' space='' margin='0px' margin_sync='true' row_boxshadow_color='' row_boxshadow_width='10' link='' linktarget='' link_hover='' padding='0px' padding_sync='true' highlight_size='1.1' border='' border_color='' radius='0px' radius_sync='true' column_boxshadow_color='' column_boxshadow_width='10' background='bg_color' background_color='' background_gradient_color1='' background_gradient_color2='' background_gradient_direction='vertical' src='' attachment='' attachment_size='' background_position='top left' background_repeat='no-repeat' animation='' mobile_breaking='' mobile_display='' av_uid='av-jnpqbee2' custom_class='heading-top']\r\n\r\n[av_heading heading='NOUVEAUT\u00c9S' tag='h1' style='blockquote modern-quote' subheading_active='' show_icon='' icon='ue800' font='entypo-fontello' size='28' av-medium-font-size-title='' av-small-font-size-title='' av-mini-font-size-title='' subheading_size='15' av-medium-font-size='' av-small-font-size='' av-mini-font-size='' icon_size='' av-medium-font-size-1='' av-small-font-size-1='' av-mini-font-size-1='' color='' custom_font='' icon_color='' margin='' margin_sync='true' padding='10' icon_padding='10' link='manually,http:\/\/' link_target='' id='' custom_class='' template_class='' av_uid='av-sc2r9ch' sc_version='1.0' admin_preview_bg=''][\/av_heading]\r\n\r\n[\/av_one_full][av_hr class='invisible' height='-50' shadow='no-shadow' position='center' custom_border='av-border-thin' custom_width='50px' custom_border_color='' custom_margin_top='30px' custom_margin_bottom='30px' icon_select='yes' custom_icon_color='' icon='ue808' font='entypo-fontello' av-desktop-hide='aviaTBav-desktop-hide' av-medium-hide='aviaTBav-medium-hide' av_uid='av-juc9h79v' custom_class='' admin_preview_bg='']\r\n\r\n[av_section min_height='' min_height_px='500px' padding='small' shadow='no-border-styling' bottom_border='no-border-styling' bottom_border_diagonal_color='#333333' bottom_border_diagonal_direction='' bottom_border_style='' custom_margin='0px' custom_margin_sync='true' custom_arrow_bg='' id='' color='main_color' background='bg_color' custom_bg='#f2f2f2' background_gradient_color1='' background_gradient_color2='' background_gradient_direction='vertical' src='' attachment='' attachment_size='' attach='scroll' position='top left' repeat='no-repeat' video='' video_ratio='16:9' overlay_opacity='0.5' overlay_color='' overlay_pattern='' overlay_custom_pattern='' av_element_hidden_in_editor='0' av_uid='av-jpl2rihg' custom_class='']\r\n\r\n[av_heading heading='Les compacteurs SWIFTER SO_F sont les pr\u00e9f\u00e9r\u00e9s des agriculteurs' tag='h1' style='blockquote modern-quote' subheading_active='' show_icon='' icon='ue800' font='' size='24' av-medium-font-size-title='' av-small-font-size-title='' av-mini-font-size-title='' subheading_size='15' av-medium-font-size='' av-small-font-size='' av-mini-font-size='' icon_size='' av-medium-font-size-1='' av-small-font-size-1='' av-mini-font-size-1='' color='' custom_font='' icon_color='' margin='' margin_sync='true' padding='10' icon_padding='10' link='manually,http:\/\/' link_target='' id='' custom_class='' template_class='' av_uid='av-kljhdb98' sc_version='1.0' admin_preview_bg=''][\/av_heading]\r\n\r\n[\/av_section][av_textblock size='' av-medium-font-size='' av-small-font-size='' av-mini-font-size='' font_color='' color='' id='' custom_class='awesome-textblock' template_class='' av_uid='av-7st7' sc_version='1.0' admin_preview_bg='']\r\n<h2>Les compacteurs avant les semis sont un outil de plus en plus populaire qui est utilis\u00e9 pour parfaitement pr\u00e9parer le lit de semences en un seul passage. Ils sont le plus souvent utilis\u00e9s dans des syst\u00e8mes de production agricole classique o\u00f9 la terre est labour\u00e9e, mais ils trouveront aussi leurs applications dans les syst\u00e8mes minimisants, par exemple apr\u00e8s que le sol aura \u00e9t\u00e9 travaill\u00e9 en profondeur \u00e0 l\u2019aide d\u2019un d\u00e9compacteur \u00e0 dents TERRALAND.<\/h2>\r\n[\/av_textblock]\r\n\r\n[av_hr class='invisible' height='15' shadow='no-shadow' position='center' custom_border='av-border-thin' custom_width='50px' custom_border_color='' custom_margin_top='30px' custom_margin_bottom='30px' icon_select='yes' custom_icon_color='' icon='ue808' font='entypo-fontello' av_uid='av-jnppiwll' custom_class='' admin_preview_bg='']\r\n\r\n[av_video src='https:\/\/www.youtube.com\/watch?v=Zw1uX98myic' mobile_image='' attachment='' attachment_size='' format='16-9' width='16' height='9' conditional_play='' id='' custom_class='' template_class='' av_uid='av-klji7ouw' sc_version='1.0']\r\n\r\n[av_hr class='invisible' height='15' shadow='no-shadow' position='center' custom_border='av-border-thin' custom_width='50px' custom_border_color='' custom_margin_top='30px' custom_margin_bottom='30px' icon_select='yes' custom_icon_color='' icon='ue808' font='entypo-fontello' av_uid='av-l7hn2vc' custom_class='' admin_preview_bg='']\r\n\r\n[av_textblock size='' av-medium-font-size='' av-small-font-size='' av-mini-font-size='' font_color='' color='' id='' custom_class='' template_class='' av_uid='av-jiadqhq3' sc_version='1.0' admin_preview_bg='']\r\nLes compacteurs de la gamme de mod\u00e8les <a href=\"https:\/\/www.bednar.com\/fr\/swifter-so_f\/\" target=\"_blank\" rel=\"noopener noreferrer\"><span style=\"text-decoration: underline;\">SWIFTER SO_F<\/span><\/a> sont disponibles dans des largeurs de 4 \u00e0 8\u00a0m\u00e8tres et ce, sous cinq mod\u00e8les diff\u00e9rents. Ils sont populaires aupr\u00e8s des clients en raison de leur robustesse, de leur timon de traction hydraulique propos\u00e9 en standard et de leur syst\u00e8me modulaire qui permet de s\u00e9lectionner parmi diverses variantes des diff\u00e9rents organes de travail de la machine.\r\n[\/av_textblock]\r\n\r\n[av_hr class='invisible' height='15' shadow='no-shadow' position='center' custom_border='av-border-thin' custom_width='50px' custom_border_color='' custom_margin_top='30px' custom_margin_bottom='30px' icon_select='yes' custom_icon_color='' icon='ue808' font='entypo-fontello' av_uid='av-jnppiwll' custom_class='' admin_preview_bg='']\r\n\r\n[av_heading heading='Le plus grand mod\u00e8le de la gamme SWIFTER SO_F est utilis\u00e9 par l\u2019entreprise ZOD Agro Dlouh\u00e1 Lou\u010dka' tag='h2' style='blockquote modern-quote' subheading_active='' show_icon='' icon='ue800' font='' size='' av-medium-font-size-title='' av-small-font-size-title='' av-mini-font-size-title='' subheading_size='15' av-medium-font-size='' av-small-font-size='' av-mini-font-size='' icon_size='' av-medium-font-size-1='' av-small-font-size-1='' av-mini-font-size-1='' color='' custom_font='' icon_color='' margin='' margin_sync='true' padding='10' icon_padding='10' link='manually,http:\/\/' link_target='' id='' custom_class='' template_class='' av_uid='av-m3tlfgg' sc_version='1.0' admin_preview_bg=''][\/av_heading]\r\n\r\n[av_textblock size='' av-medium-font-size='' av-small-font-size='' av-mini-font-size='' font_color='' color='' id='' custom_class='' template_class='' av_uid='av-ko16l74z' sc_version='1.0' admin_preview_bg='']\r\n<em>\u00ab\u00a0Nous achetons des machines de grande largeur car nous manquons de main d\u2019<\/em><em>\u0153<\/em><em>uvre\u00a0\u00bb <\/em>indique Monsieur Miroslav Dibl\u00edk, agronome de l\u2019entreprise ZOD Agro Dlouh\u00e1 Lou\u010dka qui, en 2020, a achet\u00e9 un compacteur avant les semis <a href=\"https:\/\/www.bednar.com\/fr\/swifter-so_f\/\"_blank\" rel=\"noopener noreferrer\"><span style=\"text-decoration: underline;\">SWIFTER SO 8000 F<\/span><\/a> de 8 m\u00e8tres de large. La soci\u00e9t\u00e9 anonyme ZOD Agro Dlouh\u00e1 Lou\u010dka g\u00e8re une superficie de 1305 hectares. Il s\u2019agit d\u2019une entreprise agricole classique qui a une production v\u00e9g\u00e9tale et qui a \u00e9galement une importante production animale puisqu\u2019ils \u00e9l\u00e8vent du b\u00e9tail de race Holstein et qu\u2019ils engraissent des taureaux.\r\n[\/av_textblock]\r\n\r\n[av_one_half first min_height='' vertical_alignment='av-align-top' space='' margin='0px' margin_sync='true' row_boxshadow_color='' row_boxshadow_width='10' link='' linktarget='' link_hover='' padding='0px' padding_sync='true' highlight_size='1.1' border='' border_color='' radius='0px' radius_sync='true' column_boxshadow_color='' column_boxshadow_width='10' background='bg_color' background_color='' background_gradient_color1='' background_gradient_color2='' background_gradient_direction='vertical' src='' attachment='' attachment_size='' background_position='top left' background_repeat='no-repeat' animation='' mobile_breaking='' mobile_display='' av_uid='av-3zej' custom_class='one-half-small-gap']\r\n\r\n[av_image src='http:\/\/news.bednar.com\/wp-content\/uploads\/2021\/04\/IMG_7172.jpg' attachment='322618' attachment_size='full' align='center' styling='' hover='' link='lightbox' target='' caption='' font_size='' appearance='' overlay_opacity='0.4' overlay_color='#000000' overlay_text_color='#ffffff' copyright='' animation='no-animation' custom_class='' template_class='' av_uid='av-jiadkrth' sc_version='1.0' admin_preview_bg=''][\/av_image]\r\n\r\n[av_hr class='invisible' height='-20' shadow='no-shadow' position='center' custom_border='av-border-thin' custom_width='50px' custom_border_color='' custom_margin_top='30px' custom_margin_bottom='30px' icon_select='yes' custom_icon_color='' icon='ue808' font='entypo-fontello' av_uid='av-jnpphuxr' custom_class='' admin_preview_bg='']\r\n\r\n[av_textblock size='' av-medium-font-size='' av-small-font-size='' av-mini-font-size='' font_color='' color='' id='' custom_class='text-block-grey text-block-equal-height2' template_class='' av_uid='av-jiae58od' sc_version='1.0' admin_preview_bg='']\r\n<em>Le nouveau compacteur SWIFTER SO 8000 F durant la pr\u00e9paration printani\u00e8re du sol avant les semis d\u2019orge printanier.<\/em>\r\n[\/av_textblock]\r\n\r\n[\/av_one_half][av_one_half min_height='' vertical_alignment='av-align-top' space='' margin='0px' margin_sync='true' row_boxshadow_color='' row_boxshadow_width='10' link='' linktarget='' link_hover='' padding='0px' padding_sync='true' highlight_size='1.1' border='' border_color='' radius='0px' radius_sync='true' column_boxshadow_color='' column_boxshadow_width='10' background='bg_color' background_color='' background_gradient_color1='' background_gradient_color2='' background_gradient_direction='vertical' src='' attachment='' attachment_size='' background_position='top left' background_repeat='no-repeat' animation='' mobile_breaking='' mobile_display='' av_uid='av-ejb0rc5' custom_class='one-half-small-gap']\r\n\r\n[av_image src='http:\/\/news.bednar.com\/wp-content\/uploads\/2021\/04\/IMG_7151.jpg' attachment='322602' attachment_size='full' align='center' styling='' hover='' link='lightbox' target='' caption='' font_size='' appearance='' overlay_opacity='0.4' overlay_color='#000000' overlay_text_color='#ffffff' copyright='' animation='no-animation' custom_class='' template_class='' av_uid='av-b95o1np' sc_version='1.0' admin_preview_bg=''][\/av_image]\r\n\r\n[av_hr class='invisible' height='-20' shadow='no-shadow' position='center' custom_border='av-border-thin' custom_width='50px' custom_border_color='' custom_margin_top='30px' custom_margin_bottom='30px' icon_select='yes' custom_icon_color='' icon='ue808' font='entypo-fontello' av_uid='av-843ouat' custom_class='' admin_preview_bg='']\r\n\r\n[av_textblock size='' av-medium-font-size='' av-small-font-size='' av-mini-font-size='' font_color='' color='' id='' custom_class='text-block-grey text-block-equal-height2' template_class='' av_uid='av-kmykg0er' sc_version='1.0' admin_preview_bg='']\r\n<em>Dans cette entreprise, ils ont opt\u00e9 pour une solution \u00e9prouv\u00e9e \u2013 un mod\u00e8le SWIFTER SO_F d\u2019une largeur de 8\u00a0m\u00e8tres.<\/em>\r\n[\/av_textblock]\r\n\r\n[\/av_one_half][av_hr class='invisible' icon_select='yes' icon='ue808' font='entypo-fontello' position='center' shadow='no-shadow' height='40' custom_border='av-border-thin' custom_width='50px' custom_margin_top='30px' custom_margin_bottom='30px' custom_border_color='' custom_icon_color='' id='' custom_class='' av_uid='av-jnppiwll' admin_preview_bg='']\r\n\r\n[av_textblock size='' av-medium-font-size='' av-small-font-size='' av-mini-font-size='' font_color='' color='' id='' custom_class='' template_class='' av_uid='av-jiadqhq3' sc_version='1.0' admin_preview_bg='']\r\n<em>\u00ab\u00a0Dans le cadre de la production v\u00e9g\u00e9tale, nous nous consacrons \u00e0 la culture des plantes du march\u00e9 \u2013 principalement de l\u2019orge \u00e0 malt, du bl\u00e9 alimentaire, de la betterave et du colza. Nous cultivons aussi du bl\u00e9 d\u2019hiver et de l\u2019orge printanier pour leurs graines que nous fournissons \u00e0 des soci\u00e9t\u00e9s productrices de semences. Pour les besoins de notre production animale, nous cultivons des fourrages volumineux \u2013du ma\u00efs \u00e0 ensiler et de la luzerne. Chez nous, les sols sont tr\u00e8s vari\u00e9s, ils vont des terres sableuses \u00e0 des terres lourdes et argileuses\u00a0\u00bb <\/em>nous explique Monsieur Dibl\u00edk.\r\n[\/av_textblock]\r\n\r\n[av_hr class='invisible' icon_select='yes' icon='ue808' font='entypo-fontello' position='center' shadow='no-shadow' height='15' custom_border='av-border-thin' custom_width='50px' custom_margin_top='30px' custom_margin_bottom='30px' custom_border_color='' custom_icon_color='' id='' custom_class='' template_class='' av_uid='av-gu9f2q0' sc_version='1.0' admin_preview_bg='']\r\n\r\n[av_heading heading='Ils ont d\u00fb remplacer leur ancien compacteur' tag='h2' style='blockquote modern-quote' subheading_active='' show_icon='' icon='ue800' font='' size='' av-medium-font-size-title='' av-small-font-size-title='' av-mini-font-size-title='' subheading_size='15' av-medium-font-size='' av-small-font-size='' av-mini-font-size='' icon_size='' av-medium-font-size-1='' av-small-font-size-1='' av-mini-font-size-1='' color='' custom_font='' icon_color='' margin='' margin_sync='true' padding='10' icon_padding='10' link='manually,http:\/\/' link_target='' id='' custom_class='' template_class='' av_uid='av-kmykg9qd' sc_version='1.0' admin_preview_bg=''][\/av_heading]\r\n\r\n[av_textblock size='' av-medium-font-size='' av-small-font-size='' av-mini-font-size='' font_color='' color='' id='' custom_class='' template_class='' av_uid='av-ko16mlxt' sc_version='1.0' admin_preview_bg='']\r\nAu sein de l\u2019entreprise ZOD Agro Dlouh\u00e1 Lou\u010dka, ils se sont d\u00e9cid\u00e9s \u00e0 acheter un compacteur de la marque BEDNAR sur la base d\u2019une d\u00e9monstration ant\u00e9rieure. Ils devaient en effet remplacer leur ancien compacteur qui \u00e9tait moins large et ils ont eu en pr\u00eat un compacteur de la m\u00eame configuration et de la m\u00eame largeur. <em>\u00ab\u00a0Le compacteur a fait un excellent travail, le travail qu\u2019il avait r\u00e9alis\u00e9 nous a plu et il est donc revenu chez nous pour de bon. La pr\u00e9paration du sol est importante pour moi afin que la lev\u00e9e soit bonne et que les couverts soient de bonne qualit\u00e9. Le compacteur nivelle le champ et pr\u00e9pare parfaitement le lit de semences\u00a0\u00bb <\/em>ajoute l\u2019agronome de l\u2019entreprise.\r\n[\/av_textblock]\r\n\r\n[av_one_half first min_height='' vertical_alignment='av-align-top' space='' margin='0px' margin_sync='true' row_boxshadow_color='' row_boxshadow_width='10' link='' linktarget='' link_hover='' padding='0px' padding_sync='true' highlight_size='1.1' border='' border_color='' radius='0px' radius_sync='true' column_boxshadow_color='' column_boxshadow_width='10' background='bg_color' background_color='' background_gradient_color1='' background_gradient_color2='' background_gradient_direction='vertical' src='' attachment='' attachment_size='' background_position='top left' background_repeat='no-repeat' animation='' mobile_breaking='' mobile_display='' av_uid='av-3zej' custom_class='one-half-small-gap']\r\n\r\n[av_image src='http:\/\/news.bednar.com\/wp-content\/uploads\/2021\/04\/IMG_7230.jpg' attachment='322650' attachment_size='full' align='center' styling='' hover='' link='lightbox' target='' caption='' font_size='' appearance='' overlay_opacity='0.4' overlay_color='#000000' overlay_text_color='#ffffff' copyright='' animation='no-animation' custom_class='' template_class='' av_uid='av-jiadkrth' sc_version='1.0' admin_preview_bg=''][\/av_image]\r\n\r\n[av_hr class='invisible' height='-20' shadow='no-shadow' position='center' custom_border='av-border-thin' custom_width='50px' custom_border_color='' custom_margin_top='30px' custom_margin_bottom='30px' icon_select='yes' custom_icon_color='' icon='ue808' font='entypo-fontello' av_uid='av-jnpphuxr' custom_class='' admin_preview_bg='']\r\n\r\n[av_textblock size='' av-medium-font-size='' av-small-font-size='' av-mini-font-size='' font_color='' color='' id='' custom_class='text-block-grey text-block-equal-height3' template_class='' av_uid='av-jiae58od' sc_version='1.0' admin_preview_bg='']\r\n<em>Monsieur Zden\u011bk Hor\u00e1k, op\u00e9rateur, appr\u00e9cie principalement la simplicit\u00e9 de la machine et ses faibles exigences en termes de maintenance.<\/em>\r\n[\/av_textblock]\r\n\r\n[\/av_one_half][av_one_half min_height='' vertical_alignment='av-align-top' space='' margin='0px' margin_sync='true' row_boxshadow_color='' row_boxshadow_width='10' link='' linktarget='' link_hover='' padding='0px' padding_sync='true' highlight_size='1.1' border='' border_color='' radius='0px' radius_sync='true' column_boxshadow_color='' column_boxshadow_width='10' background='bg_color' background_color='' background_gradient_color1='' background_gradient_color2='' background_gradient_direction='vertical' src='' attachment='' attachment_size='' background_position='top left' background_repeat='no-repeat' animation='' mobile_breaking='' mobile_display='' av_uid='av-3zej' custom_class='one-half-small-gap']\r\n\r\n[av_image src='http:\/\/news.bednar.com\/wp-content\/uploads\/2021\/04\/IMG_7134.jpg' attachment='322570' attachment_size='full' align='center' styling='' hover='' link='lightbox' target='' caption='' font_size='' appearance='' overlay_opacity='0.4' overlay_color='#000000' overlay_text_color='#ffffff' copyright='' animation='no-animation' custom_class='' template_class='' av_uid='av-jiadkrth' sc_version='1.0' admin_preview_bg=''][\/av_image]\r\n\r\n[av_hr class='invisible' height='-20' shadow='no-shadow' position='center' custom_border='av-border-thin' custom_width='50px' custom_border_color='' custom_margin_top='30px' custom_margin_bottom='30px' icon_select='yes' custom_icon_color='' icon='ue808' font='entypo-fontello' av_uid='av-jnpphuxr' custom_class='' admin_preview_bg='']\r\n\r\n[av_textblock size='' av-medium-font-size='' av-small-font-size='' av-mini-font-size='' font_color='' color='' id='' custom_class='text-block-grey text-block-equal-height3' template_class='' av_uid='av-jiae58od' sc_version='1.0' admin_preview_bg='']\r\n<em>Une solution technique int\u00e9ressante sous forme de ressort de compression qui \u00e9limine le jeu entre les diff\u00e9rents segments.<\/em>\r\n[\/av_textblock]\r\n\r\n[\/av_one_half][av_hr class='invisible' height='15' shadow='no-shadow' position='center' custom_border='av-border-thin' custom_width='50px' custom_border_color='' custom_margin_top='30px' custom_margin_bottom='30px' icon_select='yes' custom_icon_color='' icon='ue808' font='entypo-fontello' av_uid='av-jnppiwll' custom_class='' admin_preview_bg='']\r\n\r\n[av_heading heading='Les op\u00e9rateurs appr\u00e9cient de travailler avec ce compacteur' tag='h2' style='blockquote modern-quote' subheading_active='' show_icon='' icon='ue800' font='' size='' av-medium-font-size-title='' av-small-font-size-title='' av-mini-font-size-title='' subheading_size='15' av-medium-font-size='' av-small-font-size='' av-mini-font-size='' icon_size='' av-medium-font-size-1='' av-small-font-size-1='' av-mini-font-size-1='' color='' custom_font='' icon_color='' margin='' margin_sync='true' padding='10' icon_padding='10' link='manually,http:\/\/' link_target='' id='' custom_class='' template_class='' av_uid='av-9ow7eo8' sc_version='1.0' admin_preview_bg=''][\/av_heading]\r\n\r\n[av_textblock size='' av-medium-font-size='' av-small-font-size='' av-mini-font-size='' font_color='' color='' id='' custom_class='' template_class='' av_uid='av-jiadqhq3' sc_version='1.0' admin_preview_bg='']\r\n<em>\u00ab\u00a0Le travail r\u00e9alis\u00e9 par le compacteur est de tr\u00e8s bonne qualit\u00e9. De mon point de vue d\u2019op\u00e9rateur, j\u2019appr\u00e9cie principalement sa simplicit\u00e9, le minimum d\u2019exigences en termes de maintenance et les rendements journaliers tr\u00e8s \u00e9lev\u00e9s\u00a0\u00bb <\/em>indique Monsieur Zden\u011bk Hor\u00e1k en parlant de la machine. Nous avons retrouv\u00e9 notre compacteur SWIFTER attel\u00e9 \u00e0 un nouveau tracteur John Deere 7R 330. En combinaison avec ce tracteur, l\u2019attelage travaille \u00e0 une vitesse de 11,5 km\/heure \u00e0 1850 tours\/min. La consommation moyenne oscille autour de 5,7 l\/ha pour un rendement de 7,8 ha\/heure.\r\n[\/av_textblock]\r\n\r\n[av_hr class='big' icon_select='yes' icon='ue808' font='entypo-fontello' position='center' shadow='no-shadow' height='15' custom_border='av-border-thin' custom_width='50px' custom_margin_top='30px' custom_margin_bottom='30px' custom_border_color='' custom_icon_color='' id='' custom_class='' template_class='' av_uid='av-jnppiwll' sc_version='1.0' admin_preview_bg='']\r\n\r\n[av_heading heading='Le mod\u00e8le SO 6000 F pr\u00e9pare le sol pour la coop\u00e9rative Morava Pustim\u011b\u0159' tag='h2' style='blockquote modern-quote' subheading_active='' show_icon='' icon='ue800' font='' size='' av-medium-font-size-title='' av-small-font-size-title='' av-mini-font-size-title='' subheading_size='15' av-medium-font-size='' av-small-font-size='' av-mini-font-size='' icon_size='' av-medium-font-size-1='' av-small-font-size-1='' av-mini-font-size-1='' color='' custom_font='' icon_color='' margin='' margin_sync='true' padding='10' icon_padding='10' link='manually,http:\/\/' link_target='' id='' custom_class='' template_class='' av_uid='av-kmyki63k' sc_version='1.0' admin_preview_bg=''][\/av_heading]\r\n\r\n[av_textblock size='' av-medium-font-size='' av-small-font-size='' av-mini-font-size='' font_color='' color='' id='' custom_class='' template_class='' av_uid='av-ko16tpfy' sc_version='1.0' admin_preview_bg='']\r\nDans le cadre des visites que nous rendons \u00e0 nos clients, nous sommes all\u00e9s \u00e0 la rencontre du compacteur BEDNAR SWIFTER SO 6000 F de 6 m\u00e8tres utilis\u00e9 par la coop\u00e9rative Morava Pustim\u011b\u0159. Nous y avons rencontr\u00e9 Monsieur Franti\u0161ek \u0160ark\u00f6zi, op\u00e9rateur, qui nous a fait part de son exp\u00e9rience de cette machine.\r\n[\/av_textblock]\r\n\r\n[av_hr class='invisible' height='15' shadow='no-shadow' position='center' custom_border='av-border-thin' custom_width='50px' custom_border_color='' custom_margin_top='30px' custom_margin_bottom='30px' icon_select='yes' custom_icon_color='' icon='ue808' font='entypo-fontello' av_uid='av-95nsa4o' custom_class='' admin_preview_bg='']\r\n\r\n[av_video src='https:\/\/www.youtube.com\/watch?v=7_4IUokDvuA' mobile_image='' attachment='' attachment_size='' format='16-9' width='16' height='9' conditional_play='' id='' custom_class='' template_class='' av_uid='av-ko174gaf' sc_version='1.0']\r\n\r\n[av_hr class='invisible' height='15' shadow='no-shadow' position='center' custom_border='av-border-thin' custom_width='50px' custom_border_color='' custom_margin_top='30px' custom_margin_bottom='30px' icon_select='yes' custom_icon_color='' icon='ue808' font='entypo-fontello' av_uid='av-jnppiwll' custom_class='' admin_preview_bg='']\r\n\r\n[av_textblock size='' av-medium-font-size='' av-small-font-size='' av-mini-font-size='' font_color='' color='' id='' custom_class='' template_class='' av_uid='av-jiaegma5' sc_version='1.0' admin_preview_bg='']\r\n<p style=\"text-align: right;\">JOY OF FARMING.\r\n<a href=\"mailto:marketing@bednar.com\">marketing@bednar.com<\/a>\r\nBEDNAR FMT s.r.o.\r\n[\/av_textblock]<\/p>\r\n[av_heading heading='FOTO' tag='h2' style='' subheading_active='' show_icon='' icon='ue800' font='' size='' av-medium-font-size-title='' av-small-font-size-title='' av-mini-font-size-title='' subheading_size='15' av-medium-font-size='' av-small-font-size='' av-mini-font-size='' icon_size='' av-medium-font-size-1='' av-small-font-size-1='' av-mini-font-size-1='' color='' custom_font='' icon_color='' margin='' margin_sync='true' padding='10' icon_padding='10' link='' link_target='' id='' custom_class='' template_class='' av_uid='av-a4845ds' sc_version='1.0' admin_preview_bg=''][\/av_heading]\r\n\r\n[av_hr class='invisible' height='20' shadow='no-shadow' position='center' custom_border='av-border-thin' custom_width='50px' custom_border_color='' custom_margin_top='30px' custom_margin_bottom='30px' icon_select='yes' custom_icon_color='' icon='ue808' font='entypo-fontello' av_uid='av-jiaei1fo' custom_class='' admin_preview_bg='']\r\n\r\n[av_gallery ids='322623,322607,322655,322575,322591,322639' style='thumbnails' preview_size='portfolio' crop_big_preview_thumbnail='avia-gallery-big-crop-thumb' thumb_size='portfolio' columns='6' imagelink='lightbox' link_dest='' lightbox_text='caption' lazyload='animations_off' html_lazy_loading='disabled' alb_description='' id='' custom_class='' template_class='' av_uid='av-jiboe8xw' sc_version='1.0' admin_preview_bg='']\r\n\r\n[av_heading heading='NOUVEAUT\u00c9S' tag='h2' style='' subheading_active='' show_icon='' icon='ue800' font='' size='' av-medium-font-size-title='' av-small-font-size-title='' av-mini-font-size-title='' subheading_size='15' av-medium-font-size='' av-small-font-size='' av-mini-font-size='' icon_size='' av-medium-font-size-1='' av-small-font-size-1='' av-mini-font-size-1='' color='' custom_font='' icon_color='' margin='' margin_sync='true' padding='10' icon_padding='10' link='manually,http:\/\/' link_target='' id='' custom_class='' template_class='' av_uid='av-7puh4sg' sc_version='1.0' admin_preview_bg=''][\/av_heading]\r\n\r\n[av_textblock size='' av-medium-font-size='' av-small-font-size='' av-mini-font-size='' font_color='' color='' id='' custom_class='' template_class='' av_uid='av-joua318z' sc_version='1.0' admin_preview_bg='']\r\n[bednar_news id1=322484 id2=322278 id3=320447 ][\/bednar_news]\r\n[\/av_textblock]\r\n\r\n[av_button label='<span style=\"font-size: large;\">Plus de Nouvelles <\/span>' icon_select='yes' icon='ue811' font='entypo-fontello' icon_hover='aviaTBicon_hover' link='page,36875' link_target='' size='large' position='center' label_display='' title_attr='' color_options='' color='custom' custom_bg='#feff00' custom_font='#2d2d2d' btn_color_bg='theme-color' btn_custom_bg='#444444' btn_color_bg_hover='theme-color-highlight' btn_custom_bg_hover='#444444' btn_color_font='theme-color' btn_custom_font='#ffffff' id='' custom_class='' template_class='' av_uid='av-joh7foel' sc_version='1.0' admin_preview_bg='']","page-type":"other","pageGroup":"","post-new-website":false},"_links":{"self":[{"href":"https:\/\/www.bednar.com\/fr\/wp-json\/wp\/v2\/posts\/373245","targetHints":{"allow":["GET"]}}],"collection":[{"href":"https:\/\/www.bednar.com\/fr\/wp-json\/wp\/v2\/posts"}],"about":[{"href":"https:\/\/www.bednar.com\/fr\/wp-json\/wp\/v2\/types\/post"}],"author":[{"embeddable":true,"href":"https:\/\/www.bednar.com\/fr\/wp-json\/wp\/v2\/users\/1"}],"replies":[{"embeddable":true,"href":"https:\/\/www.bednar.com\/fr\/wp-json\/wp\/v2\/comments?post=373245"}],"version-history":[{"count":1,"href":"https:\/\/www.bednar.com\/fr\/wp-json\/wp\/v2\/posts\/373245\/revisions"}],"predecessor-version":[{"id":433809,"href":"https:\/\/www.bednar.com\/fr\/wp-json\/wp\/v2\/posts\/373245\/revisions\/433809"}],"wp:featuredmedia":[{"embeddable":true,"href":"https:\/\/www.bednar.com\/fr\/wp-json\/wp\/v2\/media\/350880"}],"wp:attachment":[{"href":"https:\/\/www.bednar.com\/fr\/wp-json\/wp\/v2\/media?parent=373245"}],"wp:term":[{"taxonomy":"category","embeddable":true,"href":"https:\/\/www.bednar.com\/fr\/wp-json\/wp\/v2\/categories?post=373245"},{"taxonomy":"post_tag","embeddable":true,"href":"https:\/\/www.bednar.com\/fr\/wp-json\/wp\/v2\/tags?post=373245"}],"curies":[{"name":"wp","href":"https:\/\/api.w.org\/{rel}","templated":true}]}}