{"id":373029,"date":"2020-03-25T00:00:00","date_gmt":"2020-03-24T23:00:00","guid":{"rendered":"https:\/\/www.bednar.com\/blog\/mesures-de-securite-prises-par-la-societe-bednar-pour-lutter-contre-la-propagation-de-la-maladie-covid-19"},"modified":"2020-03-25T00:00:00","modified_gmt":"2020-03-24T23:00:00","slug":"mesures-de-securite-prises-par-la-societe-bednar-pour-lutter-contre-la-propagation-de-la-maladie-covid-19","status":"publish","type":"post","link":"https:\/\/www.bednar.com\/fr\/blog\/mesures-de-securite-prises-par-la-societe-bednar-pour-lutter-contre-la-propagation-de-la-maladie-covid-19\/","title":{"rendered":"Mesures de s\u00e9curit\u00e9 prises par la soci\u00e9t\u00e9 BEDNAR pour lutter contre la propagation de la maladie COVID-19"},"content":{"rendered":"<div class=\"post-section\" style=\"background-image: url(https:\/\/news.bednar.com\/wp-content\/uploads\/2018\/10\/Novinky_banner-1-1030x188.jpg);\"><\/div>\n<div class=\"one-full-section\">\n\n<p><\/div><div class=\"post-section\" style=\"background-image: url();\"><\/p>\n\n<p><\/div><p class=\"awesome-textblock\"><\/p>\n<h2>Chers clients, employ\u00e9s et fans de la soci\u00e9t\u00e9 BEDNAR. Nous sommes en train de vivre une p\u00e9riode qu\u2019il est difficile de comparer \u00e0 quelque chose que nos g\u00e9n\u00e9rations auraient d\u00e9j\u00e0 pu vivre. Cette p\u00e9riode est incroyablement turbulente et tout \u00e9volue tr\u00e8s vite. Ce qui semblait impossible hier fait aujourd\u2019hui partie \u00e0 part enti\u00e8re de la vie de chacun d\u2019entre nous.<\/h2>\n<p><\/p><\/p>\n<div class=\"hr-section\"><\/div>\n<p class=\"\"><br \/>\nNous ressentons le besoin de nous exprimer, du moins de cette mani\u00e8re, sur les questions qui \u00e9mergent concernant la pand\u00e9mie et la propagation de la maladie COVID-19 qui est provoqu\u00e9e par le nouveau type de coronavirus SARS-CoV-2.<\/p>\n<p>1) Nous approuvons totalement les mesures mises en place par le gouvernement de la R\u00e9publique tch\u00e8que et par la communaut\u00e9 internationale pour r\u00e9soudre au plus vite la situation \u00e0 laquelle nous devons faire actuellement face.<\/p>\n<p>2) Nous avons pris toutes les mesures possibles pour prot\u00e9ger la sant\u00e9 de nos employ\u00e9s et celle de nos partenaires commerciaux. Ces mesures comprennent entre autres :<\/p>\n<ul>\n<li>Nos centres de production et de d\u00e9veloppement continuent de travailler, mais nous avons adapt\u00e9 la rotation des \u00e9quipes afin qu\u2019au moment du changement d\u2019\u00e9quipe, les employ\u00e9s ne puissent pas entrer en contact les uns avec les autres.<\/li>\n<li>Nous avons demand\u00e9 \u00e0 nos employ\u00e9s de respecter strictement les r\u00e8gles d\u2019hygi\u00e8ne. Pour nous laver les mains, nous utilisons du savon antibact\u00e9rien et du d\u00e9sinfectant. Sur nos postes de travail, nous portons des masques, des demi-masques et des respirateurs.<\/li>\n<li>Tous nos employ\u00e9s ont d\u00fb annuler leurs d\u00e9placements et rendez-vous, \u00e0 l\u2019exception du soutien SAV destin\u00e9 \u00e0 nos clients.<\/li>\n<li>Autant que possible, un maximum de nos employ\u00e9s travaille en r\u00e9gime \u00ab\u00a0home office\u00a0\u2013 t\u00e9l\u00e9travail \u00bb.<\/li>\n<li>Nous avons annul\u00e9 tous nos grands \u00e9v\u00e9nements. Nous recommandons et favorisons l\u2019emploi de moyens de communication \u00e0 distance (t\u00e9l\u00e9phone, e-mail, vid\u00e9oconf\u00e9rences, etc.).<\/li>\n<li>Les employ\u00e9s qui pr\u00e9sentent des signes de maladie (fi\u00e8vre, difficult\u00e9s respiratoires, toux, fatigue, articulations et muscles douloureux) se doivent de prendre contact avec leur m\u00e9decin afin qu\u2019il analyse leur \u00e9tat de sant\u00e9 et ces employ\u00e9s n\u2019ont plus acc\u00e8s \u00e0 leur poste de travail.<\/li>\n<\/ul>\n<p>3) Malgr\u00e9 tous les efforts r\u00e9alis\u00e9s par nos employ\u00e9s et partenaires, cette p\u00e9riode sera probablement synonyme d\u2019une baisse de la qualit\u00e9 des services que nous proposons \u00e0 nos clients. Cela peut par exemple concerner le soutien SAV, la livraison des pi\u00e8ces de rechange ou la mise en service des machines neuves. Nous vous prions de nous en excuser et nous vous assurons que dans le cadre des possibilit\u00e9s actuelles, nous faisons notre maximum pour soutenir la production agricole primaire.<\/p>\n<p>4) Certains de nos fournisseurs et\/ou concurrents ont d\u00e9j\u00e0 pris la d\u00e9cision d\u2019arr\u00eater leur production ou envisagent actuellement de le faire. La soci\u00e9t\u00e9 BEDNAR ne souhaite pas franchir ce pas car elle est parfaitement consciente de l\u2019importance de la production agricole primaire. Si, aujourd\u2019hui, nous ne mettons pas correctement en place des couverts de qualit\u00e9, la r\u00e9colte ne sera pas bonne en \u00e9t\u00e9 et les probl\u00e8mes auxquels nous faisons face \u00e0 l\u2019heure actuelle ne feront que s\u2019aggraver.<\/p>\n<p>Chaque nouvelle machine que nous livrons, chaque nouveau service que nous procurons aux agriculteurs pourrait m\u00eame, en fin de compte, avoir un impact important sur l\u2019offre mondiale et sur le prix des denr\u00e9es alimentaires. Une instabilit\u00e9 et une p\u00e9nurie dans ce domaine ne favoriseraient certainement pas la d\u00e9couverte d\u2019une solution rapide \u00e0 la situation mondiale actuelle.<\/p>\n<p><strong>Nous souhaitions profiter de la pr\u00e9sente pour remercier tous nos employ\u00e9s pour leur discipline et la mani\u00e8re responsable avec laquelle ils r\u00e9alisent toutes leurs obligations professionnelles et respectent les contraintes d\u00e9coulant des mesures sanitaires pr\u00e9ventives mises en place. Nous remercions tout particuli\u00e8rement les employ\u00e9s de la production qui nous permettent d\u2019assurer la continuit\u00e9 de notre processus de production.<\/strong><br \/>\n<\/p>\n<div class=\"hr-section\"><\/div>\n<p class=\"\"><\/p>\n<p style=\"text-align: right;\">Ladislav Bedn\u00e1\u0159, G\u00e9rant<br \/>\nBEDNAR FMT s.r.o.<\/p>\n<p style=\"text-align: right;\"><strong>Au nom de la direction de la soci\u00e9t\u00e9 BEDNAR FMT s.r.o.<\/strong><\/p>\n<p><\/p>\n<div class=\"hr-section\"><\/div>\n\n<p class=\"\"><br \/>\n<br \/>\n<\/p>\n\n<div class=\"hr-section\"><\/div>\n","protected":false},"excerpt":{"rendered":"<p>Chers clients, employ\u00e9s et fans de la soci\u00e9t\u00e9 BEDNAR. Nous sommes en train de vivre une p\u00e9riode qu\u2019il est difficile de comparer \u00e0 quelque chose que nos g\u00e9n\u00e9rations auraient d\u00e9j\u00e0 pu vivre. Cette p\u00e9riode est incroyablement turbulente et tout \u00e9volue tr\u00e8s vite. Ce qui semblait impossible hier fait aujourd\u2019hui partie \u00e0 part enti\u00e8re de la vie de chacun d\u2019entre nous.<\/p>\n","protected":false},"author":1,"featured_media":346302,"comment_status":"open","ping_status":"open","sticky":false,"template":"","format":"standard","meta":{"_acf_changed":false,"footnotes":""},"categories":[79,359],"tags":[],"class_list":["post-373029","post","type-post","status-publish","format-standard","has-post-thumbnail","hentry","category-non-classifiee","category-communiques-de-presse"],"acf":{"item-bg":false,"item-bg_kop\u00edrovat":false,"item-bg-mobile":false,"item-youtube":"","item-title":"","fixed-title":"","item-desc":"","item-mach-desc":"","item-mach-config":"","item-mach-down":"","item-align":false,"item-code":"","google-map":"","disable-header":false,"main-content":false,"nav-main-cat":false,"nav-sub-cat":false,"_aviaLayoutBuilderCleanData":"[av_section min_height='custom' min_height_px='250px' padding='no-padding' shadow='no-border-styling' bottom_border='no-border-styling' bottom_border_diagonal_color='#333333' bottom_border_diagonal_direction='' bottom_border_style='' custom_margin='0px' custom_margin_sync='true' custom_arrow_bg='' id='' color='main_color' background='bg_color' custom_bg='' background_gradient_color1='' background_gradient_color2='' background_gradient_direction='vertical' src='http:\/\/news.bednar.com\/wp-content\/uploads\/2018\/10\/Novinky_banner-1-1030x188.jpg' attachment='37463' attachment_size='large' attach='scroll' position='top center' repeat='stretch' video='' video_ratio='16:9' overlay_opacity='0.5' overlay_color='' overlay_pattern='' overlay_custom_pattern='' av_element_hidden_in_editor='0' av_uid='av-joua11hu' custom_class=''][\/av_section]\n\n[av_one_full first min_height='av-equal-height-column' vertical_alignment='av-align-middle' space='' margin='0px' margin_sync='true' link='' linktarget='' link_hover='' padding='0px' padding_sync='true' border='' border_color='' radius='0px' radius_sync='true' background='bg_color' background_color='' background_gradient_color1='' background_gradient_color2='' background_gradient_direction='vertical' src='' attachment='' attachment_size='' background_position='top left' background_repeat='no-repeat' animation='' mobile_breaking='' mobile_display='' av_uid='av-jnpqbee2' custom_class='heading-top']\n\n[av_heading heading='NOUVEAUT\u00c9S' tag='h1' link_apply='' link='manually,http:\/\/' link_target='' style='blockquote modern-quote' size='28' subheading_active='' subheading_size='15' margin='' margin_sync='true' padding='0' color='' custom_font='' av-medium-font-size-title='' av-small-font-size-title='' av-mini-font-size-title='' av-medium-font-size='' av-small-font-size='' av-mini-font-size='' av_uid='av-k875gfm5' custom_class='' admin_preview_bg=''][\/av_heading]\n\n[\/av_one_full][av_section min_height='' min_height_px='500px' padding='small' shadow='no-border-styling' bottom_border='no-border-styling' bottom_border_diagonal_color='#333333' bottom_border_diagonal_direction='' bottom_border_style='' custom_arrow_bg='' id='' color='main_color' background='bg_color' custom_bg='#f2f2f2' background_gradient_color1='' background_gradient_color2='' background_gradient_direction='vertical' src='' attachment='' attachment_size='' attach='scroll' position='top left' repeat='no-repeat' video='' video_ratio='16:9' overlay_opacity='0.5' overlay_color='' overlay_pattern='' overlay_custom_pattern='' av_element_hidden_in_editor='0' av_uid='av-jnpucduy' custom_class='']\n\n[av_heading heading='Mesures de s\u00e9curit\u00e9 prises par la soci\u00e9t\u00e9 BEDNAR pour lutter contre la propagation de la maladie COVID-19' tag='h1' link_apply='' link='manually,http:\/\/' link_target='' style='blockquote modern-quote' size='24' subheading_active='' subheading_size='15' margin='' margin_sync='true' padding='0' color='' custom_font='' av-medium-font-size-title='' av-small-font-size-title='' av-mini-font-size-title='' av-medium-font-size='' av-small-font-size='' av-mini-font-size='' av_uid='av-k875eodt' custom_class='' admin_preview_bg=''][\/av_heading]\n\n[\/av_section][av_textblock size='' font_color='' color='' av-medium-font-size='' av-small-font-size='' av-mini-font-size='' av_uid='av-7st7' custom_class='awesome-textblock' admin_preview_bg='']\n<h2>Chers clients, employ\u00e9s et fans de la soci\u00e9t\u00e9 BEDNAR. Nous sommes en train de vivre une p\u00e9riode qu\u2019il est difficile de comparer \u00e0 quelque chose que nos g\u00e9n\u00e9rations auraient d\u00e9j\u00e0 pu vivre. Cette p\u00e9riode est incroyablement turbulente et tout \u00e9volue tr\u00e8s vite. Ce qui semblait impossible hier fait aujourd\u2019hui partie \u00e0 part enti\u00e8re de la vie de chacun d\u2019entre nous.<\/h2>\n[\/av_textblock]\n\n[av_hr class='invisible' height='20' shadow='no-shadow' position='center' custom_border='av-border-thin' custom_width='50px' custom_border_color='' custom_margin_top='30px' custom_margin_bottom='30px' icon_select='yes' custom_icon_color='' icon='ue808' font='entypo-fontello' av_uid='av-jnppiwll' custom_class='' admin_preview_bg='']\n\n[av_textblock size='' font_color='' color='' av-medium-font-size='' av-small-font-size='' av-mini-font-size='' av_uid='av-jiadqhq3' custom_class='' admin_preview_bg='']\nNous ressentons le besoin de nous exprimer, du moins de cette mani\u00e8re, sur les questions qui \u00e9mergent concernant la pand\u00e9mie et la propagation de la maladie COVID-19 qui est provoqu\u00e9e par le nouveau type de coronavirus SARS-CoV-2.\n\n1) Nous approuvons totalement les mesures mises en place par le gouvernement de la R\u00e9publique tch\u00e8que et par la communaut\u00e9 internationale pour r\u00e9soudre au plus vite la situation \u00e0 laquelle nous devons faire actuellement face.\n\n2) Nous avons pris toutes les mesures possibles pour prot\u00e9ger la sant\u00e9 de nos employ\u00e9s et celle de nos partenaires commerciaux. Ces mesures comprennent entre autres :\n<ul>\n \t<li>Nos centres de production et de d\u00e9veloppement continuent de travailler, mais nous avons adapt\u00e9 la rotation des \u00e9quipes afin qu\u2019au moment du changement d\u2019\u00e9quipe, les employ\u00e9s ne puissent pas entrer en contact les uns avec les autres.<\/li>\n \t<li>Nous avons demand\u00e9 \u00e0 nos employ\u00e9s de respecter strictement les r\u00e8gles d\u2019hygi\u00e8ne. Pour nous laver les mains, nous utilisons du savon antibact\u00e9rien et du d\u00e9sinfectant. Sur nos postes de travail, nous portons des masques, des demi-masques et des respirateurs.<\/li>\n \t<li>Tous nos employ\u00e9s ont d\u00fb annuler leurs d\u00e9placements et rendez-vous, \u00e0 l\u2019exception du soutien SAV destin\u00e9 \u00e0 nos clients.<\/li>\n \t<li>Autant que possible, un maximum de nos employ\u00e9s travaille en r\u00e9gime \u00ab\u00a0home office\u00a0\u2013 t\u00e9l\u00e9travail \u00bb.<\/li>\n \t<li>Nous avons annul\u00e9 tous nos grands \u00e9v\u00e9nements. Nous recommandons et favorisons l\u2019emploi de moyens de communication \u00e0 distance (t\u00e9l\u00e9phone, e-mail, vid\u00e9oconf\u00e9rences, etc.).<\/li>\n \t<li>Les employ\u00e9s qui pr\u00e9sentent des signes de maladie (fi\u00e8vre, difficult\u00e9s respiratoires, toux, fatigue, articulations et muscles douloureux) se doivent de prendre contact avec leur m\u00e9decin afin qu\u2019il analyse leur \u00e9tat de sant\u00e9 et ces employ\u00e9s n\u2019ont plus acc\u00e8s \u00e0 leur poste de travail.<\/li>\n<\/ul>\n3) Malgr\u00e9 tous les efforts r\u00e9alis\u00e9s par nos employ\u00e9s et partenaires, cette p\u00e9riode sera probablement synonyme d\u2019une baisse de la qualit\u00e9 des services que nous proposons \u00e0 nos clients. Cela peut par exemple concerner le soutien SAV, la livraison des pi\u00e8ces de rechange ou la mise en service des machines neuves. Nous vous prions de nous en excuser et nous vous assurons que dans le cadre des possibilit\u00e9s actuelles, nous faisons notre maximum pour soutenir la production agricole primaire.\n\n4) Certains de nos fournisseurs et\/ou concurrents ont d\u00e9j\u00e0 pris la d\u00e9cision d\u2019arr\u00eater leur production ou envisagent actuellement de le faire. La soci\u00e9t\u00e9 BEDNAR ne souhaite pas franchir ce pas car elle est parfaitement consciente de l\u2019importance de la production agricole primaire. Si, aujourd\u2019hui, nous ne mettons pas correctement en place des couverts de qualit\u00e9, la r\u00e9colte ne sera pas bonne en \u00e9t\u00e9 et les probl\u00e8mes auxquels nous faisons face \u00e0 l\u2019heure actuelle ne feront que s\u2019aggraver.\n\nChaque nouvelle machine que nous livrons, chaque nouveau service que nous procurons aux agriculteurs pourrait m\u00eame, en fin de compte, avoir un impact important sur l\u2019offre mondiale et sur le prix des denr\u00e9es alimentaires. Une instabilit\u00e9 et une p\u00e9nurie dans ce domaine ne favoriseraient certainement pas la d\u00e9couverte d\u2019une solution rapide \u00e0 la situation mondiale actuelle.\n\n<strong>Nous souhaitions profiter de la pr\u00e9sente pour remercier tous nos employ\u00e9s pour leur discipline et la mani\u00e8re responsable avec laquelle ils r\u00e9alisent toutes leurs obligations professionnelles et respectent les contraintes d\u00e9coulant des mesures sanitaires pr\u00e9ventives mises en place. Nous remercions tout particuli\u00e8rement les employ\u00e9s de la production qui nous permettent d\u2019assurer la continuit\u00e9 de notre processus de production.<\/strong>\n[\/av_textblock]\n\n[av_hr class='invisible' height='20' shadow='no-shadow' position='center' custom_border='av-border-thin' custom_width='50px' custom_border_color='' custom_margin_top='30px' custom_margin_bottom='30px' icon_select='yes' custom_icon_color='' icon='ue808' font='entypo-fontello' av_uid='av-jnppiwll' custom_class='' admin_preview_bg='']\n\n[av_textblock size='' font_color='' color='' av-medium-font-size='' av-small-font-size='' av-mini-font-size='' av_uid='av-jiaegma5' custom_class='' admin_preview_bg='']\n<p style=\"text-align: right;\">Ladislav Bedn\u00e1\u0159, G\u00e9rant\nBEDNAR FMT s.r.o.<\/p>\n<p style=\"text-align: right;\"><strong>Au nom de la direction de la soci\u00e9t\u00e9 BEDNAR FMT s.r.o.<\/strong><\/p>\n[\/av_textblock]\n\n[av_hr class='invisible' height='20' shadow='no-shadow' position='center' custom_border='av-border-thin' custom_width='50px' custom_border_color='' custom_margin_top='30px' custom_margin_bottom='30px' icon_select='yes' custom_icon_color='' icon='ue808' font='entypo-fontello' av_uid='av-jiaei1fo' custom_class='' admin_preview_bg='']\n\n[av_heading heading='NOUVEAUT\u00c9S' tag='h2' link_apply='' link='manually,http:\/\/' link_target='' style='' size='' subheading_active='' subheading_size='15' margin='' margin_sync='true' padding='10' color='' custom_font='' av-medium-font-size-title='' av-small-font-size-title='' av-mini-font-size-title='' av-medium-font-size='' av-small-font-size='' av-mini-font-size='' av_uid='av-k875g98o' custom_class='' admin_preview_bg=''][\/av_heading]\n\n[av_textblock size='' font_color='' color='' av-medium-font-size='' av-small-font-size='' av-mini-font-size='' av_uid='av-joua318z' custom_class='' admin_preview_bg='']\n[bednar_news id1=285101 id2=284697 id3=282346][\/bednar_news]\n[\/av_textblock]\n\n[av_button label='<span style=\"font-size: large;\">Plus de Nouvelles<\/span>' link='page,36875' link_target='' size='large' position='center' label_display='' icon_select='yes' icon_hover='aviaTBicon_hover' icon='ue811' font='entypo-fontello' color='custom' custom_bg='#feff00' custom_font='#2d2d2d' av_uid='av-joh7foel' custom_class='' admin_preview_bg='']\n\n[av_hr av_uid='av-2vfycv']","page-type":"","pageGroup":"","post-new-website":false},"_links":{"self":[{"href":"https:\/\/www.bednar.com\/fr\/wp-json\/wp\/v2\/posts\/373029","targetHints":{"allow":["GET"]}}],"collection":[{"href":"https:\/\/www.bednar.com\/fr\/wp-json\/wp\/v2\/posts"}],"about":[{"href":"https:\/\/www.bednar.com\/fr\/wp-json\/wp\/v2\/types\/post"}],"author":[{"embeddable":true,"href":"https:\/\/www.bednar.com\/fr\/wp-json\/wp\/v2\/users\/1"}],"replies":[{"embeddable":true,"href":"https:\/\/www.bednar.com\/fr\/wp-json\/wp\/v2\/comments?post=373029"}],"version-history":[{"count":0,"href":"https:\/\/www.bednar.com\/fr\/wp-json\/wp\/v2\/posts\/373029\/revisions"}],"wp:featuredmedia":[{"embeddable":true,"href":"https:\/\/www.bednar.com\/fr\/wp-json\/wp\/v2\/media\/346302"}],"wp:attachment":[{"href":"https:\/\/www.bednar.com\/fr\/wp-json\/wp\/v2\/media?parent=373029"}],"wp:term":[{"taxonomy":"category","embeddable":true,"href":"https:\/\/www.bednar.com\/fr\/wp-json\/wp\/v2\/categories?post=373029"},{"taxonomy":"post_tag","embeddable":true,"href":"https:\/\/www.bednar.com\/fr\/wp-json\/wp\/v2\/tags?post=373029"}],"curies":[{"name":"wp","href":"https:\/\/api.w.org\/{rel}","templated":true}]}}