{"id":373011,"date":"2020-01-30T00:00:00","date_gmt":"2020-01-29T23:00:00","guid":{"rendered":"https:\/\/www.bednar.com\/blog\/seconde-analyse-des-couverts-de-colza-dhiver-seme-en-double-rangs"},"modified":"2021-11-04T10:57:22","modified_gmt":"2021-11-04T09:57:22","slug":"seconde-analyse-des-couverts-de-colza-dhiver-seme-en-double-rangs","status":"publish","type":"post","link":"https:\/\/www.bednar.com\/fr\/blog\/seconde-analyse-des-couverts-de-colza-dhiver-seme-en-double-rangs\/","title":{"rendered":"Seconde analyse des couverts de colza d\u2019hiver sem\u00e9 en double rangs"},"content":{"rendered":"\n<div class=\"post-section\" style=\"background-image: url();\"><\/div>\n<div class=\"one-full-section\"><br \/>\n<br \/>\n<\/div>\n<div class=\"hr-section\"><\/div>\n<div class=\"post-section\" style=\"background-image: url();\"><br \/>\n<br \/>\n<\/div>\n<p class=\"awesome-textblock\"><\/p>\n<h2>Le mardi 17 d\u00e9cembre 2019, en compagnie de Monsieur doc. Ing. V\u00e1clav Brant, Ph.D. de l\u2019Universit\u00e9 tch\u00e8que des sciences de la vie de Prague et Monsieur Jind\u0159ich \u0160m\u00f6ger de la ferme Statek Bure\u0161 s.r.o., nous nous sommes une nouvelle fois rendus sur les champs de la coop\u00e9rative agricole de Doln\u00ed \u00dajezd, pr\u00e8s de Makov, dans la r\u00e9gion du synclinal de Vysok\u00e9 M\u00fdto. En date du 9 ao\u00fbt dernier, nous y avons en effet mis en place des couverts de colza d\u2019hiver sem\u00e9 en doubles rangs et associ\u00e9 \u00e0 une plante auxiliaire. Nous nous retrouvons aujourd\u2019hui pour faire une seconde analyse de ces couverts. Regardez le vid\u00e9oclip ci-dessous pour en savoir plus.<\/h2>\n<p><\/p>\n<div class=\"hr-section\"><\/div>\n<div class=\"av-video\"><iframe loading=\"lazy\" width=\"100%\" height=\"800\" src=\"https:\/\/www.youtube.com\/embed\/BsenJEIC2wM\" title=\"YouTube video player\" frameborder=\"0\" allow=\"accelerometer; autoplay; clipboard-write; encrypted-media; gyroscope; picture-in-picture\" allowfullscreen><\/iframe><\/div>\n<div class=\"hr-section\"><\/div>\n<h2>R\u00e9capitulatif de la mise en place des couverts de colza d\u2019hiver sem\u00e9 en double rangs<\/h2>\n<div class=\"hr-section\"><\/div>\n<p class=\"\"><br \/>\nSemer le colza d\u2019hiver en doubles rangs est une nouvelle technologie qui se d\u00e9roule en deux \u00e9tapes. La premi\u00e8re consiste \u00e0 travailler le sol en profondeur et \u00e0 d\u00e9poser de l\u2019engrais attractif dans le profil du sol. Pour ces op\u00e9rations, nous avons utilis\u00e9 une machine <a href=\"\/?page_id=37482\" target=\"_blank\" rel=\"noopener noreferrer\"><span style=\"text-decoration: underline;\">TERRASTRIP ZN 8\/75<\/span><\/a>, soit un d\u00e9compacteur \u00e0 dents con\u00e7u pour travailler le sol en bandes avec des organes de travail \u00e9cart\u00e9s les uns des autres de 75 cm.<br \/>\n<\/p>\n<div class=\"one-half-section\"><br \/>\n<img decoding=\"async\" src=\"https:\/\/news.bednar.com\/wp-content\/uploads\/2019\/12\/IMG_6044.jpg\" alt=\"\"><\/p>\n<p><div class=\"hr-section\"><\/div><\/p>\n<p><p class=\"text-block-grey text-block-equal-height\"><br \/>\nLe d\u00e9compacteur \u00e0 dents TERRASTRIP ZN8R\/75 attel\u00e9 \u00e0 une tr\u00e9mie \u00e0 engrais FERTI-CART FC 3500<br \/>\n<\/p><br \/>\n<\/div>\n<div class=\"one-half-section\"><br \/>\n<img decoding=\"async\" src=\"https:\/\/news.bednar.com\/wp-content\/uploads\/2019\/12\/rsz_dji_0440-1.jpg\" alt=\"\"><\/p>\n<p><div class=\"hr-section\"><\/div><\/p>\n<p><p class=\"text-block-grey text-block-equal-height\"><br \/>\nLe semoir OMEGA OO 6000 FL \u00e9quip\u00e9 d\u2019une unit\u00e9 de semis ALFA DRILL 400<br \/>\n<\/p><br \/>\n<\/div>\n<div class=\"one-half-section\"><br \/>\n<p class=\"\"><br \/>\nLa seconde \u00e9tape consiste \u00e0 utiliser un semoir <a href=\"\/?page_id=173564\" target=\"_blank\" rel=\"noopener noreferrer\"><span style=\"text-decoration: underline;\">OMEGA OO 6000 FL<\/span><\/a> pour semer dans des doubles rangs \u00e9cart\u00e9s les uns des autres de 25 cm, juste au-dessus de la bande de sol qui a \u00e9t\u00e9 travaill\u00e9e et amend\u00e9e. Dans le rang interm\u00e9diaire de 50 cm qui s\u00e9pare les doubles rangs de colza, il est possible de semer des plantes auxiliaires qui, dans une premi\u00e8re phase, favoriseront la v\u00e9g\u00e9tation du colza d\u2019hiver et qui g\u00e8leront ensuite ou qui seront m\u00e9caniquement liquid\u00e9es par binage.<br \/>\n<\/p><\/p>\n<p><p class=\"\"><br \/>\nSi vous souhaitez revoir notre premi\u00e8re analyse de la technologie du semis du colza d\u2019hiver en doubles rangs, il vous suffira de cliquer <a href=\"\/?p=253495\"><strong>ici<\/strong>.<\/a><br \/>\n<\/p><br \/>\n<\/div>\n<div class=\"one-half-section\"><br \/>\n<img decoding=\"async\" src=\"https:\/\/news.bednar.com\/wp-content\/uploads\/2020\/01\/fr-2.jpg\" alt=\"\"><br \/>\n<\/div>\n<div class=\"hr-section\"><\/div>\n<p class=\"\"><\/p>\n<p style=\"text-align: right;\">BEDNAR FMT s.r.o.<br \/>\n<a href=\"mailto:marketing@bednarfmt.com\">marketing@bednarfmt.com<\/a><br \/>\n<\/p>\n<h2>FOTO<\/h2>\n<div class=\"hr-section\"><\/div>\n\n        <div class=\"gallery\">\n\n            <ul>\n\n                \n                    <li>\n\n                        <a href=\"http:\/\/news.bednar.com\/wp-content\/uploads\/2019\/12\/IMG_6044.jpg\" target=\"_blank\" rel=\"noopener\"><img decoding=\"async\" src=\"http:\/\/news.bednar.com\/wp-content\/uploads\/2019\/12\/IMG_6044.jpg\" alt=\"\"><\/a>\n\n                    <\/li>\n\n                    \n                    <li>\n\n                        <a href=\"http:\/\/news.bednar.com\/wp-content\/uploads\/2019\/12\/rsz_dji_0440-1.jpg\" target=\"_blank\" rel=\"noopener\"><img decoding=\"async\" src=\"http:\/\/news.bednar.com\/wp-content\/uploads\/2019\/12\/rsz_dji_0440-1.jpg\" alt=\"\"><\/a>\n\n                    <\/li>\n\n                    \n                    <li>\n\n                        <a href=\"http:\/\/news.bednar.com\/wp-content\/uploads\/2020\/01\/fr-2.jpg\" target=\"_blank\" rel=\"noopener\"><img decoding=\"async\" src=\"http:\/\/news.bednar.com\/wp-content\/uploads\/2020\/01\/fr-2.jpg\" alt=\"\"><\/a>\n\n                    <\/li>\n\n                    \n            <\/ul>\n\n        <\/div>\n\n        \n\n<p class=\"\"><br \/>\n<br \/>\n<\/p>\n\n","protected":false},"excerpt":{"rendered":"<p>Le mardi 17 d\u00e9cembre 2019, en compagnie de Monsieur doc. Ing. V\u00e1clav Brant, Ph.D. de l\u2019Universit\u00e9 tch\u00e8que des sciences de la vie de Prague et Monsieur Jind\u0159ich \u0160m\u00f6ger de la ferme Statek Bure\u0161 s.r.o., nous nous sommes une nouvelle fois rendus sur les champs de la coop\u00e9rative agricole de Doln\u00ed \u00dajezd, pr\u00e8s de Makov, dans la r\u00e9gion du synclinal de Vysok\u00e9 M\u00fdto. En date du 9 ao\u00fbt dernier, nous y avons en effet mis en place des couverts de colza d\u2019hiver sem\u00e9 en doubles rangs et associ\u00e9 \u00e0 une plante auxiliaire. Nous nous retrouvons aujourd\u2019hui pour faire une seconde analyse de ces couverts. Regardez le vid\u00e9oclip ci-dessous pour en savoir plus.<\/p>\n","protected":false},"author":1,"featured_media":345706,"comment_status":"open","ping_status":"open","sticky":false,"template":"","format":"standard","meta":{"_acf_changed":false,"footnotes":""},"categories":[79,834],"tags":[],"class_list":["post-373011","post","type-post","status-publish","format-standard","has-post-thumbnail","hentry","category-non-classifiee","category-de-vos-champs"],"acf":{"item-bg":false,"item-bg_kop\u00edrovat":false,"item-bg-mobile":false,"item-youtube":"","item-title":"","fixed-title":"","item-desc":"","item-mach-desc":"","item-mach-config":"","item-mach-down":"","item-align":false,"item-code":"","google-map":"","disable-header":false,"main-content":false,"nav-main-cat":false,"nav-sub-cat":false,"_aviaLayoutBuilderCleanData":"[av_horizontal_gallery ids='272548,272564,253526,276470' height='20' size='gallery' links='' lightbox_text='' link_dest='' gap='1px' active='' initial='2' control_layout='av-control-minimal' id='' av-small-hide='aviaTBav-small-hide' av-mini-hide='aviaTBav-mini-hide' av_uid='av-jiaer0cm' custom_class=''][\/av_horizontal_gallery]\n\n[av_section min_height='' min_height_px='500px' padding='default' shadow='no-border-styling' bottom_border='no-border-styling' bottom_border_diagonal_color='#333333' bottom_border_diagonal_direction='' bottom_border_style='' custom_margin='0px' custom_margin_sync='true' custom_arrow_bg='' id='' color='main_color' background='bg_color' custom_bg='' background_gradient_color1='' background_gradient_color2='' background_gradient_direction='vertical' src='' attachment='' attachment_size='' attach='scroll' position='top left' repeat='no-repeat' video='' video_ratio='16:9' overlay_opacity='0.5' overlay_color='' overlay_pattern='' overlay_custom_pattern='' av_element_hidden_in_editor='0' av_uid='av-jpbe7r71' custom_class='no-height'][\/av_section]\n\n[av_one_full first min_height='av-equal-height-column' vertical_alignment='av-align-middle' space='' margin='0px' margin_sync='true' row_boxshadow_color='' row_boxshadow_width='10' link='' linktarget='' link_hover='' padding='0px' padding_sync='true' highlight_size='1.1' border='' border_color='' radius='0px' radius_sync='true' column_boxshadow_color='' column_boxshadow_width='10' background='bg_color' background_color='' background_gradient_color1='' background_gradient_color2='' background_gradient_direction='vertical' src='' attachment='' attachment_size='' background_position='top left' background_repeat='no-repeat' animation='' mobile_breaking='' mobile_display='' av_uid='av-jnpqbee2' custom_class='heading-top']\n[av_heading heading='NOUVEAUT\u00c9S' tag='h1' link_apply='' link='manually,http:\/\/' link_target='' style='blockquote modern-quote' size='28' subheading_active='' subheading_size='15' margin='' margin_sync='true' padding='10' color='' custom_font='' av-medium-font-size-title='' av-small-font-size-title='' av-mini-font-size-title='' av-medium-font-size='' av-small-font-size='' av-mini-font-size='' av_uid='av-k60rpyai' custom_class='' admin_preview_bg=''][\/av_heading]\n[\/av_one_full]\n\n[av_hr class='invisible' height='-50' shadow='no-shadow' position='center' custom_border='av-border-thin' custom_width='50px' custom_border_color='' custom_margin_top='30px' custom_margin_bottom='30px' icon_select='yes' custom_icon_color='' icon='ue808' font='entypo-fontello' av-desktop-hide='aviaTBav-desktop-hide' av-medium-hide='aviaTBav-medium-hide' av_uid='av-juc9h79v' custom_class='' admin_preview_bg='']\n\n[av_section min_height='' min_height_px='500px' padding='small' shadow='no-border-styling' bottom_border='no-border-styling' bottom_border_diagonal_color='#333333' bottom_border_diagonal_direction='' bottom_border_style='' custom_margin='0px' custom_margin_sync='true' custom_arrow_bg='' id='' color='main_color' background='bg_color' custom_bg='#f2f2f2' background_gradient_color1='' background_gradient_color2='' background_gradient_direction='vertical' src='' attachment='' attachment_size='' attach='scroll' position='top left' repeat='no-repeat' video='' video_ratio='16:9' overlay_opacity='0.5' overlay_color='' overlay_pattern='' overlay_custom_pattern='' av_element_hidden_in_editor='0' av_uid='av-jpl2rihg' custom_class='']\n[av_heading heading='Seconde analyse des couverts de colza d\u2019hiver sem\u00e9 en double rangs' tag='h1' link_apply='' link='manually,http:\/\/' link_target='' style='blockquote modern-quote' size='24' subheading_active='' subheading_size='15' margin='' margin_sync='true' padding='10' color='' custom_font='' av-medium-font-size-title='' av-small-font-size-title='' av-mini-font-size-title='' av-medium-font-size='' av-small-font-size='' av-mini-font-size='' av_uid='av-k60rotau' custom_class='' admin_preview_bg=''][\/av_heading]\n[\/av_section]\n\n[av_textblock size='' font_color='' color='' av-medium-font-size='' av-small-font-size='' av-mini-font-size='' av_uid='av-7st7' custom_class='awesome-textblock' admin_preview_bg='']\n<h2>Le mardi 17 d\u00e9cembre 2019, en compagnie de Monsieur doc. Ing. V\u00e1clav Brant, Ph.D. de l\u2019Universit\u00e9 tch\u00e8que des sciences de la vie de Prague et Monsieur Jind\u0159ich \u0160m\u00f6ger de la ferme Statek Bure\u0161 s.r.o., nous nous sommes une nouvelle fois rendus sur les champs de la coop\u00e9rative agricole de Doln\u00ed \u00dajezd, pr\u00e8s de Makov, dans la r\u00e9gion du synclinal de Vysok\u00e9 M\u00fdto. En date du 9 ao\u00fbt dernier, nous y avons en effet mis en place des couverts de colza d\u2019hiver sem\u00e9 en doubles rangs et associ\u00e9 \u00e0 une plante auxiliaire. Nous nous retrouvons aujourd\u2019hui pour faire une seconde analyse de ces couverts. Regardez le vid\u00e9oclip ci-dessous pour en savoir plus.<\/h2>\n[\/av_textblock]\n\n[av_hr class='invisible' height='15' shadow='no-shadow' position='center' custom_border='av-border-thin' custom_width='50px' custom_border_color='' custom_margin_top='30px' custom_margin_bottom='30px' icon_select='yes' custom_icon_color='' icon='ue808' font='entypo-fontello' av_uid='av-jnppiwll' custom_class='' admin_preview_bg='']\n\n[av_video src='https:\/\/youtu.be\/BsenJEIC2wM ' mobile_image='' attachment='' attachment_size='' format='16-9' width='16' height='9' conditional_play='' av_uid='av-k3a0rcao' custom_class='']\n\n[av_hr class='invisible' height='15' shadow='no-shadow' position='center' custom_border='av-border-thin' custom_width='50px' custom_border_color='' custom_margin_top='30px' custom_margin_bottom='30px' icon_select='yes' custom_icon_color='' icon='ue808' font='entypo-fontello' av_uid='av-jnppiwll' custom_class='' admin_preview_bg='']\n\n[av_heading heading='R\u00e9capitulatif de la mise en place des couverts de colza d\u2019hiver sem\u00e9 en double rangs' tag='h2' link_apply='' link='manually,http:\/\/' link_target='' style='' size='' subheading_active='' subheading_size='15' margin='' padding='10' color='' custom_font='' custom_class='' admin_preview_bg='' av-desktop-hide='' av-medium-hide='' av-small-hide='' av-mini-hide='' av-medium-font-size-title='' av-small-font-size-title='' av-mini-font-size-title='' av-medium-font-size='' av-small-font-size='' av-mini-font-size=''][\/av_heading]\n\n[av_hr class='invisible' height='15' shadow='no-shadow' position='center' custom_border='av-border-thin' custom_width='50px' custom_border_color='' custom_margin_top='30px' custom_margin_bottom='30px' icon_select='yes' custom_icon_color='' icon='ue808' font='entypo-fontello' av_uid='av-jnppiwll' custom_class='' admin_preview_bg='']\n\n[av_textblock size='' font_color='' color='' av-medium-font-size='' av-small-font-size='' av-mini-font-size='' av_uid='av-jiadqhq3' custom_class='' admin_preview_bg='']\nSemer le colza d\u2019hiver en doubles rangs est une nouvelle technologie qui se d\u00e9roule en deux \u00e9tapes. La premi\u00e8re consiste \u00e0 travailler le sol en profondeur et \u00e0 d\u00e9poser de l\u2019engrais attractif dans le profil du sol. Pour ces op\u00e9rations, nous avons utilis\u00e9 une machine <a href=\"https:\/\/www.bednar.com\/fr\/terrastrip\/\" target=\"_blank\" rel=\"noopener noreferrer\"><span style=\"text-decoration: underline;\">TERRASTRIP ZN 8\/75<\/span><\/a>, soit un d\u00e9compacteur \u00e0 dents con\u00e7u pour travailler le sol en bandes avec des organes de travail \u00e9cart\u00e9s les uns des autres de 75 cm.\n[\/av_textblock]\n\n[av_one_half first min_height='' vertical_alignment='av-align-top' space='' margin='0px' margin_sync='true' row_boxshadow_color='' row_boxshadow_width='10' link='' linktarget='' link_hover='' padding='0px' padding_sync='true' highlight_size='1.1' border='' border_color='' radius='0px' radius_sync='true' column_boxshadow_color='' column_boxshadow_width='10' background='bg_color' background_color='' background_gradient_color1='' background_gradient_color2='' background_gradient_direction='vertical' src='' attachment='' attachment_size='' background_position='top left' background_repeat='no-repeat' animation='' mobile_breaking='' mobile_display='' av_uid='av-61qx' custom_class='one-half-small-gap']\n[av_image src='http:\/\/news.bednar.com\/wp-content\/uploads\/2019\/12\/IMG_6044.jpg' attachment='272548' attachment_size='full' align='center' styling='' hover='' link='lightbox' target='' caption='' font_size='' appearance='' overlay_opacity='0.4' overlay_color='#000000' overlay_text_color='#ffffff' copyright='' animation='no-animation' av_uid='av-jiadkrth' custom_class='' admin_preview_bg=''][\/av_image]\n\n[av_hr class='invisible' height='-20' shadow='no-shadow' position='center' custom_border='av-border-thin' custom_width='50px' custom_border_color='' custom_margin_top='30px' custom_margin_bottom='30px' icon_select='yes' custom_icon_color='' icon='ue808' font='entypo-fontello' av_uid='av-juc9h79v' custom_class='' admin_preview_bg='']\n\n[av_textblock size='' font_color='' color='' av-medium-font-size='' av-small-font-size='' av-mini-font-size='' av_uid='av-jiadqhq3' custom_class='text-block-grey text-block-equal-height' admin_preview_bg='']\nLe d\u00e9compacteur \u00e0 dents TERRASTRIP ZN8R\/75 attel\u00e9 \u00e0 une tr\u00e9mie \u00e0 engrais FERTI-CART FC 3500\n[\/av_textblock]\n[\/av_one_half]\n\n[av_one_half min_height='' vertical_alignment='av-align-top' space='' margin='0px' margin_sync='true' row_boxshadow_color='' row_boxshadow_width='10' link='' linktarget='' link_hover='' padding='0px' padding_sync='true' highlight_size='1.1' border='' border_color='' radius='0px' radius_sync='true' column_boxshadow_color='' column_boxshadow_width='10' background='bg_color' background_color='' background_gradient_color1='' background_gradient_color2='' background_gradient_direction='vertical' src='' attachment='' attachment_size='' background_position='top left' background_repeat='no-repeat' animation='' mobile_breaking='' mobile_display='' av_uid='av-61qx' custom_class='one-half-small-gap']\n[av_image src='http:\/\/news.bednar.com\/wp-content\/uploads\/2019\/12\/rsz_dji_0440-1.jpg' attachment='272564' attachment_size='full' align='center' styling='' hover='' link='lightbox' target='' caption='' font_size='' appearance='' overlay_opacity='0.4' overlay_color='#000000' overlay_text_color='#ffffff' copyright='' animation='no-animation' av_uid='av-jiadkrth' custom_class='' admin_preview_bg=''][\/av_image]\n\n[av_hr class='invisible' height='-20' shadow='no-shadow' position='center' custom_border='av-border-thin' custom_width='50px' custom_border_color='' custom_margin_top='30px' custom_margin_bottom='30px' icon_select='yes' custom_icon_color='' icon='ue808' font='entypo-fontello' av_uid='av-juc9h79v' custom_class='' admin_preview_bg='']\n\n[av_textblock size='' font_color='' color='' av-medium-font-size='' av-small-font-size='' av-mini-font-size='' av_uid='av-jiadqhq3' custom_class='text-block-grey text-block-equal-height' admin_preview_bg='']\nLe semoir OMEGA OO 6000 FL \u00e9quip\u00e9 d\u2019une unit\u00e9 de semis ALFA DRILL 400\n[\/av_textblock]\n[\/av_one_half]\n\n[av_one_half first min_height='' vertical_alignment='av-align-top' space='' margin='0px' margin_sync='true' row_boxshadow_color='' row_boxshadow_width='10' link='' linktarget='' link_hover='' padding='0px' padding_sync='true' highlight_size='1.1' border='' border_color='' radius='0px' radius_sync='true' column_boxshadow_color='' column_boxshadow_width='10' background='bg_color' background_color='' background_gradient_color1='' background_gradient_color2='' background_gradient_direction='vertical' src='' attachment='' attachment_size='' background_position='top left' background_repeat='no-repeat' animation='' mobile_breaking='' mobile_display='' av_uid='av-61qx' custom_class='one-half-small-gap']\n[av_textblock size='' font_color='' color='' av-medium-font-size='' av-small-font-size='' av-mini-font-size='' av_uid='av-jiadqhq3' custom_class='' admin_preview_bg='']\nLa seconde \u00e9tape consiste \u00e0 utiliser un semoir <a href=\"https:\/\/www.bednar.com\/fr\/omega-oo_fl\/\" target=\"_blank\" rel=\"noopener noreferrer\"><span style=\"text-decoration: underline;\">OMEGA OO 6000 FL<\/span><\/a> pour semer dans des doubles rangs \u00e9cart\u00e9s les uns des autres de 25 cm, juste au-dessus de la bande de sol qui a \u00e9t\u00e9 travaill\u00e9e et amend\u00e9e. Dans le rang interm\u00e9diaire de 50 cm qui s\u00e9pare les doubles rangs de colza, il est possible de semer des plantes auxiliaires qui, dans une premi\u00e8re phase, favoriseront la v\u00e9g\u00e9tation du colza d\u2019hiver et qui g\u00e8leront ensuite ou qui seront m\u00e9caniquement liquid\u00e9es par binage.\n[\/av_textblock]\n\n[av_textblock size='' font_color='' color='' av-medium-font-size='' av-small-font-size='' av-mini-font-size='' av_uid='av-jiadqhq3' custom_class='' admin_preview_bg='']\nSi vous souhaitez revoir notre premi\u00e8re analyse de la technologie du semis du colza d\u2019hiver en doubles rangs, il vous suffira de cliquer <a href=\"https:\/\/www.bednar.com\/fr\/blog\/technologie-du-semis-du-colza-dhiver-en-doubles-rangs\/\"><strong>ici<\/strong>.<\/a>\n[\/av_textblock]\n[\/av_one_half]\n\n[av_one_half min_height='' vertical_alignment='av-align-top' space='' margin='0px' margin_sync='true' row_boxshadow_color='' row_boxshadow_width='10' link='' linktarget='' link_hover='' padding='0px' padding_sync='true' highlight_size='1.1' border='' border_color='' radius='0px' radius_sync='true' column_boxshadow_color='' column_boxshadow_width='10' background='bg_color' background_color='' background_gradient_color1='' background_gradient_color2='' background_gradient_direction='vertical' src='' attachment='' attachment_size='' background_position='top left' background_repeat='no-repeat' animation='' mobile_breaking='' mobile_display='' av_uid='av-61qx' custom_class='one-half-small-gap']\n[av_image src='http:\/\/news.bednar.com\/wp-content\/uploads\/2020\/01\/fr-2.jpg' attachment='276470' attachment_size='full' align='center' styling='' hover='' link='lightbox' target='' caption='' font_size='' appearance='' overlay_opacity='0.4' overlay_color='#000000' overlay_text_color='#ffffff' copyright='' animation='no-animation' av_uid='av-jiadkrth' custom_class='' admin_preview_bg=''][\/av_image]\n[\/av_one_half]\n\n[av_hr class='invisible' height='15' shadow='no-shadow' position='center' custom_border='av-border-thin' custom_width='50px' custom_border_color='' custom_margin_top='30px' custom_margin_bottom='30px' icon_select='yes' custom_icon_color='' icon='ue808' font='entypo-fontello' av_uid='av-jnppiwll' custom_class='' admin_preview_bg='']\n\n[av_textblock size='' font_color='' color='' av-medium-font-size='' av-small-font-size='' av-mini-font-size='' av_uid='av-jiaegma5' custom_class='' admin_preview_bg='']\n<p style=\"text-align: right;\">BEDNAR FMT s.r.o.\n<a href=\"mailto:marketing@bednarfmt.com\">marketing@bednarfmt.com<\/a>\n[\/av_textblock]<\/p>\n[av_heading heading='FOTO' tag='h2' link_apply='' link='manually,http:\/\/' link_target='' style='' size='' subheading_active='' subheading_size='15' margin='' padding='10' color='' custom_font='' custom_class='' admin_preview_bg='' av-desktop-hide='' av-medium-hide='' av-small-hide='' av-mini-hide='' av-medium-font-size-title='' av-small-font-size-title='' av-mini-font-size-title='' av-medium-font-size='' av-small-font-size='' av-mini-font-size=''][\/av_heading]\n\n[av_hr class='invisible' height='20' shadow='no-shadow' position='center' custom_border='av-border-thin' custom_width='50px' custom_border_color='' custom_margin_top='30px' custom_margin_bottom='30px' icon_select='yes' custom_icon_color='' icon='ue808' font='entypo-fontello' av_uid='av-jiaei1fo' custom_class='' admin_preview_bg='']\n\n[av_gallery ids='272564,272548,276470' style='thumbnails' preview_size='portfolio' crop_big_preview_thumbnail='avia-gallery-big-crop-thumb' thumb_size='portfolio' columns='6' imagelink='lightbox' lazyload='animations_off' av_uid='av-jiboe8xw' custom_class='' admin_preview_bg='']\n\n[av_heading heading='NOUVEAUT\u00c9S' tag='h2' link_apply='' link='manually,http:\/\/' link_target='' style='' size='' subheading_active='' subheading_size='15' margin='' padding='10' color='' custom_font='' custom_class='' admin_preview_bg='' av-desktop-hide='' av-medium-hide='' av-small-hide='' av-mini-hide='' av-medium-font-size-title='' av-small-font-size-title='' av-mini-font-size-title='' av-medium-font-size='' av-small-font-size='' av-mini-font-size=''][\/av_heading]\n\n[av_textblock size='' font_color='' color='' av-medium-font-size='' av-small-font-size='' av-mini-font-size='' av_uid='av-joua318z' custom_class='' admin_preview_bg='']\n[bednar_news id1=253495 id2=260717 id3=253495][\/bednar_news]\n[\/av_textblock]\n\n[av_button label='<span style=\"font-size: large;\">Plus de Nouvelles <\/span>' link='page,36875' link_target='' size='large' position='center' label_display='' icon_select='yes' icon_hover='aviaTBicon_hover' icon='ue811' font='entypo-fontello' color='custom' custom_bg='#feff00' custom_font='#2d2d2d' av_uid='av-joh7foel' custom_class='' admin_preview_bg='']","page-type":"","pageGroup":"","post-new-website":false},"_links":{"self":[{"href":"https:\/\/www.bednar.com\/fr\/wp-json\/wp\/v2\/posts\/373011","targetHints":{"allow":["GET"]}}],"collection":[{"href":"https:\/\/www.bednar.com\/fr\/wp-json\/wp\/v2\/posts"}],"about":[{"href":"https:\/\/www.bednar.com\/fr\/wp-json\/wp\/v2\/types\/post"}],"author":[{"embeddable":true,"href":"https:\/\/www.bednar.com\/fr\/wp-json\/wp\/v2\/users\/1"}],"replies":[{"embeddable":true,"href":"https:\/\/www.bednar.com\/fr\/wp-json\/wp\/v2\/comments?post=373011"}],"version-history":[{"count":1,"href":"https:\/\/www.bednar.com\/fr\/wp-json\/wp\/v2\/posts\/373011\/revisions"}],"predecessor-version":[{"id":393053,"href":"https:\/\/www.bednar.com\/fr\/wp-json\/wp\/v2\/posts\/373011\/revisions\/393053"}],"wp:featuredmedia":[{"embeddable":true,"href":"https:\/\/www.bednar.com\/fr\/wp-json\/wp\/v2\/media\/345706"}],"wp:attachment":[{"href":"https:\/\/www.bednar.com\/fr\/wp-json\/wp\/v2\/media?parent=373011"}],"wp:term":[{"taxonomy":"category","embeddable":true,"href":"https:\/\/www.bednar.com\/fr\/wp-json\/wp\/v2\/categories?post=373011"},{"taxonomy":"post_tag","embeddable":true,"href":"https:\/\/www.bednar.com\/fr\/wp-json\/wp\/v2\/tags?post=373011"}],"curies":[{"name":"wp","href":"https:\/\/api.w.org\/{rel}","templated":true}]}}