{"id":372967,"date":"2019-07-03T00:00:00","date_gmt":"2019-07-02T22:00:00","guid":{"rendered":"https:\/\/www.bednar.com\/blog\/retour-sur-le-plus-grand-field-day-de-la-societe-bednar"},"modified":"2019-07-03T00:00:00","modified_gmt":"2019-07-02T22:00:00","slug":"retour-sur-le-plus-grand-field-day-de-la-societe-bednar","status":"publish","type":"post","link":"https:\/\/www.bednar.com\/fr\/blog\/retour-sur-le-plus-grand-field-day-de-la-societe-bednar\/","title":{"rendered":"Retour sur le plus grand \u00ab Field day \u00bb de la soci\u00e9t\u00e9 BEDNAR"},"content":{"rendered":"<div class=\"post-section\" style=\"background-image: url(https:\/\/news.bednar.com\/wp-content\/uploads\/2018\/10\/Novinky_banner-1-1030x188.jpg);\"><\/div>\n<div class=\"one-full-section\"><br \/>\n<br \/>\n<\/div>\n<div class=\"post-section\" style=\"background-image: url();\"><br \/>\n<br \/>\n<\/div>\n<p class=\"awesome-textblock\"><\/p>\n<h2>Fin mai, nous avons organis\u00e9 le plus grand \u00ab Field day \u00bb de R\u00e9publique tch\u00e8que. Malgr\u00e9 les d\u00e9sagr\u00e9ments de la m\u00e9t\u00e9o, nous y avons accueilli 2217 visiteurs. Nous avons ainsi battu le record de 2017 qui avait \u00e9t\u00e9 fix\u00e9 \u00e0 2098 visiteurs. Consultez la vid\u00e9o ci-dessous pour vous rendre compte de l\u2019atmosph\u00e8re qui r\u00e9gnait au \u00ab Field day BEDNAR 2019 \u00bb qui s\u2019est d\u00e9roul\u00e9 \u00e0 M\u011bstec Kr\u00e1lov\u00e9.<\/h2>\n<p><\/p>\n<div class=\"hr-section\"><\/div>\n<div class=\"av-video\"><iframe loading=\"lazy\" width=\"100%\" height=\"800\" src=\"https:\/\/www.youtube.com\/embed\/gaAyd9W6i4o\" title=\"YouTube video player\" frameborder=\"0\" allow=\"accelerometer; autoplay; clipboard-write; encrypted-media; gyroscope; picture-in-picture\" allowfullscreen><\/iframe><\/div>\n<div class=\"hr-section\"><\/div>\n<h2>Un nombre record de machines<\/h2>\n<p class=\"\"><br \/>\nLa journ\u00e9e \u00ab Field day \u00bb n\u2019a pas seulement \u00e9cras\u00e9 l\u2019ancien record en termes de nombre de visiteurs, mais elle a \u00e9galement \u00e9tabli un nouveau record en termes de nombre de machines BEDNAR expos\u00e9es. Pour cette seule journ\u00e9e, sur un m\u00eame site, nous vous avons pr\u00e9par\u00e9 30 machines avec, \u00e0 leur t\u00eate, nos nouveaut\u00e9s et innovations. Le tout \u00e9tait bien entendu agr\u00e9ment\u00e9 de commentaires sp\u00e9cialis\u00e9s. Vous avez par exemple pu y voir notre nouveau semoir <a href=\"\/?page_id=173564\" target=\"_blank\" rel=\"noopener noreferrer\"><span style=\"text-decoration: underline;\">OMEGA OO 6000 FL<\/span><\/a>, notre d\u00e9chaumeur \u00e0 disques \u00e0 large prise SWIFTERDISC XE 12400 Profi et notre bineuse de rangs <a href=\"\/?page_id=169117\" target=\"_blank\" rel=\"noopener noreferrer\"><span style=\"text-decoration: underline;\">STRIP MASTER EN 8\/75<\/span><\/a>.<br \/>\n<\/p>\n<div class=\"one-half-section\">\n<img decoding=\"async\" src=\"https:\/\/news.bednar.com\/wp-content\/uploads\/2019\/06\/Ohlednuti-za-nejvetsim-polnim-dnem-bednar-1.jpg\" alt=\"\">\n<p><\/div><div class=\"one-half-section\"><\/p>\n<img decoding=\"async\" src=\"https:\/\/news.bednar.com\/wp-content\/uploads\/2019\/06\/Ohlednuti-za-nejvetsim-polnim-dnem-bednar-2.jpg\" alt=\"\">\n<p><\/div><div class=\"hr-section\"><\/div><\/p>\n<h2>Nous souhaitons remercier toutes les personnes pr\u00e9sentes<\/h2>\n<p class=\"\"><br \/>\nNous avions tout pr\u00e9par\u00e9 en votre honneur et nous sommes heureux que vous ayez pu profiter de cette journ\u00e9e du 29 mai en notre compagnie. Nous souhaitons remercier tous ceux qui ont particip\u00e9 \u00e0 notre \u00ab\u00a0Field day\u00a0\u00bb malgr\u00e9 les d\u00e9sagr\u00e9ments de la m\u00e9t\u00e9o. Nous sommes d\u00e9j\u00e0 impatients d\u2019organiser le prochain \u00ab\u00a0Field day\u00a0\u00bb afin de pouvoir \u00e0 nouveau vous y rencontrer, vous, nos clients, partenaires et supporters.<\/p>\n<p>\u00c0 c\u00f4t\u00e9 des visiteurs, nous nous devons \u00e9galement d\u2019adresser nos remerciements \u00e0 tous les partenaires qui ont pr\u00e9par\u00e9 le \u00ab\u00a0Field day BEDNAR 2019\u00a0\u00bb avec nous. Nous vous remercions pour votre coop\u00e9ration.<br \/>\n<\/p>\n<h2>Partenaires du \u00ab Field day BEDNAR 2019 \u00bb<\/h2>\n<div class=\"hr-section\"><\/div>\n<div class=\"one-full-section\"><br \/>\n<img decoding=\"async\" src=\"https:\/\/news.bednar.com\/wp-content\/uploads\/2019\/06\/Ohlednuti-za-nejvetsim-polnim-dnem-bednar-3.jpg\" alt=\"\"><br \/>\n<\/div>\n<div class=\"hr-section\"><\/div>\n<p class=\"\"><\/p>\n<p style=\"text-align: right;\">Avec nous, l\u2019agriculture est un plaisir.<\/p>\n<p style=\"text-align: right;\">BEDNAR FMT s.r.o.<\/p>\n<p style=\"text-align: right;\">.<\/p>\n<p><\/p>\n<h2>FOTO<\/h2>\n<div class=\"hr-section\"><\/div>\n\n        <div class=\"gallery\">\n\n            <ul>\n\n                \n                    <li>\n\n                        <a href=\"http:\/\/news.bednar.com\/wp-content\/uploads\/2019\/06\/Ohlednuti-za-nejvetsim-polnim-dnem-bednar-1.jpg\" target=\"_blank\" rel=\"noopener\"><img decoding=\"async\" src=\"http:\/\/news.bednar.com\/wp-content\/uploads\/2019\/06\/Ohlednuti-za-nejvetsim-polnim-dnem-bednar-1.jpg\" alt=\"\"><\/a>\n\n                    <\/li>\n\n                    \n                    <li>\n\n                        <a href=\"http:\/\/news.bednar.com\/wp-content\/uploads\/2019\/06\/Ohlednuti-za-nejvetsim-polnim-dnem-bednar-2.jpg\" target=\"_blank\" rel=\"noopener\"><img decoding=\"async\" src=\"http:\/\/news.bednar.com\/wp-content\/uploads\/2019\/06\/Ohlednuti-za-nejvetsim-polnim-dnem-bednar-2.jpg\" alt=\"\"><\/a>\n\n                    <\/li>\n\n                    \n                    <li>\n\n                        <a href=\"http:\/\/news.bednar.com\/wp-content\/uploads\/2019\/06\/Ohlednuti-za-nejvetsim-polnim-dnem-bednar-3.jpg\" target=\"_blank\" rel=\"noopener\"><img decoding=\"async\" src=\"http:\/\/news.bednar.com\/wp-content\/uploads\/2019\/06\/Ohlednuti-za-nejvetsim-polnim-dnem-bednar-3.jpg\" alt=\"\"><\/a>\n\n                    <\/li>\n\n                    \n            <\/ul>\n\n        <\/div>\n\n        \n<h2>ARTICLES ASSOCI\u00c9S<\/h2>\n<p class=\"\"><br \/>\n<br \/>\n<\/p>\n\n","protected":false},"excerpt":{"rendered":"<p>Fin mai, nous avons organis\u00e9 le plus grand \u00ab Field day \u00bb de R\u00e9publique tch\u00e8que. Malgr\u00e9 les d\u00e9sagr\u00e9ments de la m\u00e9t\u00e9o, nous y avons accueilli 2217 visiteurs. Nous avons ainsi battu le record de 2017 qui avait \u00e9t\u00e9 fix\u00e9 \u00e0 2098 visiteurs. Consultez la vid\u00e9o ci-dessous pour vous rendre compte de l\u2019atmosph\u00e8re qui r\u00e9gnait au \u00ab Field day BEDNAR 2019 \u00bb qui s\u2019est d\u00e9roul\u00e9 \u00e0 M\u011bstec Kr\u00e1lov\u00e9.<\/p>\n","protected":false},"author":1,"featured_media":343163,"comment_status":"open","ping_status":"open","sticky":false,"template":"","format":"standard","meta":{"_acf_changed":false,"footnotes":""},"categories":[79],"tags":[],"class_list":["post-372967","post","type-post","status-publish","format-standard","has-post-thumbnail","hentry","category-non-classifiee"],"acf":{"item-bg":false,"item-bg_kop\u00edrovat":false,"item-bg-mobile":false,"item-youtube":"","item-title":"","fixed-title":"","item-desc":"","item-mach-desc":"","item-mach-config":"","item-mach-down":"","item-align":false,"item-code":"","google-map":"","disable-header":false,"main-content":false,"nav-main-cat":false,"nav-sub-cat":false,"_aviaLayoutBuilderCleanData":"[av_section min_height='custom' min_height_px='250px' padding='no-padding' shadow='no-border-styling' bottom_border='no-border-styling' bottom_border_diagonal_color='#333333' bottom_border_diagonal_direction='' bottom_border_style='' custom_margin='0px' custom_margin_sync='true' custom_arrow_bg='' id='' color='main_color' background='bg_color' custom_bg='' background_gradient_color1='' background_gradient_color2='' background_gradient_direction='vertical' src='http:\/\/news.bednar.com\/wp-content\/uploads\/2018\/10\/Novinky_banner-1-1030x188.jpg' attachment='37463' attachment_size='large' attach='scroll' position='top center' repeat='stretch' video='' video_ratio='16:9' overlay_opacity='0.5' overlay_color='' overlay_pattern='' overlay_custom_pattern='' av_element_hidden_in_editor='0' av_uid='av-joua11hu' custom_class=''][\/av_section]\n\n[av_one_full first min_height='av-equal-height-column' vertical_alignment='av-align-middle' space='' margin='0px' margin_sync='true' link='' linktarget='' link_hover='' padding='0px' padding_sync='true' border='' border_color='' radius='0px' radius_sync='true' background='bg_color' background_color='' background_gradient_color1='' background_gradient_color2='' background_gradient_direction='vertical' src='' attachment='' attachment_size='' background_position='top left' background_repeat='no-repeat' animation='' mobile_breaking='' mobile_display='' av_uid='av-jnpqbee2' custom_class='heading-top']\n[av_heading heading='NOUVEAUT\u00c9S' tag='h1' link_apply='' link='manually,http:\/\/' link_target='' style='blockquote modern-quote' size='28' subheading_active='' subheading_size='15' margin='' margin_sync='true' padding='0' color='' custom_font='' av-medium-font-size-title='' av-small-font-size-title='' av-mini-font-size-title='' av-medium-font-size='' av-small-font-size='' av-mini-font-size='' av_uid='av-jxmy262o' custom_class='' admin_preview_bg=''][\/av_heading]\n[\/av_one_full]\n\n[av_section min_height='' min_height_px='500px' padding='small' shadow='no-border-styling' bottom_border='no-border-styling' bottom_border_diagonal_color='#333333' bottom_border_diagonal_direction='' bottom_border_style='' custom_arrow_bg='' id='' color='main_color' background='bg_color' custom_bg='#f2f2f2' background_gradient_color1='' background_gradient_color2='' background_gradient_direction='vertical' src='' attachment='' attachment_size='' attach='scroll' position='top left' repeat='no-repeat' video='' video_ratio='16:9' overlay_opacity='0.5' overlay_color='' overlay_pattern='' overlay_custom_pattern='' av_element_hidden_in_editor='0' av_uid='av-jnpucduy' custom_class='']\n[av_heading heading='Retour sur le plus grand \u00ab Field day \u00bb de la soci\u00e9t\u00e9 BEDNAR ' tag='h1' link_apply='' link='manually,http:\/\/' link_target='' style='blockquote modern-quote' size='24' subheading_active='' subheading_size='15' margin='' margin_sync='true' padding='0' color='' custom_font='' av-medium-font-size-title='' av-small-font-size-title='' av-mini-font-size-title='' av-medium-font-size='' av-small-font-size='' av-mini-font-size='' av_uid='av-jxmxykf4' custom_class='' admin_preview_bg=''][\/av_heading]\n[\/av_section]\n\n[av_textblock size='' font_color='' color='' av-medium-font-size='' av-small-font-size='' av-mini-font-size='' av_uid='av-7st7' custom_class='awesome-textblock' admin_preview_bg='']\n<h2>Fin mai, nous avons organis\u00e9 le plus grand \u00ab Field day \u00bb de R\u00e9publique tch\u00e8que. Malgr\u00e9 les d\u00e9sagr\u00e9ments de la m\u00e9t\u00e9o, nous y avons accueilli 2217 visiteurs. Nous avons ainsi battu le record de 2017 qui avait \u00e9t\u00e9 fix\u00e9 \u00e0 2098 visiteurs. Consultez la vid\u00e9o ci-dessous pour vous rendre compte de l\u2019atmosph\u00e8re qui r\u00e9gnait au \u00ab Field day BEDNAR 2019 \u00bb qui s\u2019est d\u00e9roul\u00e9 \u00e0 M\u011bstec Kr\u00e1lov\u00e9.<\/h2>\n[\/av_textblock]\n\n[av_hr class='invisible' height='20' shadow='no-shadow' position='center' custom_border='av-border-thin' custom_width='50px' custom_border_color='' custom_margin_top='30px' custom_margin_bottom='30px' icon_select='yes' custom_icon_color='' icon='ue808' font='entypo-fontello' av_uid='av-jnppiwll' custom_class='' admin_preview_bg='']\n\n[av_video src='https:\/\/www.youtube.com\/watch?v=gaAyd9W6i4o' mobile_image='' attachment='' attachment_size='' format='16-9' width='16' height='9' conditional_play='' av_uid='av-jx0fesgv' custom_class='']\n\n[av_hr class='invisible' height='20' shadow='no-shadow' position='center' custom_border='av-border-thin' custom_width='50px' custom_border_color='' custom_margin_top='30px' custom_margin_bottom='30px' icon_select='yes' custom_icon_color='' icon='ue808' font='entypo-fontello' av_uid='av-jnppiwll' custom_class='' admin_preview_bg='']\n\n[av_heading heading='Un nombre record de machines' tag='h2' link_apply='' link='manually,http:\/\/' link_target='' style='' size='' subheading_active='' subheading_size='15' margin='' padding='10' color='' custom_font='' custom_class='' admin_preview_bg='' av-desktop-hide='' av-medium-hide='' av-small-hide='' av-mini-hide='' av-medium-font-size-title='' av-small-font-size-title='' av-mini-font-size-title='' av-medium-font-size='' av-small-font-size='' av-mini-font-size=''][\/av_heading]\n\n[av_textblock size='' font_color='' color='' av-medium-font-size='' av-small-font-size='' av-mini-font-size='' av_uid='av-jiadqhq3' custom_class='' admin_preview_bg='']\nLa journ\u00e9e \u00ab Field day \u00bb n\u2019a pas seulement \u00e9cras\u00e9 l\u2019ancien record en termes de nombre de visiteurs, mais elle a \u00e9galement \u00e9tabli un nouveau record en termes de nombre de machines BEDNAR expos\u00e9es. Pour cette seule journ\u00e9e, sur un m\u00eame site, nous vous avons pr\u00e9par\u00e9 30 machines avec, \u00e0 leur t\u00eate, nos nouveaut\u00e9s et innovations. Le tout \u00e9tait bien entendu agr\u00e9ment\u00e9 de commentaires sp\u00e9cialis\u00e9s. Vous avez par exemple pu y voir notre nouveau semoir <a href=\"https:\/\/www.bednar.com\/fr\/omega-oo_fl\/\" target=\"_blank\" rel=\"noopener noreferrer\"><span style=\"text-decoration: underline;\">OMEGA OO 6000 FL<\/span><\/a>, notre d\u00e9chaumeur \u00e0 disques \u00e0 large prise SWIFTERDISC XE 12400 Profi et notre bineuse de rangs <a href=\"https:\/\/www.bednar.com\/fr\/strip-master\/\" target=\"_blank\" rel=\"noopener noreferrer\"><span style=\"text-decoration: underline;\">STRIP MASTER EN 8\/75<\/span><\/a>.\n[\/av_textblock]\n\n[av_one_half first min_height='' vertical_alignment='av-align-top' space='' margin='0px' margin_sync='true' row_boxshadow_color='' row_boxshadow_width='10' link='' linktarget='' link_hover='' padding='0px' padding_sync='true' highlight_size='1.1' border='' border_color='' radius='0px' radius_sync='true' column_boxshadow_color='' column_boxshadow_width='10' background='bg_color' background_color='' background_gradient_color1='' background_gradient_color2='' background_gradient_direction='vertical' src='' attachment='' attachment_size='' background_position='top left' background_repeat='no-repeat' animation='' mobile_breaking='' mobile_display='' av_uid='av-61qx' custom_class='one-half-small-gap']\n\n[av_image src='http:\/\/news.bednar.com\/wp-content\/uploads\/2019\/06\/Ohlednuti-za-nejvetsim-polnim-dnem-bednar-1.jpg' attachment='220148' attachment_size='full' align='center' styling='' hover='' link='lightbox' target='' caption='' font_size='' appearance='' overlay_opacity='0.4' overlay_color='#000000' overlay_text_color='#ffffff' copyright='' animation='no-animation' av_uid='av-jiadkrth' custom_class='' admin_preview_bg=''][\/av_image]\n\n[\/av_one_half][av_one_half min_height='' vertical_alignment='av-align-top' space='' margin='0px' margin_sync='true' row_boxshadow_color='' row_boxshadow_width='10' link='' linktarget='' link_hover='' padding='0px' padding_sync='true' highlight_size='1.1' border='' border_color='' radius='0px' radius_sync='true' column_boxshadow_color='' column_boxshadow_width='10' background='bg_color' background_color='' background_gradient_color1='' background_gradient_color2='' background_gradient_direction='vertical' src='' attachment='' attachment_size='' background_position='top left' background_repeat='no-repeat' animation='' mobile_breaking='' mobile_display='' av_uid='av-3zej' custom_class='one-half-small-gap']\n\n[av_image src='http:\/\/news.bednar.com\/wp-content\/uploads\/2019\/06\/Ohlednuti-za-nejvetsim-polnim-dnem-bednar-2.jpg' attachment='220118' attachment_size='full' align='center' styling='' hover='' link='lightbox' target='' caption='' font_size='' appearance='' overlay_opacity='0.4' overlay_color='#000000' overlay_text_color='#ffffff' copyright='' animation='no-animation' av_uid='av-jiadkrth' custom_class='' admin_preview_bg=''][\/av_image]\n\n[\/av_one_half][av_hr class='invisible' height='20' shadow='no-shadow' position='center' custom_border='av-border-thin' custom_width='50px' custom_border_color='' custom_margin_top='30px' custom_margin_bottom='30px' icon_select='yes' custom_icon_color='' icon='ue808' font='entypo-fontello' av_uid='av-jnppiwll' custom_class='' admin_preview_bg='']\n\n[av_heading heading='Nous souhaitons remercier toutes les personnes pr\u00e9sentes' tag='h2' link_apply='' link='manually,http:\/\/' link_target='' style='' size='' subheading_active='' subheading_size='15' margin='' padding='10' color='' custom_font='' custom_class='' admin_preview_bg='' av-desktop-hide='' av-medium-hide='' av-small-hide='' av-mini-hide='' av-medium-font-size-title='' av-small-font-size-title='' av-mini-font-size-title='' av-medium-font-size='' av-small-font-size='' av-mini-font-size=''][\/av_heading]\n\n[av_textblock size='' font_color='' color='' av-medium-font-size='' av-small-font-size='' av-mini-font-size='' av_uid='av-jiadqhq3' custom_class='' admin_preview_bg='']\nNous avions tout pr\u00e9par\u00e9 en votre honneur et nous sommes heureux que vous ayez pu profiter de cette journ\u00e9e du 29 mai en notre compagnie. Nous souhaitons remercier tous ceux qui ont particip\u00e9 \u00e0 notre \u00ab\u00a0Field day\u00a0\u00bb malgr\u00e9 les d\u00e9sagr\u00e9ments de la m\u00e9t\u00e9o. Nous sommes d\u00e9j\u00e0 impatients d\u2019organiser le prochain \u00ab\u00a0Field day\u00a0\u00bb afin de pouvoir \u00e0 nouveau vous y rencontrer, vous, nos clients, partenaires et supporters.\n\n\u00c0 c\u00f4t\u00e9 des visiteurs, nous nous devons \u00e9galement d\u2019adresser nos remerciements \u00e0 tous les partenaires qui ont pr\u00e9par\u00e9 le \u00ab\u00a0Field day BEDNAR 2019\u00a0\u00bb avec nous. Nous vous remercions pour votre coop\u00e9ration.\n[\/av_textblock]\n\n[av_heading heading='Partenaires du \u00ab Field day BEDNAR 2019 \u00bb' tag='h2' link_apply='' link='manually,http:\/\/' link_target='' style='' size='' subheading_active='' subheading_size='15' margin='' padding='10' color='' custom_font='' custom_class='' admin_preview_bg='' av-desktop-hide='' av-medium-hide='' av-small-hide='' av-mini-hide='' av-medium-font-size-title='' av-small-font-size-title='' av-mini-font-size-title='' av-medium-font-size='' av-small-font-size='' av-mini-font-size=''][\/av_heading]\n\n[av_hr class='invisible' height='10' shadow='no-shadow' position='center' custom_border='av-border-thin' custom_width='50px' custom_border_color='' custom_margin_top='30px' custom_margin_bottom='30px' icon_select='yes' custom_icon_color='' icon='ue808' font='entypo-fontello' av_uid='av-jiaei1fo' custom_class='' admin_preview_bg='']\n\n[av_one_full first min_height='' vertical_alignment='av-align-top' space='' margin='0px' margin_sync='true' row_boxshadow_color='' row_boxshadow_width='10' link='' linktarget='' link_hover='' padding='0px' padding_sync='true' highlight_size='1.1' border='' border_color='' radius='0px' radius_sync='true' column_boxshadow_color='' column_boxshadow_width='10' background='bg_color' background_color='' background_gradient_color1='' background_gradient_color2='' background_gradient_direction='vertical' src='' attachment='' attachment_size='' background_position='top left' background_repeat='no-repeat' animation='' mobile_breaking='' mobile_display='' av_uid='av-jr5' custom_class='one-half-small-gap']\n[av_image src='http:\/\/news.bednar.com\/wp-content\/uploads\/2019\/06\/Ohlednuti-za-nejvetsim-polnim-dnem-bednar-3.jpg' attachment='220133' attachment_size='full' align='center' styling='' hover='' link='lightbox' target='' caption='' font_size='' appearance='' overlay_opacity='0.4' overlay_color='#000000' overlay_text_color='#ffffff' copyright='' animation='no-animation' av_uid='av-jiadkrth' custom_class='' admin_preview_bg=''][\/av_image]\n[\/av_one_full]\n\n[av_hr class='invisible' height='10' shadow='no-shadow' position='center' custom_border='av-border-thin' custom_width='50px' custom_border_color='' custom_margin_top='30px' custom_margin_bottom='30px' icon_select='yes' custom_icon_color='' icon='ue808' font='entypo-fontello' av_uid='av-jiaei1fo' custom_class='' admin_preview_bg='']\n\n[av_textblock size='' font_color='' color='' av-medium-font-size='' av-small-font-size='' av-mini-font-size='' av_uid='av-jiaegma5' custom_class='' admin_preview_bg='']\n<p style=\"text-align: right;\">Avec nous, l\u2019agriculture est un plaisir.<\/p>\n<p style=\"text-align: right;\">BEDNAR FMT s.r.o.<\/p>\n<p style=\"text-align: right;\">.<\/p>\n[\/av_textblock]\n\n[av_heading heading='FOTO' tag='h2' link_apply='' link='manually,http:\/\/' link_target='' style='' size='' subheading_active='' subheading_size='15' margin='' padding='10' color='' custom_font='' custom_class='' admin_preview_bg='' av-desktop-hide='' av-medium-hide='' av-small-hide='' av-mini-hide='' av-medium-font-size-title='' av-small-font-size-title='' av-mini-font-size-title='' av-medium-font-size='' av-small-font-size='' av-mini-font-size=''][\/av_heading]\n\n[av_hr class='invisible' height='20' shadow='no-shadow' position='center' custom_border='av-border-thin' custom_width='50px' custom_border_color='' custom_margin_top='30px' custom_margin_bottom='30px' icon_select='yes' custom_icon_color='' icon='ue808' font='entypo-fontello' av_uid='av-jiaei1fo' custom_class='' admin_preview_bg='']\n\n[av_gallery ids='220143,220128,220113' style='thumbnails' preview_size='portfolio' crop_big_preview_thumbnail='avia-gallery-big-crop-thumb' thumb_size='portfolio' columns='6' imagelink='lightbox' lazyload='animations_off' av_uid='av-jiboe8xw' custom_class='' admin_preview_bg='']\n\n[av_heading heading='ARTICLES ASSOCI\u00c9S' tag='h2' link_apply='' link='manually,http:\/\/' link_target='' style='' size='' subheading_active='' subheading_size='15' margin='' padding='10' color='' custom_font='' custom_class='' admin_preview_bg='' av-desktop-hide='' av-medium-hide='' av-small-hide='' av-mini-hide='' av-medium-font-size-title='' av-small-font-size-title='' av-mini-font-size-title='' av-medium-font-size='' av-small-font-size='' av-mini-font-size=''][\/av_heading]\n\n[av_textblock size='' font_color='' color='' av-medium-font-size='' av-small-font-size='' av-mini-font-size='' av_uid='av-joua318z' custom_class='' admin_preview_bg='']\n[bednar_news id1=220747 id2=218718 id3=211172][\/bednar_news]\n[\/av_textblock]\n\n[av_button label='<span style=\"font-size: large;\">Plus de Nouvelles<\/span>' link='manually,https:\/\/www.bednar.com\/fr\/nouveautes\/' link_target='' size='large' position='center' label_display='' icon_select='yes' icon_hover='aviaTBicon_hover' icon='ue811' font='entypo-fontello' color='custom' custom_bg='#feff00' custom_font='#2d2d2d' av_uid='av-joh7foel' custom_class='' admin_preview_bg='']","page-type":"","pageGroup":"","post-new-website":false},"_links":{"self":[{"href":"https:\/\/www.bednar.com\/fr\/wp-json\/wp\/v2\/posts\/372967","targetHints":{"allow":["GET"]}}],"collection":[{"href":"https:\/\/www.bednar.com\/fr\/wp-json\/wp\/v2\/posts"}],"about":[{"href":"https:\/\/www.bednar.com\/fr\/wp-json\/wp\/v2\/types\/post"}],"author":[{"embeddable":true,"href":"https:\/\/www.bednar.com\/fr\/wp-json\/wp\/v2\/users\/1"}],"replies":[{"embeddable":true,"href":"https:\/\/www.bednar.com\/fr\/wp-json\/wp\/v2\/comments?post=372967"}],"version-history":[{"count":0,"href":"https:\/\/www.bednar.com\/fr\/wp-json\/wp\/v2\/posts\/372967\/revisions"}],"wp:featuredmedia":[{"embeddable":true,"href":"https:\/\/www.bednar.com\/fr\/wp-json\/wp\/v2\/media\/343163"}],"wp:attachment":[{"href":"https:\/\/www.bednar.com\/fr\/wp-json\/wp\/v2\/media?parent=372967"}],"wp:term":[{"taxonomy":"category","embeddable":true,"href":"https:\/\/www.bednar.com\/fr\/wp-json\/wp\/v2\/categories?post=372967"},{"taxonomy":"post_tag","embeddable":true,"href":"https:\/\/www.bednar.com\/fr\/wp-json\/wp\/v2\/tags?post=372967"}],"curies":[{"name":"wp","href":"https:\/\/api.w.org\/{rel}","templated":true}]}}