{"id":372896,"date":"2019-01-10T00:00:00","date_gmt":"2019-01-09T23:00:00","guid":{"rendered":"https:\/\/www.bednar.com\/blog\/la-societe-bednar-fmt-entame-la-construction-dun-nouveau-hall-de-montage-sur-deux-etages"},"modified":"2019-01-10T00:00:00","modified_gmt":"2019-01-09T23:00:00","slug":"la-societe-bednar-fmt-entame-la-construction-dun-nouveau-hall-de-montage-sur-deux-etages","status":"publish","type":"post","link":"https:\/\/www.bednar.com\/fr\/blog\/la-societe-bednar-fmt-entame-la-construction-dun-nouveau-hall-de-montage-sur-deux-etages\/","title":{"rendered":"La soci\u00e9t\u00e9 BEDNAR FMT entame la construction d\u2019un nouveau hall de montage sur deux \u00e9tages"},"content":{"rendered":"\n<div class=\"post-section\" style=\"background-image: url();\"><\/div>\n<div class=\"one-full-section\"><br \/>\n<br \/>\n<\/div>\n<div class=\"post-section\" style=\"background-image: url();\"><br \/>\n<br \/>\n<\/div>\n<p class=\"awesome-textblock\"><\/p>\n<div class=\"head clearfix\">\n<div class=\"head clearfix\">\n<p>La soci\u00e9t\u00e9 BEDNAR FMT transforme ses plans en r\u00e9alit\u00e9 et elle est un des acteurs qui d\u00e9finissent la direction qui sera prise par l\u2019agriculture moderne. Elle fabrique des \u00e9quipements agricoles qui sont export\u00e9s dans le monde entier et elle a une croissance continue. D\u2019ici deux ans, sa capacit\u00e9 de production, qui est actuellement de 1500 machines, pourra \u00eatre augment\u00e9e d\u2019au moins 30 %. Cette augmentation sera rendue possible gr\u00e2ce au nouveau hall de montage sur deux \u00e9tages que la soci\u00e9t\u00e9 a commenc\u00e9 \u00e0 construire en 2018. La fin du chantier et l\u2019augmentation de la production sont pr\u00e9vus pour l\u2019automne 2019. Dans le pr\u00e9sent communiqu\u00e9 de presse, vous trouverez de plus amples d\u00e9tails sur ces diff\u00e9rents points.<\/p>\n<\/div>\n<div class=\"content\">\n<div>\n<div><\/div>\n<\/div>\n<\/div>\n<\/div>\n<div class=\"content\">\n<div>\n<div><\/div>\n<\/div>\n<\/div>\n<p><\/p>\n<div class=\"hr-section\"><\/div>\n<div class=\"one-half-section\"><br \/>\n<img decoding=\"async\" src=\"https:\/\/news.bednar.com\/wp-content\/uploads\/2018\/12\/Vyrobce-zemedelske-techniky-BEDNAR-FMT-zahajuje-vystavbu-nove-dvoupodlazni-montazni-haly.jpg\" alt=\"\"><\/p>\n<p><div class=\"hr-section\"><\/div><\/p>\n<p><p class=\"text-block-grey\"><br \/>\nAspect actuel de l\u2019usine de production de la soci\u00e9t\u00e9 BEDNAR FMT.<br \/>\n<\/p><br \/>\n<\/div>\n<div class=\"one-half-section\"><br \/>\n<h2>Qui est la soci\u00e9t\u00e9 BEDNAR FMT ?<\/h2><\/p>\n<p><p class=\"\"><br \/>\nIl s\u2019agit d\u2019un fabricant d\u2019\u00e9quipements agricoles progressiste qui se sp\u00e9cialise dans les machines destin\u00e9es au travail du sol, aux semis, \u00e0 l\u2019amendement et au broyage. Gr\u00e2ce au lien \u00e9troit qui existe entre la soci\u00e9t\u00e9 et la pratique agricole, la soci\u00e9t\u00e9 BEDNAR FMT est connue pour \u00eatre un des fabricants de machines agricoles qui innove le plus et qui fabrique des machines qui ont une valeur ajout\u00e9e \u00e9lev\u00e9e au profit des utilisateurs finals. \u00c0 l\u2019heure actuelle, la soci\u00e9t\u00e9 emploie 250 travailleurs et elle exporte ses produits dans 35 pays en Europe, en Asie, en Australie, en Am\u00e9rique du Nord et du Sud et en Afrique.<br \/>\n<\/p><br \/>\n<\/div>\n<div class=\"hr-section\"><\/div>\n<div class=\"one-half-section\"><br \/>\n<h2>La croissance progressive de la soci\u00e9t\u00e9<\/h2><\/p>\n<p><p class=\"\"><br \/>\nLa soci\u00e9t\u00e9 BEDNAR FMT s.r.o. a \u00e9t\u00e9 fond\u00e9e en 1997 par Monsieur Ladislav Bedn\u00e1\u0159 et ses partenaires. \u00c0 ses d\u00e9buts, la soci\u00e9t\u00e9 se concentrait sur l\u2019export de machines agricoles tch\u00e8ques \u00e0 l\u2019\u00e9tranger. Le premier jalon de la soci\u00e9t\u00e9 date de 1999, \u00e9poque \u00e0 laquelle la soci\u00e9t\u00e9 a mis sur le march\u00e9 son d\u00e9chaumeur \u00e0 disques DOWLANDS. Une autre \u00e9tape importante date de 2006 lorsque la soci\u00e9t\u00e9 a acquis ses premiers b\u00e2timents pour sa future usine de production de Rychnov nad Kn\u011b\u017enou. Deux ans plus tard, elle a construit son premier hall de production. En 2011, la soci\u00e9t\u00e9 a investi dans la r\u00e9novation de ses locaux administratifs et l\u2019ann\u00e9e qui a suivi, elle a entam\u00e9 la construction d\u2019un nouvel atelier d\u2019application de peinture poudre, de nouveaux halls de montage et de stockage. L\u2019expansion suivante du site de production date de 2017 et ce fut la construction d\u2019un entrep\u00f4t de stockage en toile. Aujourd\u2019hui, nous allons pouvoir continuer \u00e0 grandir car nous avons lanc\u00e9 la plus grande expansion de notre usine de production. En effet, durant le mois de d\u00e9cembre 2018, nous avons entam\u00e9 la construction d\u2019un nouveau hall de montage sur deux \u00e9tages qui aura une superficie utile totale de 12 268 m<sup>2<\/sup>. La fin du chantier est pr\u00e9vue pour l\u2019automne 2019.<\/p>\n<div>\n<div><\/div>\n<\/div>\n<div>\n<div><\/div>\n<\/div>\n<p><\/p><br \/>\n<\/div>\n<div class=\"one-half-section\"><br \/>\n<img decoding=\"async\" src=\"https:\/\/news.bednar.com\/wp-content\/uploads\/2019\/01\/Majitel-spolecnosti-BEDNAR-FMT-se-svymi-syny-na-miste-stavby-nove-dvoupodlazni-haly-1.jpg\" alt=\"\"><\/p>\n<p><div class=\"hr-section\"><\/div><\/p>\n<p><p class=\"text-block-grey text-block-equal-height\"><br \/>\nLe propri\u00e9taire de la soci\u00e9t\u00e9 BEDNAR FMT en compagnie de ses fils sur le lieu o\u00f9 sera construit le nouveau hall de montage sur deux \u00e9tages.<\/p>\n<div><\/div>\n<p><\/p><br \/>\n<\/div>\n<div class=\"hr-section\"><\/div>\n<h2>Qui est la soci\u00e9t\u00e9 BEDNAR FMT ?<\/h2>\n<p class=\"\"><br \/>\nIl s\u2019agit d\u2019un fabricant d\u2019\u00e9quipements agricoles progressiste qui se sp\u00e9cialise dans les machines destin\u00e9es au travail du sol, aux semis, \u00e0 l\u2019amendement et au broyage. Gr\u00e2ce au lien \u00e9troit qui existe entre la soci\u00e9t\u00e9 et la pratique agricole, la soci\u00e9t\u00e9 BEDNAR FMT est connue pour \u00eatre un des fabricants de machines agricoles qui innove le plus et qui fabrique des machines qui ont une valeur ajout\u00e9e \u00e9lev\u00e9e au profit des utilisateurs finals. \u00c0 l\u2019heure actuelle, la soci\u00e9t\u00e9 emploie 250 travailleurs et elle exporte ses produits dans 35 pays en Europe, en Asie, en Australie, en Am\u00e9rique du Nord et du Sud et en Afrique.<br \/>\n<\/p>\n<div class=\"one-half-section\"><br \/>\n<img decoding=\"async\" src=\"https:\/\/news.bednar.com\/wp-content\/uploads\/2019\/01\/areal-vyroby-v-rychnove-nad-kneznou.jpg\" alt=\"\"><\/p>\n<p><div class=\"hr-section\"><\/div><\/p>\n<p><p class=\"text-block-grey\"><br \/>\nLe site de production de Rychnov nad Kn\u011b\u017enou.<\/p>\n<div><\/div>\n<p><\/p><br \/>\n<\/div>\n<div class=\"one-half-section\"><br \/>\n<h2>La croissance progressive de la soci\u00e9t\u00e9<\/h2><\/p>\n<p><p class=\"\"><br \/>\nLa soci\u00e9t\u00e9 BEDNAR FMT s.r.o. a \u00e9t\u00e9 fond\u00e9e en 1997 par Monsieur Ladislav Bedn\u00e1\u0159 et ses partenaires. \u00c0 ses d\u00e9buts, la soci\u00e9t\u00e9 se concentrait sur l\u2019export de machines agricoles tch\u00e8ques \u00e0 l\u2019\u00e9tranger. Le premier jalon de la soci\u00e9t\u00e9 date de 1999, \u00e9poque \u00e0 laquelle la soci\u00e9t\u00e9 a mis sur le march\u00e9 son d\u00e9chaumeur \u00e0 disques DOWLANDS. Une autre \u00e9tape importante date de 2006 lorsque la soci\u00e9t\u00e9 a acquis ses premiers b\u00e2timents pour sa future usine de production de Rychnov nad Kn\u011b\u017enou. Deux ans plus tard, elle a construit son premier hall de production. En 2011, la soci\u00e9t\u00e9 a investi dans la r\u00e9novation de ses locaux administratifs et l\u2019ann\u00e9e qui a suivi, elle a entam\u00e9 la construction d\u2019un nouvel atelier d\u2019application de peinture poudre, de nouveaux halls de montage et de stockage. L\u2019expansion suivante du site de production date de 2017 et ce fut la construction d\u2019un entrep\u00f4t de stockage en toile. Aujourd\u2019hui, nous allons pouvoir continuer \u00e0 grandir car nous avons lanc\u00e9 la plus grande expansion de notre usine de production. En effet, durant le mois de d\u00e9cembre 2018, nous avons entam\u00e9 la construction d\u2019un nouveau hall de montage sur deux \u00e9tages qui aura une superficie utile totale de 12 268 m<sup>2<\/sup>. La fin du chantier est pr\u00e9vue pour l\u2019automne 2019.<\/p>\n<div>\n<div><\/div>\n<\/div>\n<p><\/p><br \/>\n<\/div>\n<div class=\"hr-section\"><\/div>\n<p class=\"\"><\/p>\n<p style=\"text-align: right;\"><strong>BEDNAR FMT s.r.o.<\/strong><\/p>\n<p><\/p>\n<div class=\"hr-section\"><\/div>\n<h2>Foto<\/h2>\n<div class=\"hr-section\"><\/div>\n\n        <div class=\"gallery\">\n\n            <ul>\n\n                \n                    <li>\n\n                        <a href=\"http:\/\/news.bednar.com\/wp-content\/uploads\/2018\/12\/Vyrobce-zemedelske-techniky-BEDNAR-FMT-zahajuje-vystavbu-nove-dvoupodlazni-montazni-haly.jpg\" target=\"_blank\" rel=\"noopener\"><img decoding=\"async\" src=\"http:\/\/news.bednar.com\/wp-content\/uploads\/2018\/12\/Vyrobce-zemedelske-techniky-BEDNAR-FMT-zahajuje-vystavbu-nove-dvoupodlazni-montazni-haly.jpg\" alt=\"\"><\/a>\n\n                    <\/li>\n\n                    \n                    <li>\n\n                        <a href=\"http:\/\/news.bednar.com\/wp-content\/uploads\/2019\/01\/Majitel-spolecnosti-BEDNAR-FMT-se-svymi-syny-na-miste-stavby-nove-dvoupodlazni-haly-1.jpg\" target=\"_blank\" rel=\"noopener\"><img decoding=\"async\" src=\"http:\/\/news.bednar.com\/wp-content\/uploads\/2019\/01\/Majitel-spolecnosti-BEDNAR-FMT-se-svymi-syny-na-miste-stavby-nove-dvoupodlazni-haly-1.jpg\" alt=\"\"><\/a>\n\n                    <\/li>\n\n                    \n                    <li>\n\n                        <a href=\"http:\/\/news.bednar.com\/wp-content\/uploads\/2019\/01\/areal-vyroby-v-rychnove-nad-kneznou.jpg\" target=\"_blank\" rel=\"noopener\"><img decoding=\"async\" src=\"http:\/\/news.bednar.com\/wp-content\/uploads\/2019\/01\/areal-vyroby-v-rychnove-nad-kneznou.jpg\" alt=\"\"><\/a>\n\n                    <\/li>\n\n                    \n            <\/ul>\n\n        <\/div>\n\n        \n<div class=\"hr-section\"><\/div>\n<h2>Articles Associ\u00e9s<\/h2>\n<p class=\"\"><br \/>\n<br \/>\n<\/p>\n\n","protected":false},"excerpt":{"rendered":"<p>La soci\u00e9t\u00e9 BEDNAR FMT transforme ses plans en r\u00e9alit\u00e9 et elle est un des acteurs qui d\u00e9finissent la direction qui sera prise par l\u2019agriculture moderne. Elle fabrique des \u00e9quipements agricoles qui sont export\u00e9s dans le monde entier et elle a une croissance continue. D\u2019ici deux ans, sa capacit\u00e9 de production, qui est actuellement de 1500 machines, pourra \u00eatre augment\u00e9e d\u2019au moins 30 %. Cette augmentation sera rendue possible gr\u00e2ce au nouveau hall de montage sur deux \u00e9tages que la soci\u00e9t\u00e9 a commenc\u00e9 \u00e0 construire en 2018. La fin du chantier et l\u2019augmentation de la production sont pr\u00e9vus pour l\u2019automne 2019. Dans le pr\u00e9sent communiqu\u00e9 de presse, vous trouverez de plus amples d\u00e9tails sur ces diff\u00e9rents points.<\/p>\n","protected":false},"author":1,"featured_media":367519,"comment_status":"open","ping_status":"open","sticky":false,"template":"","format":"standard","meta":{"_acf_changed":false,"footnotes":""},"categories":[359],"tags":[],"class_list":["post-372896","post","type-post","status-publish","format-standard","has-post-thumbnail","hentry","category-communiques-de-presse"],"acf":{"item-bg":false,"item-bg_kop\u00edrovat":false,"item-bg-mobile":false,"item-youtube":"","item-title":"","fixed-title":"","item-desc":"","item-mach-desc":"","item-mach-config":"","item-mach-down":"","item-align":false,"item-code":"","google-map":"","disable-header":false,"main-content":false,"nav-main-cat":false,"nav-sub-cat":false,"_aviaLayoutBuilderCleanData":"[av_horizontal_gallery ids='160327,160312,160297,160265,168414,168429' height='20' size='gallery' links='' lightbox_text='' link_dest='' gap='1px' active='' initial='2' control_layout='av-control-minimal' id='' av_uid='av-jiaer0cm' custom_class=''][\/av_horizontal_gallery]\n\n[av_section min_height='' min_height_px='500px' padding='default' shadow='no-border-styling' bottom_border='no-border-styling' bottom_border_diagonal_color='#333333' bottom_border_diagonal_direction='' bottom_border_style='' custom_margin='0px' custom_margin_sync='true' custom_arrow_bg='' id='' color='main_color' background='bg_color' custom_bg='' background_gradient_color1='' background_gradient_color2='' background_gradient_direction='vertical' src='' attachment='' attachment_size='' attach='scroll' position='top left' repeat='no-repeat' video='' video_ratio='16:9' overlay_opacity='0.5' overlay_color='' overlay_pattern='' overlay_custom_pattern='' av_element_hidden_in_editor='0' av_uid='av-jpbe7r71' custom_class='no-height'][\/av_section]\n\n[av_one_full first min_height='av-equal-height-column' vertical_alignment='av-align-middle' space='' margin='0px' margin_sync='true' row_boxshadow_color='' row_boxshadow_width='10' link='' linktarget='' link_hover='' padding='0px' padding_sync='true' highlight_size='1.1' border='' border_color='' radius='0px' radius_sync='true' column_boxshadow_color='' column_boxshadow_width='10' background='bg_color' background_color='' background_gradient_color1='' background_gradient_color2='' background_gradient_direction='vertical' src='' attachment='' attachment_size='' background_position='top left' background_repeat='no-repeat' animation='' mobile_breaking='' mobile_display='' av_uid='av-jnpqbee2' custom_class='heading-top']\n[av_heading heading='NOUVEAUT\u00c9S' tag='h1' link_apply='' link='manually,http:\/\/' link_target='' style='blockquote modern-quote' size='28' subheading_active='' subheading_size='15' margin='' margin_sync='true' padding='10' color='' custom_font='' av-medium-font-size-title='' av-small-font-size-title='' av-mini-font-size-title='' av-medium-font-size='' av-small-font-size='' av-mini-font-size='' av_uid='av-jr7k7fgr' custom_class='' admin_preview_bg=''][\/av_heading]\n[\/av_one_full]\n\n[av_section min_height='' min_height_px='500px' padding='small' shadow='no-border-styling' bottom_border='no-border-styling' bottom_border_diagonal_color='#333333' bottom_border_diagonal_direction='' bottom_border_style='' custom_margin='0px' custom_margin_sync='true' custom_arrow_bg='' id='' color='main_color' background='bg_color' custom_bg='#f2f2f2' background_gradient_color1='' background_gradient_color2='' background_gradient_direction='vertical' src='' attachment='' attachment_size='' attach='scroll' position='top left' repeat='no-repeat' video='' video_ratio='16:9' overlay_opacity='0.5' overlay_color='' overlay_pattern='' overlay_custom_pattern='' av_element_hidden_in_editor='0' av_uid='av-jpl2rihg' custom_class='']\n[av_heading heading='La soci\u00e9t\u00e9 BEDNAR FMT entame la construction d\u2019un nouveau hall de montage sur deux \u00e9tages' tag='h1' link_apply='' link='manually,http:\/\/' link_target='' style='blockquote modern-quote' size='24' subheading_active='' subheading_size='15' margin='' margin_sync='true' padding='10' color='' custom_font='' av-medium-font-size-title='' av-small-font-size-title='' av-mini-font-size-title='' av-medium-font-size='' av-small-font-size='' av-mini-font-size='' av_uid='av-jr7k895w' custom_class='' admin_preview_bg=''][\/av_heading]\n[\/av_section]\n\n[av_textblock size='' font_color='' color='' av-medium-font-size='' av-small-font-size='' av-mini-font-size='' av_uid='av-7st7' custom_class='awesome-textblock' admin_preview_bg='']\n<div class=\"head clearfix\">\n<div class=\"head clearfix\">\n\nLa soci\u00e9t\u00e9 BEDNAR FMT transforme ses plans en r\u00e9alit\u00e9 et elle est un des acteurs qui d\u00e9finissent la direction qui sera prise par l\u2019agriculture moderne. Elle fabrique des \u00e9quipements agricoles qui sont export\u00e9s dans le monde entier et elle a une croissance continue. D\u2019ici deux ans, sa capacit\u00e9 de production, qui est actuellement de 1500 machines, pourra \u00eatre augment\u00e9e d\u2019au moins 30 %. Cette augmentation sera rendue possible gr\u00e2ce au nouveau hall de montage sur deux \u00e9tages que la soci\u00e9t\u00e9 a commenc\u00e9 \u00e0 construire en 2018. La fin du chantier et l\u2019augmentation de la production sont pr\u00e9vus pour l\u2019automne 2019. Dans le pr\u00e9sent communiqu\u00e9 de presse, vous trouverez de plus amples d\u00e9tails sur ces diff\u00e9rents points.\n\n<\/div>\n<div class=\"content\">\n<div>\n<div><\/div>\n<\/div>\n<\/div>\n<\/div>\n<div class=\"content\">\n<div>\n<div><\/div>\n<\/div>\n<\/div>\n[\/av_textblock]\n\n[av_hr class='invisible' height='-150' shadow='no-shadow' position='center' custom_border='av-border-thin' custom_width='50px' custom_border_color='' custom_margin_top='30px' custom_margin_bottom='30px' icon_select='yes' custom_icon_color='' icon='ue808' font='entypo-fontello' av_uid='av-jr7i7pda' custom_class='' admin_preview_bg='']\n\n[av_one_half first min_height='av-equal-height-column' vertical_alignment='av-align-top' space='' margin='0px' margin_sync='true' row_boxshadow_color='' row_boxshadow_width='10' link='' linktarget='' link_hover='' padding='0px' padding_sync='true' highlight_size='1.1' border='' border_color='' radius='0px' radius_sync='true' column_boxshadow_color='' column_boxshadow_width='10' background='bg_color' background_color='' background_gradient_color1='' background_gradient_color2='' background_gradient_direction='vertical' src='' attachment='' attachment_size='' background_position='top left' background_repeat='no-repeat' animation='' mobile_breaking='' mobile_display='' av_uid='av-61qx' custom_class='']\n[av_image src='http:\/\/news.bednar.com\/wp-content\/uploads\/2018\/12\/Vyrobce-zemedelske-techniky-BEDNAR-FMT-zahajuje-vystavbu-nove-dvoupodlazni-montazni-haly.jpg' attachment='160377' attachment_size='full' align='center' styling='' hover='' link='lightbox' target='' caption='' font_size='' appearance='' overlay_opacity='0.4' overlay_color='#000000' overlay_text_color='#ffffff' copyright='' animation='no-animation' av_uid='av-jiadkrth' custom_class='' admin_preview_bg=''][\/av_image]\n\n[av_hr class='invisible' height='-20' shadow='no-shadow' position='center' custom_border='av-border-thin' custom_width='50px' custom_border_color='' custom_margin_top='30px' custom_margin_bottom='30px' icon_select='yes' custom_icon_color='' icon='ue808' font='entypo-fontello' av_uid='av-jnpphuxr' custom_class='' admin_preview_bg='']\n\n[av_textblock size='' font_color='' color='' av-medium-font-size='' av-small-font-size='' av-mini-font-size='' av_uid='av-jiae58od' custom_class='text-block-grey' admin_preview_bg='']\nAspect actuel de l\u2019usine de production de la soci\u00e9t\u00e9 BEDNAR FMT.\n[\/av_textblock]\n[\/av_one_half]\n\n[av_one_half min_height='' vertical_alignment='av-align-top' space='' margin='0px' margin_sync='true' row_boxshadow_color='' row_boxshadow_width='10' link='' linktarget='' link_hover='' padding='0px' padding_sync='true' highlight_size='1.1' border='' border_color='' radius='0px' radius_sync='true' column_boxshadow_color='' column_boxshadow_width='10' background='bg_color' background_color='' background_gradient_color1='' background_gradient_color2='' background_gradient_direction='vertical' src='' attachment='' attachment_size='' background_position='top left' background_repeat='no-repeat' animation='' mobile_breaking='' mobile_display='' av_uid='av-61qx' custom_class='']\n[av_heading heading='Qui est la soci\u00e9t\u00e9 BEDNAR FMT ?' tag='h2' link_apply='' link='manually,http:\/\/' link_target='' style='' size='' subheading_active='' subheading_size='15' margin='' margin_sync='true' padding='10' color='' custom_font='' av-medium-font-size-title='' av-small-font-size-title='' av-mini-font-size-title='' av-medium-font-size='' av-small-font-size='' av-mini-font-size='' av_uid='av-jr7kaksr' custom_class='' admin_preview_bg=''][\/av_heading]\n\n[av_textblock size='' font_color='' color='' av-medium-font-size='' av-small-font-size='' av-mini-font-size='' av_uid='av-jiadqhq3' custom_class='' admin_preview_bg='']\nIl s\u2019agit d\u2019un fabricant d\u2019\u00e9quipements agricoles progressiste qui se sp\u00e9cialise dans les machines destin\u00e9es au travail du sol, aux semis, \u00e0 l\u2019amendement et au broyage. Gr\u00e2ce au lien \u00e9troit qui existe entre la soci\u00e9t\u00e9 et la pratique agricole, la soci\u00e9t\u00e9 BEDNAR FMT est connue pour \u00eatre un des fabricants de machines agricoles qui innove le plus et qui fabrique des machines qui ont une valeur ajout\u00e9e \u00e9lev\u00e9e au profit des utilisateurs finals. \u00c0 l\u2019heure actuelle, la soci\u00e9t\u00e9 emploie 250 travailleurs et elle exporte ses produits dans 35 pays en Europe, en Asie, en Australie, en Am\u00e9rique du Nord et du Sud et en Afrique.\n[\/av_textblock]\n[\/av_one_half]\n\n[av_hr class='invisible' height='40' shadow='no-shadow' position='center' custom_border='av-border-thin' custom_width='50px' custom_border_color='' custom_margin_top='30px' custom_margin_bottom='30px' icon_select='yes' custom_icon_color='' icon='ue808' font='entypo-fontello' av_uid='av-jnppiwll' custom_class='' admin_preview_bg='']\n\n[av_one_half first min_height='' vertical_alignment='av-align-top' space='' margin='0px' margin_sync='true' row_boxshadow_color='' row_boxshadow_width='10' link='' linktarget='' link_hover='' padding='0px' padding_sync='true' highlight_size='1.1' border='' border_color='' radius='0px' radius_sync='true' column_boxshadow_color='' column_boxshadow_width='10' background='bg_color' background_color='' background_gradient_color1='' background_gradient_color2='' background_gradient_direction='vertical' src='' attachment='' attachment_size='' background_position='top left' background_repeat='no-repeat' animation='' mobile_breaking='' mobile_display='' av_uid='av-3zej' custom_class='']\n[av_heading heading='La croissance progressive de la soci\u00e9t\u00e9' tag='h2' link_apply='' link='manually,http:\/\/' link_target='' style='' size='' subheading_active='' subheading_size='15' margin='' margin_sync='true' padding='10' color='' custom_font='' av-medium-font-size-title='' av-small-font-size-title='' av-mini-font-size-title='' av-medium-font-size='' av-small-font-size='' av-mini-font-size='' av_uid='av-jr7kbfdf' custom_class='' admin_preview_bg=''][\/av_heading]\n\n[av_textblock size='' font_color='' color='' av-medium-font-size='' av-small-font-size='' av-mini-font-size='' av_uid='av-jiadqhq3' custom_class='' admin_preview_bg='']\nLa soci\u00e9t\u00e9 BEDNAR FMT s.r.o. a \u00e9t\u00e9 fond\u00e9e en 1997 par Monsieur Ladislav Bedn\u00e1\u0159 et ses partenaires. \u00c0 ses d\u00e9buts, la soci\u00e9t\u00e9 se concentrait sur l\u2019export de machines agricoles tch\u00e8ques \u00e0 l\u2019\u00e9tranger. Le premier jalon de la soci\u00e9t\u00e9 date de 1999, \u00e9poque \u00e0 laquelle la soci\u00e9t\u00e9 a mis sur le march\u00e9 son d\u00e9chaumeur \u00e0 disques DOWLANDS. Une autre \u00e9tape importante date de 2006 lorsque la soci\u00e9t\u00e9 a acquis ses premiers b\u00e2timents pour sa future usine de production de Rychnov nad Kn\u011b\u017enou. Deux ans plus tard, elle a construit son premier hall de production. En 2011, la soci\u00e9t\u00e9 a investi dans la r\u00e9novation de ses locaux administratifs et l\u2019ann\u00e9e qui a suivi, elle a entam\u00e9 la construction d\u2019un nouvel atelier d\u2019application de peinture poudre, de nouveaux halls de montage et de stockage. L\u2019expansion suivante du site de production date de 2017 et ce fut la construction d\u2019un entrep\u00f4t de stockage en toile. Aujourd\u2019hui, nous allons pouvoir continuer \u00e0 grandir car nous avons lanc\u00e9 la plus grande expansion de notre usine de production. En effet, durant le mois de d\u00e9cembre 2018, nous avons entam\u00e9 la construction d\u2019un nouveau hall de montage sur deux \u00e9tages qui aura une superficie utile totale de 12 268 m<sup>2<\/sup>. La fin du chantier est pr\u00e9vue pour l\u2019automne 2019.\n<div>\n<div><\/div>\n<\/div>\n<div>\n<div><\/div>\n<\/div>\n[\/av_textblock]\n[\/av_one_half]\n\n[av_one_half min_height='' vertical_alignment='av-align-top' space='' margin='0px' margin_sync='true' row_boxshadow_color='' row_boxshadow_width='10' link='' linktarget='' link_hover='' padding='0px' padding_sync='true' highlight_size='1.1' border='' border_color='' radius='0px' radius_sync='true' column_boxshadow_color='' column_boxshadow_width='10' background='bg_color' background_color='' background_gradient_color1='' background_gradient_color2='' background_gradient_direction='vertical' src='' attachment='' attachment_size='' background_position='top left' background_repeat='no-repeat' animation='' mobile_breaking='' mobile_display='' av_uid='av-3zej' custom_class='']\n[av_image src='http:\/\/news.bednar.com\/wp-content\/uploads\/2019\/01\/Majitel-spolecnosti-BEDNAR-FMT-se-svymi-syny-na-miste-stavby-nove-dvoupodlazni-haly-1.jpg' attachment='160312' attachment_size='full' align='center' styling='' hover='' link='lightbox' target='' caption='' font_size='' appearance='' overlay_opacity='0.4' overlay_color='#000000' overlay_text_color='#ffffff' copyright='' animation='no-animation' av_uid='av-jiadkrth' custom_class='' admin_preview_bg=''][\/av_image]\n\n[av_hr class='invisible' height='-20' shadow='no-shadow' position='center' custom_border='av-border-thin' custom_width='50px' custom_border_color='' custom_margin_top='30px' custom_margin_bottom='30px' icon_select='yes' custom_icon_color='' icon='ue808' font='entypo-fontello' av_uid='av-jnpphuxr' custom_class='' admin_preview_bg='']\n\n[av_textblock size='' font_color='' color='' av-medium-font-size='' av-small-font-size='' av-mini-font-size='' av_uid='av-jiae58od' custom_class='text-block-grey text-block-equal-height' admin_preview_bg='']\nLe propri\u00e9taire de la soci\u00e9t\u00e9 BEDNAR FMT en compagnie de ses fils sur le lieu o\u00f9 sera construit le nouveau hall de montage sur deux \u00e9tages.\n<div><\/div>\n[\/av_textblock]\n[\/av_one_half]\n\n[av_hr class='invisible' height='20' shadow='no-shadow' position='center' custom_border='av-border-thin' custom_width='50px' custom_border_color='' custom_margin_top='30px' custom_margin_bottom='30px' icon_select='yes' custom_icon_color='' icon='ue808' font='entypo-fontello' av_uid='av-jnppiwll' custom_class='' admin_preview_bg='']\n\n[av_heading heading='Qui est la soci\u00e9t\u00e9 BEDNAR FMT ?' tag='h2' link_apply='' link='manually,http:\/\/' link_target='' style='' size='' subheading_active='' subheading_size='15' margin='' padding='10' color='' custom_font='' custom_class='' admin_preview_bg='' av-desktop-hide='' av-medium-hide='' av-small-hide='' av-mini-hide='' av-medium-font-size-title='' av-small-font-size-title='' av-mini-font-size-title='' av-medium-font-size='' av-small-font-size='' av-mini-font-size=''][\/av_heading]\n\n[av_textblock size='' font_color='' color='' av-medium-font-size='' av-small-font-size='' av-mini-font-size='' av_uid='av-jiaegma5' custom_class='' admin_preview_bg='']\nIl s\u2019agit d\u2019un fabricant d\u2019\u00e9quipements agricoles progressiste qui se sp\u00e9cialise dans les machines destin\u00e9es au travail du sol, aux semis, \u00e0 l\u2019amendement et au broyage. Gr\u00e2ce au lien \u00e9troit qui existe entre la soci\u00e9t\u00e9 et la pratique agricole, la soci\u00e9t\u00e9 BEDNAR FMT est connue pour \u00eatre un des fabricants de machines agricoles qui innove le plus et qui fabrique des machines qui ont une valeur ajout\u00e9e \u00e9lev\u00e9e au profit des utilisateurs finals. \u00c0 l\u2019heure actuelle, la soci\u00e9t\u00e9 emploie 250 travailleurs et elle exporte ses produits dans 35 pays en Europe, en Asie, en Australie, en Am\u00e9rique du Nord et du Sud et en Afrique.\n[\/av_textblock]\n\n[av_one_half first min_height='' vertical_alignment='av-align-top' space='' margin='0px' margin_sync='true' row_boxshadow_color='' row_boxshadow_width='10' link='' linktarget='' link_hover='' padding='0px' padding_sync='true' highlight_size='1.1' border='' border_color='' radius='0px' radius_sync='true' column_boxshadow_color='' column_boxshadow_width='10' background='bg_color' background_color='' background_gradient_color1='' background_gradient_color2='' background_gradient_direction='vertical' src='' attachment='' attachment_size='' background_position='top left' background_repeat='no-repeat' animation='' mobile_breaking='' mobile_display='' av_uid='av-3zej' custom_class='']\n[av_image src='http:\/\/news.bednar.com\/wp-content\/uploads\/2019\/01\/areal-vyroby-v-rychnove-nad-kneznou.jpg' attachment='160297' attachment_size='full' align='center' styling='' hover='' link='lightbox' target='' caption='' font_size='' appearance='' overlay_opacity='0.4' overlay_color='#000000' overlay_text_color='#ffffff' copyright='' animation='no-animation' av_uid='av-jiadkrth' custom_class='' admin_preview_bg=''][\/av_image]\n\n[av_hr class='invisible' height='-20' shadow='no-shadow' position='center' custom_border='av-border-thin' custom_width='50px' custom_border_color='' custom_margin_top='30px' custom_margin_bottom='30px' icon_select='yes' custom_icon_color='' icon='ue808' font='entypo-fontello' av_uid='av-jnpphuxr' custom_class='' admin_preview_bg='']\n\n[av_textblock size='' font_color='' color='' av-medium-font-size='' av-small-font-size='' av-mini-font-size='' av_uid='av-jiae58od' custom_class='text-block-grey' admin_preview_bg='']\nLe site de production de Rychnov nad Kn\u011b\u017enou.\n<div><\/div>\n[\/av_textblock]\n[\/av_one_half]\n\n[av_one_half min_height='' vertical_alignment='av-align-top' space='' margin='0px' margin_sync='true' row_boxshadow_color='' row_boxshadow_width='10' link='' linktarget='' link_hover='' padding='0px' padding_sync='true' highlight_size='1.1' border='' border_color='' radius='0px' radius_sync='true' column_boxshadow_color='' column_boxshadow_width='10' background='bg_color' background_color='' background_gradient_color1='' background_gradient_color2='' background_gradient_direction='vertical' src='' attachment='' attachment_size='' background_position='top left' background_repeat='no-repeat' animation='' mobile_breaking='' mobile_display='' av_uid='av-3zej' custom_class='']\n[av_heading heading='La croissance progressive de la soci\u00e9t\u00e9' tag='h2' link_apply='' link='manually,http:\/\/' link_target='' style='' size='' subheading_active='' subheading_size='15' margin='' margin_sync='true' padding='10' color='' custom_font='' av-medium-font-size-title='' av-small-font-size-title='' av-mini-font-size-title='' av-medium-font-size='' av-small-font-size='' av-mini-font-size='' av_uid='av-jr7khcce' custom_class='' admin_preview_bg=''][\/av_heading]\n\n[av_textblock size='' font_color='' color='' av-medium-font-size='' av-small-font-size='' av-mini-font-size='' av_uid='av-jiaegma5' custom_class='' admin_preview_bg='']\nLa soci\u00e9t\u00e9 BEDNAR FMT s.r.o. a \u00e9t\u00e9 fond\u00e9e en 1997 par Monsieur Ladislav Bedn\u00e1\u0159 et ses partenaires. \u00c0 ses d\u00e9buts, la soci\u00e9t\u00e9 se concentrait sur l\u2019export de machines agricoles tch\u00e8ques \u00e0 l\u2019\u00e9tranger. Le premier jalon de la soci\u00e9t\u00e9 date de 1999, \u00e9poque \u00e0 laquelle la soci\u00e9t\u00e9 a mis sur le march\u00e9 son d\u00e9chaumeur \u00e0 disques DOWLANDS. Une autre \u00e9tape importante date de 2006 lorsque la soci\u00e9t\u00e9 a acquis ses premiers b\u00e2timents pour sa future usine de production de Rychnov nad Kn\u011b\u017enou. Deux ans plus tard, elle a construit son premier hall de production. En 2011, la soci\u00e9t\u00e9 a investi dans la r\u00e9novation de ses locaux administratifs et l\u2019ann\u00e9e qui a suivi, elle a entam\u00e9 la construction d\u2019un nouvel atelier d\u2019application de peinture poudre, de nouveaux halls de montage et de stockage. L\u2019expansion suivante du site de production date de 2017 et ce fut la construction d\u2019un entrep\u00f4t de stockage en toile. Aujourd\u2019hui, nous allons pouvoir continuer \u00e0 grandir car nous avons lanc\u00e9 la plus grande expansion de notre usine de production. En effet, durant le mois de d\u00e9cembre 2018, nous avons entam\u00e9 la construction d\u2019un nouveau hall de montage sur deux \u00e9tages qui aura une superficie utile totale de 12 268 m<sup>2<\/sup>. La fin du chantier est pr\u00e9vue pour l\u2019automne 2019.\n<div>\n<div><\/div>\n<\/div>\n[\/av_textblock]\n[\/av_one_half]\n\n[av_hr class='invisible' height='20' shadow='no-shadow' position='center' custom_border='av-border-thin' custom_width='50px' custom_border_color='' custom_margin_top='30px' custom_margin_bottom='30px' icon_select='yes' custom_icon_color='' icon='ue808' font='entypo-fontello' av_uid='av-jnppiwll' custom_class='' admin_preview_bg='']\n\n[av_textblock size='' font_color='' color='' av-medium-font-size='' av-small-font-size='' av-mini-font-size='' av_uid='av-jiaegma5' custom_class='' admin_preview_bg='']\n<p style=\"text-align: right;\"><strong>BEDNAR FMT s.r.o.<\/strong><\/p>\n[\/av_textblock]\n\n[av_hr class='invisible' height='10' shadow='no-shadow' position='center' custom_border='av-border-thin' custom_width='50px' custom_border_color='' custom_margin_top='30px' custom_margin_bottom='30px' icon_select='yes' custom_icon_color='' icon='ue808' font='entypo-fontello' av_uid='av-jiaei1fo' custom_class='' admin_preview_bg='']\n\n[av_heading heading='Foto' tag='h2' link_apply='' link='manually,http:\/\/' link_target='' style='' size='' subheading_active='' subheading_size='15' margin='' padding='10' color='' custom_font='' custom_class='' admin_preview_bg='' av-desktop-hide='' av-medium-hide='' av-small-hide='' av-mini-hide='' av-medium-font-size-title='' av-small-font-size-title='' av-mini-font-size-title='' av-medium-font-size='' av-small-font-size='' av-mini-font-size=''][\/av_heading]\n\n[av_hr class='invisible' height='20' shadow='no-shadow' position='center' custom_border='av-border-thin' custom_width='50px' custom_border_color='' custom_margin_top='30px' custom_margin_bottom='30px' icon_select='yes' custom_icon_color='' icon='ue808' font='entypo-fontello' av_uid='av-jiaei1fo' custom_class='' admin_preview_bg='']\n\n[av_gallery ids='168429,168414,160362,160377,160347' style='thumbnails' preview_size='portfolio' crop_big_preview_thumbnail='avia-gallery-big-crop-thumb' thumb_size='portfolio' columns='4' imagelink='lightbox' lazyload='avia_lazyload' av_uid='av-jiboe8xw' custom_class='' admin_preview_bg='']\n\n[av_hr class='invisible' height='20' shadow='no-shadow' position='center' custom_border='av-border-thin' custom_width='50px' custom_border_color='' custom_margin_top='30px' custom_margin_bottom='30px' icon_select='yes' custom_icon_color='' icon='ue808' font='entypo-fontello' av_uid='av-jnppiwll' custom_class='' admin_preview_bg='']\n\n[av_heading heading='Articles Associ\u00e9s' tag='h2' link_apply='' link='manually,http:\/\/' link_target='' style='' size='' subheading_active='' subheading_size='15' margin='' padding='10' color='' custom_font='' custom_class='' admin_preview_bg='' av-desktop-hide='' av-medium-hide='' av-small-hide='' av-mini-hide='' av-medium-font-size-title='' av-small-font-size-title='' av-mini-font-size-title='' av-medium-font-size='' av-small-font-size='' av-mini-font-size=''][\/av_heading]\n\n[av_textblock size='' font_color='' color='' av-medium-font-size='' av-small-font-size='' av-mini-font-size='' av_uid='av-joua318z' custom_class='' admin_preview_bg='']\n[bednar_news id1=168504 id2=124920 id3=124614][\/bednar_news]\n[\/av_textblock]\n\n[av_button label='<span style=\"font-size: large;\">Plus de Nouvelles <\/span>' link='page,36875' link_target='' size='large' position='center' label_display='' icon_select='yes' icon_hover='aviaTBicon_hover' icon='ue811' font='entypo-fontello' color='custom' custom_bg='#feff00' custom_font='#2d2d2d' av_uid='av-joh7foel' custom_class='' admin_preview_bg='']","page-type":"","pageGroup":"","post-new-website":false},"_links":{"self":[{"href":"https:\/\/www.bednar.com\/fr\/wp-json\/wp\/v2\/posts\/372896","targetHints":{"allow":["GET"]}}],"collection":[{"href":"https:\/\/www.bednar.com\/fr\/wp-json\/wp\/v2\/posts"}],"about":[{"href":"https:\/\/www.bednar.com\/fr\/wp-json\/wp\/v2\/types\/post"}],"author":[{"embeddable":true,"href":"https:\/\/www.bednar.com\/fr\/wp-json\/wp\/v2\/users\/1"}],"replies":[{"embeddable":true,"href":"https:\/\/www.bednar.com\/fr\/wp-json\/wp\/v2\/comments?post=372896"}],"version-history":[{"count":0,"href":"https:\/\/www.bednar.com\/fr\/wp-json\/wp\/v2\/posts\/372896\/revisions"}],"wp:featuredmedia":[{"embeddable":true,"href":"https:\/\/www.bednar.com\/fr\/wp-json\/wp\/v2\/media\/367519"}],"wp:attachment":[{"href":"https:\/\/www.bednar.com\/fr\/wp-json\/wp\/v2\/media?parent=372896"}],"wp:term":[{"taxonomy":"category","embeddable":true,"href":"https:\/\/www.bednar.com\/fr\/wp-json\/wp\/v2\/categories?post=372896"},{"taxonomy":"post_tag","embeddable":true,"href":"https:\/\/www.bednar.com\/fr\/wp-json\/wp\/v2\/tags?post=372896"}],"curies":[{"name":"wp","href":"https:\/\/api.w.org\/{rel}","templated":true}]}}