{"id":372753,"date":"2018-10-15T00:00:00","date_gmt":"2018-10-14T22:00:00","guid":{"rendered":"https:\/\/www.bednar.com\/blog\/la-societe-bednar-a-organise-une-formation-davant-saison-destinee-aux-revendeurs-du-monde"},"modified":"2018-10-15T00:00:00","modified_gmt":"2018-10-14T22:00:00","slug":"la-societe-bednar-a-organise-une-formation-davant-saison-destinee-aux-revendeurs-du-monde","status":"publish","type":"post","link":"https:\/\/www.bednar.com\/fr\/blog\/la-societe-bednar-a-organise-une-formation-davant-saison-destinee-aux-revendeurs-du-monde\/","title":{"rendered":"La soci\u00e9t\u00e9 BEDNAR a organis\u00e9 une formation d\u2019avant-saison destin\u00e9e aux revendeurs du monde"},"content":{"rendered":"\n<div class=\"post-section\" style=\"background-image: url();\"><\/div>\n<div class=\"one-full-section\"><br \/>\n<br \/>\n<\/div>\n<div class=\"post-section\" style=\"background-image: url();\"><br \/>\n<br \/>\n<\/div>\n<p class=\"awesome-textblock\"><\/p>\n<div class=\"head clearfix\">\n<p>Comme il est maintenant de tradition pour la seconde moiti\u00e9 de l\u2019\u00e9t\u00e9, de la fin juillet au d\u00e9but du mois de septembre et tout au long du mois d\u2019ao\u00fbt, toujours du mardi au jeudi et pratiquement sans interruption, les partenaires commerciaux se sont rendus \u00e0 notre centrale de Prague-Vino\u0159 afin d\u2019y participer \u00e0 des rencontres d\u2019avant-saison. Ces rencontres ont pour objectif de pr\u00e9senter en d\u00e9tails \u00e0 nos partenaires commerciaux les activit\u00e9s r\u00e9alis\u00e9es par les diff\u00e9rents d\u00e9partements de la soci\u00e9t\u00e9 et de d\u00e9finir le cadre et les plans de la coop\u00e9ration pour la saison \u00e0 venir. Qu\u2019est-ce que les repr\u00e9sentants et les revendeurs ont appris ? Quel est le participant qui a parcouru la plus longue distance pour nous rejoindre ?<\/p>\n<\/div>\n<div class=\"content\">\n<div>\n<div>\n<div><\/div>\n<\/div>\n<\/div>\n<\/div>\n<p><\/p>\n<div class=\"one-half-section\"><br \/>\n<img decoding=\"async\" src=\"https:\/\/news.bednar.com\/wp-content\/uploads\/2018\/10\/c64ba27352e4926ae2e88bc8a391f642-3.jpg\" alt=\"\"><\/p>\n<p><div class=\"hr-section\"><\/div><\/p>\n<p><p class=\"text-block-grey text-block-equal-height\"><br \/>\nDes repr\u00e9sentants venus d\u2019Italie \u00e9taient \u00e9galement pr\u00e9sents \u00e0 la rencontre d\u2019avant-saison<br \/>\n<\/p><br \/>\n<\/div>\n<div class=\"one-half-section\"><br \/>\n<img decoding=\"async\" src=\"https:\/\/news.bednar.com\/wp-content\/uploads\/2018\/10\/6959f39250476a0b99a23278b8898c85-3.jpg\" alt=\"\"><\/p>\n<p><div class=\"hr-section\"><\/div><\/p>\n<p><p class=\"text-block-grey text-block-equal-height\"><br \/>\nLe Directeur du Marketing, Monsieur David Ry\u010dl, pr\u00e9sente la strat\u00e9gie qui sera mise en place pour la saison commerciale \u00e0 venir<br \/>\n<\/p><br \/>\n<\/div>\n<div class=\"hr-section\"><\/div>\n<h2>Comment se sont pass\u00e9es les formations d\u2019avant-saison ?<\/h2>\n<p class=\"\"><br \/>\nLes repr\u00e9sentants des d\u00e9partements du d\u00e9veloppement, de l\u2019administration et des finances, du commerce, du marketing, du service apr\u00e8s-vente, des pi\u00e8ces de rechange et de la gestion des produits ont pr\u00e9sent\u00e9 leurs plans et visions pour la saison prochaine aux revendeurs et repr\u00e9sentants commerciaux des diff\u00e9rents pays du monde. Chaque d\u00e9partement de la soci\u00e9t\u00e9 BEDNAR FMT a pr\u00e9sent\u00e9 son agenda et a form\u00e9 les revendeurs pr\u00e9sents. Ces rencontres ont bien entendu d\u00e9bouch\u00e9 sur des prises de contact individuelles qui sont tr\u00e8s importantes pour le travail en \u00e9quipe au profit de nos clients communs \u2013 les agriculteurs.<br \/>\n<\/p>\n<div class=\"one-half-section\"><br \/>\n<img decoding=\"async\" src=\"https:\/\/news.bednar.com\/wp-content\/uploads\/2018\/10\/d8a80ab80a384b4aae21103466ff2887-3.jpg\" alt=\"\"><\/p>\n<p><div class=\"hr-section\"><\/div><\/p>\n<p><p class=\"text-block-grey text-block-equal-height2\"><\/p>\n<div>\n<p>Le propri\u00e9taire de la soci\u00e9t\u00e9, Monsieur Ladislav Bedn\u00e1\u0159, pr\u00e9sente sa vision aux revendeurs ukrainiens<\/p>\n<\/div>\n<div>\n<div><\/div>\n<\/div>\n<p><\/p><br \/>\n<\/div>\n<div class=\"one-half-section\"><br \/>\n<img decoding=\"async\" src=\"https:\/\/news.bednar.com\/wp-content\/uploads\/2018\/10\/4987d64b91859f4e3101d601746cc693-3.jpg\" alt=\"\"><\/p>\n<p><div class=\"hr-section\"><\/div><\/p>\n<p><p class=\"text-block-grey text-block-equal-height2\"><br \/>\nPr\u00e9sentation de la croissance du chiffre d\u2019affaires du march\u00e9 ukrainien durant les derni\u00e8res saisons<br \/>\n<\/p><br \/>\n<\/div>\n<h2>Qui a particip\u00e9 aux formations d\u2019avant-saison ?<\/h2>\n<p class=\"\"><br \/>\nCette ann\u00e9e, la soci\u00e9t\u00e9 Bednar FMT a export\u00e9 ses \u00e9quipements agricoles dans 36 pays.<\/p>\n<p>Les repr\u00e9sentants de 26 pays ont accept\u00e9 notre invitation \u00e0 participer aux entretiens d\u2019avant-saison. Seuls les repr\u00e9sentants de quelques march\u00e9s marginaux ou les partenaires originaires des r\u00e9gions d\u2019outre-mer telles que l\u2019Australie, la Nouvelle-Z\u00e9lande, le Canada ou l\u2019Afrique du Sud manquaient \u00e0 l\u2019appel.<\/p>\n<p>Parmi nos partenaires les plus importants \u00e0 l\u2019\u00e9tranger, nous trouvons 4 importateurs de nos \u00e9quipements en Russie, l\u2019importateur de la marque Bednar en Roumanie, la soci\u00e9t\u00e9 IPSO, et les revendeurs de nos \u00e9quipements en France, en Allemagne et en Pologne. Notre soci\u00e9t\u00e9 partenaire STROM Praha a.s., qui distribue nos \u00e9quipements en R\u00e9publique tch\u00e8que, ne pouvait bien entendu pas \u00eatre absente \u00e0 ces rencontres d\u2019avant-saison. Les repr\u00e9sentants de cette organisation n\u2019ont pas eu loin \u00e0 aller pour nous rejoindre, \u00e0 la diff\u00e9rence du repr\u00e9sentant LLC \u00ab\u00a0APR group\u00a0\u00bb qui a fait le voyage au d\u00e9part du Tatarstan en F\u00e9d\u00e9ration de Russie.<br \/>\n<\/p>\n<div class=\"one-half-section\"><br \/>\n<img decoding=\"async\" src=\"https:\/\/news.bednar.com\/wp-content\/uploads\/2018\/10\/ef91b6a09fe3140ebebd54460292887c-2.jpg\" alt=\"\"><\/p>\n<p><div class=\"hr-section\"><\/div><\/p>\n<p><p class=\"text-block-grey text-block-equal-height2\"><\/p>\n<div>\n<div>\n<p>Remise de la plaquette du meilleur revendeur \u00e0 la soci\u00e9t\u00e9 PM &amp; B s.r.l.<\/p>\n<\/div>\n<div>\n<div><\/div>\n<\/div>\n<\/div>\n<div>\n<div><\/div>\n<\/div>\n<p><\/p><br \/>\n<\/div>\n<div class=\"one-half-section\"><br \/>\n<img decoding=\"async\" src=\"https:\/\/news.bednar.com\/wp-content\/uploads\/2018\/10\/212cc5a7b8e4f7ed4dec27b6afe8aa2d-3.jpg\" alt=\"\"><\/p>\n<p><div class=\"hr-section\"><\/div><\/p>\n<p><p class=\"text-block-grey text-block-equal-height2\"><\/p>\n<div>\n<p>Les repr\u00e9sentants de la soci\u00e9t\u00e9 BEDNAR et de l\u2019importateur roumain IPSO<\/p>\n<\/div>\n<div>\n<div><\/div>\n<\/div>\n<p><\/p><br \/>\n<\/div>\n<h2>Nos remerciements vont \u00e0 tous les participants<\/h2>\n<p class=\"\"><br \/>\nNous souhaitons remercier tous ceux qui ont particip\u00e9 \u00e0 ces rencontres. Les nombreux \u00e9changes d\u2019informations et d\u2019exp\u00e9riences nous aideront certainement \u00e0 mettre en place une coop\u00e9ration encore meilleure et \u00e0 atteindre nos objectifs communs qui sont de satisfaire les clients agriculteurs exigeants et de renforcer encore plus la position des \u00e9quipements BEDNAR sur les diff\u00e9rents march\u00e9s.<br \/>\n<\/p>\n<div class=\"hr-section\"><\/div>\n<p class=\"\"><\/p>\n<p style=\"text-align: right;\">\u00a0\u00c9quipe\u200b\u00a0BEDNAR FMT s.r.o<\/p>\n<div class=\"gallery\"><\/div>\n<p><\/p>\n<h2>FOTO<\/h2>\n<div class=\"hr-section\"><\/div>\n\n        <div class=\"gallery\">\n\n            <ul>\n\n                \n                    <li>\n\n                        <a href=\"http:\/\/news.bednar.com\/wp-content\/uploads\/2018\/10\/c64ba27352e4926ae2e88bc8a391f642-3.jpg\" target=\"_blank\" rel=\"noopener\"><img decoding=\"async\" src=\"http:\/\/news.bednar.com\/wp-content\/uploads\/2018\/10\/c64ba27352e4926ae2e88bc8a391f642-3.jpg\" alt=\"\"><\/a>\n\n                    <\/li>\n\n                    \n                    <li>\n\n                        <a href=\"http:\/\/news.bednar.com\/wp-content\/uploads\/2018\/10\/6959f39250476a0b99a23278b8898c85-3.jpg\" target=\"_blank\" rel=\"noopener\"><img decoding=\"async\" src=\"http:\/\/news.bednar.com\/wp-content\/uploads\/2018\/10\/6959f39250476a0b99a23278b8898c85-3.jpg\" alt=\"\"><\/a>\n\n                    <\/li>\n\n                    \n                    <li>\n\n                        <a href=\"http:\/\/news.bednar.com\/wp-content\/uploads\/2018\/10\/d8a80ab80a384b4aae21103466ff2887-3.jpg\" target=\"_blank\" rel=\"noopener\"><img decoding=\"async\" src=\"http:\/\/news.bednar.com\/wp-content\/uploads\/2018\/10\/d8a80ab80a384b4aae21103466ff2887-3.jpg\" alt=\"\"><\/a>\n\n                    <\/li>\n\n                    \n                    <li>\n\n                        <a href=\"http:\/\/news.bednar.com\/wp-content\/uploads\/2018\/10\/4987d64b91859f4e3101d601746cc693-3.jpg\" target=\"_blank\" rel=\"noopener\"><img decoding=\"async\" src=\"http:\/\/news.bednar.com\/wp-content\/uploads\/2018\/10\/4987d64b91859f4e3101d601746cc693-3.jpg\" alt=\"\"><\/a>\n\n                    <\/li>\n\n                    \n                    <li>\n\n                        <a href=\"http:\/\/news.bednar.com\/wp-content\/uploads\/2018\/10\/ef91b6a09fe3140ebebd54460292887c-2.jpg\" target=\"_blank\" rel=\"noopener\"><img decoding=\"async\" src=\"http:\/\/news.bednar.com\/wp-content\/uploads\/2018\/10\/ef91b6a09fe3140ebebd54460292887c-2.jpg\" alt=\"\"><\/a>\n\n                    <\/li>\n\n                    \n                    <li>\n\n                        <a href=\"http:\/\/news.bednar.com\/wp-content\/uploads\/2018\/10\/212cc5a7b8e4f7ed4dec27b6afe8aa2d-3.jpg\" target=\"_blank\" rel=\"noopener\"><img decoding=\"async\" src=\"http:\/\/news.bednar.com\/wp-content\/uploads\/2018\/10\/212cc5a7b8e4f7ed4dec27b6afe8aa2d-3.jpg\" alt=\"\"><\/a>\n\n                    <\/li>\n\n                    \n            <\/ul>\n\n        <\/div>\n\n        \n<h2>Articles Associ\u00e9s<\/h2>\n<p class=\"\"><br \/>\n<br \/>\n<\/p>\n\n<div class=\"hr-section\"><\/div>\n","protected":false},"excerpt":{"rendered":"<p>Comme il est maintenant de tradition pour la seconde moiti\u00e9 de l\u2019\u00e9t\u00e9, de la fin juillet au d\u00e9but du mois de septembre et tout au long du mois d\u2019ao\u00fbt, toujours du mardi au jeudi et pratiquement sans interruption, les partenaires commerciaux se sont rendus \u00e0 notre centrale de Prague-Vino\u0159 afin d\u2019y participer \u00e0 des rencontres d\u2019avant-saison. Ces rencontres ont pour objectif de pr\u00e9senter en d\u00e9tails \u00e0 nos partenaires commerciaux les activit\u00e9s r\u00e9alis\u00e9es par les diff\u00e9rents d\u00e9partements de la soci\u00e9t\u00e9 et de d\u00e9finir le cadre et les plans de la coop\u00e9ration pour la saison \u00e0 venir. Qu\u2019est-ce que les repr\u00e9sentants et les revendeurs ont appris ? Quel est le participant qui a parcouru la plus longue distance pour nous rejoindre ?<\/p>\n","protected":false},"author":1,"featured_media":372754,"comment_status":"open","ping_status":"open","sticky":false,"template":"","format":"standard","meta":{"_acf_changed":false,"footnotes":""},"categories":[126],"tags":[],"class_list":["post-372753","post","type-post","status-publish","format-standard","has-post-thumbnail","hentry","category-novinky-cat"],"acf":{"item-bg":false,"item-bg_kop\u00edrovat":false,"item-bg-mobile":false,"item-youtube":"","item-title":"","fixed-title":"","item-desc":"","item-mach-desc":"","item-mach-config":"","item-mach-down":"","item-align":false,"item-code":"","google-map":"","disable-header":false,"main-content":false,"nav-main-cat":false,"nav-sub-cat":false,"_aviaLayoutBuilderCleanData":"[av_horizontal_gallery ids='155989,156004,156019,156034,156049,156064' height='20' size='gallery' links='' lightbox_text='' link_dest='' gap='1px' active='' initial='' control_layout='av-control-minimal' id='' av_uid='av-jiaer0cm' custom_class=''][\/av_horizontal_gallery]\n\n[av_section min_height='' min_height_px='500px' padding='default' shadow='no-border-styling' bottom_border='no-border-styling' bottom_border_diagonal_color='#333333' bottom_border_diagonal_direction='' bottom_border_style='' custom_margin='0px' custom_margin_sync='true' custom_arrow_bg='' id='' color='main_color' background='bg_color' custom_bg='' background_gradient_color1='' background_gradient_color2='' background_gradient_direction='vertical' src='' attachment='' attachment_size='' attach='scroll' position='top left' repeat='no-repeat' video='' video_ratio='16:9' overlay_opacity='0.5' overlay_color='' overlay_pattern='' overlay_custom_pattern='' av_element_hidden_in_editor='0' av_uid='av-jpbe7r71' custom_class='no-height'][\/av_section]\n\n[av_one_full first min_height='av-equal-height-column' vertical_alignment='av-align-middle' space='' margin='0px' margin_sync='true' row_boxshadow_color='' row_boxshadow_width='10' link='' linktarget='' link_hover='' padding='0px' padding_sync='true' highlight_size='1.1' border='' border_color='' radius='0px' radius_sync='true' column_boxshadow_color='' column_boxshadow_width='10' background='bg_color' background_color='' background_gradient_color1='' background_gradient_color2='' background_gradient_direction='vertical' src='' attachment='' attachment_size='' background_position='top left' background_repeat='no-repeat' animation='' mobile_breaking='' mobile_display='' av_uid='av-jnpqbee2' custom_class='heading-top']\n[av_heading heading='NOUVEAUT\u00c9S' tag='h1' link_apply='' link='manually,http:\/\/' link_target='' style='blockquote modern-quote' size='28' subheading_active='' subheading_size='15' margin='' margin_sync='true' padding='10' color='' custom_font='' av-medium-font-size-title='' av-small-font-size-title='' av-mini-font-size-title='' av-medium-font-size='' av-small-font-size='' av-mini-font-size='' av_uid='av-jps19qej' custom_class='' admin_preview_bg=''][\/av_heading]\n[\/av_one_full]\n\n[av_section min_height='' min_height_px='500px' padding='small' shadow='no-border-styling' bottom_border='no-border-styling' bottom_border_diagonal_color='#333333' bottom_border_diagonal_direction='' bottom_border_style='' custom_margin='0px' custom_margin_sync='true' custom_arrow_bg='' id='' color='main_color' background='bg_color' custom_bg='#f2f2f2' background_gradient_color1='' background_gradient_color2='' background_gradient_direction='vertical' src='' attachment='' attachment_size='' attach='scroll' position='top left' repeat='no-repeat' video='' video_ratio='16:9' overlay_opacity='0.5' overlay_color='' overlay_pattern='' overlay_custom_pattern='' av_element_hidden_in_editor='0' av_uid='av-jpl2rihg' custom_class='']\n[av_heading heading='La soci\u00e9t\u00e9 BEDNAR a organis\u00e9 une formation d\u2019avant-saison destin\u00e9e aux revendeurs du monde' tag='h1' link_apply='' link='manually,http:\/\/' link_target='' style='blockquote modern-quote' size='24' subheading_active='' subheading_size='15' margin='' margin_sync='true' padding='10' color='' custom_font='' av-medium-font-size-title='' av-small-font-size-title='' av-mini-font-size-title='' av-medium-font-size='' av-small-font-size='' av-mini-font-size='' av_uid='av-jps1bk6c' custom_class='' admin_preview_bg=''][\/av_heading]\n[\/av_section]\n\n[av_textblock size='' font_color='' color='' av-medium-font-size='' av-small-font-size='' av-mini-font-size='' av_uid='av-7st7' custom_class='awesome-textblock' admin_preview_bg='']\n<div class=\"head clearfix\">\n\nComme il est maintenant de tradition pour la seconde moiti\u00e9 de l\u2019\u00e9t\u00e9, de la fin juillet au d\u00e9but du mois de septembre et tout au long du mois d\u2019ao\u00fbt, toujours du mardi au jeudi et pratiquement sans interruption, les partenaires commerciaux se sont rendus \u00e0 notre centrale de Prague-Vino\u0159 afin d\u2019y participer \u00e0 des rencontres d\u2019avant-saison. Ces rencontres ont pour objectif de pr\u00e9senter en d\u00e9tails \u00e0 nos partenaires commerciaux les activit\u00e9s r\u00e9alis\u00e9es par les diff\u00e9rents d\u00e9partements de la soci\u00e9t\u00e9 et de d\u00e9finir le cadre et les plans de la coop\u00e9ration pour la saison \u00e0 venir. Qu\u2019est-ce que les repr\u00e9sentants et les revendeurs ont appris ? Quel est le participant qui a parcouru la plus longue distance pour nous rejoindre ?\n\n<\/div>\n<div class=\"content\">\n<div>\n<div>\n<div><\/div>\n<\/div>\n<\/div>\n<\/div>\n[\/av_textblock]\n\n[av_one_half first min_height='' vertical_alignment='av-align-top' space='' margin='0px' margin_sync='true' link='' linktarget='' link_hover='' padding='0px' padding_sync='true' border='' border_color='' radius='0px' radius_sync='true' background='bg_color' background_color='' background_gradient_color1='' background_gradient_color2='' background_gradient_direction='vertical' src='' attachment='' attachment_size='' background_position='top left' background_repeat='no-repeat' animation='' mobile_breaking='' mobile_display='' av_uid='av-61qx' custom_class='one-half-small-gap']\n[av_image src='http:\/\/news.bednar.com\/wp-content\/uploads\/2018\/10\/c64ba27352e4926ae2e88bc8a391f642-3.jpg' attachment='156034' attachment_size='full' align='center' styling='' hover='' link='lightbox' target='' caption='' font_size='' appearance='' overlay_opacity='0.4' overlay_color='#000000' overlay_text_color='#ffffff' copyright='' animation='no-animation' av_uid='av-jiadkrth' custom_class='' admin_preview_bg=''][\/av_image]\n\n[av_hr class='invisible' height='-20' shadow='no-shadow' position='center' custom_border='av-border-thin' custom_width='50px' custom_border_color='' custom_margin_top='30px' custom_margin_bottom='30px' icon_select='yes' custom_icon_color='' icon='ue808' font='entypo-fontello' av_uid='av-jnpphuxr' custom_class='' admin_preview_bg='']\n\n[av_textblock size='' font_color='' color='' av-medium-font-size='' av-small-font-size='' av-mini-font-size='' av_uid='av-jiae58od' custom_class='text-block-grey text-block-equal-height' admin_preview_bg='']\nDes repr\u00e9sentants venus d\u2019Italie \u00e9taient \u00e9galement pr\u00e9sents \u00e0 la rencontre d\u2019avant-saison\n[\/av_textblock]\n[\/av_one_half]\n\n[av_one_half min_height='' vertical_alignment='av-align-top' space='' margin='0px' margin_sync='true' link='' linktarget='' link_hover='' padding='0px' padding_sync='true' border='' border_color='' radius='0px' radius_sync='true' background='bg_color' background_color='' background_gradient_color1='' background_gradient_color2='' background_gradient_direction='vertical' src='' attachment='' attachment_size='' background_position='top left' background_repeat='no-repeat' animation='' mobile_breaking='' mobile_display='' av_uid='av-3zej' custom_class='one-half-small-gap']\n[av_image src='http:\/\/news.bednar.com\/wp-content\/uploads\/2018\/10\/6959f39250476a0b99a23278b8898c85-3.jpg' attachment='156019' attachment_size='full' align='center' styling='' hover='' link='lightbox' target='' caption='' font_size='' appearance='' overlay_opacity='0.4' overlay_color='#000000' overlay_text_color='#ffffff' copyright='' animation='no-animation' av_uid='av-jiadkrth' custom_class='' admin_preview_bg=''][\/av_image]\n\n[av_hr class='invisible' height='-20' shadow='no-shadow' position='center' custom_border='av-border-thin' custom_width='50px' custom_border_color='' custom_margin_top='30px' custom_margin_bottom='30px' icon_select='yes' custom_icon_color='' icon='ue808' font='entypo-fontello' av_uid='av-jnpphuxr' custom_class='' admin_preview_bg='']\n\n[av_textblock size='' font_color='' color='' av-medium-font-size='' av-small-font-size='' av-mini-font-size='' av_uid='av-jiae58od' custom_class='text-block-grey text-block-equal-height' admin_preview_bg='']\nLe Directeur du Marketing, Monsieur David Ry\u010dl, pr\u00e9sente la strat\u00e9gie qui sera mise en place pour la saison commerciale \u00e0 venir\n[\/av_textblock]\n[\/av_one_half]\n\n[av_hr class='invisible' height='20' shadow='no-shadow' position='center' custom_border='av-border-thin' custom_width='50px' custom_border_color='' custom_margin_top='30px' custom_margin_bottom='30px' icon_select='yes' custom_icon_color='' icon='ue808' font='entypo-fontello' av_uid='av-jnppiwll' custom_class='' admin_preview_bg='']\n\n[av_heading heading='Comment se sont pass\u00e9es les formations d\u2019avant-saison ?' tag='h2' link_apply='' link='manually,http:\/\/' link_target='' style='' size='' subheading_active='' subheading_size='15' margin='' padding='10' color='' custom_font='' custom_class='' admin_preview_bg='' av-desktop-hide='' av-medium-hide='' av-small-hide='' av-mini-hide='' av-medium-font-size-title='' av-small-font-size-title='' av-mini-font-size-title='' av-medium-font-size='' av-small-font-size='' av-mini-font-size='' av_uid='av-2nlc4p2'][\/av_heading]\n\n[av_textblock size='' font_color='' color='' av-medium-font-size='' av-small-font-size='' av-mini-font-size='' av_uid='av-jiadqhq3' custom_class='' admin_preview_bg='']\nLes repr\u00e9sentants des d\u00e9partements du d\u00e9veloppement, de l\u2019administration et des finances, du commerce, du marketing, du service apr\u00e8s-vente, des pi\u00e8ces de rechange et de la gestion des produits ont pr\u00e9sent\u00e9 leurs plans et visions pour la saison prochaine aux revendeurs et repr\u00e9sentants commerciaux des diff\u00e9rents pays du monde. Chaque d\u00e9partement de la soci\u00e9t\u00e9 BEDNAR FMT a pr\u00e9sent\u00e9 son agenda et a form\u00e9 les revendeurs pr\u00e9sents. Ces rencontres ont bien entendu d\u00e9bouch\u00e9 sur des prises de contact individuelles qui sont tr\u00e8s importantes pour le travail en \u00e9quipe au profit de nos clients communs \u2013 les agriculteurs.\n[\/av_textblock]\n\n[av_one_half first min_height='' vertical_alignment='av-align-top' space='' margin='0px' margin_sync='true' link='' linktarget='' link_hover='' padding='0px' padding_sync='true' border='' border_color='' radius='0px' radius_sync='true' background='bg_color' background_color='' background_gradient_color1='' background_gradient_color2='' background_gradient_direction='vertical' src='' attachment='' attachment_size='' background_position='top left' background_repeat='no-repeat' animation='' mobile_breaking='' mobile_display='' av_uid='av-jr5' custom_class='one-half-small-gap']\n[av_image src='http:\/\/news.bednar.com\/wp-content\/uploads\/2018\/10\/d8a80ab80a384b4aae21103466ff2887-3.jpg' attachment='156049' attachment_size='full' align='center' styling='' hover='' link='lightbox' target='' caption='' font_size='' appearance='' overlay_opacity='0.4' overlay_color='#000000' overlay_text_color='#ffffff' copyright='' animation='no-animation' av_uid='av-jiadkrth' custom_class='' admin_preview_bg=''][\/av_image]\n\n[av_hr class='invisible' height='-20' shadow='no-shadow' position='center' custom_border='av-border-thin' custom_width='50px' custom_border_color='' custom_margin_top='30px' custom_margin_bottom='30px' icon_select='yes' custom_icon_color='' icon='ue808' font='entypo-fontello' av_uid='av-jnpphuxr' custom_class='' admin_preview_bg='']\n\n[av_textblock size='' font_color='' color='' av-medium-font-size='' av-small-font-size='' av-mini-font-size='' av_uid='av-jiae58od' custom_class='text-block-grey text-block-equal-height2' admin_preview_bg='']\n<div>\n\nLe propri\u00e9taire de la soci\u00e9t\u00e9, Monsieur Ladislav Bedn\u00e1\u0159, pr\u00e9sente sa vision aux revendeurs ukrainiens\n\n<\/div>\n<div>\n<div><\/div>\n<\/div>\n[\/av_textblock]\n[\/av_one_half]\n\n[av_one_half min_height='' vertical_alignment='av-align-top' space='' margin='0px' margin_sync='true' link='' linktarget='' link_hover='' padding='0px' padding_sync='true' border='' border_color='' radius='0px' radius_sync='true' background='bg_color' background_color='' background_gradient_color1='' background_gradient_color2='' background_gradient_direction='vertical' src='' attachment='' attachment_size='' background_position='top left' background_repeat='no-repeat' animation='' mobile_breaking='' mobile_display='' av_uid='av-auv' custom_class='one-half-small-gap']\n[av_image src='http:\/\/news.bednar.com\/wp-content\/uploads\/2018\/10\/4987d64b91859f4e3101d601746cc693-3.jpg' attachment='156004' attachment_size='full' align='center' styling='' hover='' link='lightbox' target='' caption='' font_size='' appearance='' overlay_opacity='0.4' overlay_color='#000000' overlay_text_color='#ffffff' copyright='' animation='no-animation' av_uid='av-jiadkrth' custom_class='' admin_preview_bg=''][\/av_image]\n\n[av_hr class='invisible' height='-20' shadow='no-shadow' position='center' custom_border='av-border-thin' custom_width='50px' custom_border_color='' custom_margin_top='30px' custom_margin_bottom='30px' icon_select='yes' custom_icon_color='' icon='ue808' font='entypo-fontello' av_uid='av-jnpphuxr' custom_class='' admin_preview_bg='']\n\n[av_textblock size='' font_color='' color='' av-medium-font-size='' av-small-font-size='' av-mini-font-size='' av_uid='av-jiae58od' custom_class='text-block-grey text-block-equal-height2' admin_preview_bg='']\nPr\u00e9sentation de la croissance du chiffre d\u2019affaires du march\u00e9 ukrainien durant les derni\u00e8res saisons\n[\/av_textblock]\n[\/av_one_half]\n\n[av_heading heading='Qui a particip\u00e9 aux formations d\u2019avant-saison ?' tag='h2' link_apply='' link='manually,http:\/\/' link_target='' style='' size='' subheading_active='' subheading_size='15' margin='' padding='10' color='' custom_font='' custom_class='' admin_preview_bg='' av-desktop-hide='' av-medium-hide='' av-small-hide='' av-mini-hide='' av-medium-font-size-title='' av-small-font-size-title='' av-mini-font-size-title='' av-medium-font-size='' av-small-font-size='' av-mini-font-size='' av_uid='av-1y9thja'][\/av_heading]\n\n[av_textblock size='' font_color='' color='' av-medium-font-size='' av-small-font-size='' av-mini-font-size='' av_uid='av-jiaecg6l' custom_class='' admin_preview_bg='']\nCette ann\u00e9e, la soci\u00e9t\u00e9 Bednar FMT a export\u00e9 ses \u00e9quipements agricoles dans 36 pays.\n\nLes repr\u00e9sentants de 26 pays ont accept\u00e9 notre invitation \u00e0 participer aux entretiens d\u2019avant-saison. Seuls les repr\u00e9sentants de quelques march\u00e9s marginaux ou les partenaires originaires des r\u00e9gions d\u2019outre-mer telles que l\u2019Australie, la Nouvelle-Z\u00e9lande, le Canada ou l\u2019Afrique du Sud manquaient \u00e0 l\u2019appel.\n\nParmi nos partenaires les plus importants \u00e0 l\u2019\u00e9tranger, nous trouvons 4 importateurs de nos \u00e9quipements en Russie, l\u2019importateur de la marque Bednar en Roumanie, la soci\u00e9t\u00e9 IPSO, et les revendeurs de nos \u00e9quipements en France, en Allemagne et en Pologne. Notre soci\u00e9t\u00e9 partenaire STROM Praha a.s., qui distribue nos \u00e9quipements en R\u00e9publique tch\u00e8que, ne pouvait bien entendu pas \u00eatre absente \u00e0 ces rencontres d\u2019avant-saison. Les repr\u00e9sentants de cette organisation n\u2019ont pas eu loin \u00e0 aller pour nous rejoindre, \u00e0 la diff\u00e9rence du repr\u00e9sentant LLC \u00ab\u00a0APR group\u00a0\u00bb qui a fait le voyage au d\u00e9part du Tatarstan en F\u00e9d\u00e9ration de Russie.\n[\/av_textblock]\n\n[av_one_half first min_height='' vertical_alignment='av-align-top' space='' margin='0px' margin_sync='true' link='' linktarget='' link_hover='' padding='0px' padding_sync='true' border='' border_color='' radius='0px' radius_sync='true' background='bg_color' background_color='' background_gradient_color1='' background_gradient_color2='' background_gradient_direction='vertical' src='' attachment='' attachment_size='' background_position='top left' background_repeat='no-repeat' animation='' mobile_breaking='' mobile_display='' av_uid='av-jr5' custom_class='one-half-small-gap']\n[av_image src='http:\/\/news.bednar.com\/wp-content\/uploads\/2018\/10\/ef91b6a09fe3140ebebd54460292887c-2.jpg' attachment='155971' attachment_size='full' align='center' styling='' hover='' link='lightbox' target='' caption='' font_size='' appearance='' overlay_opacity='0.4' overlay_color='#000000' overlay_text_color='#ffffff' copyright='' animation='no-animation' av_uid='av-jiadkrth' custom_class='' admin_preview_bg=''][\/av_image]\n\n[av_hr class='invisible' height='-20' shadow='no-shadow' position='center' custom_border='av-border-thin' custom_width='50px' custom_border_color='' custom_margin_top='30px' custom_margin_bottom='30px' icon_select='yes' custom_icon_color='' icon='ue808' font='entypo-fontello' av_uid='av-jnpphuxr' custom_class='' admin_preview_bg='']\n\n[av_textblock size='' font_color='' color='' av-medium-font-size='' av-small-font-size='' av-mini-font-size='' av_uid='av-jiae58od' custom_class='text-block-grey text-block-equal-height2' admin_preview_bg='']\n<div>\n<div>\n\nRemise de la plaquette du meilleur revendeur \u00e0 la soci\u00e9t\u00e9 PM & B s.r.l.\n\n<\/div>\n<div>\n<div><\/div>\n<\/div>\n<\/div>\n<div>\n<div><\/div>\n<\/div>\n[\/av_textblock]\n[\/av_one_half]\n\n[av_one_half min_height='' vertical_alignment='av-align-top' space='' margin='0px' margin_sync='true' link='' linktarget='' link_hover='' padding='0px' padding_sync='true' border='' border_color='' radius='0px' radius_sync='true' background='bg_color' background_color='' background_gradient_color1='' background_gradient_color2='' background_gradient_direction='vertical' src='' attachment='' attachment_size='' background_position='top left' background_repeat='no-repeat' animation='' mobile_breaking='' mobile_display='' av_uid='av-jr5' custom_class='one-half-small-gap']\n[av_image src='http:\/\/news.bednar.com\/wp-content\/uploads\/2018\/10\/212cc5a7b8e4f7ed4dec27b6afe8aa2d-3.jpg' attachment='155989' attachment_size='full' align='center' styling='' hover='' link='lightbox' target='' caption='' font_size='' appearance='' overlay_opacity='0.4' overlay_color='#000000' overlay_text_color='#ffffff' copyright='' animation='no-animation' av_uid='av-jiadkrth' custom_class='' admin_preview_bg=''][\/av_image]\n\n[av_hr class='invisible' height='-20' shadow='no-shadow' position='center' custom_border='av-border-thin' custom_width='50px' custom_border_color='' custom_margin_top='30px' custom_margin_bottom='30px' icon_select='yes' custom_icon_color='' icon='ue808' font='entypo-fontello' av_uid='av-jnpphuxr' custom_class='' admin_preview_bg='']\n\n[av_textblock size='' font_color='' color='' av-medium-font-size='' av-small-font-size='' av-mini-font-size='' av_uid='av-jiae58od' custom_class='text-block-grey text-block-equal-height2' admin_preview_bg='']\n<div>\n\nLes repr\u00e9sentants de la soci\u00e9t\u00e9 BEDNAR et de l\u2019importateur roumain IPSO\n\n<\/div>\n<div>\n<div><\/div>\n<\/div>\n[\/av_textblock]\n[\/av_one_half]\n\n[av_heading heading='Nos remerciements vont \u00e0 tous les participants' tag='h2' link_apply='' link='manually,http:\/\/' link_target='' style='' size='' subheading_active='' subheading_size='15' margin='' padding='10' color='' custom_font='' custom_class='' admin_preview_bg='' av-desktop-hide='' av-medium-hide='' av-small-hide='' av-mini-hide='' av-medium-font-size-title='' av-small-font-size-title='' av-mini-font-size-title='' av-medium-font-size='' av-small-font-size='' av-mini-font-size='' av_uid='av-fo8gdty'][\/av_heading]\n\n[av_textblock size='' font_color='' color='' av-medium-font-size='' av-small-font-size='' av-mini-font-size='' av_uid='av-jiaegma5' custom_class='' admin_preview_bg='']\nNous souhaitons remercier tous ceux qui ont particip\u00e9 \u00e0 ces rencontres. Les nombreux \u00e9changes d\u2019informations et d\u2019exp\u00e9riences nous aideront certainement \u00e0 mettre en place une coop\u00e9ration encore meilleure et \u00e0 atteindre nos objectifs communs qui sont de satisfaire les clients agriculteurs exigeants et de renforcer encore plus la position des \u00e9quipements BEDNAR sur les diff\u00e9rents march\u00e9s.\n[\/av_textblock]\n\n[av_hr class='invisible' height='10' shadow='no-shadow' position='center' custom_border='av-border-thin' custom_width='50px' custom_border_color='' custom_margin_top='30px' custom_margin_bottom='30px' icon_select='yes' custom_icon_color='' icon='ue808' font='entypo-fontello' av_uid='av-jiaei1fo' custom_class='' admin_preview_bg='']\n\n[av_textblock size='' font_color='' color='' av-medium-font-size='' av-small-font-size='' av-mini-font-size='' av_uid='av-jiaegma5' custom_class='' admin_preview_bg='']\n<p style=\"text-align: right;\">\u00a0\u00c9quipe\u200b\u00a0BEDNAR FMT s.r.o<\/p>\n\n<div class=\"gallery\"><\/div>\n[\/av_textblock]\n\n[av_heading heading='FOTO' tag='h2' link_apply='' link='manually,http:\/\/' link_target='' style='' size='' subheading_active='' subheading_size='15' margin='' padding='10' color='' custom_font='' custom_class='' admin_preview_bg='' av-desktop-hide='' av-medium-hide='' av-small-hide='' av-mini-hide='' av-medium-font-size-title='' av-small-font-size-title='' av-mini-font-size-title='' av-medium-font-size='' av-small-font-size='' av-mini-font-size='' av_uid='av-d8ynykm'][\/av_heading]\n\n[av_hr class='invisible' height='20' shadow='no-shadow' position='center' custom_border='av-border-thin' custom_width='50px' custom_border_color='' custom_margin_top='30px' custom_margin_bottom='30px' icon_select='yes' custom_icon_color='' icon='ue808' font='entypo-fontello' av_uid='av-jiaei1fo' custom_class='' admin_preview_bg='']\n\n[av_gallery ids='155896,155911,155926,155941,155956,155971' style='thumbnails' preview_size='portfolio' crop_big_preview_thumbnail='avia-gallery-big-crop-thumb' thumb_size='portfolio' columns='4' imagelink='lightbox' lazyload='avia_lazyload' av_uid='av-jiboe8xw' custom_class='' admin_preview_bg='']\n\n[av_heading heading='Articles Associ\u00e9s' tag='h2' link_apply='' link='manually,http:\/\/' link_target='' style='' size='' subheading_active='' subheading_size='15' margin='' padding='10' color='' custom_font='' custom_class='' admin_preview_bg='' av-desktop-hide='' av-medium-hide='' av-small-hide='' av-mini-hide='' av-medium-font-size-title='' av-small-font-size-title='' av-mini-font-size-title='' av-medium-font-size='' av-small-font-size='' av-mini-font-size='' av_uid='av-528i2yu'][\/av_heading]\n\n[av_textblock size='' font_color='' color='' av-medium-font-size='' av-small-font-size='' av-mini-font-size='' av_uid='av-joua318z' custom_class='' admin_preview_bg='']\n[bednar_news id1=124222 id2=124182 id3=124920][\/bednar_news]\n[\/av_textblock]\n\n[av_button label='<font size=\"4\">Articles Associ\u00e9s <\/font>' link='page,21304' link_target='' size='large' position='center' label_display='' icon_select='yes' icon_hover='aviaTBicon_hover' icon='ue811' font='entypo-fontello' color='custom' custom_bg='#feff00' custom_font='#2d2d2d' av_uid='av-joh7foel' custom_class='' admin_preview_bg='']\n\n[av_hr av_uid='av-2vfycv']","page-type":"","pageGroup":"","post-new-website":false},"_links":{"self":[{"href":"https:\/\/www.bednar.com\/fr\/wp-json\/wp\/v2\/posts\/372753","targetHints":{"allow":["GET"]}}],"collection":[{"href":"https:\/\/www.bednar.com\/fr\/wp-json\/wp\/v2\/posts"}],"about":[{"href":"https:\/\/www.bednar.com\/fr\/wp-json\/wp\/v2\/types\/post"}],"author":[{"embeddable":true,"href":"https:\/\/www.bednar.com\/fr\/wp-json\/wp\/v2\/users\/1"}],"replies":[{"embeddable":true,"href":"https:\/\/www.bednar.com\/fr\/wp-json\/wp\/v2\/comments?post=372753"}],"version-history":[{"count":0,"href":"https:\/\/www.bednar.com\/fr\/wp-json\/wp\/v2\/posts\/372753\/revisions"}],"wp:featuredmedia":[{"embeddable":true,"href":"https:\/\/www.bednar.com\/fr\/wp-json\/wp\/v2\/media\/372754"}],"wp:attachment":[{"href":"https:\/\/www.bednar.com\/fr\/wp-json\/wp\/v2\/media?parent=372753"}],"wp:term":[{"taxonomy":"category","embeddable":true,"href":"https:\/\/www.bednar.com\/fr\/wp-json\/wp\/v2\/categories?post=372753"},{"taxonomy":"post_tag","embeddable":true,"href":"https:\/\/www.bednar.com\/fr\/wp-json\/wp\/v2\/tags?post=372753"}],"curies":[{"name":"wp","href":"https:\/\/api.w.org\/{rel}","templated":true}]}}