{"id":388242,"date":"2021-02-18T00:00:00","date_gmt":"2021-02-17T23:00:00","guid":{"rendered":"https:\/\/www.bednar.com\/blog\/bednar-entra-a-los-mercados-de-espana-y-portugal"},"modified":"2021-07-28T22:13:38","modified_gmt":"2021-07-28T20:13:38","slug":"bednar-entra-a-los-mercados-de-espana-y-portugal","status":"publish","type":"post","link":"https:\/\/www.bednar.com\/es\/blog\/bednar-entra-a-los-mercados-de-espana-y-portugal\/","title":{"rendered":"BEDNAR entra a los mercados de Espa\u00f1a y Portugal"},"content":{"rendered":"\n<div class=\"post-section\" style=\"background-image: url();\"><\/div>\n<div class=\"one-full-section\">\n\n<p><\/div><div class=\"hr-section\"><\/div><\/p>\n<div class=\"post-section\" style=\"background-image: url();\">\n\n<p><\/div><p class=\"awesome-textblock\"><\/p>\n<h2>El fabricante checo de maquinaria agr\u00edcola BEDNAR entr\u00f3 en la Pen\u00ednsula Ib\u00e9rica a principios de este a\u00f1o. El mercado local es exigente y espec\u00edfico. Es por eso que BEDNAR se prepar\u00f3 cuidadosamente el pasado a\u00f1o 2020. A partir del 2021, los agricultores de Espa\u00f1a y Portugal podr\u00e1n utilizar las innovadoras maquinaria agr\u00edcola de BEDNAR para la labranza, la fertilizaci\u00f3n, la siembra y el segado.<\/h2>\n<p><\/p><\/p>\n<div class=\"hr-section\"><\/div>\n<div class=\"one-full-section\"><br \/>\n<img decoding=\"async\" src=\"https:\/\/news.bednar.com\/wp-content\/uploads\/2021\/02\/BEDNAR_vstup_Spanelsko_Portugalsko.jpg\" alt=\"\"><\/p>\n<p><div class=\"hr-section\"><\/div><br \/>\n<\/div>\n<div class=\"hr-section\"><\/div>\n<h2>\u00a1Los agricultores espa\u00f1oles y portugueses saben exactamente lo que necesitan!<\/h2>\n<p class=\"\"><br \/>\nJan Bedn\u00e1\u0159, <em>El Director Comercial de BEDNAR habla de la entrada en nuevos mercados: \u201cNuestra estrategia de negocio para Espa\u00f1a y Portugal ser\u00e1 similar a nuestra entrada en el mercado italiano hace tres a\u00f1os. Sin embargo, el mercado italiano ha experimentado transformaciones en los \u00faltimos a\u00f1os. Los grandes agricultores y empresas de servicio agr\u00edcola quieren m\u00e1quinas de alta calidad para la labranza, la fertilizaci\u00f3n y la siembra, que tambi\u00e9n les garanticen un alto rendimiento diario. Est\u00e1n felices de pagar m\u00e1s por estas m\u00e1quinas de calidad. Hoy, podemos clasificar el mercado italiano como uno de los de m\u00e1s r\u00e1pido crecimiento.<\/em><br \/>\n<\/p>\n<div class=\"one-half-section\"><br \/>\n<img decoding=\"async\" src=\"https:\/\/news.bednar.com\/wp-content\/uploads\/2021\/02\/ATLAS_AO_PROFI_R203299_web.jpg\" alt=\"\"><br \/>\n<\/div>\n<div class=\"one-half-section\"><br \/>\n<img decoding=\"async\" src=\"https:\/\/news.bednar.com\/wp-content\/uploads\/2021\/02\/OO-6000-FL_2020-Pucery_DJI_0245_200pct-nastavene-nebe_report_spanelsky_trh.jpg\" alt=\"\"><br \/>\n<\/div>\n<div class=\"hr-section\"><\/div>\n<p class=\"\"><br \/>\n<em>Despu\u00e9s de recorrer Espa\u00f1a y Portugal y de muchas visitas a grandes agricultores y empresas de servicio agr\u00edcola, vi una gran profesionalidad. Los agricultores locales saben exactamente lo que necesitan. Buscan m\u00e1quinas modernas que realicen un trabajo preciso y al mismo tiempo tengan un alto rendimiento diario. Nuestra empresa BEDNAR fabrica exactamente este tipo de m\u00e1quinas y a partir de este a\u00f1o estar\u00e1n disponibles en Espa\u00f1a y Portugal \u00ab, a\u00f1ade Jan Bedn\u00e1\u0159<\/em>.<br \/>\n<\/p>\n<h2>BEDNAR ampl\u00eda su red comercial en la Pen\u00ednsula Ib\u00e9rica<\/h2>\n<p class=\"\"><br \/>\nBEDNAR sigue buscando distribuidores adecuados que tengan una buena reputaci\u00f3n en las regiones y sean buenos socios para los agricultores. La selecci\u00f3n de distribuidores id\u00f3neos y el apoyo t\u00e9cnico a los agricultores est\u00e1 garantizado por Erasmo Gonzalez (Gerente Territorial de BEDNAR).<br \/>\n<\/p>\n<div class=\"one-half-section\"><br \/>\n<img decoding=\"async\" src=\"https:\/\/news.bednar.com\/wp-content\/uploads\/2021\/02\/19L5787_spain.jpg\" alt=\"\"><br \/>\n<\/div>\n<div class=\"one-half-section\"><br \/>\n<img decoding=\"async\" src=\"https:\/\/news.bednar.com\/wp-content\/uploads\/2021\/02\/Striegel-PRO_PN9000_MG_5419_spain_small.jpg\" alt=\"\"><br \/>\n<\/div>\n<div class=\"hr-section\"><\/div>\n<p class=\"\"><br \/>\n<em>\u00abErasmo trabaja para BEDNAR desde hace nueve a\u00f1os. Gracias a su experiencia, excelente comunicaci\u00f3n y trabajo honesto, a Erasmo se le ofreci\u00f3 el puesto de Gerente territorial directamente en Espa\u00f1a. Estamos contentos de que Erasmo se mude de la Rep\u00fablica Checa a Espa\u00f1a y abra otro cap\u00edtulo de su vida\u201d, concluye Jan Bedn\u00e1\u0159<\/em>.<br \/>\n<\/p>\n<div class=\"one-full-section\"><br \/>\n<img decoding=\"async\" src=\"https:\/\/news.bednar.com\/wp-content\/uploads\/2021\/02\/20210211_093007_upr.jpg\" alt=\"\"><br \/>\n<\/div>\n<div class=\"hr-section\"><\/div>\n<p class=\"\"><\/p>\n<p style=\"text-align: right;\">Erasmo Gonzalez<br \/>\nGerente territorial para Espa\u00f1a y Portugal<br \/>\nTel: 0034 634 180003<br \/>\n<a href=\"mailto:Erasmo.Gonzalez@bednar.com\">Erasmo.Gonzalez@bednar.com<\/a><br \/>\nBEDNAR FMT s.r.o.<br \/>\n<\/p>\n<p class=\"\"><\/p>\n<h2>FOTO<\/h2>\n<div class=\"hr-section\"><\/div>\n\n        <div class=\"gallery\">\n\n            <ul>\n\n                \n                    <li>\n\n                        <a href=\"http:\/\/news.bednar.com\/wp-content\/uploads\/2021\/02\/BEDNAR_vstup_Spanelsko_Portugalsko.jpg\" target=\"_blank\" rel=\"noopener\"><img decoding=\"async\" src=\"http:\/\/news.bednar.com\/wp-content\/uploads\/2021\/02\/BEDNAR_vstup_Spanelsko_Portugalsko.jpg\" alt=\"\"><\/a>\n\n                    <\/li>\n\n                    \n                    <li>\n\n                        <a href=\"http:\/\/news.bednar.com\/wp-content\/uploads\/2021\/02\/ATLAS_AO_PROFI_R203299_web.jpg\" target=\"_blank\" rel=\"noopener\"><img decoding=\"async\" src=\"http:\/\/news.bednar.com\/wp-content\/uploads\/2021\/02\/ATLAS_AO_PROFI_R203299_web.jpg\" alt=\"\"><\/a>\n\n                    <\/li>\n\n                    \n                    <li>\n\n                        <a href=\"http:\/\/news.bednar.com\/wp-content\/uploads\/2021\/02\/OO-6000-FL_2020-Pucery_DJI_0245_200pct-nastavene-nebe_report_spanelsky_trh.jpg\" target=\"_blank\" rel=\"noopener\"><img decoding=\"async\" src=\"http:\/\/news.bednar.com\/wp-content\/uploads\/2021\/02\/OO-6000-FL_2020-Pucery_DJI_0245_200pct-nastavene-nebe_report_spanelsky_trh.jpg\" alt=\"\"><\/a>\n\n                    <\/li>\n\n                    \n                    <li>\n\n                        <a href=\"http:\/\/news.bednar.com\/wp-content\/uploads\/2021\/02\/19L5787_spain.jpg\" target=\"_blank\" rel=\"noopener\"><img decoding=\"async\" src=\"http:\/\/news.bednar.com\/wp-content\/uploads\/2021\/02\/19L5787_spain.jpg\" alt=\"\"><\/a>\n\n                    <\/li>\n\n                    \n                    <li>\n\n                        <a href=\"http:\/\/news.bednar.com\/wp-content\/uploads\/2021\/02\/Striegel-PRO_PN9000_MG_5419_spain_small.jpg\" target=\"_blank\" rel=\"noopener\"><img decoding=\"async\" src=\"http:\/\/news.bednar.com\/wp-content\/uploads\/2021\/02\/Striegel-PRO_PN9000_MG_5419_spain_small.jpg\" alt=\"\"><\/a>\n\n                    <\/li>\n\n                    \n                    <li>\n\n                        <a href=\"http:\/\/news.bednar.com\/wp-content\/uploads\/2021\/02\/20210211_093007_upr.jpg\" target=\"_blank\" rel=\"noopener\"><img decoding=\"async\" src=\"http:\/\/news.bednar.com\/wp-content\/uploads\/2021\/02\/20210211_093007_upr.jpg\" alt=\"\"><\/a>\n\n                    <\/li>\n\n                    \n            <\/ul>\n\n        <\/div>\n\n        \n\n<p class=\"\"><br \/>\n<br \/>\n<\/p>\n\n","protected":false},"excerpt":{"rendered":"<p>El fabricante checo de maquinaria agr\u00edcola BEDNAR entr\u00f3 en la Pen\u00ednsula Ib\u00e9rica a principios de este a\u00f1o. El mercado local es exigente y espec\u00edfico. Es por eso que BEDNAR se prepar\u00f3 cuidadosamente el pasado a\u00f1o 2020. A partir del 2021, los agricultores de Espa\u00f1a y Portugal podr\u00e1n utilizar las innovadoras maquinaria agr\u00edcola de BEDNAR para la labranza, la fertilizaci\u00f3n, la siembra y el segado.<\/p>\n","protected":false},"author":1,"featured_media":364655,"comment_status":"open","ping_status":"open","sticky":false,"template":"","format":"standard","meta":{"_acf_changed":false,"footnotes":""},"categories":[222,354],"tags":[],"class_list":["post-388242","post","type-post","status-publish","format-standard","has-post-thumbnail","hentry","category-sin-categorizar","category-company-events-es-7"],"acf":{"item-bg":false,"item-bg_kop\u00edrovat":false,"item-bg-mobile":false,"item-youtube":"","item-title":"","fixed-title":"","item-desc":"","item-mach-desc":"","item-mach-config":"","item-mach-down":"","item-align":false,"item-code":"","google-map":"","disable-header":false,"main-content":false,"nav-main-cat":false,"nav-sub-cat":false,"_aviaLayoutBuilderCleanData":"[av_horizontal_gallery ids='318230,318246,318198,318262' height='20' size='gallery' gap='1px' active='' initial='2' control_layout='av-control-minimal' links='no_links' link_dest='' lightbox_text='' lazy_loading='disabled' av-small-hide='aviaTBav-small-hide' av-mini-hide='aviaTBav-mini-hide' id='' custom_class='' av_uid='av-jiaer0cm'][\/av_horizontal_gallery]\n\n[av_section min_height='' min_height_px='500px' padding='default' shadow='no-border-styling' bottom_border='no-border-styling' bottom_border_diagonal_color='#333333' bottom_border_diagonal_direction='' bottom_border_style='' custom_margin='0px' custom_margin_sync='true' custom_arrow_bg='' id='' color='main_color' background='bg_color' custom_bg='' background_gradient_color1='' background_gradient_color2='' background_gradient_direction='vertical' src='' attachment='' attachment_size='' attach='scroll' position='top left' repeat='no-repeat' video='' video_ratio='16:9' overlay_opacity='0.5' overlay_color='' overlay_pattern='' overlay_custom_pattern='' av_element_hidden_in_editor='0' av_uid='av-jpbe7r71' custom_class='no-height'][\/av_section]\n\n[av_one_full first min_height='av-equal-height-column' vertical_alignment='av-align-middle' space='' margin='0px' margin_sync='true' row_boxshadow_color='' row_boxshadow_width='10' link='' linktarget='' link_hover='' padding='0px' padding_sync='true' highlight_size='1.1' border='' border_color='' radius='0px' radius_sync='true' column_boxshadow_color='' column_boxshadow_width='10' background='bg_color' background_color='' background_gradient_color1='' background_gradient_color2='' background_gradient_direction='vertical' src='' attachment='' attachment_size='' background_position='top left' background_repeat='no-repeat' animation='' mobile_breaking='' mobile_display='' av_uid='av-jnpqbee2' custom_class='heading-top']\n\n[av_heading heading='NOVEDADES' tag='h1' style='blockquote modern-quote' subheading_active='' show_icon='' icon='ue800' font='' size='28' av-medium-font-size-title='' av-small-font-size-title='' av-mini-font-size-title='' subheading_size='15' av-medium-font-size='' av-small-font-size='' av-mini-font-size='' icon_size='' av-medium-font-size-1='' av-small-font-size-1='' av-mini-font-size-1='' color='' custom_font='' icon_color='' margin='' margin_sync='true' padding='10' icon_padding='10' link='manually,http:\/\/' link_target='' id='' custom_class='' av_uid='av-klau80mv' admin_preview_bg=''][\/av_heading]\n\n[\/av_one_full][av_hr class='invisible' height='-50' shadow='no-shadow' position='center' custom_border='av-border-thin' custom_width='50px' custom_border_color='' custom_margin_top='30px' custom_margin_bottom='30px' icon_select='yes' custom_icon_color='' icon='ue808' font='entypo-fontello' av-desktop-hide='aviaTBav-desktop-hide' av-medium-hide='aviaTBav-medium-hide' av_uid='av-juc9h79v' custom_class='' admin_preview_bg='']\n\n[av_section min_height='' min_height_px='500px' padding='small' shadow='no-border-styling' bottom_border='no-border-styling' bottom_border_diagonal_color='#333333' bottom_border_diagonal_direction='' bottom_border_style='' custom_margin='0px' custom_margin_sync='true' custom_arrow_bg='' id='' color='main_color' background='bg_color' custom_bg='#f2f2f2' background_gradient_color1='' background_gradient_color2='' background_gradient_direction='vertical' src='' attachment='' attachment_size='' attach='scroll' position='top left' repeat='no-repeat' video='' video_ratio='16:9' overlay_opacity='0.5' overlay_color='' overlay_pattern='' overlay_custom_pattern='' av_element_hidden_in_editor='0' av_uid='av-jpl2rihg' custom_class='']\n\n[av_heading heading='BEDNAR entra a los mercados de Espa\u00f1a y Portugal' tag='h1' style='blockquote modern-quote' subheading_active='' show_icon='' icon='ue800' font='' size='24' av-medium-font-size-title='' av-small-font-size-title='' av-mini-font-size-title='' subheading_size='15' av-medium-font-size='' av-small-font-size='' av-mini-font-size='' icon_size='' av-medium-font-size-1='' av-small-font-size-1='' av-mini-font-size-1='' color='' custom_font='' icon_color='' margin='' margin_sync='true' padding='10' icon_padding='10' link='manually,http:\/\/' link_target='' id='' custom_class='' av_uid='av-klau54su' admin_preview_bg=''][\/av_heading]\n\n[\/av_section][av_textblock size='' av-medium-font-size='' av-small-font-size='' av-mini-font-size='' font_color='' color='' id='' custom_class='awesome-textblock' av_uid='av-7st7' admin_preview_bg='']\n<h2>El fabricante checo de maquinaria agr\u00edcola BEDNAR entr\u00f3 en la Pen\u00ednsula Ib\u00e9rica a principios de este a\u00f1o. El mercado local es exigente y espec\u00edfico. Es por eso que BEDNAR se prepar\u00f3 cuidadosamente el pasado a\u00f1o 2020. A partir del 2021, los agricultores de Espa\u00f1a y Portugal podr\u00e1n utilizar las innovadoras maquinaria agr\u00edcola de BEDNAR para la labranza, la fertilizaci\u00f3n, la siembra y el segado.<\/h2>\n[\/av_textblock]\n\n[av_hr class='invisible' height='15' shadow='no-shadow' position='center' custom_border='av-border-thin' custom_width='50px' custom_border_color='' custom_margin_top='30px' custom_margin_bottom='30px' icon_select='yes' custom_icon_color='' icon='ue808' font='entypo-fontello' av_uid='av-jnppiwll' custom_class='' admin_preview_bg='']\n\n[av_one_full first min_height='' vertical_alignment='av-align-top' space='' margin='0px' margin_sync='true' row_boxshadow_color='' row_boxshadow_width='10' link='' linktarget='' link_hover='' padding='0px' padding_sync='true' highlight_size='1.1' border='' border_color='' radius='0px' radius_sync='true' column_boxshadow_color='' column_boxshadow_width='10' background='bg_color' background_color='' background_gradient_color1='' background_gradient_color2='' background_gradient_direction='vertical' src='' attachment='' attachment_size='' background_position='top left' background_repeat='no-repeat' animation='' mobile_breaking='' mobile_display='' av_uid='av-3zej' custom_class='one-half-small-gap']\n[av_image src='http:\/\/news.bednar.com\/wp-content\/uploads\/2021\/02\/BEDNAR_vstup_Spanelsko_Portugalsko.jpg' attachment='318280' attachment_size='full' align='center' styling='' hover='' link='lightbox' target='' caption='' font_size='' appearance='' overlay_opacity='0.4' overlay_color='#000000' overlay_text_color='#ffffff' copyright='' animation='no-animation' custom_class='' av_uid='av-jiadkrth' admin_preview_bg=''][\/av_image]\n\n[av_hr class='invisible' height='-20' shadow='no-shadow' position='center' custom_border='av-border-thin' custom_width='50px' custom_border_color='' custom_margin_top='30px' custom_margin_bottom='30px' icon_select='yes' custom_icon_color='' icon='ue808' font='entypo-fontello' av_uid='av-jnpphuxr' custom_class='' admin_preview_bg='']\n[\/av_one_full]\n\n[av_hr class='invisible' height='15' shadow='no-shadow' position='center' custom_border='av-border-thin' custom_width='50px' custom_border_color='' custom_margin_top='30px' custom_margin_bottom='30px' icon_select='yes' custom_icon_color='' icon='ue808' font='entypo-fontello' av_uid='av-jnppiwll' custom_class='' admin_preview_bg='']\n\n[av_heading heading='\u00a1Los agricultores espa\u00f1oles y portugueses saben exactamente lo que necesitan!' tag='h2' style='blockquote modern-quote' subheading_active='' show_icon='' icon='ue800' font='' size='' av-medium-font-size-title='' av-small-font-size-title='' av-mini-font-size-title='' subheading_size='15' av-medium-font-size='' av-small-font-size='' av-mini-font-size='' icon_size='' av-medium-font-size-1='' av-small-font-size-1='' av-mini-font-size-1='' color='' custom_font='' icon_color='' margin='' margin_sync='true' padding='10' icon_padding='10' link='manually,http:\/\/' link_target='' id='' custom_class='' av_uid='av-klauaara' admin_preview_bg=''][\/av_heading]\n\n[av_textblock size='' av-medium-font-size='' av-small-font-size='' av-mini-font-size='' font_color='' color='' id='' custom_class='' av_uid='av-jiadqhq3' admin_preview_bg='']\nJan Bedn\u00e1\u0159, <em>El Director Comercial de BEDNAR habla de la entrada en nuevos mercados: \u201cNuestra estrategia de negocio para Espa\u00f1a y Portugal ser\u00e1 similar a nuestra entrada en el mercado italiano hace tres a\u00f1os. Sin embargo, el mercado italiano ha experimentado transformaciones en los \u00faltimos a\u00f1os. Los grandes agricultores y empresas de servicio agr\u00edcola quieren m\u00e1quinas de alta calidad para la labranza, la fertilizaci\u00f3n y la siembra, que tambi\u00e9n les garanticen un alto rendimiento diario. Est\u00e1n felices de pagar m\u00e1s por estas m\u00e1quinas de calidad. Hoy, podemos clasificar el mercado italiano como uno de los de m\u00e1s r\u00e1pido crecimiento.<\/em>\n[\/av_textblock]\n\n[av_one_half first min_height='' vertical_alignment='av-align-top' space='' margin='0px' margin_sync='true' row_boxshadow_color='' row_boxshadow_width='10' link='' linktarget='' link_hover='' padding='0px' padding_sync='true' highlight_size='1.1' border='' border_color='' radius='0px' radius_sync='true' column_boxshadow_color='' column_boxshadow_width='10' background='bg_color' background_color='' background_gradient_color1='' background_gradient_color2='' background_gradient_direction='vertical' src='' attachment='' attachment_size='' background_position='top left' background_repeat='no-repeat' animation='' mobile_breaking='' mobile_display='' av_uid='av-3zej' custom_class='one-half-small-gap']\n[av_image src='http:\/\/news.bednar.com\/wp-content\/uploads\/2021\/02\/ATLAS_AO_PROFI_R203299_web.jpg' attachment='318230' attachment_size='full' align='center' styling='' hover='' link='lightbox' target='' caption='' font_size='' appearance='' overlay_opacity='0.4' overlay_color='#000000' overlay_text_color='#ffffff' copyright='' animation='no-animation' custom_class='' av_uid='av-jiadkrth' admin_preview_bg=''][\/av_image]\n[\/av_one_half]\n\n[av_one_half min_height='' vertical_alignment='av-align-top' space='' margin='0px' margin_sync='true' row_boxshadow_color='' row_boxshadow_width='10' link='' linktarget='' link_hover='' padding='0px' padding_sync='true' highlight_size='1.1' border='' border_color='' radius='0px' radius_sync='true' column_boxshadow_color='' column_boxshadow_width='10' background='bg_color' background_color='' background_gradient_color1='' background_gradient_color2='' background_gradient_direction='vertical' src='' attachment='' attachment_size='' background_position='top left' background_repeat='no-repeat' animation='' mobile_breaking='' mobile_display='' av_uid='av-3zej' custom_class='one-half-small-gap']\n[av_image src='http:\/\/news.bednar.com\/wp-content\/uploads\/2021\/02\/OO-6000-FL_2020-Pucery_DJI_0245_200pct-nastavene-nebe_report_spanelsky_trh.jpg' attachment='318246' attachment_size='full' align='center' styling='' hover='' link='lightbox' target='' caption='' font_size='' appearance='' overlay_opacity='0.4' overlay_color='#000000' overlay_text_color='#ffffff' copyright='' animation='no-animation' custom_class='' av_uid='av-jiadkrth' admin_preview_bg=''][\/av_image]\n[\/av_one_half]\n\n[av_hr class='invisible' height='15' shadow='no-shadow' position='center' custom_border='av-border-thin' custom_width='50px' custom_border_color='' custom_margin_top='30px' custom_margin_bottom='30px' icon_select='yes' custom_icon_color='' icon='ue808' font='entypo-fontello' av_uid='av-jnppiwll' custom_class='' admin_preview_bg='']\n\n[av_textblock size='' av-medium-font-size='' av-small-font-size='' av-mini-font-size='' font_color='' color='' id='' custom_class='' av_uid='av-jiadqhq3' admin_preview_bg='']\n<em>Despu\u00e9s de recorrer Espa\u00f1a y Portugal y de muchas visitas a grandes agricultores y empresas de servicio agr\u00edcola, vi una gran profesionalidad. Los agricultores locales saben exactamente lo que necesitan. Buscan m\u00e1quinas modernas que realicen un trabajo preciso y al mismo tiempo tengan un alto rendimiento diario. Nuestra empresa BEDNAR fabrica exactamente este tipo de m\u00e1quinas y a partir de este a\u00f1o estar\u00e1n disponibles en Espa\u00f1a y Portugal \", a\u00f1ade Jan Bedn\u00e1\u0159<\/em>.\n[\/av_textblock]\n\n[av_heading heading='BEDNAR ampl\u00eda su red comercial en la Pen\u00ednsula Ib\u00e9rica' tag='h2' style='blockquote modern-quote' subheading_active='' show_icon='' icon='ue800' font='' size='' av-medium-font-size-title='' av-small-font-size-title='' av-mini-font-size-title='' subheading_size='15' av-medium-font-size='' av-small-font-size='' av-mini-font-size='' icon_size='' av-medium-font-size-1='' av-small-font-size-1='' av-mini-font-size-1='' color='' custom_font='' icon_color='' margin='' margin_sync='true' padding='10' icon_padding='10' link='manually,http:\/\/' link_target='' id='' custom_class='' av_uid='av-klaubyi8' admin_preview_bg=''][\/av_heading]\n\n[av_textblock size='' av-medium-font-size='' av-small-font-size='' av-mini-font-size='' font_color='' color='' id='' custom_class='' av_uid='av-jiadqhq3' admin_preview_bg='']\nBEDNAR sigue buscando distribuidores adecuados que tengan una buena reputaci\u00f3n en las regiones y sean buenos socios para los agricultores. La selecci\u00f3n de distribuidores id\u00f3neos y el apoyo t\u00e9cnico a los agricultores est\u00e1 garantizado por Erasmo Gonzalez (Gerente Territorial de BEDNAR).\n[\/av_textblock]\n\n[av_one_half first min_height='' vertical_alignment='av-align-top' space='' margin='0px' margin_sync='true' row_boxshadow_color='' row_boxshadow_width='10' link='' linktarget='' link_hover='' padding='0px' padding_sync='true' highlight_size='1.1' border='' border_color='' radius='0px' radius_sync='true' column_boxshadow_color='' column_boxshadow_width='10' background='bg_color' background_color='' background_gradient_color1='' background_gradient_color2='' background_gradient_direction='vertical' src='' attachment='' attachment_size='' background_position='top left' background_repeat='no-repeat' animation='' mobile_breaking='' mobile_display='' av_uid='av-3zej' custom_class='one-half-small-gap']\n[av_image src='http:\/\/news.bednar.com\/wp-content\/uploads\/2021\/02\/19L5787_spain.jpg' attachment='318198' attachment_size='full' align='center' styling='' hover='' link='lightbox' target='' caption='' font_size='' appearance='' overlay_opacity='0.4' overlay_color='#000000' overlay_text_color='#ffffff' copyright='' animation='no-animation' custom_class='' av_uid='av-jiadkrth' admin_preview_bg=''][\/av_image]\n[\/av_one_half]\n\n[av_one_half min_height='' vertical_alignment='av-align-top' space='' margin='0px' margin_sync='true' row_boxshadow_color='' row_boxshadow_width='10' link='' linktarget='' link_hover='' padding='0px' padding_sync='true' highlight_size='1.1' border='' border_color='' radius='0px' radius_sync='true' column_boxshadow_color='' column_boxshadow_width='10' background='bg_color' background_color='' background_gradient_color1='' background_gradient_color2='' background_gradient_direction='vertical' src='' attachment='' attachment_size='' background_position='top left' background_repeat='no-repeat' animation='' mobile_breaking='' mobile_display='' av_uid='av-3zej' custom_class='one-half-small-gap']\n[av_image src='http:\/\/news.bednar.com\/wp-content\/uploads\/2021\/02\/Striegel-PRO_PN9000_MG_5419_spain_small.jpg' attachment='318262' attachment_size='full' align='center' styling='' hover='' link='lightbox' target='' caption='' font_size='' appearance='' overlay_opacity='0.4' overlay_color='#000000' overlay_text_color='#ffffff' copyright='' animation='no-animation' custom_class='' av_uid='av-jiadkrth' admin_preview_bg=''][\/av_image]\n[\/av_one_half]\n\n[av_hr class='invisible' height='15' shadow='no-shadow' position='center' custom_border='av-border-thin' custom_width='50px' custom_border_color='' custom_margin_top='30px' custom_margin_bottom='30px' icon_select='yes' custom_icon_color='' icon='ue808' font='entypo-fontello' av_uid='av-jnppiwll' custom_class='' admin_preview_bg='']\n\n[av_textblock size='' av-medium-font-size='' av-small-font-size='' av-mini-font-size='' font_color='' color='' id='' custom_class='' av_uid='av-jiadqhq3' admin_preview_bg='']\n<em>\"Erasmo trabaja para BEDNAR desde hace nueve a\u00f1os. Gracias a su experiencia, excelente comunicaci\u00f3n y trabajo honesto, a Erasmo se le ofreci\u00f3 el puesto de Gerente territorial directamente en Espa\u00f1a. Estamos contentos de que Erasmo se mude de la Rep\u00fablica Checa a Espa\u00f1a y abra otro cap\u00edtulo de su vida\u201d, concluye Jan Bedn\u00e1\u0159<\/em>.\n[\/av_textblock]\n\n[av_one_full first min_height='' vertical_alignment='av-align-top' space='' margin='0px' margin_sync='true' row_boxshadow_color='' row_boxshadow_width='10' link='' linktarget='' link_hover='' padding='0px' padding_sync='true' highlight_size='1.1' border='' border_color='' radius='0px' radius_sync='true' column_boxshadow_color='' column_boxshadow_width='10' background='bg_color' background_color='' background_gradient_color1='' background_gradient_color2='' background_gradient_direction='vertical' src='' attachment='' attachment_size='' background_position='top left' background_repeat='no-repeat' animation='' mobile_breaking='' mobile_display='' av_uid='av-3zej' custom_class='one-half-small-gap']\n[av_image src='http:\/\/news.bednar.com\/wp-content\/uploads\/2021\/02\/20210211_093007_upr.jpg' attachment='318214' attachment_size='full' align='center' styling='' hover='' link='lightbox' target='' caption='' font_size='' appearance='' overlay_opacity='0.4' overlay_color='#000000' overlay_text_color='#ffffff' copyright='' animation='no-animation' custom_class='' av_uid='av-jiadkrth' admin_preview_bg=''][\/av_image]\n[\/av_one_full]\n\n[av_hr class='invisible' height='15' shadow='no-shadow' position='center' custom_border='av-border-thin' custom_width='50px' custom_border_color='' custom_margin_top='30px' custom_margin_bottom='30px' icon_select='yes' custom_icon_color='' icon='ue808' font='entypo-fontello' av_uid='av-jnppiwll' custom_class='' admin_preview_bg='']\n\n[av_textblock size='' av-medium-font-size='' av-small-font-size='' av-mini-font-size='' font_color='' color='' id='' custom_class='' av_uid='av-jiaegma5' admin_preview_bg='']\n<p style=\"text-align: right;\">Erasmo Gonzalez\nGerente territorial para Espa\u00f1a y Portugal\nTel: 0034 634 180003\n<a href=\"mailto:Erasmo.Gonzalez@bednar.com\">Erasmo.Gonzalez@bednar.com<\/a>\nBEDNAR FMT s.r.o.\n[\/av_textblock]<\/p>\n[av_textblock size='' font_color='' color='' av-desktop-hide='' av-medium-hide='' av-small-hide='' av-mini-hide='' av-medium-font-size='' av-small-font-size='' av-mini-font-size='' av_uid='av-guruvfi'][\/av_textblock]\n\n[av_heading heading='FOTO' tag='h2' style='' subheading_active='' show_icon='' icon='ue800' font='' size='' av-medium-font-size-title='' av-small-font-size-title='' av-mini-font-size-title='' subheading_size='15' av-medium-font-size='' av-small-font-size='' av-mini-font-size='' icon_size='' av-medium-font-size-1='' av-small-font-size-1='' av-mini-font-size-1='' color='' custom_font='' icon_color='' margin='' margin_sync='true' padding='10' icon_padding='10' link='' link_target='' id='' custom_class='' av_uid='av-klaufjts' admin_preview_bg=''][\/av_heading]\n\n[av_hr class='invisible' height='20' shadow='no-shadow' position='center' custom_border='av-border-thin' custom_width='50px' custom_border_color='' custom_margin_top='30px' custom_margin_bottom='30px' icon_select='yes' custom_icon_color='' icon='ue808' font='entypo-fontello' av_uid='av-jiaei1fo' custom_class='' admin_preview_bg='']\n\n[av_gallery ids='318244,318260,318212,318276,318228,318294' style='thumbnails' preview_size='portfolio' crop_big_preview_thumbnail='avia-gallery-big-crop-thumb' thumb_size='portfolio' columns='6' imagelink='lightbox' link_dest='' lightbox_text='caption' lazyload='animations_off' html_lazy_loading='disabled' alb_description='' id='' custom_class='' av_uid='av-jiboe8xw' admin_preview_bg='']\n\n[av_heading heading='NOVEDADES' tag='h2' style='' subheading_active='' show_icon='' icon='ue800' font='' size='' av-medium-font-size-title='' av-small-font-size-title='' av-mini-font-size-title='' subheading_size='15' av-medium-font-size='' av-small-font-size='' av-mini-font-size='' icon_size='' av-medium-font-size-1='' av-small-font-size-1='' av-mini-font-size-1='' color='' custom_font='' icon_color='' margin='' margin_sync='true' padding='10' icon_padding='10' link='manually,http:\/\/' link_target='' id='' custom_class='' av_uid='av-klauftjj' admin_preview_bg=''][\/av_heading]\n\n[av_textblock size='' av-medium-font-size='' av-small-font-size='' av-mini-font-size='' font_color='' color='' id='' custom_class='' av_uid='av-joua318z' admin_preview_bg='']\n[bednar_news id1=317052 id2=316662 id3=314421 ][\/bednar_news]\n[\/av_textblock]\n\n[av_button label='<span style=\"font-size: large;\">NOVEDADES<\/span>' icon_select='yes' icon='ue811' font='entypo-fontello' icon_hover='aviaTBicon_hover' link='page,277323' link_target='' size='large' position='center' label_display='' title_attr='' color_options='' color='custom' custom_bg='#feff00' custom_font='#2d2d2d' btn_color_bg='theme-color' btn_custom_bg='#444444' btn_color_bg_hover='theme-color-highlight' btn_custom_bg_hover='#444444' btn_color_font='theme-color' btn_custom_font='#ffffff' id='' custom_class='' av_uid='av-joh7foel' admin_preview_bg='']","page-type":"","pageGroup":"","post-new-website":false},"_links":{"self":[{"href":"https:\/\/www.bednar.com\/es\/wp-json\/wp\/v2\/posts\/388242","targetHints":{"allow":["GET"]}}],"collection":[{"href":"https:\/\/www.bednar.com\/es\/wp-json\/wp\/v2\/posts"}],"about":[{"href":"https:\/\/www.bednar.com\/es\/wp-json\/wp\/v2\/types\/post"}],"author":[{"embeddable":true,"href":"https:\/\/www.bednar.com\/es\/wp-json\/wp\/v2\/users\/1"}],"replies":[{"embeddable":true,"href":"https:\/\/www.bednar.com\/es\/wp-json\/wp\/v2\/comments?post=388242"}],"version-history":[{"count":1,"href":"https:\/\/www.bednar.com\/es\/wp-json\/wp\/v2\/posts\/388242\/revisions"}],"predecessor-version":[{"id":388254,"href":"https:\/\/www.bednar.com\/es\/wp-json\/wp\/v2\/posts\/388242\/revisions\/388254"}],"wp:featuredmedia":[{"embeddable":true,"href":"https:\/\/www.bednar.com\/es\/wp-json\/wp\/v2\/media\/364655"}],"wp:attachment":[{"href":"https:\/\/www.bednar.com\/es\/wp-json\/wp\/v2\/media?parent=388242"}],"wp:term":[{"taxonomy":"category","embeddable":true,"href":"https:\/\/www.bednar.com\/es\/wp-json\/wp\/v2\/categories?post=388242"},{"taxonomy":"post_tag","embeddable":true,"href":"https:\/\/www.bednar.com\/es\/wp-json\/wp\/v2\/tags?post=388242"}],"curies":[{"name":"wp","href":"https:\/\/api.w.org\/{rel}","templated":true}]}}