{"id":661818,"date":"2026-09-02T10:14:45","date_gmt":"2026-09-02T08:14:45","guid":{"rendered":"https:\/\/www.bednar.com\/de\/blog\/robert-winter-is-a-new-country-manager-for-bednar-in-the-germany-canada-southafrica\/"},"modified":"2026-09-02T10:16:17","modified_gmt":"2026-09-02T08:16:17","slug":"robert-winter-is-a-new-country-manager-for-bednar-in-the-germany-canada-southafrica","status":"publish","type":"post","link":"https:\/\/www.bednar.com\/de\/blog\/robert-winter-ist-der-neue-country-manager-von-bednar-fuer-deutschland-kanada-und-suedafrika\/","title":{"rendered":"ROBERT WINTER IST DER NEUE COUNTRY MANAGER VON BEDNAR F\u00dcR DEUTSCHLAND, KANADA UND S\u00dcDAFRIKA"},"content":{"rendered":"","protected":false},"excerpt":{"rendered":"<p>BEDNAR FMT freut sich, Robert Winter vorzustellen, der die Marke BEDNAR als Country Manager in Deutschland, Kanada und S\u00fcdafrika vertreten wird. Robert bringt umfassende Erfahrung und fundierte Kenntnisse aus der Landtechnikbranche mit zu BEDNAR.<\/p>\n","protected":false},"author":14,"featured_media":661807,"comment_status":"open","ping_status":"open","sticky":false,"template":"","format":"standard","meta":{"_acf_changed":false,"footnotes":""},"categories":[80,544,821],"tags":[],"class_list":["post-661818","post","type-post","status-publish","format-standard","has-post-thumbnail","hentry","category-unkategorisiert","category-uber-uns","category-von-uns"],"acf":{"item-bg":false,"item-bg_kop\u00edrovat":false,"item-bg-mobile":false,"item-youtube":"","item-title":"","fixed-title":"","item-desc":"","item-mach-desc":"","item-mach-config":"","item-mach-down":"","item-mach-agro":"","item-align":false,"item-code":"","google-map":"","disable-header":false,"main-content":[{"acf_fc_layout":"section-news-cols","item-cols":[{"item-title":"","item-title-h":"h3","item-photo":"https:\/\/www.bednar.com\/wp-content\/uploads\/aktuality\/2026\/all\/german_market_2026.jpg","item-content":"","item-photo-align":false,"item-content-color":false}]},{"acf_fc_layout":"section-news-title","item-title":"Wie sind Sie zur Landwirtschaft und in die Landtechnikbranche gekommen?","item-content":"<blockquote><p>\u201eIch bin auf unserem seit 1873 bestehenden Landwirtschaftsbetrieb im Osten Deutschlands aufgewachsen.\u201c<\/p><\/blockquote>\n"},{"acf_fc_layout":"section-news-title","item-title":"Welche Erfahrungen haben Sie im Agrar- und Landtechnikgesch\u00e4ft?","item-content":"<blockquote><p>\u201eNach meiner Ausbildung zum Kaufmann im Gro\u00df- und Au\u00dfenhandel begann ich meine berufliche Laufbahn in der Landtechnik. Von 2007 bis 2010 war ich im Vertrieb von Fendt-Traktoren t\u00e4tig.<\/p>\n<p>Von 2010 bis 2016 verantwortete ich das Vertriebsmanagement f\u00fcr V\u00e4derstad in Teilen Deutschlands. Im Jahr 2016 wechselte ich zur HORSCH Maschinen GmbH, wo ich bis 2025 als Gebietsverkaufsleiter t\u00e4tig war.\u201c<\/p><\/blockquote>\n"},{"acf_fc_layout":"section-news-title","item-title":"Was sind Ihre Ziele in Ihrer neuen Position bei BEDNAR?","item-content":"<blockquote><p>\u201eIn meiner Position bei BEDNAR wird es meine Aufgabe sein, ein starkes und professionelles H\u00e4ndlernetzwerk aufzubauen und ein Team zu entwickeln, das eng und partnerschaftlich mit unseren Landwirten zusammenarbeitet. Unser Anspruch ist es, schnell auf die sich ver\u00e4ndernden Rahmenbedingungen in der Landwirtschaft zu reagieren und gemeinsam mit unseren Kunden die richtigen Strategien zu entwickeln.<\/p>\n<p>Letztendlich geht es darum, gemeinsam L\u00f6sungen zu schaffen, die einen messbaren und nachhaltigen Mehrwert f\u00fcr unsere Landwirte bieten \u2013 und damit einen positiven Einfluss auf ihre Betriebe und ihre Felder zu haben.\u201c<\/p><\/blockquote>\n"},{"acf_fc_layout":"section-news-title","item-title":"Wie w\u00fcrden Sie die Landwirtschaft in Deutschland beschreiben \u2013 ihre Besonderheiten, neuen Herausforderungen usw.?","item-content":"<blockquote><p>\u201eDer deutsche Agrarmarkt ist \u00e4u\u00dferst vielf\u00e4ltig. Die Landwirte sind hoch spezialisiert, verf\u00fcgen \u00fcber umfangreiches Fachwissen und sind ausgesprochen l\u00f6sungsorientiert.<\/p>\n<p>Genau darin sehe ich gro\u00dfes Potenzial f\u00fcr BEDNAR: in der engen Verbindung zwischen Hersteller, Handel und Landwirten sowie in der Bereitschaft, gemeinsam praxisnahe L\u00f6sungen f\u00fcr die Herausforderungen der Zukunft zu entwickeln.<\/p>\n<p>Ich bin \u00fcberzeugt, dass wir nur durch einen engen und partnerschaftlichen Austausch mit unseren Landwirten langfristig erfolgreich sein k\u00f6nnen.\u201c<\/p><\/blockquote>\n"},{"acf_fc_layout":"section-news-title","item-title":"M\u00f6chten Sie mehr \u00fcber die Technologien von BEDNAR erfahren? Kontaktieren Sie Robert Winter telefonisch unter (+420) 775 881 987 oder per E-Mail unter robert.winter@bednar.com.","item-content":""},{"acf_fc_layout":"section-news-title","item-title":"","item-content":"<p style=\"text-align: right;\">It\u2019s a joy to farm with us<br \/>\n<a href=\"mailto:marketing@bednar.com\" target=\"_blank\" rel=\"noopener\">marketing@bednar.com<\/a><br \/>\nBEDNAR FMT s.r.o.<\/p>\n"}],"nav-main-cat":false,"nav-main-cat_kop\u00edrovat":false,"nav-sub-cat":false,"_aviaLayoutBuilderCleanData":"","page-type":"other","pageGroup":"","post-new-website":true},"_links":{"self":[{"href":"https:\/\/www.bednar.com\/de\/wp-json\/wp\/v2\/posts\/661818","targetHints":{"allow":["GET"]}}],"collection":[{"href":"https:\/\/www.bednar.com\/de\/wp-json\/wp\/v2\/posts"}],"about":[{"href":"https:\/\/www.bednar.com\/de\/wp-json\/wp\/v2\/types\/post"}],"author":[{"embeddable":true,"href":"https:\/\/www.bednar.com\/de\/wp-json\/wp\/v2\/users\/14"}],"replies":[{"embeddable":true,"href":"https:\/\/www.bednar.com\/de\/wp-json\/wp\/v2\/comments?post=661818"}],"version-history":[{"count":1,"href":"https:\/\/www.bednar.com\/de\/wp-json\/wp\/v2\/posts\/661818\/revisions"}],"predecessor-version":[{"id":661819,"href":"https:\/\/www.bednar.com\/de\/wp-json\/wp\/v2\/posts\/661818\/revisions\/661819"}],"wp:featuredmedia":[{"embeddable":true,"href":"https:\/\/www.bednar.com\/de\/wp-json\/wp\/v2\/media\/661807"}],"wp:attachment":[{"href":"https:\/\/www.bednar.com\/de\/wp-json\/wp\/v2\/media?parent=661818"}],"wp:term":[{"taxonomy":"category","embeddable":true,"href":"https:\/\/www.bednar.com\/de\/wp-json\/wp\/v2\/categories?post=661818"},{"taxonomy":"post_tag","embeddable":true,"href":"https:\/\/www.bednar.com\/de\/wp-json\/wp\/v2\/tags?post=661818"}],"curies":[{"name":"wp","href":"https:\/\/api.w.org\/{rel}","templated":true}]}}