{"id":616642,"date":"2025-08-19T08:43:38","date_gmt":"2025-08-19T06:43:38","guid":{"rendered":"https:\/\/www.bednar.com\/de\/blog\/bednar-se-prezentoval-na-akci-traction-bootcamp\/"},"modified":"2025-08-19T08:50:38","modified_gmt":"2025-08-19T06:50:38","slug":"bednar-se-prezentoval-na-akci-traction-bootcamp","status":"publish","type":"post","link":"https:\/\/www.bednar.com\/de\/blog\/bednar-praesentierte-sich-beim-traction-bootcamp\/","title":{"rendered":"BEDNAR pr\u00e4sentierte sich beim TRACTION BOOTCAMP"},"content":{"rendered":"","protected":false},"excerpt":{"rendered":"<p>In der vergangenen Woche fand in Deutschland das Fach-Event BOOTCAMP statt, das regelm\u00e4\u00dfig vom deutschen Verlag der Zeitschrift TRACTION organisiert wird. Der Schwerpunkt der diesj\u00e4hrigen Veranstaltung lag auf der Pr\u00e4sentation von S\u00e4maschinen mit einer Arbeitsbreite von drei Metern \u2013 von konventionellen Modellen \u00fcber No-Till-Technologien bis hin zu S\u00e4maschinenkombinationen. Das Unternehmen BEDNAR durfte dabei nat\u00fcrlich nicht fehlen.<\/p>\n","protected":false},"author":14,"featured_media":616611,"comment_status":"closed","ping_status":"closed","sticky":false,"template":"","format":"standard","meta":{"_acf_changed":false,"footnotes":""},"categories":[80,544,821],"tags":[],"class_list":["post-616642","post","type-post","status-publish","format-standard","has-post-thumbnail","hentry","category-unkategorisiert","category-uber-uns","category-von-uns"],"acf":{"item-bg":false,"item-bg_kop\u00edrovat":false,"item-bg-mobile":false,"item-youtube":"","item-title":"","fixed-title":"","item-desc":"","item-mach-desc":"","item-mach-config":"","item-mach-down":"","item-align":false,"item-code":"","google-map":"","disable-header":false,"main-content":[{"acf_fc_layout":"section-news-cols","item-cols":[{"item-title":"","item-title-h":"h3","item-photo":"https:\/\/www.bednar.com\/wp-content\/uploads\/aktuality\/2025\/all\/bednar_presented_soniq_at_traction_bootcamp-1.jpg","item-content":"<p>Vorpremiere der S\u00e4maschinenkombination SONIQ ON beim TRACTION BOOTCAMP<\/p>\n","item-photo-align":false,"item-content-color":false}]},{"acf_fc_layout":"section-news-title","item-title":"","item-content":"<p>Als einziger Aussteller stellte BEDNAR ein v\u00f6llig neues S\u00e4maschinenmodell vor, das seine offizielle Premiere auf der AGRITECHNICA 2025 feiern wird. Es handelt sich um eine S\u00e4maschinenkombination namens SONIQ ON, die aus der Kombination von drei Maschinen entstanden ist \u2013 den Kreiseleggen KATOR KN, dem angebauten Vorratsbeh\u00e4lter SEED BOX SB und einer speziell entwickelten S\u00e4schiene. Diese nutzt das bew\u00e4hrte Parallelogrammsystem mit einem Druck von 60 kg auf jedes S\u00e4scheu.<\/p>\n"},{"acf_fc_layout":"section-news-cols","item-cols":[{"item-title":"","item-title-h":"h3","item-photo":"https:\/\/www.bednar.com\/wp-content\/uploads\/aktuality\/2025\/all\/bednar_presented_soniq_at_traction_bootcamp-3.jpg","item-content":"<p>SONIQ ON \u2013 Kombination aus Kreiseleggen KATOR KN, Vorratsbeh\u00e4lter SEED BOX SB und speziell entwickelter S\u00e4schiene<\/p>\n","item-photo-align":false,"item-content-color":false},{"item-title":"","item-title-h":"h3","item-photo":"https:\/\/www.bednar.com\/wp-content\/uploads\/aktuality\/2025\/all\/bednar_presented_soniq_at_traction_bootcamp-2.jpg","item-content":"<p>Optional ist der SONIQ ON mit einem Beh\u00e4lter mit einem Fassungsverm\u00f6gen von 1.600 l (Standardversion 1.000 l) erh\u00e4ltlich.<\/p>\n","item-photo-align":false,"item-content-color":false}]},{"acf_fc_layout":"section-news-title","item-title":"S\u00c4KOMBINATION IM MITTELPUNKT","item-content":"<p>Die S\u00e4maschinenkombination SONIQ ON wurde auf der Veranstaltung mit einem CLAAS AXION 870 Traktor in der speziellen limitierten NIGHT EDITION kombiniert. Die Kombination aus der neuen Maschine von BEDNAR und dem einzigartig lackierten Traktor von CLAAS zog die Aufmerksamkeit der Besucher<\/p>\n"},{"acf_fc_layout":"section-news-cols","item-cols":[{"item-title":"","item-title-h":"h3","item-photo":"https:\/\/www.bednar.com\/wp-content\/uploads\/aktuality\/2025\/all\/bednar_presented_soniq_at_traction_bootcamp-4.jpg","item-content":"","item-photo-align":false,"item-content-color":false},{"item-title":"","item-title-h":"h3","item-photo":"https:\/\/www.bednar.com\/wp-content\/uploads\/aktuality\/2025\/all\/bednar_presented_soniq_at_traction_bootcamp-6.jpg","item-content":"","item-photo-align":false,"item-content-color":false}]},{"acf_fc_layout":"section-news-title","item-title":"","item-content":"<p>SONIQ ON wird 2026 offiziell auf den Markt kommen. Er bietet eine Reihe bew\u00e4hrter technischer L\u00f6sungen: eine hohe Anzahl von Rotoren, drei Lager pro Rotor, einen \u00dcberdruckvorratsbeh\u00e4lter, S\u00e4schare auf Parallelogramm und eine einfache Steuerung \u00fcber das ISOBUS-System. Eine Besonderheit ist der Antrieb des Gebl\u00e4ses \u00fcber das LOAD SENSING-System.<\/p>\n"},{"acf_fc_layout":"section-news-title","item-title":"","item-content":"<p style=\"text-align: center;\"><strong>Sehen Sie sich den SONIQ ON auf der AGRITECHNICA 2025 an, die vom 9. bis 15. November 2025 in Hannover stattfindet.<\/strong><\/p>\n<p style=\"text-align: center;\"><strong>Besuchen Sie uns auf dem Messestand von BEDNAR in Halle 12 \u2013 wir freuen uns auf Sie!<\/strong><\/p>\n"},{"acf_fc_layout":"section-news-title","item-title":"","item-content":"<p style=\"text-align: right;\">JOY OF FARMING<br \/>\n<a href=\"mailto:marketing@bednar.com\" target=\"_blank\" rel=\"noopener\">marketing@bednar.com<\/a><br \/>\nBEDNAR FMT s.r.o.<\/p>\n"},{"acf_fc_layout":"section-news-gallery","news-videos":false,"news-photos":[{"ID":616611,"id":616611,"title":"bednar_presented_soniq_at_traction_bootcamp (1)","filename":"bednar_presented_soniq_at_traction_bootcamp-1.jpg","filesize":153293,"url":"https:\/\/www.bednar.com\/wp-content\/uploads\/aktuality\/2025\/all\/bednar_presented_soniq_at_traction_bootcamp-1.jpg","link":"https:\/\/www.bednar.com\/de\/blog\/bednar-praesentierte-sich-beim-traction-bootcamp\/bednar_presented_soniq_at_traction_bootcamp-1-2\/","alt":"","author":"14","description":"","caption":"","name":"bednar_presented_soniq_at_traction_bootcamp-1-2","status":"inherit","uploaded_to":616642,"date":"2025-08-19 06:40:38","modified":"2025-08-19 06:40:38","menu_order":0,"mime_type":"image\/jpeg","type":"image","subtype":"jpeg","icon":"https:\/\/www.bednar.com\/wp-includes\/images\/media\/default.png","width":1030,"height":500,"sizes":{"thumbnail":"https:\/\/www.bednar.com\/wp-content\/uploads\/aktuality\/2025\/all\/bednar_presented_soniq_at_traction_bootcamp-1-280x185.jpg","thumbnail-width":280,"thumbnail-height":185,"medium":"https:\/\/www.bednar.com\/wp-content\/uploads\/aktuality\/2025\/all\/bednar_presented_soniq_at_traction_bootcamp-1-300x146.jpg","medium-width":300,"medium-height":146,"medium_large":"https:\/\/www.bednar.com\/wp-content\/uploads\/aktuality\/2025\/all\/bednar_presented_soniq_at_traction_bootcamp-1-768x373.jpg","medium_large-width":768,"medium_large-height":373,"large":"https:\/\/www.bednar.com\/wp-content\/uploads\/aktuality\/2025\/all\/bednar_presented_soniq_at_traction_bootcamp-1-1024x497.jpg","large-width":1024,"large-height":497,"1536x1536":"https:\/\/www.bednar.com\/wp-content\/uploads\/aktuality\/2025\/all\/bednar_presented_soniq_at_traction_bootcamp-1.jpg","1536x1536-width":1030,"1536x1536-height":500,"2048x2048":"https:\/\/www.bednar.com\/wp-content\/uploads\/aktuality\/2025\/all\/bednar_presented_soniq_at_traction_bootcamp-1.jpg","2048x2048-width":1030,"2048x2048-height":500,"header-thumb":"https:\/\/www.bednar.com\/wp-content\/uploads\/aktuality\/2025\/all\/bednar_presented_soniq_at_traction_bootcamp-1.jpg","header-thumb-width":1030,"header-thumb-height":500,"section-thumb":"https:\/\/www.bednar.com\/wp-content\/uploads\/aktuality\/2025\/all\/bednar_presented_soniq_at_traction_bootcamp-1-860x480.jpg","section-thumb-width":860,"section-thumb-height":480,"news-thumb":"https:\/\/www.bednar.com\/wp-content\/uploads\/aktuality\/2025\/all\/bednar_presented_soniq_at_traction_bootcamp-1-390x315.jpg","news-thumb-width":390,"news-thumb-height":315,"wpcf7-post-image":"https:\/\/www.bednar.com\/wp-content\/uploads\/aktuality\/2025\/all\/bednar_presented_soniq_at_traction_bootcamp-1-80x80.jpg","wpcf7-post-image-width":80,"wpcf7-post-image-height":80}},{"ID":616629,"id":616629,"title":"bednar_presented_soniq_at_traction_bootcamp (2)","filename":"bednar_presented_soniq_at_traction_bootcamp-2.jpg","filesize":134014,"url":"https:\/\/www.bednar.com\/wp-content\/uploads\/aktuality\/2025\/all\/bednar_presented_soniq_at_traction_bootcamp-2.jpg","link":"https:\/\/www.bednar.com\/de\/blog\/bednar-praesentierte-sich-beim-traction-bootcamp\/bednar_presented_soniq_at_traction_bootcamp-2-2\/","alt":"","author":"14","description":"","caption":"","name":"bednar_presented_soniq_at_traction_bootcamp-2-2","status":"inherit","uploaded_to":616642,"date":"2025-08-19 06:40:41","modified":"2025-08-19 06:40:41","menu_order":0,"mime_type":"image\/jpeg","type":"image","subtype":"jpeg","icon":"https:\/\/www.bednar.com\/wp-includes\/images\/media\/default.png","width":800,"height":533,"sizes":{"thumbnail":"https:\/\/www.bednar.com\/wp-content\/uploads\/aktuality\/2025\/all\/bednar_presented_soniq_at_traction_bootcamp-2-280x185.jpg","thumbnail-width":280,"thumbnail-height":185,"medium":"https:\/\/www.bednar.com\/wp-content\/uploads\/aktuality\/2025\/all\/bednar_presented_soniq_at_traction_bootcamp-2-300x200.jpg","medium-width":300,"medium-height":200,"medium_large":"https:\/\/www.bednar.com\/wp-content\/uploads\/aktuality\/2025\/all\/bednar_presented_soniq_at_traction_bootcamp-2-768x512.jpg","medium_large-width":768,"medium_large-height":512,"large":"https:\/\/www.bednar.com\/wp-content\/uploads\/aktuality\/2025\/all\/bednar_presented_soniq_at_traction_bootcamp-2.jpg","large-width":800,"large-height":533,"1536x1536":"https:\/\/www.bednar.com\/wp-content\/uploads\/aktuality\/2025\/all\/bednar_presented_soniq_at_traction_bootcamp-2.jpg","1536x1536-width":800,"1536x1536-height":533,"2048x2048":"https:\/\/www.bednar.com\/wp-content\/uploads\/aktuality\/2025\/all\/bednar_presented_soniq_at_traction_bootcamp-2.jpg","2048x2048-width":800,"2048x2048-height":533,"header-thumb":"https:\/\/www.bednar.com\/wp-content\/uploads\/aktuality\/2025\/all\/bednar_presented_soniq_at_traction_bootcamp-2.jpg","header-thumb-width":800,"header-thumb-height":533,"section-thumb":"https:\/\/www.bednar.com\/wp-content\/uploads\/aktuality\/2025\/all\/bednar_presented_soniq_at_traction_bootcamp-2-800x480.jpg","section-thumb-width":800,"section-thumb-height":480,"news-thumb":"https:\/\/www.bednar.com\/wp-content\/uploads\/aktuality\/2025\/all\/bednar_presented_soniq_at_traction_bootcamp-2-390x315.jpg","news-thumb-width":390,"news-thumb-height":315,"wpcf7-post-image":"https:\/\/www.bednar.com\/wp-content\/uploads\/aktuality\/2025\/all\/bednar_presented_soniq_at_traction_bootcamp-2-80x80.jpg","wpcf7-post-image-width":80,"wpcf7-post-image-height":80}},{"ID":616539,"id":616539,"title":"bednar_presented_soniq_at_traction_bootcamp (3)","filename":"bednar_presented_soniq_at_traction_bootcamp-3.jpg","filesize":122082,"url":"https:\/\/www.bednar.com\/wp-content\/uploads\/aktuality\/2025\/all\/bednar_presented_soniq_at_traction_bootcamp-3.jpg","link":"https:\/\/www.bednar.com\/de\/blog\/bednar-praesentierte-sich-beim-traction-bootcamp\/bednar_presented_soniq_at_traction_bootcamp-3-2\/","alt":"","author":"14","description":"","caption":"","name":"bednar_presented_soniq_at_traction_bootcamp-3-2","status":"inherit","uploaded_to":616642,"date":"2025-08-19 06:40:26","modified":"2025-08-19 06:40:26","menu_order":0,"mime_type":"image\/jpeg","type":"image","subtype":"jpeg","icon":"https:\/\/www.bednar.com\/wp-includes\/images\/media\/default.png","width":800,"height":533,"sizes":{"thumbnail":"https:\/\/www.bednar.com\/wp-content\/uploads\/aktuality\/2025\/all\/bednar_presented_soniq_at_traction_bootcamp-3-280x185.jpg","thumbnail-width":280,"thumbnail-height":185,"medium":"https:\/\/www.bednar.com\/wp-content\/uploads\/aktuality\/2025\/all\/bednar_presented_soniq_at_traction_bootcamp-3-300x200.jpg","medium-width":300,"medium-height":200,"medium_large":"https:\/\/www.bednar.com\/wp-content\/uploads\/aktuality\/2025\/all\/bednar_presented_soniq_at_traction_bootcamp-3-768x512.jpg","medium_large-width":768,"medium_large-height":512,"large":"https:\/\/www.bednar.com\/wp-content\/uploads\/aktuality\/2025\/all\/bednar_presented_soniq_at_traction_bootcamp-3.jpg","large-width":800,"large-height":533,"1536x1536":"https:\/\/www.bednar.com\/wp-content\/uploads\/aktuality\/2025\/all\/bednar_presented_soniq_at_traction_bootcamp-3.jpg","1536x1536-width":800,"1536x1536-height":533,"2048x2048":"https:\/\/www.bednar.com\/wp-content\/uploads\/aktuality\/2025\/all\/bednar_presented_soniq_at_traction_bootcamp-3.jpg","2048x2048-width":800,"2048x2048-height":533,"header-thumb":"https:\/\/www.bednar.com\/wp-content\/uploads\/aktuality\/2025\/all\/bednar_presented_soniq_at_traction_bootcamp-3.jpg","header-thumb-width":800,"header-thumb-height":533,"section-thumb":"https:\/\/www.bednar.com\/wp-content\/uploads\/aktuality\/2025\/all\/bednar_presented_soniq_at_traction_bootcamp-3-800x480.jpg","section-thumb-width":800,"section-thumb-height":480,"news-thumb":"https:\/\/www.bednar.com\/wp-content\/uploads\/aktuality\/2025\/all\/bednar_presented_soniq_at_traction_bootcamp-3-390x315.jpg","news-thumb-width":390,"news-thumb-height":315,"wpcf7-post-image":"https:\/\/www.bednar.com\/wp-content\/uploads\/aktuality\/2025\/all\/bednar_presented_soniq_at_traction_bootcamp-3-80x80.jpg","wpcf7-post-image-width":80,"wpcf7-post-image-height":80}},{"ID":616593,"id":616593,"title":"bednar_presented_soniq_at_traction_bootcamp (6)","filename":"bednar_presented_soniq_at_traction_bootcamp-6.jpg","filesize":143118,"url":"https:\/\/www.bednar.com\/wp-content\/uploads\/aktuality\/2025\/all\/bednar_presented_soniq_at_traction_bootcamp-6.jpg","link":"https:\/\/www.bednar.com\/de\/blog\/bednar-praesentierte-sich-beim-traction-bootcamp\/bednar_presented_soniq_at_traction_bootcamp-6-2\/","alt":"","author":"14","description":"","caption":"","name":"bednar_presented_soniq_at_traction_bootcamp-6-2","status":"inherit","uploaded_to":616642,"date":"2025-08-19 06:40:35","modified":"2025-08-19 06:40:35","menu_order":0,"mime_type":"image\/jpeg","type":"image","subtype":"jpeg","icon":"https:\/\/www.bednar.com\/wp-includes\/images\/media\/default.png","width":800,"height":533,"sizes":{"thumbnail":"https:\/\/www.bednar.com\/wp-content\/uploads\/aktuality\/2025\/all\/bednar_presented_soniq_at_traction_bootcamp-6-280x185.jpg","thumbnail-width":280,"thumbnail-height":185,"medium":"https:\/\/www.bednar.com\/wp-content\/uploads\/aktuality\/2025\/all\/bednar_presented_soniq_at_traction_bootcamp-6-300x200.jpg","medium-width":300,"medium-height":200,"medium_large":"https:\/\/www.bednar.com\/wp-content\/uploads\/aktuality\/2025\/all\/bednar_presented_soniq_at_traction_bootcamp-6-768x512.jpg","medium_large-width":768,"medium_large-height":512,"large":"https:\/\/www.bednar.com\/wp-content\/uploads\/aktuality\/2025\/all\/bednar_presented_soniq_at_traction_bootcamp-6.jpg","large-width":800,"large-height":533,"1536x1536":"https:\/\/www.bednar.com\/wp-content\/uploads\/aktuality\/2025\/all\/bednar_presented_soniq_at_traction_bootcamp-6.jpg","1536x1536-width":800,"1536x1536-height":533,"2048x2048":"https:\/\/www.bednar.com\/wp-content\/uploads\/aktuality\/2025\/all\/bednar_presented_soniq_at_traction_bootcamp-6.jpg","2048x2048-width":800,"2048x2048-height":533,"header-thumb":"https:\/\/www.bednar.com\/wp-content\/uploads\/aktuality\/2025\/all\/bednar_presented_soniq_at_traction_bootcamp-6.jpg","header-thumb-width":800,"header-thumb-height":533,"section-thumb":"https:\/\/www.bednar.com\/wp-content\/uploads\/aktuality\/2025\/all\/bednar_presented_soniq_at_traction_bootcamp-6-800x480.jpg","section-thumb-width":800,"section-thumb-height":480,"news-thumb":"https:\/\/www.bednar.com\/wp-content\/uploads\/aktuality\/2025\/all\/bednar_presented_soniq_at_traction_bootcamp-6-390x315.jpg","news-thumb-width":390,"news-thumb-height":315,"wpcf7-post-image":"https:\/\/www.bednar.com\/wp-content\/uploads\/aktuality\/2025\/all\/bednar_presented_soniq_at_traction_bootcamp-6-80x80.jpg","wpcf7-post-image-width":80,"wpcf7-post-image-height":80}},{"ID":616575,"id":616575,"title":"bednar_presented_soniq_at_traction_bootcamp (5)","filename":"bednar_presented_soniq_at_traction_bootcamp-5.jpg","filesize":149199,"url":"https:\/\/www.bednar.com\/wp-content\/uploads\/aktuality\/2025\/all\/bednar_presented_soniq_at_traction_bootcamp-5.jpg","link":"https:\/\/www.bednar.com\/de\/blog\/bednar-praesentierte-sich-beim-traction-bootcamp\/bednar_presented_soniq_at_traction_bootcamp-5-2\/","alt":"","author":"14","description":"","caption":"","name":"bednar_presented_soniq_at_traction_bootcamp-5-2","status":"inherit","uploaded_to":616642,"date":"2025-08-19 06:40:32","modified":"2025-08-19 06:40:32","menu_order":0,"mime_type":"image\/jpeg","type":"image","subtype":"jpeg","icon":"https:\/\/www.bednar.com\/wp-includes\/images\/media\/default.png","width":800,"height":533,"sizes":{"thumbnail":"https:\/\/www.bednar.com\/wp-content\/uploads\/aktuality\/2025\/all\/bednar_presented_soniq_at_traction_bootcamp-5-280x185.jpg","thumbnail-width":280,"thumbnail-height":185,"medium":"https:\/\/www.bednar.com\/wp-content\/uploads\/aktuality\/2025\/all\/bednar_presented_soniq_at_traction_bootcamp-5-300x200.jpg","medium-width":300,"medium-height":200,"medium_large":"https:\/\/www.bednar.com\/wp-content\/uploads\/aktuality\/2025\/all\/bednar_presented_soniq_at_traction_bootcamp-5-768x512.jpg","medium_large-width":768,"medium_large-height":512,"large":"https:\/\/www.bednar.com\/wp-content\/uploads\/aktuality\/2025\/all\/bednar_presented_soniq_at_traction_bootcamp-5.jpg","large-width":800,"large-height":533,"1536x1536":"https:\/\/www.bednar.com\/wp-content\/uploads\/aktuality\/2025\/all\/bednar_presented_soniq_at_traction_bootcamp-5.jpg","1536x1536-width":800,"1536x1536-height":533,"2048x2048":"https:\/\/www.bednar.com\/wp-content\/uploads\/aktuality\/2025\/all\/bednar_presented_soniq_at_traction_bootcamp-5.jpg","2048x2048-width":800,"2048x2048-height":533,"header-thumb":"https:\/\/www.bednar.com\/wp-content\/uploads\/aktuality\/2025\/all\/bednar_presented_soniq_at_traction_bootcamp-5.jpg","header-thumb-width":800,"header-thumb-height":533,"section-thumb":"https:\/\/www.bednar.com\/wp-content\/uploads\/aktuality\/2025\/all\/bednar_presented_soniq_at_traction_bootcamp-5-800x480.jpg","section-thumb-width":800,"section-thumb-height":480,"news-thumb":"https:\/\/www.bednar.com\/wp-content\/uploads\/aktuality\/2025\/all\/bednar_presented_soniq_at_traction_bootcamp-5-390x315.jpg","news-thumb-width":390,"news-thumb-height":315,"wpcf7-post-image":"https:\/\/www.bednar.com\/wp-content\/uploads\/aktuality\/2025\/all\/bednar_presented_soniq_at_traction_bootcamp-5-80x80.jpg","wpcf7-post-image-width":80,"wpcf7-post-image-height":80}},{"ID":616557,"id":616557,"title":"bednar_presented_soniq_at_traction_bootcamp (4)","filename":"bednar_presented_soniq_at_traction_bootcamp-4.jpg","filesize":90660,"url":"https:\/\/www.bednar.com\/wp-content\/uploads\/aktuality\/2025\/all\/bednar_presented_soniq_at_traction_bootcamp-4.jpg","link":"https:\/\/www.bednar.com\/de\/blog\/bednar-praesentierte-sich-beim-traction-bootcamp\/bednar_presented_soniq_at_traction_bootcamp-4-2\/","alt":"","author":"14","description":"","caption":"","name":"bednar_presented_soniq_at_traction_bootcamp-4-2","status":"inherit","uploaded_to":616642,"date":"2025-08-19 06:40:29","modified":"2025-08-19 06:42:55","menu_order":0,"mime_type":"image\/jpeg","type":"image","subtype":"jpeg","icon":"https:\/\/www.bednar.com\/wp-includes\/images\/media\/default.png","width":800,"height":533,"sizes":{"thumbnail":"https:\/\/www.bednar.com\/wp-content\/uploads\/aktuality\/2025\/all\/bednar_presented_soniq_at_traction_bootcamp-4-280x185.jpg","thumbnail-width":280,"thumbnail-height":185,"medium":"https:\/\/www.bednar.com\/wp-content\/uploads\/aktuality\/2025\/all\/bednar_presented_soniq_at_traction_bootcamp-4-300x200.jpg","medium-width":300,"medium-height":200,"medium_large":"https:\/\/www.bednar.com\/wp-content\/uploads\/aktuality\/2025\/all\/bednar_presented_soniq_at_traction_bootcamp-4-768x512.jpg","medium_large-width":768,"medium_large-height":512,"large":"https:\/\/www.bednar.com\/wp-content\/uploads\/aktuality\/2025\/all\/bednar_presented_soniq_at_traction_bootcamp-4.jpg","large-width":800,"large-height":533,"1536x1536":"https:\/\/www.bednar.com\/wp-content\/uploads\/aktuality\/2025\/all\/bednar_presented_soniq_at_traction_bootcamp-4.jpg","1536x1536-width":800,"1536x1536-height":533,"2048x2048":"https:\/\/www.bednar.com\/wp-content\/uploads\/aktuality\/2025\/all\/bednar_presented_soniq_at_traction_bootcamp-4.jpg","2048x2048-width":800,"2048x2048-height":533,"header-thumb":"https:\/\/www.bednar.com\/wp-content\/uploads\/aktuality\/2025\/all\/bednar_presented_soniq_at_traction_bootcamp-4.jpg","header-thumb-width":800,"header-thumb-height":533,"section-thumb":"https:\/\/www.bednar.com\/wp-content\/uploads\/aktuality\/2025\/all\/bednar_presented_soniq_at_traction_bootcamp-4-800x480.jpg","section-thumb-width":800,"section-thumb-height":480,"news-thumb":"https:\/\/www.bednar.com\/wp-content\/uploads\/aktuality\/2025\/all\/bednar_presented_soniq_at_traction_bootcamp-4-390x315.jpg","news-thumb-width":390,"news-thumb-height":315,"wpcf7-post-image":"https:\/\/www.bednar.com\/wp-content\/uploads\/aktuality\/2025\/all\/bednar_presented_soniq_at_traction_bootcamp-4-80x80.jpg","wpcf7-post-image-width":80,"wpcf7-post-image-height":80}}]}],"nav-main-cat":false,"nav-sub-cat":false,"_aviaLayoutBuilderCleanData":"","page-type":"other","pageGroup":"","post-new-website":true},"_links":{"self":[{"href":"https:\/\/www.bednar.com\/de\/wp-json\/wp\/v2\/posts\/616642","targetHints":{"allow":["GET"]}}],"collection":[{"href":"https:\/\/www.bednar.com\/de\/wp-json\/wp\/v2\/posts"}],"about":[{"href":"https:\/\/www.bednar.com\/de\/wp-json\/wp\/v2\/types\/post"}],"author":[{"embeddable":true,"href":"https:\/\/www.bednar.com\/de\/wp-json\/wp\/v2\/users\/14"}],"replies":[{"embeddable":true,"href":"https:\/\/www.bednar.com\/de\/wp-json\/wp\/v2\/comments?post=616642"}],"version-history":[{"count":1,"href":"https:\/\/www.bednar.com\/de\/wp-json\/wp\/v2\/posts\/616642\/revisions"}],"predecessor-version":[{"id":616644,"href":"https:\/\/www.bednar.com\/de\/wp-json\/wp\/v2\/posts\/616642\/revisions\/616644"}],"wp:featuredmedia":[{"embeddable":true,"href":"https:\/\/www.bednar.com\/de\/wp-json\/wp\/v2\/media\/616611"}],"wp:attachment":[{"href":"https:\/\/www.bednar.com\/de\/wp-json\/wp\/v2\/media?parent=616642"}],"wp:term":[{"taxonomy":"category","embeddable":true,"href":"https:\/\/www.bednar.com\/de\/wp-json\/wp\/v2\/categories?post=616642"},{"taxonomy":"post_tag","embeddable":true,"href":"https:\/\/www.bednar.com\/de\/wp-json\/wp\/v2\/tags?post=616642"}],"curies":[{"name":"wp","href":"https:\/\/api.w.org\/{rel}","templated":true}]}}