{"id":443725,"date":"2022-01-20T13:11:38","date_gmt":"2022-01-20T12:11:38","guid":{"rendered":"https:\/\/www.bednar.com\/blog\/bednar-fmt-uzavira-rok-2021-s-obratem-pres-25-miliard-do-roku-2022-vstupuje-s-odhodlanim-a-radou-vyzev"},"modified":"2022-01-21T09:21:14","modified_gmt":"2022-01-21T08:21:14","slug":"bednar-fmt-uzavira-rok-2021-s-obratem-pres-25-miliard-do-roku-2022-vstupuje-s-odhodlanim-a-radou-vyzev","status":"publish","type":"post","link":"https:\/\/www.bednar.com\/de\/blog\/bednar-fmt-schliest-das-jahr-2021-mit-einem-umsatz-von-uber-milliarden-ab-und-geht-mit-entschlossenheit-und-einer-reihe-von-herausforderungen-in-das-jahr-2022\/","title":{"rendered":"BEDNAR FMT schlie\u00dft das Jahr 2021 mit einem Umsatz von \u00fcber 2,5 Milliarden ab und geht mit Entschlossenheit und einer Reihe von Herausforderungen in das Jahr 2022"},"content":{"rendered":"","protected":false},"excerpt":{"rendered":"<p>In diesem Jahr wird BEDNAR FMT sein 25-j\u00e4hriges Bestehen feiern. Unser Unternehmen, das zun\u00e4chst nur eine Handelsgesellschaft war und unter dem Namen Strom Export s.r.o. gegr\u00fcndet wurde, kaufte im Jahr 2006 seine erste Produktionshalle in Rychnov nad Kn\u011b\u017enou. Im gleichen Jahr erzielte es einen Umsatz von 120 Millionen CZK. Es besch\u00e4ftigte etwa 20 st\u00e4ndige Mitarbeiter. Bis 2006 war das Unternehmen nur ein \u201eVermittler\u201c zwischen dem Hersteller und dem Landwirt ohne eigene Produktionsanlagen, aber mit einer klaren Vision von moderner Landwirtschaft.<\/p>\n","protected":false},"author":2,"featured_media":443681,"comment_status":"open","ping_status":"open","sticky":false,"template":"","format":"standard","meta":{"_acf_changed":false,"footnotes":""},"categories":[80,360,821,847],"tags":[],"class_list":["post-443725","post","type-post","status-publish","format-standard","has-post-thumbnail","hentry","category-unkategorisiert","category-pressemeldungen","category-von-uns","category-interessante-fakten"],"acf":{"item-bg":false,"item-bg_kop\u00edrovat":false,"item-bg-mobile":false,"item-youtube":"","item-title":"","fixed-title":"","item-desc":"","item-mach-desc":"","item-mach-config":"","item-mach-down":"","item-align":false,"item-code":"","google-map":"","disable-header":false,"main-content":[{"acf_fc_layout":"section-news-cols","item-cols":[{"item-title":"","item-title-h":"h3","item-photo":"https:\/\/www.bednar.com\/wp-content\/uploads\/aktuality\/2021\/cz\/bednar-fmt-baige-2021-uosius-su-daugiau-nei-25-milijardo-apyvarta-zengia-i-2022-uosius-ryztingai-pasitikdama-kelis-issukius.jpg","item-content":"","item-photo-align":false,"item-content-color":true}]},{"acf_fc_layout":"section-news-title","item-title":"Die Produktion ist ein lebendiger Mechanismus. Was wurde erreicht, und welchen Schwierigkeiten stand das Produktionswerk gegen\u00fcber?","item-content":""},{"acf_fc_layout":"section-news-cols","item-cols":[{"item-title":"","item-title-h":"h3","item-photo":"https:\/\/www.bednar.com\/wp-content\/uploads\/aktuality\/2021\/cz\/areal-vyrob-zavodu-rnk_vi-2020_dji_0976.jpg","item-content":"","item-photo-align":true,"item-content-color":true},{"item-title":"","item-title-h":"h3","item-photo":false,"item-content":"<p><em>Das Wachstum des Unternehmens und insbesondere das st\u00e4ndig steigende Produktionsvolumen erfordern neue Verfahren in der Betriebslenkung. Im Jahr 2021 f\u00fchrten wir ein Informations- und Kontrollsystem im Produktionswerk ein. Dadurch konnten Produktivit\u00e4t und Arbeitseffizienz erheblich gesteigert werden. Die gro\u00dfe Anzahl von Mitarbeitern und Arbeitspl\u00e4tzen kann nicht mehr anders als \u00fcber ein System verwaltet werden. Die Unternehmensleitung und leitende Mitarbeiter erhalten t\u00e4glich Berichte \u00fcber die Leistung der einzelnen Arbeitspl\u00e4tze. So k\u00f6nnen wir beispielsweise Probleme effektiver l\u00f6sen, die im Produktionsprozess auftreten k\u00f6nnen, und die Produktion selbst besser planen. Der Aufbau eines hochwertigen Informationssystems wird weiterhin unsere Priorit\u00e4t sein.<\/em><\/p>\n<p><em>.<\/em><\/p>\n","item-photo-align":true,"item-content-color":true}]},{"acf_fc_layout":"section-news-title","item-title":"","item-content":"<p><em>Die Einf\u00fchrung des halbautomatischen Lagers und die Erweiterung um ein weiteres automatisches Vertikallager waren ebenfalls wichtige Schritte zur Steigerung der Arbeitseffizienz und zur Beschleunigung der einzelnen Produktionsschritte. Zwei Drittel der Artikel unseres gesamten Lagervolumens (ohne Rahmenkonstruktionen) werden mit halbautomatischer oder automatischer Technik gelagert. Die wachsende Nachfrage nach OMEGA-Drillmaschinen und jetzt auch nach den Drillmaschinen EFECTA CE mit breitem Arbeitsbereich veranlasste uns, eine gro\u00dfe Montagelinie umzubauen. So ist es uns gelungen, die Anzahl der Arbeitspl\u00e4tze f\u00fcr die Montage dieser Maschinen zu erh\u00f6hen, um der Kundennachfrage gerecht zu werden.<\/em><\/p>\n"},{"acf_fc_layout":"section-news-cols","item-cols":[{"item-title":"","item-title-h":"h3","item-photo":"https:\/\/www.bednar.com\/wp-content\/uploads\/aktuality\/2021\/cz\/vojtech-bednar_2020_19l6111.jpg","item-content":"","item-photo-align":false,"item-content-color":true},{"item-title":"","item-title-h":"h3","item-photo":false,"item-content":"<p><em>Wir freuen uns, dass BEDNAR FMT als stabiler Arbeitgeber mit Perspektive in der Region bekannt ist. Dies spiegelt sich in der Tatsache wider, dass wir im Laufe des Jahres nach und nach gen\u00fcgend Personal f\u00fcr die Produktionswerke auf allen Ebenen &#8211; von Arbeiterberufen bis hin zu F\u00fchrungspositionen \u2013 anwerben und einstellen konnten. Ende 2021 haben wir den Bau einer neuen G\u00fcterabfertigung abgeschlossen, in der die Abteilung Maschinenversand ein Zuhause gefunden hat. Die neue G\u00fcterabfertigung stellt nicht nur eine repr\u00e4sentative Einfahrt dar. In diesem Geb\u00e4ude haben wir auch an die Kraftfahrer gedacht, f\u00fcr die wir Umkleider\u00e4ume, Duschen und einen Aufenthaltsraum eingerichtet haben.<\/em><\/p>\n","item-photo-align":false,"item-content-color":true}]},{"acf_fc_layout":"section-news-title","item-title":"","item-content":"<p><em>Wie die meisten Industriebetriebe stand auch unser Unternehmen vor einer Reihe von Problemen. Dabei handelte es sich haupts\u00e4chlich um anhaltende Probleme in der Lieferkette. Der Bedarf an einigen Artikeln muss gesch\u00e4tzt und mit Lieferfristen von 10 bis 16 Monaten bestellt werden. Der Aufw\u00e4rtstrend bei den Lieferantenpreisen wirkte sich ebenfalls negativ auf das Betriebsergebnis des Unternehmens aus. Dies ist vor allem auf den Preisanstieg bei den Eingangsmaterialien und auf die Verknappung bestimmter metallurgischer Materialien zur\u00fcckzuf\u00fchren. Die Preise der Lieferanten wurden zus\u00e4tzlich durch die st\u00e4ndig steigenden Energiekosten und Lohnerh\u00f6hungen beeinflusst.<\/em><\/p>\n<p style=\"text-align: right;\">Vojt\u011bch Bedn\u00e1\u0159, Produktionsleiter<\/p>\n"},{"acf_fc_layout":"section-news-title","item-title":"Was brachte das Jahr 2021 f\u00fcr BEDNAR FMT in gesch\u00e4ftlicher Hinsicht sowie f\u00fcr den Ausbau des Vertriebsnetzes?","item-content":""},{"acf_fc_layout":"section-news-cols","item-cols":[{"item-title":"","item-title-h":"h3","item-photo":"https:\/\/www.bednar.com\/wp-content\/uploads\/aktuality\/2021\/cz\/img_8648_insta.jpg","item-content":"","item-photo-align":true,"item-content-color":false},{"item-title":"","item-title-h":"h3","item-photo":false,"item-content":"<p><em>Das Gesch\u00e4ftsjahr 2021 konnte BEDNAR FMT mit einem Rekordumsatz von \u00fcber 2,5 Milliarden CZK abschlie\u00dfen. Im Vergleich zum Jahr 2020 ist dies ein Anstieg um 17 %, und gleichzeitig stellt dies auch fast das 21-fache des Stands von vor nur 15 Jahren dar. Damit erreichen wir den Umsatz des f\u00fchrenden einheimischen Traktorenherstellers und haben die Aussicht, der gr\u00f6\u00dfte Hersteller von Landmaschinen unter eigener Marke in Tschechien zu werden. Rund 450 Mitarbeiter haben im vergangenen Jahr zum Umsatz beigetragen.<\/em><\/p>\n<p><em>\u00a0<\/em><em>In den vergangenen 5 Jahren hat sich BEDNAR FMT zu einem Unternehmen mit einem hochentwickelten Angebot an Maschinen f\u00fcr die Bodenbearbeitung, die Aussaat, die D\u00fcngung und das Mulchen entwickelt. Es vertreibt diese Maschinen \u00fcber ein weltweites H\u00e4ndlernetz, das von Premium-H\u00e4ndlern mit einer klaren Gesch\u00e4ftsstrategie dominiert wird, die sich aus einer umfassenden Betreuung der Endkunden ergibt. <\/em><\/p>\n","item-photo-align":true,"item-content-color":true}]},{"acf_fc_layout":"section-news-cols","item-cols":[{"item-title":"","item-title-h":"h3","item-photo":"https:\/\/www.bednar.com\/wp-content\/uploads\/aktuality\/2021\/cz\/jan-bednar_cerven-2020_19l6118_new.jpg","item-content":"","item-photo-align":false,"item-content-color":true},{"item-title":"","item-title-h":"h3","item-photo":false,"item-content":"<p><em>Die geografische Verteilung des Umsatzes von BEDNAR FMT ist wie folgt: 7% in Tschechien, 49% in der EU (au\u00dfer Tschechien), 35% in Drittl\u00e4ndern und 9% in \u00dcbersee. Langfristiges Ziel ist es, ein drittes starkes Verkaufsstandbein auf den \u00dcberseem\u00e4rkten zu schaffen, das neben der EU und den Drittl\u00e4ndern mehr als 30 % des Gesamtumsatzes ausmachen soll. Das neue Jahr 2022 ist wieder durch einen deutlichen Anstieg der Auftr\u00e4ge gekennzeichnet. Sie erreichen bereits jetzt ein Niveau, das einem Umsatz des Unternehmens von 3,2 Milliarden CZK entsprechen w\u00fcrde. <\/em><\/p>\n","item-photo-align":false,"item-content-color":true}]},{"acf_fc_layout":"section-news-video","item-id":"-4fnViEXdZU","item-in-career":false},{"acf_fc_layout":"section-news-title","item-title":"","item-content":"<p style=\"text-align: center;\"><strong>Diese Zahl ist ein klarer Beweis f\u00fcr unsere Position als Hersteller von gezogenen Landmaschinen, f\u00fcr die wachsende Beliebtheit der BEDNAR-Maschinen bei den Kunden und f\u00fcr das Interesse der Vertragsh\u00e4ndler, Maschinen von BEDNAR FMT auf den \u00f6rtlichen M\u00e4rkten zu vertreten.<\/strong><\/p>\n<p style=\"text-align: right;\">Jan Bedn\u00e1\u0159, Verkaufsdirektor<\/p>\n"},{"acf_fc_layout":"sections-buttons-list","sections-buttons-title":false,"item-title":"","buttons":[{"item-button-name":"PDF Herunterladen","item-button-url":"https:\/\/www.bednar.com\/wp-content\/uploads\/obecne-stranky\/press-kit\/tiskove-zpravy-pdf\/bednar-uzavira-rok-2021\/BEDNAR_PRESS_RELEASE_2022_01_BEDNAR_EVALUATION_OF_THE_YEAR_2021_DE.pdf","item-button-url-int":false,"item-button-icon":false,"item-button-target":true,"item-button-scroll":false}]},{"acf_fc_layout":"section-news-title","item-title":"","item-content":"<p style=\"text-align: right;\">Mit uns macht die Landwirtschaft Freude<br \/>\n<a href=\"mailto:marketing@bednar.com\" target=\"_blank\" rel=\"noopener\">marketing@bednar.com<\/a><br \/>\nBEDNAR FMT s.r.o.<\/p>\n"},{"acf_fc_layout":"section-news-gallery","news-videos":false,"news-photos":[{"ID":443759,"id":443759,"title":"BEDNAR FMT schlie\u00dft das Jahr 2021 mit einem Umsatz von \u00fcber 2,5 Milliarden ab und geht mit Entschlossenheit und einer Reihe von Herausforderungen in das Jahr 2022","filename":"bednar-fmt-schliest-das-jahr-2021-mit-einem-umsatz-von-uber-25-milliarden-ab-und-geht-mit-entschlossenheit-und-einer-reihe-von-herausforderungen-in-das-jahr-2022.jpg","filesize":134048,"url":"https:\/\/www.bednar.com\/wp-content\/uploads\/aktuality\/bednar-fmt-schliest-das-jahr-2021-mit-einem-umsatz-von-uber-25-milliarden-ab-und-geht-mit-entschlossenheit-und-einer-reihe-von-herausforderungen-in-das-jahr-2022.jpg","link":"https:\/\/www.bednar.com\/de\/blog\/bednar-fmt-schliest-das-jahr-2021-mit-einem-umsatz-von-uber-milliarden-ab-und-geht-mit-entschlossenheit-und-einer-reihe-von-herausforderungen-in-das-jahr-2022\/dsc02044_midres_new-3\/","alt":"\u0411\u0415\u0414\u041d\u0410\u0420 \u0424\u041c\u0422 \u043f\u0440\u0438\u043a\u043b\u044e\u0447\u0432\u0430 2021 \u0433. \u0441 \u041e\u0431\u043e\u0440\u043e\u0442 \u043d\u0430 2.5 \u043c\u0438\u043b\u0438\u0430\u0440\u0434\u0430, \u0412\u043b\u0438\u0437\u0430\u0439\u043a\u0438 \u0432 2022 \u0433. \u0441 \u0420\u0435\u0448\u0438\u0442\u0435\u043b\u043d\u043e\u0441\u0442 \u0438 \u041d\u044f\u043a\u043e\u043b\u043a\u043e \u041f\u0440\u0435\u0434\u0438\u0437\u0432\u0438\u043a\u0430\u0442\u0435\u043b\u0441\u0442\u0432\u0430","author":"2","description":"","caption":"","name":"dsc02044_midres_new-3","status":"inherit","uploaded_to":443725,"date":"2022-01-20 12:41:35","modified":"2022-01-20 12:53:16","menu_order":0,"mime_type":"image\/jpeg","type":"image","subtype":"jpeg","icon":"https:\/\/www.bednar.com\/wp-includes\/images\/media\/default.png","width":1030,"height":500,"sizes":{"thumbnail":"https:\/\/www.bednar.com\/wp-content\/uploads\/aktuality\/bednar-fmt-schliest-das-jahr-2021-mit-einem-umsatz-von-uber-25-milliarden-ab-und-geht-mit-entschlossenheit-und-einer-reihe-von-herausforderungen-in-das-jahr-2022-280x185.jpg","thumbnail-width":280,"thumbnail-height":185,"medium":"https:\/\/www.bednar.com\/wp-content\/uploads\/aktuality\/bednar-fmt-schliest-das-jahr-2021-mit-einem-umsatz-von-uber-25-milliarden-ab-und-geht-mit-entschlossenheit-und-einer-reihe-von-herausforderungen-in-das-jahr-2022-300x146.jpg","medium-width":300,"medium-height":146,"medium_large":"https:\/\/www.bednar.com\/wp-content\/uploads\/aktuality\/bednar-fmt-schliest-das-jahr-2021-mit-einem-umsatz-von-uber-25-milliarden-ab-und-geht-mit-entschlossenheit-und-einer-reihe-von-herausforderungen-in-das-jahr-2022-768x373.jpg","medium_large-width":768,"medium_large-height":373,"large":"https:\/\/www.bednar.com\/wp-content\/uploads\/aktuality\/bednar-fmt-schliest-das-jahr-2021-mit-einem-umsatz-von-uber-25-milliarden-ab-und-geht-mit-entschlossenheit-und-einer-reihe-von-herausforderungen-in-das-jahr-2022-1024x497.jpg","large-width":1024,"large-height":497,"1536x1536":"https:\/\/www.bednar.com\/wp-content\/uploads\/aktuality\/bednar-fmt-schliest-das-jahr-2021-mit-einem-umsatz-von-uber-25-milliarden-ab-und-geht-mit-entschlossenheit-und-einer-reihe-von-herausforderungen-in-das-jahr-2022.jpg","1536x1536-width":1030,"1536x1536-height":500,"2048x2048":"https:\/\/www.bednar.com\/wp-content\/uploads\/aktuality\/bednar-fmt-schliest-das-jahr-2021-mit-einem-umsatz-von-uber-25-milliarden-ab-und-geht-mit-entschlossenheit-und-einer-reihe-von-herausforderungen-in-das-jahr-2022.jpg","2048x2048-width":1030,"2048x2048-height":500,"header-thumb":"https:\/\/www.bednar.com\/wp-content\/uploads\/aktuality\/bednar-fmt-schliest-das-jahr-2021-mit-einem-umsatz-von-uber-25-milliarden-ab-und-geht-mit-entschlossenheit-und-einer-reihe-von-herausforderungen-in-das-jahr-2022.jpg","header-thumb-width":1030,"header-thumb-height":500,"section-thumb":"https:\/\/www.bednar.com\/wp-content\/uploads\/aktuality\/bednar-fmt-schliest-das-jahr-2021-mit-einem-umsatz-von-uber-25-milliarden-ab-und-geht-mit-entschlossenheit-und-einer-reihe-von-herausforderungen-in-das-jahr-2022-860x480.jpg","section-thumb-width":860,"section-thumb-height":480,"news-thumb":"https:\/\/www.bednar.com\/wp-content\/uploads\/aktuality\/bednar-fmt-schliest-das-jahr-2021-mit-einem-umsatz-von-uber-25-milliarden-ab-und-geht-mit-entschlossenheit-und-einer-reihe-von-herausforderungen-in-das-jahr-2022-390x315.jpg","news-thumb-width":390,"news-thumb-height":315,"wpcf7-post-image":"https:\/\/www.bednar.com\/wp-content\/uploads\/aktuality\/bednar-fmt-schliest-das-jahr-2021-mit-einem-umsatz-von-uber-25-milliarden-ab-und-geht-mit-entschlossenheit-und-einer-reihe-von-herausforderungen-in-das-jahr-2022-80x80.jpg","wpcf7-post-image-width":80,"wpcf7-post-image-height":80}},{"ID":443745,"id":443745,"title":"Areal-vyrob-zavodu-RnK_VI-2020_DJI_0976","filename":"a-bednar-fmt-2021-et-tobb-mint-25-milliardos-forgalommal-zarta-a-2022-es-evet-elszantan-es-szamos-kihivassal-kezdte-meg-a-ceg.jpg","filesize":96829,"url":"https:\/\/www.bednar.com\/wp-content\/uploads\/aktuality\/a-bednar-fmt-2021-et-tobb-mint-25-milliardos-forgalommal-zarta-a-2022-es-evet-elszantan-es-szamos-kihivassal-kezdte-meg-a-ceg.jpg","link":"https:\/\/www.bednar.com\/de\/blog\/bednar-fmt-schliest-das-jahr-2021-mit-einem-umsatz-von-uber-milliarden-ab-und-geht-mit-entschlossenheit-und-einer-reihe-von-herausforderungen-in-das-jahr-2022\/areal-vyrob-zavodu-rnk_vi-2020_dji_0976-2-3\/","alt":"\u0411\u0415\u0414\u041d\u0410\u0420 \u0424\u041c\u0422 \u043f\u0440\u0438\u043a\u043b\u044e\u0447\u0432\u0430 2021 \u0433. \u0441 \u041e\u0431\u043e\u0440\u043e\u0442 \u043d\u0430 2.5 \u043c\u0438\u043b\u0438\u0430\u0440\u0434\u0430, \u0412\u043b\u0438\u0437\u0430\u0439\u043a\u0438 \u0432 2022 \u0433. \u0441 \u0420\u0435\u0448\u0438\u0442\u0435\u043b\u043d\u043e\u0441\u0442 \u0438 \u041d\u044f\u043a\u043e\u043b\u043a\u043e \u041f\u0440\u0435\u0434\u0438\u0437\u0432\u0438\u043a\u0430\u0442\u0435\u043b\u0441\u0442\u0432\u0430","author":"2","description":"","caption":"","name":"areal-vyrob-zavodu-rnk_vi-2020_dji_0976-2-3","status":"inherit","uploaded_to":443725,"date":"2022-01-20 12:41:15","modified":"2022-01-21 08:20:08","menu_order":0,"mime_type":"image\/jpeg","type":"image","subtype":"jpeg","icon":"https:\/\/www.bednar.com\/wp-includes\/images\/media\/default.png","width":800,"height":533,"sizes":{"thumbnail":"https:\/\/www.bednar.com\/wp-content\/uploads\/aktuality\/a-bednar-fmt-2021-et-tobb-mint-25-milliardos-forgalommal-zarta-a-2022-es-evet-elszantan-es-szamos-kihivassal-kezdte-meg-a-ceg-280x185.jpg","thumbnail-width":280,"thumbnail-height":185,"medium":"https:\/\/www.bednar.com\/wp-content\/uploads\/aktuality\/a-bednar-fmt-2021-et-tobb-mint-25-milliardos-forgalommal-zarta-a-2022-es-evet-elszantan-es-szamos-kihivassal-kezdte-meg-a-ceg-300x200.jpg","medium-width":300,"medium-height":200,"medium_large":"https:\/\/www.bednar.com\/wp-content\/uploads\/aktuality\/a-bednar-fmt-2021-et-tobb-mint-25-milliardos-forgalommal-zarta-a-2022-es-evet-elszantan-es-szamos-kihivassal-kezdte-meg-a-ceg-768x512.jpg","medium_large-width":768,"medium_large-height":512,"large":"https:\/\/www.bednar.com\/wp-content\/uploads\/aktuality\/a-bednar-fmt-2021-et-tobb-mint-25-milliardos-forgalommal-zarta-a-2022-es-evet-elszantan-es-szamos-kihivassal-kezdte-meg-a-ceg.jpg","large-width":800,"large-height":533,"1536x1536":"https:\/\/www.bednar.com\/wp-content\/uploads\/aktuality\/a-bednar-fmt-2021-et-tobb-mint-25-milliardos-forgalommal-zarta-a-2022-es-evet-elszantan-es-szamos-kihivassal-kezdte-meg-a-ceg.jpg","1536x1536-width":800,"1536x1536-height":533,"2048x2048":"https:\/\/www.bednar.com\/wp-content\/uploads\/aktuality\/a-bednar-fmt-2021-et-tobb-mint-25-milliardos-forgalommal-zarta-a-2022-es-evet-elszantan-es-szamos-kihivassal-kezdte-meg-a-ceg.jpg","2048x2048-width":800,"2048x2048-height":533,"header-thumb":"https:\/\/www.bednar.com\/wp-content\/uploads\/aktuality\/a-bednar-fmt-2021-et-tobb-mint-25-milliardos-forgalommal-zarta-a-2022-es-evet-elszantan-es-szamos-kihivassal-kezdte-meg-a-ceg.jpg","header-thumb-width":800,"header-thumb-height":533,"section-thumb":"https:\/\/www.bednar.com\/wp-content\/uploads\/aktuality\/a-bednar-fmt-2021-et-tobb-mint-25-milliardos-forgalommal-zarta-a-2022-es-evet-elszantan-es-szamos-kihivassal-kezdte-meg-a-ceg-800x480.jpg","section-thumb-width":800,"section-thumb-height":480,"news-thumb":"https:\/\/www.bednar.com\/wp-content\/uploads\/aktuality\/a-bednar-fmt-2021-et-tobb-mint-25-milliardos-forgalommal-zarta-a-2022-es-evet-elszantan-es-szamos-kihivassal-kezdte-meg-a-ceg-390x315.jpg","news-thumb-width":390,"news-thumb-height":315,"wpcf7-post-image":"https:\/\/www.bednar.com\/wp-content\/uploads\/aktuality\/a-bednar-fmt-2021-et-tobb-mint-25-milliardos-forgalommal-zarta-a-2022-es-evet-elszantan-es-szamos-kihivassal-kezdte-meg-a-ceg-80x80.jpg","wpcf7-post-image-width":80,"wpcf7-post-image-height":80}},{"ID":443801,"id":443801,"title":"Vojt\u011bch-Bedn\u00e1\u0159_2020_19L6111","filename":"bednar-fmt-konczy-rok-2021-z-obrotem-przekraczajacym-25-miliarda-wkracza-do-roku-2022-z-determinacja-i-kilkoma-wyzwaniami.jpg","filesize":86744,"url":"https:\/\/www.bednar.com\/wp-content\/uploads\/aktuality\/bednar-fmt-konczy-rok-2021-z-obrotem-przekraczajacym-25-miliarda-wkracza-do-roku-2022-z-determinacja-i-kilkoma-wyzwaniami.jpg","link":"https:\/\/www.bednar.com\/de\/blog\/bednar-fmt-schliest-das-jahr-2021-mit-einem-umsatz-von-uber-milliarden-ab-und-geht-mit-entschlossenheit-und-einer-reihe-von-herausforderungen-in-das-jahr-2022\/vojtech-bednar_2020_19l6111-3\/","alt":"\u0411\u0415\u0414\u041d\u0410\u0420 \u0424\u041c\u0422 \u043f\u0440\u0438\u043a\u043b\u044e\u0447\u0432\u0430 2021 \u0433. \u0441 \u041e\u0431\u043e\u0440\u043e\u0442 \u043d\u0430 2.5 \u043c\u0438\u043b\u0438\u0430\u0440\u0434\u0430, \u0412\u043b\u0438\u0437\u0430\u0439\u043a\u0438 \u0432 2022 \u0433. \u0441 \u0420\u0435\u0448\u0438\u0442\u0435\u043b\u043d\u043e\u0441\u0442 \u0438 \u041d\u044f\u043a\u043e\u043b\u043a\u043e \u041f\u0440\u0435\u0434\u0438\u0437\u0432\u0438\u043a\u0430\u0442\u0435\u043b\u0441\u0442\u0432\u0430","author":"2","description":"","caption":"","name":"vojtech-bednar_2020_19l6111-3","status":"inherit","uploaded_to":443725,"date":"2022-01-20 12:42:29","modified":"2022-01-20 13:47:39","menu_order":0,"mime_type":"image\/jpeg","type":"image","subtype":"jpeg","icon":"https:\/\/www.bednar.com\/wp-includes\/images\/media\/default.png","width":800,"height":533,"sizes":{"thumbnail":"https:\/\/www.bednar.com\/wp-content\/uploads\/aktuality\/bednar-fmt-konczy-rok-2021-z-obrotem-przekraczajacym-25-miliarda-wkracza-do-roku-2022-z-determinacja-i-kilkoma-wyzwaniami-280x185.jpg","thumbnail-width":280,"thumbnail-height":185,"medium":"https:\/\/www.bednar.com\/wp-content\/uploads\/aktuality\/bednar-fmt-konczy-rok-2021-z-obrotem-przekraczajacym-25-miliarda-wkracza-do-roku-2022-z-determinacja-i-kilkoma-wyzwaniami-300x200.jpg","medium-width":300,"medium-height":200,"medium_large":"https:\/\/www.bednar.com\/wp-content\/uploads\/aktuality\/bednar-fmt-konczy-rok-2021-z-obrotem-przekraczajacym-25-miliarda-wkracza-do-roku-2022-z-determinacja-i-kilkoma-wyzwaniami-768x512.jpg","medium_large-width":768,"medium_large-height":512,"large":"https:\/\/www.bednar.com\/wp-content\/uploads\/aktuality\/bednar-fmt-konczy-rok-2021-z-obrotem-przekraczajacym-25-miliarda-wkracza-do-roku-2022-z-determinacja-i-kilkoma-wyzwaniami.jpg","large-width":800,"large-height":533,"1536x1536":"https:\/\/www.bednar.com\/wp-content\/uploads\/aktuality\/bednar-fmt-konczy-rok-2021-z-obrotem-przekraczajacym-25-miliarda-wkracza-do-roku-2022-z-determinacja-i-kilkoma-wyzwaniami.jpg","1536x1536-width":800,"1536x1536-height":533,"2048x2048":"https:\/\/www.bednar.com\/wp-content\/uploads\/aktuality\/bednar-fmt-konczy-rok-2021-z-obrotem-przekraczajacym-25-miliarda-wkracza-do-roku-2022-z-determinacja-i-kilkoma-wyzwaniami.jpg","2048x2048-width":800,"2048x2048-height":533,"header-thumb":"https:\/\/www.bednar.com\/wp-content\/uploads\/aktuality\/bednar-fmt-konczy-rok-2021-z-obrotem-przekraczajacym-25-miliarda-wkracza-do-roku-2022-z-determinacja-i-kilkoma-wyzwaniami.jpg","header-thumb-width":800,"header-thumb-height":533,"section-thumb":"https:\/\/www.bednar.com\/wp-content\/uploads\/aktuality\/bednar-fmt-konczy-rok-2021-z-obrotem-przekraczajacym-25-miliarda-wkracza-do-roku-2022-z-determinacja-i-kilkoma-wyzwaniami-800x480.jpg","section-thumb-width":800,"section-thumb-height":480,"news-thumb":"https:\/\/www.bednar.com\/wp-content\/uploads\/aktuality\/bednar-fmt-konczy-rok-2021-z-obrotem-przekraczajacym-25-miliarda-wkracza-do-roku-2022-z-determinacja-i-kilkoma-wyzwaniami-390x315.jpg","news-thumb-width":390,"news-thumb-height":315,"wpcf7-post-image":"https:\/\/www.bednar.com\/wp-content\/uploads\/aktuality\/bednar-fmt-konczy-rok-2021-z-obrotem-przekraczajacym-25-miliarda-wkracza-do-roku-2022-z-determinacja-i-kilkoma-wyzwaniami-80x80.jpg","wpcf7-post-image-width":80,"wpcf7-post-image-height":80}},{"ID":443787,"id":443787,"title":"Jan-Bednar_cerven-2020_19L6118_new","filename":"bednar-fmt-concludes-2021-with-turnover-over-25-billion-entering-2022-with-determination-and-several-challenges.jpg","filesize":73116,"url":"https:\/\/www.bednar.com\/wp-content\/uploads\/aktuality\/bednar-fmt-concludes-2021-with-turnover-over-25-billion-entering-2022-with-determination-and-several-challenges.jpg","link":"https:\/\/www.bednar.com\/de\/blog\/bednar-fmt-schliest-das-jahr-2021-mit-einem-umsatz-von-uber-milliarden-ab-und-geht-mit-entschlossenheit-und-einer-reihe-von-herausforderungen-in-das-jahr-2022\/jan-bednar_cerven-2020_19l6118_new-3\/","alt":"\u0411\u0415\u0414\u041d\u0410\u0420 \u0424\u041c\u0422 \u043f\u0440\u0438\u043a\u043b\u044e\u0447\u0432\u0430 2021 \u0433. \u0441 \u041e\u0431\u043e\u0440\u043e\u0442 \u043d\u0430 2.5 \u043c\u0438\u043b\u0438\u0430\u0440\u0434\u0430, \u0412\u043b\u0438\u0437\u0430\u0439\u043a\u0438 \u0432 2022 \u0433. \u0441 \u0420\u0435\u0448\u0438\u0442\u0435\u043b\u043d\u043e\u0441\u0442 \u0438 \u041d\u044f\u043a\u043e\u043b\u043a\u043e \u041f\u0440\u0435\u0434\u0438\u0437\u0432\u0438\u043a\u0430\u0442\u0435\u043b\u0441\u0442\u0432\u0430","author":"2","description":"","caption":"","name":"jan-bednar_cerven-2020_19l6118_new-3","status":"inherit","uploaded_to":443725,"date":"2022-01-20 12:42:11","modified":"2022-01-20 12:42:50","menu_order":0,"mime_type":"image\/jpeg","type":"image","subtype":"jpeg","icon":"https:\/\/www.bednar.com\/wp-includes\/images\/media\/default.png","width":800,"height":533,"sizes":{"thumbnail":"https:\/\/www.bednar.com\/wp-content\/uploads\/aktuality\/bednar-fmt-concludes-2021-with-turnover-over-25-billion-entering-2022-with-determination-and-several-challenges-280x185.jpg","thumbnail-width":280,"thumbnail-height":185,"medium":"https:\/\/www.bednar.com\/wp-content\/uploads\/aktuality\/bednar-fmt-concludes-2021-with-turnover-over-25-billion-entering-2022-with-determination-and-several-challenges-300x200.jpg","medium-width":300,"medium-height":200,"medium_large":"https:\/\/www.bednar.com\/wp-content\/uploads\/aktuality\/bednar-fmt-concludes-2021-with-turnover-over-25-billion-entering-2022-with-determination-and-several-challenges-768x512.jpg","medium_large-width":768,"medium_large-height":512,"large":"https:\/\/www.bednar.com\/wp-content\/uploads\/aktuality\/bednar-fmt-concludes-2021-with-turnover-over-25-billion-entering-2022-with-determination-and-several-challenges.jpg","large-width":800,"large-height":533,"1536x1536":"https:\/\/www.bednar.com\/wp-content\/uploads\/aktuality\/bednar-fmt-concludes-2021-with-turnover-over-25-billion-entering-2022-with-determination-and-several-challenges.jpg","1536x1536-width":800,"1536x1536-height":533,"2048x2048":"https:\/\/www.bednar.com\/wp-content\/uploads\/aktuality\/bednar-fmt-concludes-2021-with-turnover-over-25-billion-entering-2022-with-determination-and-several-challenges.jpg","2048x2048-width":800,"2048x2048-height":533,"header-thumb":"https:\/\/www.bednar.com\/wp-content\/uploads\/aktuality\/bednar-fmt-concludes-2021-with-turnover-over-25-billion-entering-2022-with-determination-and-several-challenges.jpg","header-thumb-width":800,"header-thumb-height":533,"section-thumb":"https:\/\/www.bednar.com\/wp-content\/uploads\/aktuality\/bednar-fmt-concludes-2021-with-turnover-over-25-billion-entering-2022-with-determination-and-several-challenges-800x480.jpg","section-thumb-width":800,"section-thumb-height":480,"news-thumb":"https:\/\/www.bednar.com\/wp-content\/uploads\/aktuality\/bednar-fmt-concludes-2021-with-turnover-over-25-billion-entering-2022-with-determination-and-several-challenges-390x315.jpg","news-thumb-width":390,"news-thumb-height":315,"wpcf7-post-image":"https:\/\/www.bednar.com\/wp-content\/uploads\/aktuality\/bednar-fmt-concludes-2021-with-turnover-over-25-billion-entering-2022-with-determination-and-several-challenges-80x80.jpg","wpcf7-post-image-width":80,"wpcf7-post-image-height":80}},{"ID":443773,"id":443773,"title":"BEDNAR FMT schlie\u00dft das Jahr 2021 mit einem Umsatz von \u00fcber 2,5 Milliarden ab und geht mit Entschlossenheit und einer Reihe von Herausforderungen in das Jahr 2022","filename":"bednar-fmt-noterer-en-omsaetning-pa-over-25-mia-for-2021-starter-2022-med-fokus-og-en-raekke-udfordringer.jpg","filesize":105552,"url":"https:\/\/www.bednar.com\/wp-content\/uploads\/aktuality\/bednar-fmt-noterer-en-omsaetning-pa-over-25-mia-for-2021-starter-2022-med-fokus-og-en-raekke-udfordringer.jpg","link":"https:\/\/www.bednar.com\/de\/blog\/bednar-fmt-schliest-das-jahr-2021-mit-einem-umsatz-von-uber-milliarden-ab-und-geht-mit-entschlossenheit-und-einer-reihe-von-herausforderungen-in-das-jahr-2022\/img_8648_insta-3\/","alt":"BEDNAR FMT schlie\u00dft das Jahr 2021 mit einem Umsatz von \u00fcber 2,5 Milliarden ab und geht mit Entschlossenheit und einer Reihe von Herausforderungen in das Jahr 2022","author":"2","description":"","caption":"","name":"img_8648_insta-3","status":"inherit","uploaded_to":443725,"date":"2022-01-20 12:41:53","modified":"2022-01-20 12:54:02","menu_order":0,"mime_type":"image\/jpeg","type":"image","subtype":"jpeg","icon":"https:\/\/www.bednar.com\/wp-includes\/images\/media\/default.png","width":800,"height":533,"sizes":{"thumbnail":"https:\/\/www.bednar.com\/wp-content\/uploads\/aktuality\/bednar-fmt-noterer-en-omsaetning-pa-over-25-mia-for-2021-starter-2022-med-fokus-og-en-raekke-udfordringer-280x185.jpg","thumbnail-width":280,"thumbnail-height":185,"medium":"https:\/\/www.bednar.com\/wp-content\/uploads\/aktuality\/bednar-fmt-noterer-en-omsaetning-pa-over-25-mia-for-2021-starter-2022-med-fokus-og-en-raekke-udfordringer-300x200.jpg","medium-width":300,"medium-height":200,"medium_large":"https:\/\/www.bednar.com\/wp-content\/uploads\/aktuality\/bednar-fmt-noterer-en-omsaetning-pa-over-25-mia-for-2021-starter-2022-med-fokus-og-en-raekke-udfordringer-768x512.jpg","medium_large-width":768,"medium_large-height":512,"large":"https:\/\/www.bednar.com\/wp-content\/uploads\/aktuality\/bednar-fmt-noterer-en-omsaetning-pa-over-25-mia-for-2021-starter-2022-med-fokus-og-en-raekke-udfordringer.jpg","large-width":800,"large-height":533,"1536x1536":"https:\/\/www.bednar.com\/wp-content\/uploads\/aktuality\/bednar-fmt-noterer-en-omsaetning-pa-over-25-mia-for-2021-starter-2022-med-fokus-og-en-raekke-udfordringer.jpg","1536x1536-width":800,"1536x1536-height":533,"2048x2048":"https:\/\/www.bednar.com\/wp-content\/uploads\/aktuality\/bednar-fmt-noterer-en-omsaetning-pa-over-25-mia-for-2021-starter-2022-med-fokus-og-en-raekke-udfordringer.jpg","2048x2048-width":800,"2048x2048-height":533,"header-thumb":"https:\/\/www.bednar.com\/wp-content\/uploads\/aktuality\/bednar-fmt-noterer-en-omsaetning-pa-over-25-mia-for-2021-starter-2022-med-fokus-og-en-raekke-udfordringer.jpg","header-thumb-width":800,"header-thumb-height":533,"section-thumb":"https:\/\/www.bednar.com\/wp-content\/uploads\/aktuality\/bednar-fmt-noterer-en-omsaetning-pa-over-25-mia-for-2021-starter-2022-med-fokus-og-en-raekke-udfordringer-800x480.jpg","section-thumb-width":800,"section-thumb-height":480,"news-thumb":"https:\/\/www.bednar.com\/wp-content\/uploads\/aktuality\/bednar-fmt-noterer-en-omsaetning-pa-over-25-mia-for-2021-starter-2022-med-fokus-og-en-raekke-udfordringer-390x315.jpg","news-thumb-width":390,"news-thumb-height":315,"wpcf7-post-image":"https:\/\/www.bednar.com\/wp-content\/uploads\/aktuality\/bednar-fmt-noterer-en-omsaetning-pa-over-25-mia-for-2021-starter-2022-med-fokus-og-en-raekke-udfordringer-80x80.jpg","wpcf7-post-image-width":80,"wpcf7-post-image-height":80}}]},{"acf_fc_layout":"section-news-slider-inpost","post-id":false,"disable-slider":false}],"nav-main-cat":false,"nav-sub-cat":false,"_aviaLayoutBuilderCleanData":"","page-type":"other","pageGroup":"","post-new-website":true},"_links":{"self":[{"href":"https:\/\/www.bednar.com\/de\/wp-json\/wp\/v2\/posts\/443725","targetHints":{"allow":["GET"]}}],"collection":[{"href":"https:\/\/www.bednar.com\/de\/wp-json\/wp\/v2\/posts"}],"about":[{"href":"https:\/\/www.bednar.com\/de\/wp-json\/wp\/v2\/types\/post"}],"author":[{"embeddable":true,"href":"https:\/\/www.bednar.com\/de\/wp-json\/wp\/v2\/users\/2"}],"replies":[{"embeddable":true,"href":"https:\/\/www.bednar.com\/de\/wp-json\/wp\/v2\/comments?post=443725"}],"version-history":[{"count":4,"href":"https:\/\/www.bednar.com\/de\/wp-json\/wp\/v2\/posts\/443725\/revisions"}],"predecessor-version":[{"id":443919,"href":"https:\/\/www.bednar.com\/de\/wp-json\/wp\/v2\/posts\/443725\/revisions\/443919"}],"wp:featuredmedia":[{"embeddable":true,"href":"https:\/\/www.bednar.com\/de\/wp-json\/wp\/v2\/media\/443681"}],"wp:attachment":[{"href":"https:\/\/www.bednar.com\/de\/wp-json\/wp\/v2\/media?parent=443725"}],"wp:term":[{"taxonomy":"category","embeddable":true,"href":"https:\/\/www.bednar.com\/de\/wp-json\/wp\/v2\/categories?post=443725"},{"taxonomy":"post_tag","embeddable":true,"href":"https:\/\/www.bednar.com\/de\/wp-json\/wp\/v2\/tags?post=443725"}],"curies":[{"name":"wp","href":"https:\/\/api.w.org\/{rel}","templated":true}]}}