{"id":443722,"date":"2022-01-20T13:11:38","date_gmt":"2022-01-20T12:11:38","guid":{"rendered":"https:\/\/www.bednar.com\/blog\/bednar-fmt-uzavira-rok-2021-s-obratem-pres-25-miliard-do-roku-2022-vstupuje-s-odhodlanim-a-radou-vyzev"},"modified":"2022-01-21T09:22:41","modified_gmt":"2022-01-21T08:22:41","slug":"bednar-fmt-uzavira-rok-2021-s-obratem-pres-25-miliard-do-roku-2022-vstupuje-s-odhodlanim-a-radou-vyzev","status":"publish","type":"post","link":"https:\/\/www.bednar.com\/da\/blog\/bednar-fmt-noterer-en-omsaetning-pa-over-mia-for-2021-starter-2022-med-fokus-og-en-raekke-udfordringer\/","title":{"rendered":"BEDNAR FMT noterer en oms\u00e6tning p\u00e5 over 2,5 mia. for 2021, starter 2022 med fokus og en r\u00e6kke udfordringer"},"content":{"rendered":"","protected":false},"excerpt":{"rendered":"<p>I \u00e5r er det BEDNAR FMT\u00b4s 25-\u00e5rs jubil\u00e6um. Vores virksomhed, der blev grundlagt som et handelsselskab med navnet Strom Export s.r.o., erhvervede sin f\u00f8rste produktionshal i Rychnov nad Kn\u011b\u017enou i 2006. Det samme \u00e5r noterede virksomheden en oms\u00e6tning p\u00e5 CZK 120 mio. med ca. tyve fuldtidsansatte. Indtil 2006 var virksomheden et &#8220;simpelt&#8221; mellemled mellem producenter og landm\u00e6nd uden produktionsfaciliteter men med en st\u00e6rk vision om moderne landbrug.<\/p>\n","protected":false},"author":2,"featured_media":443678,"comment_status":"open","ping_status":"open","sticky":false,"template":"","format":"standard","meta":{"_acf_changed":false,"footnotes":""},"categories":[218,357,818,845],"tags":[],"class_list":["post-443722","post","type-post","status-publish","format-standard","has-post-thumbnail","hentry","category-generel","category-pressemeddelelser","category-fra-os","category-interessante-fakta"],"acf":{"item-bg":false,"item-bg_kop\u00edrovat":false,"item-bg-mobile":false,"item-youtube":"","item-title":"","fixed-title":"","item-desc":"","item-mach-desc":"","item-mach-config":"","item-mach-down":"","item-align":false,"item-code":"","google-map":"","disable-header":false,"main-content":[{"acf_fc_layout":"section-news-cols","item-cols":[{"item-title":"","item-title-h":"h3","item-photo":"https:\/\/www.bednar.com\/wp-content\/uploads\/aktuality\/2021\/cz\/bednar-fmt-baige-2021-uosius-su-daugiau-nei-25-milijardo-apyvarta-zengia-i-2022-uosius-ryztingai-pasitikdama-kelis-issukius.jpg","item-content":"","item-photo-align":false,"item-content-color":true}]},{"acf_fc_layout":"section-news-title","item-title":"Produktion i l\u00f8bende udvikling. Hvad er vi lykkedes med og hvilke problemer har vi haft med produktionsanl\u00e6gget?","item-content":""},{"acf_fc_layout":"section-news-cols","item-cols":[{"item-title":"","item-title-h":"h3","item-photo":"https:\/\/www.bednar.com\/wp-content\/uploads\/aktuality\/2021\/cz\/areal-vyrob-zavodu-rnk_vi-2020_dji_0976.jpg","item-content":"","item-photo-align":true,"item-content-color":true},{"item-title":"","item-title-h":"h3","item-photo":false,"item-content":"<p><em>Virksomhedens v\u00e6kst og fortsat voksende produktionsvolumen stiller krav om nye procedurer for administration af arbejdet. I 2021 implementerede vi et informations- og kontrolsystem i produktionsanl\u00e6gget. Det \u00f8gede arbejdsproduktiviteten og -effektiviteten betydeligt. Der er behov for systematisk kontrol for at administrere det store antal medarbejdere og faciliteter. Virksomhedens ledelse og ledende medarbejdere f\u00e5r dagligt rapportering om de enkelte arbejdsstationers resultater. For eksempel kan vi l\u00f8se problemer i produktionsprocessen og planl\u00e6gge produktionen mere effektivt. Udviklingen af et informationssystem af h\u00f8j kvalitet er fortsat vores prioritet.<\/em><\/p>\n","item-photo-align":true,"item-content-color":true}]},{"acf_fc_layout":"section-news-title","item-title":"","item-content":"<p><em>Implementeringen af det halvautomatiske lager og udvidelsen med andre automatiske vertikale lagre var et vigtigt skridt for at \u00f8ge arbejdseffektiviteten og fremme de enkelte produktionstrin. To tredjedele af varerne p\u00e5 det samlede lager (udover fra rammestruktur) opbevares ved hj\u00e6lp af halv- eller helautomatisk teknologi. Den stigende interesse for OMEGA-s\u00e5maskiner og de meget brede EFECTA CE-s\u00e5maskiner har tvunget os til at rekonstruere det store samleb\u00e5nd. Vi har \u00f8get antallet af arbejdsstationer, som kr\u00e6ves til samling af maskiner med henblik p\u00e5 at opfylde kundernes eftersp\u00f8rgsel.<\/em><\/p>\n"},{"acf_fc_layout":"section-news-cols","item-cols":[{"item-title":"","item-title-h":"h3","item-photo":"https:\/\/www.bednar.com\/wp-content\/uploads\/aktuality\/2021\/cz\/vojtech-bednar_2020_19l6111.jpg","item-content":"","item-photo-align":false,"item-content-color":true},{"item-title":"","item-title-h":"h3","item-photo":false,"item-content":"<p><em>Det gl\u00e6der os, at BEDNAR FMT er kendt som en lovende og stabil arbejdsgiver i lokalomr\u00e5det. Det afspejles i rekrutteringen og tilg\u00e6ngeligheden af et tilstr\u00e6kkeligt antal medarbejdere p\u00e5 alle niveauer i produktionsanl\u00e6gget, fra funktion\u00e6rer til ledere. I slutningen af 2021 afsluttede vi opf\u00f8relsen af det nye porthus indrettet til maskinforsendelsesafdelingen. Det nye porthus er ikke kun en repr\u00e6sentativ indgang. Vi har ogs\u00e5 bygget en facilitet til chauff\u00f8rerne (omkl\u00e6dningsrum, brusere, opholdsrum). <\/em><\/p>\n","item-photo-align":false,"item-content-color":true}]},{"acf_fc_layout":"section-news-title","item-title":"","item-content":"<p><em>Som de fleste industrivirksomheder har vores virksomhed oplevet mange problemer, is\u00e6r l\u00f8bende problemer i forsyningsk\u00e6den. Forbruget af nogle varer skal estimeres og bestilles med en leveringsperiode p\u00e5 ti til seksten m\u00e5neder. De stigende leverand\u00f8rpriser har ogs\u00e5 haft en negativ effekt p\u00e5 selskabets overskud. Det er prim\u00e6rt prisstigninger i r\u00e5materialer eller mangel p\u00e5 visse metaller. Leverand\u00f8rpriser har desuden v\u00e6ret p\u00e5virket af stigende energipriser og stigende l\u00f8nninger.<\/em><\/p>\n<p style=\"text-align: right;\">Vojt\u011bch Bedn\u00e1\u0159, fabrikschef<\/p>\n"},{"acf_fc_layout":"section-news-title","item-title":"Hvordan gik 2021 for BEDNAR FMT m\u00e5lt p\u00e5 salg og opbygning af distributionsnettet?","item-content":""},{"acf_fc_layout":"section-news-cols","item-cols":[{"item-title":"","item-title-h":"h3","item-photo":"https:\/\/www.bednar.com\/wp-content\/uploads\/aktuality\/2021\/cz\/img_8648_insta.jpg","item-content":"","item-photo-align":true,"item-content-color":false},{"item-title":"","item-title-h":"h3","item-photo":false,"item-content":"<p><em>BEDNAR FMT&#8217;s finans\u00e5r 2021 noterede en rekordoms\u00e6tning p\u00e5 over CZK 2,5 mia. Sammenlignet med 2020 er det en stigning p\u00e5 17 %, og 21 gange st\u00f8rre end oms\u00e6tningen for femten \u00e5r siden. Vores oms\u00e6tning har n\u00e5et niveauet for en f\u00f8rende indenlandsk traktorproducent og vi er p\u00e5 vej til at blive den st\u00f8rste producent af landbrugsmaskiner under eget m\u00e6rke i Tjekkiet. I alt 450 medarbejdere bidrog til oms\u00e6tningen sidste \u00e5r.<\/em><\/p>\n<p><em>I l\u00f8bet af de seneste fem \u00e5r har Bednar FMT udviklet sig til en virksomhed med en sammenh\u00e6ngende portef\u00f8lje af maskiner til jordbrug, s\u00e5ning, befrugtning og g\u00f8dning. Maskinerne distribueres af et globalt salgsnetv\u00e6rk hovedsageligt via kvalitetsforhandlere med en klar forretningsstrategi baseret p\u00e5 fokuseret kundepleje. <\/em><\/p>\n","item-photo-align":true,"item-content-color":true}]},{"acf_fc_layout":"section-news-cols","item-cols":[{"item-title":"","item-title-h":"h3","item-photo":"https:\/\/www.bednar.com\/wp-content\/uploads\/aktuality\/2021\/cz\/jan-bednar_cerven-2020_19l6118_new.jpg","item-content":"","item-photo-align":false,"item-content-color":true},{"item-title":"","item-title-h":"h3","item-photo":false,"item-content":"<p><em>BEDNAR FMT&#8217;s geografiske oms\u00e6tning fordeler sig som f\u00f8lger: 7 % i Tjekkiet, 49 % i EU (uden for CZ), 35 % tredjelande, 9 % i udlandet. Vores langsigtede m\u00e5l er at skabe et st\u00e6rkt tredje salgssegment p\u00e5 overs\u00f8iske markeder med en samlet oms\u00e6tning p\u00e5 over 30 % udover EU og tredjelande. Endnu en gang er det nye \u00e5r 2022 pr\u00e6get af en betydelig ordrefremgang. P\u00e5 nuv\u00e6rende tidspunkt bel\u00f8ber ordrerne sig til en oms\u00e6tning p\u00e5 CZK 3,2 mia. <\/em><\/p>\n","item-photo-align":false,"item-content-color":true}]},{"acf_fc_layout":"section-news-video","item-id":"-4fnViEXdZU","item-in-career":false},{"acf_fc_layout":"section-news-title","item-title":"","item-content":"<p style=\"text-align: center;\"><strong>Dette bel\u00f8b er bevis p\u00e5, at vi spiller en vigtig rolle p\u00e5 markedet for producenter af monteret landbrugsteknologi, at BEDNAR-maskiner er mere og mere popul\u00e6re hos kunderne, og at autoriserede salgspartnere er interesserede i at s\u00e6lge BEDNAR FMT-maskiner p\u00e5 lokale markeder.<\/strong><\/p>\n<p style=\"text-align: right;\">Jan Bedn\u00e1\u0159, salgsdirekt\u00f8r<\/p>\n"},{"acf_fc_layout":"sections-buttons-list","sections-buttons-title":false,"item-title":"","buttons":[{"item-button-name":"Download PDF","item-button-url":"https:\/\/www.bednar.com\/wp-content\/uploads\/obecne-stranky\/press-kit\/tiskove-zpravy-pdf\/bednar-uzavira-rok-2021\/BEDNAR_PRESS_RELEASE_2022_01_BEDNAR_EVALUATION_OF_THE_YEAR_2021_DK.pdf","item-button-url-int":false,"item-button-icon":false,"item-button-target":true,"item-button-scroll":false}]},{"acf_fc_layout":"section-news-title","item-title":"","item-content":"<p style=\"text-align: right;\">Med os er landbrug en forn\u00f8jelse.<br \/>\n<a href=\"mailto:marketing@bednar.com\" target=\"_blank\" rel=\"noopener\">marketing@bednar.com<\/a><br \/>\nBEDNAR FMT s.r.o.<\/p>\n"},{"acf_fc_layout":"section-news-gallery","news-videos":false,"news-photos":[{"ID":443756,"id":443756,"title":"BEDNAR FMT noterer en oms\u00e6tning p\u00e5 over 2,5 mia. for 2021, starter 2022 med fokus og en r\u00e6kke udfordringer","filename":"bednar-fmt-schliest-das-jahr-2021-mit-einem-umsatz-von-uber-25-milliarden-ab-und-geht-mit-entschlossenheit-und-einer-reihe-von-herausforderungen-in-das-jahr-2022.jpg","filesize":134048,"url":"https:\/\/www.bednar.com\/wp-content\/uploads\/aktuality\/bednar-fmt-schliest-das-jahr-2021-mit-einem-umsatz-von-uber-25-milliarden-ab-und-geht-mit-entschlossenheit-und-einer-reihe-von-herausforderungen-in-das-jahr-2022.jpg","link":"https:\/\/www.bednar.com\/da\/blog\/bednar-fmt-noterer-en-omsaetning-pa-over-mia-for-2021-starter-2022-med-fokus-og-en-raekke-udfordringer\/dsc02044_midres_new-3\/","alt":"BEDNAR FMT noterer en oms\u00e6tning p\u00e5 over 2,5 mia. for 2021, starter 2022 med fokus og en r\u00e6kke udfordringer","author":"2","description":"","caption":"","name":"dsc02044_midres_new-3","status":"inherit","uploaded_to":443722,"date":"2022-01-20 12:41:35","modified":"2022-01-20 13:37:21","menu_order":0,"mime_type":"image\/jpeg","type":"image","subtype":"jpeg","icon":"https:\/\/www.bednar.com\/wp-includes\/images\/media\/default.png","width":1030,"height":500,"sizes":{"thumbnail":"https:\/\/www.bednar.com\/wp-content\/uploads\/aktuality\/bednar-fmt-schliest-das-jahr-2021-mit-einem-umsatz-von-uber-25-milliarden-ab-und-geht-mit-entschlossenheit-und-einer-reihe-von-herausforderungen-in-das-jahr-2022-280x185.jpg","thumbnail-width":280,"thumbnail-height":185,"medium":"https:\/\/www.bednar.com\/wp-content\/uploads\/aktuality\/bednar-fmt-schliest-das-jahr-2021-mit-einem-umsatz-von-uber-25-milliarden-ab-und-geht-mit-entschlossenheit-und-einer-reihe-von-herausforderungen-in-das-jahr-2022-300x146.jpg","medium-width":300,"medium-height":146,"medium_large":"https:\/\/www.bednar.com\/wp-content\/uploads\/aktuality\/bednar-fmt-schliest-das-jahr-2021-mit-einem-umsatz-von-uber-25-milliarden-ab-und-geht-mit-entschlossenheit-und-einer-reihe-von-herausforderungen-in-das-jahr-2022-768x373.jpg","medium_large-width":768,"medium_large-height":373,"large":"https:\/\/www.bednar.com\/wp-content\/uploads\/aktuality\/bednar-fmt-schliest-das-jahr-2021-mit-einem-umsatz-von-uber-25-milliarden-ab-und-geht-mit-entschlossenheit-und-einer-reihe-von-herausforderungen-in-das-jahr-2022-1024x497.jpg","large-width":1024,"large-height":497,"1536x1536":"https:\/\/www.bednar.com\/wp-content\/uploads\/aktuality\/bednar-fmt-schliest-das-jahr-2021-mit-einem-umsatz-von-uber-25-milliarden-ab-und-geht-mit-entschlossenheit-und-einer-reihe-von-herausforderungen-in-das-jahr-2022.jpg","1536x1536-width":1030,"1536x1536-height":500,"2048x2048":"https:\/\/www.bednar.com\/wp-content\/uploads\/aktuality\/bednar-fmt-schliest-das-jahr-2021-mit-einem-umsatz-von-uber-25-milliarden-ab-und-geht-mit-entschlossenheit-und-einer-reihe-von-herausforderungen-in-das-jahr-2022.jpg","2048x2048-width":1030,"2048x2048-height":500,"header-thumb":"https:\/\/www.bednar.com\/wp-content\/uploads\/aktuality\/bednar-fmt-schliest-das-jahr-2021-mit-einem-umsatz-von-uber-25-milliarden-ab-und-geht-mit-entschlossenheit-und-einer-reihe-von-herausforderungen-in-das-jahr-2022.jpg","header-thumb-width":1030,"header-thumb-height":500,"section-thumb":"https:\/\/www.bednar.com\/wp-content\/uploads\/aktuality\/bednar-fmt-schliest-das-jahr-2021-mit-einem-umsatz-von-uber-25-milliarden-ab-und-geht-mit-entschlossenheit-und-einer-reihe-von-herausforderungen-in-das-jahr-2022-860x480.jpg","section-thumb-width":860,"section-thumb-height":480,"news-thumb":"https:\/\/www.bednar.com\/wp-content\/uploads\/aktuality\/bednar-fmt-schliest-das-jahr-2021-mit-einem-umsatz-von-uber-25-milliarden-ab-und-geht-mit-entschlossenheit-und-einer-reihe-von-herausforderungen-in-das-jahr-2022-390x315.jpg","news-thumb-width":390,"news-thumb-height":315,"wpcf7-post-image":"https:\/\/www.bednar.com\/wp-content\/uploads\/aktuality\/bednar-fmt-schliest-das-jahr-2021-mit-einem-umsatz-von-uber-25-milliarden-ab-und-geht-mit-entschlossenheit-und-einer-reihe-von-herausforderungen-in-das-jahr-2022-80x80.jpg","wpcf7-post-image-width":80,"wpcf7-post-image-height":80}},{"ID":443742,"id":443742,"title":"BEDNAR FMT noterer en oms\u00e6tning p\u00e5 over 2,5 mia. for 2021, starter 2022 med fokus og en r\u00e6kke udfordringer","filename":"a-bednar-fmt-2021-et-tobb-mint-25-milliardos-forgalommal-zarta-a-2022-es-evet-elszantan-es-szamos-kihivassal-kezdte-meg-a-ceg.jpg","filesize":96829,"url":"https:\/\/www.bednar.com\/wp-content\/uploads\/aktuality\/a-bednar-fmt-2021-et-tobb-mint-25-milliardos-forgalommal-zarta-a-2022-es-evet-elszantan-es-szamos-kihivassal-kezdte-meg-a-ceg.jpg","link":"https:\/\/www.bednar.com\/da\/blog\/bednar-fmt-noterer-en-omsaetning-pa-over-mia-for-2021-starter-2022-med-fokus-og-en-raekke-udfordringer\/areal-vyrob-zavodu-rnk_vi-2020_dji_0976-2\/","alt":"BEDNAR FMT noterer en oms\u00e6tning p\u00e5 over 2,5 mia. for 2021, starter 2022 med fokus og en r\u00e6kke udfordringer","author":"2","description":"","caption":"","name":"areal-vyrob-zavodu-rnk_vi-2020_dji_0976-2","status":"inherit","uploaded_to":443722,"date":"2022-01-20 12:41:15","modified":"2022-01-21 08:20:08","menu_order":0,"mime_type":"image\/jpeg","type":"image","subtype":"jpeg","icon":"https:\/\/www.bednar.com\/wp-includes\/images\/media\/default.png","width":800,"height":533,"sizes":{"thumbnail":"https:\/\/www.bednar.com\/wp-content\/uploads\/aktuality\/a-bednar-fmt-2021-et-tobb-mint-25-milliardos-forgalommal-zarta-a-2022-es-evet-elszantan-es-szamos-kihivassal-kezdte-meg-a-ceg-280x185.jpg","thumbnail-width":280,"thumbnail-height":185,"medium":"https:\/\/www.bednar.com\/wp-content\/uploads\/aktuality\/a-bednar-fmt-2021-et-tobb-mint-25-milliardos-forgalommal-zarta-a-2022-es-evet-elszantan-es-szamos-kihivassal-kezdte-meg-a-ceg-300x200.jpg","medium-width":300,"medium-height":200,"medium_large":"https:\/\/www.bednar.com\/wp-content\/uploads\/aktuality\/a-bednar-fmt-2021-et-tobb-mint-25-milliardos-forgalommal-zarta-a-2022-es-evet-elszantan-es-szamos-kihivassal-kezdte-meg-a-ceg-768x512.jpg","medium_large-width":768,"medium_large-height":512,"large":"https:\/\/www.bednar.com\/wp-content\/uploads\/aktuality\/a-bednar-fmt-2021-et-tobb-mint-25-milliardos-forgalommal-zarta-a-2022-es-evet-elszantan-es-szamos-kihivassal-kezdte-meg-a-ceg.jpg","large-width":800,"large-height":533,"1536x1536":"https:\/\/www.bednar.com\/wp-content\/uploads\/aktuality\/a-bednar-fmt-2021-et-tobb-mint-25-milliardos-forgalommal-zarta-a-2022-es-evet-elszantan-es-szamos-kihivassal-kezdte-meg-a-ceg.jpg","1536x1536-width":800,"1536x1536-height":533,"2048x2048":"https:\/\/www.bednar.com\/wp-content\/uploads\/aktuality\/a-bednar-fmt-2021-et-tobb-mint-25-milliardos-forgalommal-zarta-a-2022-es-evet-elszantan-es-szamos-kihivassal-kezdte-meg-a-ceg.jpg","2048x2048-width":800,"2048x2048-height":533,"header-thumb":"https:\/\/www.bednar.com\/wp-content\/uploads\/aktuality\/a-bednar-fmt-2021-et-tobb-mint-25-milliardos-forgalommal-zarta-a-2022-es-evet-elszantan-es-szamos-kihivassal-kezdte-meg-a-ceg.jpg","header-thumb-width":800,"header-thumb-height":533,"section-thumb":"https:\/\/www.bednar.com\/wp-content\/uploads\/aktuality\/a-bednar-fmt-2021-et-tobb-mint-25-milliardos-forgalommal-zarta-a-2022-es-evet-elszantan-es-szamos-kihivassal-kezdte-meg-a-ceg-800x480.jpg","section-thumb-width":800,"section-thumb-height":480,"news-thumb":"https:\/\/www.bednar.com\/wp-content\/uploads\/aktuality\/a-bednar-fmt-2021-et-tobb-mint-25-milliardos-forgalommal-zarta-a-2022-es-evet-elszantan-es-szamos-kihivassal-kezdte-meg-a-ceg-390x315.jpg","news-thumb-width":390,"news-thumb-height":315,"wpcf7-post-image":"https:\/\/www.bednar.com\/wp-content\/uploads\/aktuality\/a-bednar-fmt-2021-et-tobb-mint-25-milliardos-forgalommal-zarta-a-2022-es-evet-elszantan-es-szamos-kihivassal-kezdte-meg-a-ceg-80x80.jpg","wpcf7-post-image-width":80,"wpcf7-post-image-height":80}},{"ID":443798,"id":443798,"title":"BEDNAR FMT noterer en oms\u00e6tning p\u00e5 over 2,5 mia. for 2021, starter 2022 med fokus og en r\u00e6kke udfordringer","filename":"bednar-fmt-konczy-rok-2021-z-obrotem-przekraczajacym-25-miliarda-wkracza-do-roku-2022-z-determinacja-i-kilkoma-wyzwaniami.jpg","filesize":86744,"url":"https:\/\/www.bednar.com\/wp-content\/uploads\/aktuality\/bednar-fmt-konczy-rok-2021-z-obrotem-przekraczajacym-25-miliarda-wkracza-do-roku-2022-z-determinacja-i-kilkoma-wyzwaniami.jpg","link":"https:\/\/www.bednar.com\/da\/blog\/bednar-fmt-noterer-en-omsaetning-pa-over-mia-for-2021-starter-2022-med-fokus-og-en-raekke-udfordringer\/vojtech-bednar_2020_19l6111-3\/","alt":"BEDNAR FMT noterer en oms\u00e6tning p\u00e5 over 2,5 mia. for 2021, starter 2022 med fokus og en r\u00e6kke udfordringer","author":"2","description":"","caption":"","name":"vojtech-bednar_2020_19l6111-3","status":"inherit","uploaded_to":443722,"date":"2022-01-20 12:42:29","modified":"2022-01-20 13:47:39","menu_order":0,"mime_type":"image\/jpeg","type":"image","subtype":"jpeg","icon":"https:\/\/www.bednar.com\/wp-includes\/images\/media\/default.png","width":800,"height":533,"sizes":{"thumbnail":"https:\/\/www.bednar.com\/wp-content\/uploads\/aktuality\/bednar-fmt-konczy-rok-2021-z-obrotem-przekraczajacym-25-miliarda-wkracza-do-roku-2022-z-determinacja-i-kilkoma-wyzwaniami-280x185.jpg","thumbnail-width":280,"thumbnail-height":185,"medium":"https:\/\/www.bednar.com\/wp-content\/uploads\/aktuality\/bednar-fmt-konczy-rok-2021-z-obrotem-przekraczajacym-25-miliarda-wkracza-do-roku-2022-z-determinacja-i-kilkoma-wyzwaniami-300x200.jpg","medium-width":300,"medium-height":200,"medium_large":"https:\/\/www.bednar.com\/wp-content\/uploads\/aktuality\/bednar-fmt-konczy-rok-2021-z-obrotem-przekraczajacym-25-miliarda-wkracza-do-roku-2022-z-determinacja-i-kilkoma-wyzwaniami-768x512.jpg","medium_large-width":768,"medium_large-height":512,"large":"https:\/\/www.bednar.com\/wp-content\/uploads\/aktuality\/bednar-fmt-konczy-rok-2021-z-obrotem-przekraczajacym-25-miliarda-wkracza-do-roku-2022-z-determinacja-i-kilkoma-wyzwaniami.jpg","large-width":800,"large-height":533,"1536x1536":"https:\/\/www.bednar.com\/wp-content\/uploads\/aktuality\/bednar-fmt-konczy-rok-2021-z-obrotem-przekraczajacym-25-miliarda-wkracza-do-roku-2022-z-determinacja-i-kilkoma-wyzwaniami.jpg","1536x1536-width":800,"1536x1536-height":533,"2048x2048":"https:\/\/www.bednar.com\/wp-content\/uploads\/aktuality\/bednar-fmt-konczy-rok-2021-z-obrotem-przekraczajacym-25-miliarda-wkracza-do-roku-2022-z-determinacja-i-kilkoma-wyzwaniami.jpg","2048x2048-width":800,"2048x2048-height":533,"header-thumb":"https:\/\/www.bednar.com\/wp-content\/uploads\/aktuality\/bednar-fmt-konczy-rok-2021-z-obrotem-przekraczajacym-25-miliarda-wkracza-do-roku-2022-z-determinacja-i-kilkoma-wyzwaniami.jpg","header-thumb-width":800,"header-thumb-height":533,"section-thumb":"https:\/\/www.bednar.com\/wp-content\/uploads\/aktuality\/bednar-fmt-konczy-rok-2021-z-obrotem-przekraczajacym-25-miliarda-wkracza-do-roku-2022-z-determinacja-i-kilkoma-wyzwaniami-800x480.jpg","section-thumb-width":800,"section-thumb-height":480,"news-thumb":"https:\/\/www.bednar.com\/wp-content\/uploads\/aktuality\/bednar-fmt-konczy-rok-2021-z-obrotem-przekraczajacym-25-miliarda-wkracza-do-roku-2022-z-determinacja-i-kilkoma-wyzwaniami-390x315.jpg","news-thumb-width":390,"news-thumb-height":315,"wpcf7-post-image":"https:\/\/www.bednar.com\/wp-content\/uploads\/aktuality\/bednar-fmt-konczy-rok-2021-z-obrotem-przekraczajacym-25-miliarda-wkracza-do-roku-2022-z-determinacja-i-kilkoma-wyzwaniami-80x80.jpg","wpcf7-post-image-width":80,"wpcf7-post-image-height":80}},{"ID":443784,"id":443784,"title":"BEDNAR FMT noterer en oms\u00e6tning p\u00e5 over 2,5 mia. for 2021, starter 2022 med fokus og en r\u00e6kke udfordringer","filename":"bednar-fmt-concludes-2021-with-turnover-over-25-billion-entering-2022-with-determination-and-several-challenges.jpg","filesize":73116,"url":"https:\/\/www.bednar.com\/wp-content\/uploads\/aktuality\/bednar-fmt-concludes-2021-with-turnover-over-25-billion-entering-2022-with-determination-and-several-challenges.jpg","link":"https:\/\/www.bednar.com\/da\/blog\/bednar-fmt-noterer-en-omsaetning-pa-over-mia-for-2021-starter-2022-med-fokus-og-en-raekke-udfordringer\/jan-bednar_cerven-2020_19l6118_new-3\/","alt":"BEDNAR FMT noterer en oms\u00e6tning p\u00e5 over 2,5 mia. for 2021, starter 2022 med fokus og en r\u00e6kke udfordringer","author":"2","description":"","caption":"","name":"jan-bednar_cerven-2020_19l6118_new-3","status":"inherit","uploaded_to":443722,"date":"2022-01-20 12:42:11","modified":"2022-01-20 13:38:40","menu_order":0,"mime_type":"image\/jpeg","type":"image","subtype":"jpeg","icon":"https:\/\/www.bednar.com\/wp-includes\/images\/media\/default.png","width":800,"height":533,"sizes":{"thumbnail":"https:\/\/www.bednar.com\/wp-content\/uploads\/aktuality\/bednar-fmt-concludes-2021-with-turnover-over-25-billion-entering-2022-with-determination-and-several-challenges-280x185.jpg","thumbnail-width":280,"thumbnail-height":185,"medium":"https:\/\/www.bednar.com\/wp-content\/uploads\/aktuality\/bednar-fmt-concludes-2021-with-turnover-over-25-billion-entering-2022-with-determination-and-several-challenges-300x200.jpg","medium-width":300,"medium-height":200,"medium_large":"https:\/\/www.bednar.com\/wp-content\/uploads\/aktuality\/bednar-fmt-concludes-2021-with-turnover-over-25-billion-entering-2022-with-determination-and-several-challenges-768x512.jpg","medium_large-width":768,"medium_large-height":512,"large":"https:\/\/www.bednar.com\/wp-content\/uploads\/aktuality\/bednar-fmt-concludes-2021-with-turnover-over-25-billion-entering-2022-with-determination-and-several-challenges.jpg","large-width":800,"large-height":533,"1536x1536":"https:\/\/www.bednar.com\/wp-content\/uploads\/aktuality\/bednar-fmt-concludes-2021-with-turnover-over-25-billion-entering-2022-with-determination-and-several-challenges.jpg","1536x1536-width":800,"1536x1536-height":533,"2048x2048":"https:\/\/www.bednar.com\/wp-content\/uploads\/aktuality\/bednar-fmt-concludes-2021-with-turnover-over-25-billion-entering-2022-with-determination-and-several-challenges.jpg","2048x2048-width":800,"2048x2048-height":533,"header-thumb":"https:\/\/www.bednar.com\/wp-content\/uploads\/aktuality\/bednar-fmt-concludes-2021-with-turnover-over-25-billion-entering-2022-with-determination-and-several-challenges.jpg","header-thumb-width":800,"header-thumb-height":533,"section-thumb":"https:\/\/www.bednar.com\/wp-content\/uploads\/aktuality\/bednar-fmt-concludes-2021-with-turnover-over-25-billion-entering-2022-with-determination-and-several-challenges-800x480.jpg","section-thumb-width":800,"section-thumb-height":480,"news-thumb":"https:\/\/www.bednar.com\/wp-content\/uploads\/aktuality\/bednar-fmt-concludes-2021-with-turnover-over-25-billion-entering-2022-with-determination-and-several-challenges-390x315.jpg","news-thumb-width":390,"news-thumb-height":315,"wpcf7-post-image":"https:\/\/www.bednar.com\/wp-content\/uploads\/aktuality\/bednar-fmt-concludes-2021-with-turnover-over-25-billion-entering-2022-with-determination-and-several-challenges-80x80.jpg","wpcf7-post-image-width":80,"wpcf7-post-image-height":80}},{"ID":443770,"id":443770,"title":"BEDNAR FMT noterer en oms\u00e6tning p\u00e5 over 2,5 mia. for 2021, starter 2022 med fokus og en r\u00e6kke udfordringer","filename":"bednar-fmt-noterer-en-omsaetning-pa-over-25-mia-for-2021-starter-2022-med-fokus-og-en-raekke-udfordringer.jpg","filesize":105552,"url":"https:\/\/www.bednar.com\/wp-content\/uploads\/aktuality\/bednar-fmt-noterer-en-omsaetning-pa-over-25-mia-for-2021-starter-2022-med-fokus-og-en-raekke-udfordringer.jpg","link":"https:\/\/www.bednar.com\/da\/blog\/bednar-fmt-noterer-en-omsaetning-pa-over-mia-for-2021-starter-2022-med-fokus-og-en-raekke-udfordringer\/img_8648_insta-3\/","alt":"\u0411\u0415\u0414\u041d\u0410\u0420 \u0424\u041c\u0422 \u043f\u0440\u0438\u043a\u043b\u044e\u0447\u0432\u0430 2021 \u0433. \u0441 \u041e\u0431\u043e\u0440\u043e\u0442 \u043d\u0430 2.5 \u043c\u0438\u043b\u0438\u0430\u0440\u0434\u0430, \u0412\u043b\u0438\u0437\u0430\u0439\u043a\u0438 \u0432 2022 \u0433. \u0441 \u0420\u0435\u0448\u0438\u0442\u0435\u043b\u043d\u043e\u0441\u0442 \u0438 \u041d\u044f\u043a\u043e\u043b\u043a\u043e \u041f\u0440\u0435\u0434\u0438\u0437\u0432\u0438\u043a\u0430\u0442\u0435\u043b\u0441\u0442\u0432\u0430","author":"2","description":"","caption":"","name":"img_8648_insta-3","status":"inherit","uploaded_to":443722,"date":"2022-01-20 12:41:53","modified":"2022-01-20 13:38:45","menu_order":0,"mime_type":"image\/jpeg","type":"image","subtype":"jpeg","icon":"https:\/\/www.bednar.com\/wp-includes\/images\/media\/default.png","width":800,"height":533,"sizes":{"thumbnail":"https:\/\/www.bednar.com\/wp-content\/uploads\/aktuality\/bednar-fmt-noterer-en-omsaetning-pa-over-25-mia-for-2021-starter-2022-med-fokus-og-en-raekke-udfordringer-280x185.jpg","thumbnail-width":280,"thumbnail-height":185,"medium":"https:\/\/www.bednar.com\/wp-content\/uploads\/aktuality\/bednar-fmt-noterer-en-omsaetning-pa-over-25-mia-for-2021-starter-2022-med-fokus-og-en-raekke-udfordringer-300x200.jpg","medium-width":300,"medium-height":200,"medium_large":"https:\/\/www.bednar.com\/wp-content\/uploads\/aktuality\/bednar-fmt-noterer-en-omsaetning-pa-over-25-mia-for-2021-starter-2022-med-fokus-og-en-raekke-udfordringer-768x512.jpg","medium_large-width":768,"medium_large-height":512,"large":"https:\/\/www.bednar.com\/wp-content\/uploads\/aktuality\/bednar-fmt-noterer-en-omsaetning-pa-over-25-mia-for-2021-starter-2022-med-fokus-og-en-raekke-udfordringer.jpg","large-width":800,"large-height":533,"1536x1536":"https:\/\/www.bednar.com\/wp-content\/uploads\/aktuality\/bednar-fmt-noterer-en-omsaetning-pa-over-25-mia-for-2021-starter-2022-med-fokus-og-en-raekke-udfordringer.jpg","1536x1536-width":800,"1536x1536-height":533,"2048x2048":"https:\/\/www.bednar.com\/wp-content\/uploads\/aktuality\/bednar-fmt-noterer-en-omsaetning-pa-over-25-mia-for-2021-starter-2022-med-fokus-og-en-raekke-udfordringer.jpg","2048x2048-width":800,"2048x2048-height":533,"header-thumb":"https:\/\/www.bednar.com\/wp-content\/uploads\/aktuality\/bednar-fmt-noterer-en-omsaetning-pa-over-25-mia-for-2021-starter-2022-med-fokus-og-en-raekke-udfordringer.jpg","header-thumb-width":800,"header-thumb-height":533,"section-thumb":"https:\/\/www.bednar.com\/wp-content\/uploads\/aktuality\/bednar-fmt-noterer-en-omsaetning-pa-over-25-mia-for-2021-starter-2022-med-fokus-og-en-raekke-udfordringer-800x480.jpg","section-thumb-width":800,"section-thumb-height":480,"news-thumb":"https:\/\/www.bednar.com\/wp-content\/uploads\/aktuality\/bednar-fmt-noterer-en-omsaetning-pa-over-25-mia-for-2021-starter-2022-med-fokus-og-en-raekke-udfordringer-390x315.jpg","news-thumb-width":390,"news-thumb-height":315,"wpcf7-post-image":"https:\/\/www.bednar.com\/wp-content\/uploads\/aktuality\/bednar-fmt-noterer-en-omsaetning-pa-over-25-mia-for-2021-starter-2022-med-fokus-og-en-raekke-udfordringer-80x80.jpg","wpcf7-post-image-width":80,"wpcf7-post-image-height":80}}]},{"acf_fc_layout":"section-news-slider-inpost","post-id":false,"disable-slider":false}],"nav-main-cat":false,"nav-sub-cat":false,"_aviaLayoutBuilderCleanData":"","page-type":"other","pageGroup":"","post-new-website":true},"_links":{"self":[{"href":"https:\/\/www.bednar.com\/da\/wp-json\/wp\/v2\/posts\/443722","targetHints":{"allow":["GET"]}}],"collection":[{"href":"https:\/\/www.bednar.com\/da\/wp-json\/wp\/v2\/posts"}],"about":[{"href":"https:\/\/www.bednar.com\/da\/wp-json\/wp\/v2\/types\/post"}],"author":[{"embeddable":true,"href":"https:\/\/www.bednar.com\/da\/wp-json\/wp\/v2\/users\/2"}],"replies":[{"embeddable":true,"href":"https:\/\/www.bednar.com\/da\/wp-json\/wp\/v2\/comments?post=443722"}],"version-history":[{"count":4,"href":"https:\/\/www.bednar.com\/da\/wp-json\/wp\/v2\/posts\/443722\/revisions"}],"predecessor-version":[{"id":443920,"href":"https:\/\/www.bednar.com\/da\/wp-json\/wp\/v2\/posts\/443722\/revisions\/443920"}],"wp:featuredmedia":[{"embeddable":true,"href":"https:\/\/www.bednar.com\/da\/wp-json\/wp\/v2\/media\/443678"}],"wp:attachment":[{"href":"https:\/\/www.bednar.com\/da\/wp-json\/wp\/v2\/media?parent=443722"}],"wp:term":[{"taxonomy":"category","embeddable":true,"href":"https:\/\/www.bednar.com\/da\/wp-json\/wp\/v2\/categories?post=443722"},{"taxonomy":"post_tag","embeddable":true,"href":"https:\/\/www.bednar.com\/da\/wp-json\/wp\/v2\/tags?post=443722"}],"curies":[{"name":"wp","href":"https:\/\/api.w.org\/{rel}","templated":true}]}}